{"id":8861,"date":"2020-09-14T13:52:23","date_gmt":"2020-09-14T16:52:23","guid":{"rendered":"https:\/\/jornalfatosenoticias.com.br\/?p=8861"},"modified":"2020-09-14T13:55:23","modified_gmt":"2020-09-14T16:55:23","slug":"planeta-perdeu-dois-tercos-da-vida-selvagem-nos-ultimos-50-anos","status":"publish","type":"post","link":"https:\/\/jornalfatosenoticias.com.br\/index.php\/2020\/09\/14\/planeta-perdeu-dois-tercos-da-vida-selvagem-nos-ultimos-50-anos\/","title":{"rendered":"Planeta perdeu dois ter\u00e7os da vida selvagem nos \u00faltimos 50 anos"},"content":{"rendered":"\n<h6 class=\"wp-block-heading\"><em>Relat\u00f3rio da WWF aponta redu\u00e7\u00e3o de 68% das popula\u00e7\u00f5es animais do planeta desde 1970, o que inclui mam\u00edferos, p\u00e1ssaros, anf\u00edbios, r\u00e9pteis e peixes<\/em><\/h6>\n\n\n\n<p>O Relat\u00f3rio Planeta Vivo 2020, da ONG internacional Fundo Mundial para a Natureza (WWF, na sigla em ingl\u00eas), aponta que dois ter\u00e7os da vida selvagem do planeta desapareceram em menos de meio s\u00e9culo. Segundo o documento, isso inclui mam\u00edferos, p\u00e1ssaros, anf\u00edbios, r\u00e9pteis e peixes. O motivo? Principalmente a destrui\u00e7\u00e3o ambiental em massa provocada por seres humanos, o que tamb\u00e9m contribuiu para o surgimento de doen\u00e7as zoon\u00f3ticas como a covid-19.<br>O \u00cdndice Planeta Vivo (LPI), fornecido pela Sociedade Zool\u00f3gica de Londres (ZSL), na Inglaterra, mostra que, entre os fatores que contribu\u00edram para o surgimento da pandemia, est\u00e3o o uso da terra e o uso e com\u00e9rcio de vida selvagem. Este \u00faltimo tamb\u00e9m contribuiu para declinar quase 68% das popula\u00e7\u00f5es globais de esp\u00e9cies de vertebrados entre 1970 e 2016.<\/p>\n\n\n\n<blockquote class=\"wp-block-quote is-layout-flow wp-block-quote-is-layout-flow\"><p>\u201cN\u00e3o podemos ignorar as evid\u00eancias, esses graves decl\u00ednios nas popula\u00e7\u00f5es de esp\u00e9cies selvagens s\u00e3o um indicador de que a natureza est\u00e1 se desintegrando e que nosso planeta est\u00e1 emitindo sinais de alerta vermelhos de falha dos sistemas&#8221;, alerta Marco Lambertini, diretor-geral da WWF Internacional, em nota. &#8220;Dos peixes em nossos oceanos e rios \u00e0s abelhas que desempenham um papel crucial em nossa produ\u00e7\u00e3o agr\u00edcola, o decl\u00ednio da vida selvagem afeta diretamente a nutri\u00e7\u00e3o, a seguran\u00e7a alimentar e a subsist\u00eancia de bilh\u00f5es de pessoas\u201d.<\/p><\/blockquote>\n\n\n\n<p>Segundo Lambertini, agora \u00e9 mais importante do que nunca criar uma a\u00e7\u00e3o global coordenada e sem precedentes para interromper e reverter a perda de biodiversidade e popula\u00e7\u00f5es de vida selvagem em todo o mundo, ainda mais em meio \u00e0 pandemia do novo coronav\u00edrus. Essas a\u00e7\u00f5es tamb\u00e9m ser\u00e3o importantes para proteger nossa sa\u00fade e meios de subsist\u00eancia futuros.<br>O LPI rastreou quase 21 mil popula\u00e7\u00f5es de mais de quatro mil esp\u00e9cies de vertebrados entre 1970 e 2016. O \u00edndice tamb\u00e9m aponta que as popula\u00e7\u00f5es de animais aqu\u00e1ticos encontradas em habitats de \u00e1gua doce sofreram um decl\u00ednio de 84%. Um exemplo \u00e9 a desova da popula\u00e7\u00e3o de esturj\u00e3o-chin\u00eas no rio Yangtze, na China, que diminuiu 97% entre 1982 e 2015 devido ao represamento da hidrovia.<br>Al\u00e9m de observar a perda significativa no n\u00famero de animais, o LPI apontou as esp\u00e9cies amea\u00e7adas de extin\u00e7\u00e3o, como o gorila-da-plan\u00edcie-oriental, cujos n\u00fameros no Parque Nacional Kahuzi-Biega, na Rep\u00fablica Democr\u00e1tica do Congo, apresentaram decl\u00ednio estimado em 87% entre 1994 e 2015, principalmente devido \u00e0 ca\u00e7a ilegal.<br>&#8220;No melhor cen\u00e1rio, essas perdas levariam d\u00e9cadas para ser revertidas, e futuras perdas irrevers\u00edveis de biodiversidade s\u00e3o prov\u00e1veis, colocando em risco uma mir\u00edade de ecossistemas dos quais as pessoas dependem&#8221;, disse David Lecl\u00e8re, l\u00edder do estudo que embasou o relat\u00f3rio publicado na \u00faltima quinta-feira (10), na revista Nature.<\/p>\n\n\n\n<p><em><strong>Fonte: <a href=\"https:\/\/revistagalileu.globo.com\/Ciencia\/Meio-Ambiente\/noticia\/2020\/09\/planeta-perdeu-dois-tercos-da-vida-selvagem-nos-ultimos-50-anos.html\">Revista Galileu<\/a><\/strong><\/em><\/p>\n","protected":false},"excerpt":{"rendered":"<p>Relat\u00f3rio da WWF aponta redu\u00e7\u00e3o de 68% das popula\u00e7\u00f5es animais do planeta desde 1970, o que inclui mam\u00edferos, p\u00e1ssaros, anf\u00edbios, r\u00e9pteis e peixes O Relat\u00f3rio Planeta Vivo 2020, da ONG internacional Fundo Mundial para a Natureza (WWF, na sigla em ingl\u00eas), aponta que dois ter\u00e7os da vida selvagem do planeta desapareceram em menos de meio [&hellip;]<\/p>\n","protected":false},"author":2,"featured_media":8862,"comment_status":"open","ping_status":"open","sticky":false,"template":"","format":"standard","meta":{"footnotes":""},"categories":[8],"tags":[3806,165,108,4895],"class_list":["post-8861","post","type-post","status-publish","format-standard","has-post-thumbnail","hentry","category-meio-ambiente","tag-perda","tag-planeta","tag-vida-selvagem","tag-wwf"],"yoast_head":"<!-- This site is optimized with the Yoast SEO plugin v26.5 - https:\/\/yoast.com\/wordpress\/plugins\/seo\/ -->\n<title>Planeta perdeu dois ter\u00e7os da vida selvagem nos \u00faltimos 50 anos - Jornal Fatos e Not\u00edcias<\/title>\n<meta name=\"robots\" content=\"index, follow, max-snippet:-1, max-image-preview:large, max-video-preview:-1\" \/>\n<link rel=\"canonical\" href=\"https:\/\/jornalfatosenoticias.com.br\/index.php\/2020\/09\/14\/planeta-perdeu-dois-tercos-da-vida-selvagem-nos-ultimos-50-anos\/\" \/>\n<meta property=\"og:locale\" content=\"pt_BR\" \/>\n<meta property=\"og:type\" content=\"article\" \/>\n<meta property=\"og:title\" content=\"Planeta perdeu dois ter\u00e7os da vida selvagem nos \u00faltimos 50 anos - Jornal Fatos e Not\u00edcias\" \/>\n<meta property=\"og:description\" content=\"Relat\u00f3rio da WWF aponta redu\u00e7\u00e3o de 68% das popula\u00e7\u00f5es animais do planeta desde 1970, o que inclui mam\u00edferos, p\u00e1ssaros, anf\u00edbios, r\u00e9pteis e peixes O Relat\u00f3rio Planeta Vivo 2020, da ONG internacional Fundo Mundial para a Natureza (WWF, na sigla em ingl\u00eas), aponta que dois ter\u00e7os da vida selvagem do planeta desapareceram em menos de meio [&hellip;]\" \/>\n<meta property=\"og:url\" content=\"https:\/\/jornalfatosenoticias.com.br\/index.php\/2020\/09\/14\/planeta-perdeu-dois-tercos-da-vida-selvagem-nos-ultimos-50-anos\/\" \/>\n<meta property=\"og:site_name\" content=\"Jornal Fatos e Not\u00edcias\" \/>\n<meta property=\"article:published_time\" content=\"2020-09-14T16:52:23+00:00\" \/>\n<meta property=\"article:modified_time\" content=\"2020-09-14T16:55:23+00:00\" \/>\n<meta property=\"og:image\" content=\"https:\/\/jornalfatosenoticias.com.br\/wp-content\/uploads\/2020\/09\/girafa.jpg\" \/>\n\t<meta property=\"og:image:width\" content=\"1000\" \/>\n\t<meta property=\"og:image:height\" content=\"741\" \/>\n\t<meta property=\"og:image:type\" content=\"image\/jpeg\" \/>\n<meta name=\"author\" content=\"Luzimara Fernandes\" \/>\n<meta name=\"twitter:card\" content=\"summary_large_image\" \/>\n<meta name=\"twitter:label1\" content=\"Escrito por\" \/>\n\t<meta name=\"twitter:data1\" content=\"Luzimara Fernandes\" \/>\n\t<meta name=\"twitter:label2\" content=\"Est. tempo de leitura\" \/>\n\t<meta name=\"twitter:data2\" content=\"3 minutos\" \/>\n<script type=\"application\/ld+json\" class=\"yoast-schema-graph\">{\"@context\":\"https:\/\/schema.org\",\"@graph\":[{\"@type\":\"Article\",\"@id\":\"https:\/\/jornalfatosenoticias.com.br\/index.php\/2020\/09\/14\/planeta-perdeu-dois-tercos-da-vida-selvagem-nos-ultimos-50-anos\/#article\",\"isPartOf\":{\"@id\":\"https:\/\/jornalfatosenoticias.com.br\/index.php\/2020\/09\/14\/planeta-perdeu-dois-tercos-da-vida-selvagem-nos-ultimos-50-anos\/\"},\"author\":{\"name\":\"Luzimara Fernandes\",\"@id\":\"https:\/\/jornalfatosenoticias.com.br\/#\/schema\/person\/d63837fa13ac8666eb9e74e0985d6f81\"},\"headline\":\"Planeta perdeu dois ter\u00e7os da vida selvagem nos \u00faltimos 50 anos\",\"datePublished\":\"2020-09-14T16:52:23+00:00\",\"dateModified\":\"2020-09-14T16:55:23+00:00\",\"mainEntityOfPage\":{\"@id\":\"https:\/\/jornalfatosenoticias.com.br\/index.php\/2020\/09\/14\/planeta-perdeu-dois-tercos-da-vida-selvagem-nos-ultimos-50-anos\/\"},\"wordCount\":519,\"commentCount\":0,\"publisher\":{\"@id\":\"https:\/\/jornalfatosenoticias.com.br\/#organization\"},\"image\":{\"@id\":\"https:\/\/jornalfatosenoticias.com.br\/index.php\/2020\/09\/14\/planeta-perdeu-dois-tercos-da-vida-selvagem-nos-ultimos-50-anos\/#primaryimage\"},\"thumbnailUrl\":\"https:\/\/jornalfatosenoticias.com.br\/wp-content\/uploads\/2020\/09\/girafa.jpg\",\"keywords\":[\"perda\",\"planeta\",\"vida selvagem\",\"WWF\"],\"articleSection\":[\"Meio ambiente\"],\"inLanguage\":\"pt-BR\",\"potentialAction\":[{\"@type\":\"CommentAction\",\"name\":\"Comment\",\"target\":[\"https:\/\/jornalfatosenoticias.com.br\/index.php\/2020\/09\/14\/planeta-perdeu-dois-tercos-da-vida-selvagem-nos-ultimos-50-anos\/#respond\"]}]},{\"@type\":\"WebPage\",\"@id\":\"https:\/\/jornalfatosenoticias.com.br\/index.php\/2020\/09\/14\/planeta-perdeu-dois-tercos-da-vida-selvagem-nos-ultimos-50-anos\/\",\"url\":\"https:\/\/jornalfatosenoticias.com.br\/index.php\/2020\/09\/14\/planeta-perdeu-dois-tercos-da-vida-selvagem-nos-ultimos-50-anos\/\",\"name\":\"Planeta perdeu dois ter\u00e7os da vida selvagem nos \u00faltimos 50 anos - Jornal Fatos e Not\u00edcias\",\"isPartOf\":{\"@id\":\"https:\/\/jornalfatosenoticias.com.br\/#website\"},\"primaryImageOfPage\":{\"@id\":\"https:\/\/jornalfatosenoticias.com.br\/index.php\/2020\/09\/14\/planeta-perdeu-dois-tercos-da-vida-selvagem-nos-ultimos-50-anos\/#primaryimage\"},\"image\":{\"@id\":\"https:\/\/jornalfatosenoticias.com.br\/index.php\/2020\/09\/14\/planeta-perdeu-dois-tercos-da-vida-selvagem-nos-ultimos-50-anos\/#primaryimage\"},\"thumbnailUrl\":\"https:\/\/jornalfatosenoticias.com.br\/wp-content\/uploads\/2020\/09\/girafa.jpg\",\"datePublished\":\"2020-09-14T16:52:23+00:00\",\"dateModified\":\"2020-09-14T16:55:23+00:00\",\"breadcrumb\":{\"@id\":\"https:\/\/jornalfatosenoticias.com.br\/index.php\/2020\/09\/14\/planeta-perdeu-dois-tercos-da-vida-selvagem-nos-ultimos-50-anos\/#breadcrumb\"},\"inLanguage\":\"pt-BR\",\"potentialAction\":[{\"@type\":\"ReadAction\",\"target\":[\"https:\/\/jornalfatosenoticias.com.br\/index.php\/2020\/09\/14\/planeta-perdeu-dois-tercos-da-vida-selvagem-nos-ultimos-50-anos\/\"]}]},{\"@type\":\"ImageObject\",\"inLanguage\":\"pt-BR\",\"@id\":\"https:\/\/jornalfatosenoticias.com.br\/index.php\/2020\/09\/14\/planeta-perdeu-dois-tercos-da-vida-selvagem-nos-ultimos-50-anos\/#primaryimage\",\"url\":\"https:\/\/jornalfatosenoticias.com.br\/wp-content\/uploads\/2020\/09\/girafa.jpg\",\"contentUrl\":\"https:\/\/jornalfatosenoticias.com.br\/wp-content\/uploads\/2020\/09\/girafa.jpg\",\"width\":1000,\"height\":741},{\"@type\":\"BreadcrumbList\",\"@id\":\"https:\/\/jornalfatosenoticias.com.br\/index.php\/2020\/09\/14\/planeta-perdeu-dois-tercos-da-vida-selvagem-nos-ultimos-50-anos\/#breadcrumb\",\"itemListElement\":[{\"@type\":\"ListItem\",\"position\":1,\"name\":\"In\u00edcio\",\"item\":\"https:\/\/jornalfatosenoticias.com.br\/\"},{\"@type\":\"ListItem\",\"position\":2,\"name\":\"Planeta perdeu dois ter\u00e7os da vida selvagem nos \u00faltimos 50 anos\"}]},{\"@type\":\"WebSite\",\"@id\":\"https:\/\/jornalfatosenoticias.com.br\/#website\",\"url\":\"https:\/\/jornalfatosenoticias.com.br\/\",\"name\":\"Jornal Fatos e Not\u00edcias\",\"description\":\"Not\u00edcias em geral\",\"publisher\":{\"@id\":\"https:\/\/jornalfatosenoticias.com.br\/#organization\"},\"potentialAction\":[{\"@type\":\"SearchAction\",\"target\":{\"@type\":\"EntryPoint\",\"urlTemplate\":\"https:\/\/jornalfatosenoticias.com.br\/?s={search_term_string}\"},\"query-input\":{\"@type\":\"PropertyValueSpecification\",\"valueRequired\":true,\"valueName\":\"search_term_string\"}}],\"inLanguage\":\"pt-BR\"},{\"@type\":\"Organization\",\"@id\":\"https:\/\/jornalfatosenoticias.com.br\/#organization\",\"name\":\"Jornal Fatos e Not\u00edcias\",\"url\":\"https:\/\/jornalfatosenoticias.com.br\/\",\"logo\":{\"@type\":\"ImageObject\",\"inLanguage\":\"pt-BR\",\"@id\":\"https:\/\/jornalfatosenoticias.com.br\/#\/schema\/logo\/image\/\",\"url\":\"https:\/\/jornalfatosenoticias.com.br\/wp-content\/uploads\/2020\/02\/logo120.png\",\"contentUrl\":\"https:\/\/jornalfatosenoticias.com.br\/wp-content\/uploads\/2020\/02\/logo120.png\",\"width\":1227,\"height\":120,\"caption\":\"Jornal Fatos e Not\u00edcias\"},\"image\":{\"@id\":\"https:\/\/jornalfatosenoticias.com.br\/#\/schema\/logo\/image\/\"}},{\"@type\":\"Person\",\"@id\":\"https:\/\/jornalfatosenoticias.com.br\/#\/schema\/person\/d63837fa13ac8666eb9e74e0985d6f81\",\"name\":\"Luzimara Fernandes\",\"image\":{\"@type\":\"ImageObject\",\"inLanguage\":\"pt-BR\",\"@id\":\"https:\/\/jornalfatosenoticias.com.br\/#\/schema\/person\/image\/\",\"url\":\"https:\/\/jornalfatosenoticias.com.br\/wp-content\/uploads\/2025\/05\/EU_portal.jpg\",\"contentUrl\":\"https:\/\/jornalfatosenoticias.com.br\/wp-content\/uploads\/2025\/05\/EU_portal.jpg\",\"caption\":\"Luzimara Fernandes\"},\"description\":\"Jornalista MTB 2358-ES\",\"sameAs\":[\"https:\/\/jornalfatosenoticias.com.br\"],\"url\":\"https:\/\/jornalfatosenoticias.com.br\/index.php\/author\/luzimara\/\"}]}<\/script>\n<!-- \/ Yoast SEO plugin. -->","yoast_head_json":{"title":"Planeta perdeu dois ter\u00e7os da vida selvagem nos \u00faltimos 50 anos - Jornal Fatos e Not\u00edcias","robots":{"index":"index","follow":"follow","max-snippet":"max-snippet:-1","max-image-preview":"max-image-preview:large","max-video-preview":"max-video-preview:-1"},"canonical":"https:\/\/jornalfatosenoticias.com.br\/index.php\/2020\/09\/14\/planeta-perdeu-dois-tercos-da-vida-selvagem-nos-ultimos-50-anos\/","og_locale":"pt_BR","og_type":"article","og_title":"Planeta perdeu dois ter\u00e7os da vida selvagem nos \u00faltimos 50 anos - Jornal Fatos e Not\u00edcias","og_description":"Relat\u00f3rio da WWF aponta redu\u00e7\u00e3o de 68% das popula\u00e7\u00f5es animais do planeta desde 1970, o que inclui mam\u00edferos, p\u00e1ssaros, anf\u00edbios, r\u00e9pteis e peixes O Relat\u00f3rio Planeta Vivo 2020, da ONG internacional Fundo Mundial para a Natureza (WWF, na sigla em ingl\u00eas), aponta que dois ter\u00e7os da vida selvagem do planeta desapareceram em menos de meio [&hellip;]","og_url":"https:\/\/jornalfatosenoticias.com.br\/index.php\/2020\/09\/14\/planeta-perdeu-dois-tercos-da-vida-selvagem-nos-ultimos-50-anos\/","og_site_name":"Jornal Fatos e Not\u00edcias","article_published_time":"2020-09-14T16:52:23+00:00","article_modified_time":"2020-09-14T16:55:23+00:00","og_image":[{"width":1000,"height":741,"url":"https:\/\/jornalfatosenoticias.com.br\/wp-content\/uploads\/2020\/09\/girafa.jpg","type":"image\/jpeg"}],"author":"Luzimara Fernandes","twitter_card":"summary_large_image","twitter_misc":{"Escrito por":"Luzimara Fernandes","Est. tempo de leitura":"3 minutos"},"schema":{"@context":"https:\/\/schema.org","@graph":[{"@type":"Article","@id":"https:\/\/jornalfatosenoticias.com.br\/index.php\/2020\/09\/14\/planeta-perdeu-dois-tercos-da-vida-selvagem-nos-ultimos-50-anos\/#article","isPartOf":{"@id":"https:\/\/jornalfatosenoticias.com.br\/index.php\/2020\/09\/14\/planeta-perdeu-dois-tercos-da-vida-selvagem-nos-ultimos-50-anos\/"},"author":{"name":"Luzimara Fernandes","@id":"https:\/\/jornalfatosenoticias.com.br\/#\/schema\/person\/d63837fa13ac8666eb9e74e0985d6f81"},"headline":"Planeta perdeu dois ter\u00e7os da vida selvagem nos \u00faltimos 50 anos","datePublished":"2020-09-14T16:52:23+00:00","dateModified":"2020-09-14T16:55:23+00:00","mainEntityOfPage":{"@id":"https:\/\/jornalfatosenoticias.com.br\/index.php\/2020\/09\/14\/planeta-perdeu-dois-tercos-da-vida-selvagem-nos-ultimos-50-anos\/"},"wordCount":519,"commentCount":0,"publisher":{"@id":"https:\/\/jornalfatosenoticias.com.br\/#organization"},"image":{"@id":"https:\/\/jornalfatosenoticias.com.br\/index.php\/2020\/09\/14\/planeta-perdeu-dois-tercos-da-vida-selvagem-nos-ultimos-50-anos\/#primaryimage"},"thumbnailUrl":"https:\/\/jornalfatosenoticias.com.br\/wp-content\/uploads\/2020\/09\/girafa.jpg","keywords":["perda","planeta","vida selvagem","WWF"],"articleSection":["Meio ambiente"],"inLanguage":"pt-BR","potentialAction":[{"@type":"CommentAction","name":"Comment","target":["https:\/\/jornalfatosenoticias.com.br\/index.php\/2020\/09\/14\/planeta-perdeu-dois-tercos-da-vida-selvagem-nos-ultimos-50-anos\/#respond"]}]},{"@type":"WebPage","@id":"https:\/\/jornalfatosenoticias.com.br\/index.php\/2020\/09\/14\/planeta-perdeu-dois-tercos-da-vida-selvagem-nos-ultimos-50-anos\/","url":"https:\/\/jornalfatosenoticias.com.br\/index.php\/2020\/09\/14\/planeta-perdeu-dois-tercos-da-vida-selvagem-nos-ultimos-50-anos\/","name":"Planeta perdeu dois ter\u00e7os da vida selvagem nos \u00faltimos 50 anos - Jornal Fatos e Not\u00edcias","isPartOf":{"@id":"https:\/\/jornalfatosenoticias.com.br\/#website"},"primaryImageOfPage":{"@id":"https:\/\/jornalfatosenoticias.com.br\/index.php\/2020\/09\/14\/planeta-perdeu-dois-tercos-da-vida-selvagem-nos-ultimos-50-anos\/#primaryimage"},"image":{"@id":"https:\/\/jornalfatosenoticias.com.br\/index.php\/2020\/09\/14\/planeta-perdeu-dois-tercos-da-vida-selvagem-nos-ultimos-50-anos\/#primaryimage"},"thumbnailUrl":"https:\/\/jornalfatosenoticias.com.br\/wp-content\/uploads\/2020\/09\/girafa.jpg","datePublished":"2020-09-14T16:52:23+00:00","dateModified":"2020-09-14T16:55:23+00:00","breadcrumb":{"@id":"https:\/\/jornalfatosenoticias.com.br\/index.php\/2020\/09\/14\/planeta-perdeu-dois-tercos-da-vida-selvagem-nos-ultimos-50-anos\/#breadcrumb"},"inLanguage":"pt-BR","potentialAction":[{"@type":"ReadAction","target":["https:\/\/jornalfatosenoticias.com.br\/index.php\/2020\/09\/14\/planeta-perdeu-dois-tercos-da-vida-selvagem-nos-ultimos-50-anos\/"]}]},{"@type":"ImageObject","inLanguage":"pt-BR","@id":"https:\/\/jornalfatosenoticias.com.br\/index.php\/2020\/09\/14\/planeta-perdeu-dois-tercos-da-vida-selvagem-nos-ultimos-50-anos\/#primaryimage","url":"https:\/\/jornalfatosenoticias.com.br\/wp-content\/uploads\/2020\/09\/girafa.jpg","contentUrl":"https:\/\/jornalfatosenoticias.com.br\/wp-content\/uploads\/2020\/09\/girafa.jpg","width":1000,"height":741},{"@type":"BreadcrumbList","@id":"https:\/\/jornalfatosenoticias.com.br\/index.php\/2020\/09\/14\/planeta-perdeu-dois-tercos-da-vida-selvagem-nos-ultimos-50-anos\/#breadcrumb","itemListElement":[{"@type":"ListItem","position":1,"name":"In\u00edcio","item":"https:\/\/jornalfatosenoticias.com.br\/"},{"@type":"ListItem","position":2,"name":"Planeta perdeu dois ter\u00e7os da vida selvagem nos \u00faltimos 50 anos"}]},{"@type":"WebSite","@id":"https:\/\/jornalfatosenoticias.com.br\/#website","url":"https:\/\/jornalfatosenoticias.com.br\/","name":"Jornal Fatos e Not\u00edcias","description":"Not\u00edcias em geral","publisher":{"@id":"https:\/\/jornalfatosenoticias.com.br\/#organization"},"potentialAction":[{"@type":"SearchAction","target":{"@type":"EntryPoint","urlTemplate":"https:\/\/jornalfatosenoticias.com.br\/?s={search_term_string}"},"query-input":{"@type":"PropertyValueSpecification","valueRequired":true,"valueName":"search_term_string"}}],"inLanguage":"pt-BR"},{"@type":"Organization","@id":"https:\/\/jornalfatosenoticias.com.br\/#organization","name":"Jornal Fatos e Not\u00edcias","url":"https:\/\/jornalfatosenoticias.com.br\/","logo":{"@type":"ImageObject","inLanguage":"pt-BR","@id":"https:\/\/jornalfatosenoticias.com.br\/#\/schema\/logo\/image\/","url":"https:\/\/jornalfatosenoticias.com.br\/wp-content\/uploads\/2020\/02\/logo120.png","contentUrl":"https:\/\/jornalfatosenoticias.com.br\/wp-content\/uploads\/2020\/02\/logo120.png","width":1227,"height":120,"caption":"Jornal Fatos e Not\u00edcias"},"image":{"@id":"https:\/\/jornalfatosenoticias.com.br\/#\/schema\/logo\/image\/"}},{"@type":"Person","@id":"https:\/\/jornalfatosenoticias.com.br\/#\/schema\/person\/d63837fa13ac8666eb9e74e0985d6f81","name":"Luzimara Fernandes","image":{"@type":"ImageObject","inLanguage":"pt-BR","@id":"https:\/\/jornalfatosenoticias.com.br\/#\/schema\/person\/image\/","url":"https:\/\/jornalfatosenoticias.com.br\/wp-content\/uploads\/2025\/05\/EU_portal.jpg","contentUrl":"https:\/\/jornalfatosenoticias.com.br\/wp-content\/uploads\/2025\/05\/EU_portal.jpg","caption":"Luzimara Fernandes"},"description":"Jornalista MTB 2358-ES","sameAs":["https:\/\/jornalfatosenoticias.com.br"],"url":"https:\/\/jornalfatosenoticias.com.br\/index.php\/author\/luzimara\/"}]}},"cc_featured_image_caption":{"caption_text":"(Foto: Creative Commons)","source_text":"","source_url":""},"jetpack_featured_media_url":"https:\/\/jornalfatosenoticias.com.br\/wp-content\/uploads\/2020\/09\/girafa.jpg","_links":{"self":[{"href":"https:\/\/jornalfatosenoticias.com.br\/index.php\/wp-json\/wp\/v2\/posts\/8861","targetHints":{"allow":["GET"]}}],"collection":[{"href":"https:\/\/jornalfatosenoticias.com.br\/index.php\/wp-json\/wp\/v2\/posts"}],"about":[{"href":"https:\/\/jornalfatosenoticias.com.br\/index.php\/wp-json\/wp\/v2\/types\/post"}],"author":[{"embeddable":true,"href":"https:\/\/jornalfatosenoticias.com.br\/index.php\/wp-json\/wp\/v2\/users\/2"}],"replies":[{"embeddable":true,"href":"https:\/\/jornalfatosenoticias.com.br\/index.php\/wp-json\/wp\/v2\/comments?post=8861"}],"version-history":[{"count":0,"href":"https:\/\/jornalfatosenoticias.com.br\/index.php\/wp-json\/wp\/v2\/posts\/8861\/revisions"}],"wp:featuredmedia":[{"embeddable":true,"href":"https:\/\/jornalfatosenoticias.com.br\/index.php\/wp-json\/wp\/v2\/media\/8862"}],"wp:attachment":[{"href":"https:\/\/jornalfatosenoticias.com.br\/index.php\/wp-json\/wp\/v2\/media?parent=8861"}],"wp:term":[{"taxonomy":"category","embeddable":true,"href":"https:\/\/jornalfatosenoticias.com.br\/index.php\/wp-json\/wp\/v2\/categories?post=8861"},{"taxonomy":"post_tag","embeddable":true,"href":"https:\/\/jornalfatosenoticias.com.br\/index.php\/wp-json\/wp\/v2\/tags?post=8861"}],"curies":[{"name":"wp","href":"https:\/\/api.w.org\/{rel}","templated":true}]}}