{"id":8866,"date":"2020-09-14T14:14:43","date_gmt":"2020-09-14T17:14:43","guid":{"rendered":"https:\/\/jornalfatosenoticias.com.br\/?p=8866"},"modified":"2020-09-14T14:14:59","modified_gmt":"2020-09-14T17:14:59","slug":"brasileiros-descobrem-20-novas-especies-de-microminhocas-no-cerrado","status":"publish","type":"post","link":"https:\/\/jornalfatosenoticias.com.br\/index.php\/2020\/09\/14\/brasileiros-descobrem-20-novas-especies-de-microminhocas-no-cerrado\/","title":{"rendered":"Brasileiros descobrem 20 novas esp\u00e9cies de microminhocas no Cerrado"},"content":{"rendered":"\n<h6 class=\"wp-block-heading\"><em>Parentes pr\u00f3ximos das minhocas, estes animais s\u00e3o chamados de enquitre\u00eddeos e s\u00e3o essenciais para o funcionamento dos mais variados ecossistemas<\/em><\/h6>\n\n\n\n<p>Vinte novas esp\u00e9cies de microminhocas foram identificadas no Distrito Federal e em Goi\u00e1s por uma equipe de pesquisa apoiada pela Funda\u00e7\u00e3o de Amparo \u00e0 Pesquisa do Distrito Federal (FAP-DF). Os cientistas tamb\u00e9m podem ter encontrado um novo g\u00eanero desses animais, que s\u00e3o chamados de enquitre\u00eddeos e existem em praticamente todos os solos do mundo.<br>Como explicam os estudiosos, a umidade \u00e9 um fator importante para os enquitre\u00eddeos, pois eles respiram pela pele. &#8220;A ideia geral era que havia poucas microminhocas no Cerrado devido ao prolongado per\u00edodo de seca, j\u00e1 que esses invertebrados precisam de solos \u00famidos para sobreviver&#8221;, disse C\u00edntia Niva, coordenadora do estudo, em comunicado.<br>Entretanto, o levantamento mostra que essa regi\u00e3o \u00e9 t\u00e3o rica nesses organismos quanto florestas de outros biomas brasileiros com temperaturas mais amenas e maiores \u00edndices pluviom\u00e9tricos.<\/p>\n\n\n\n<blockquote class=\"wp-block-quote is-layout-flow wp-block-quote-is-layout-flow\"><p>&#8220;Os dados obtidos mostram que temos aqui uma popula\u00e7\u00e3o t\u00e3o abundante e rica quanto \u00e0 da Mata Atl\u00e2ntica e \u00e0 da Amaz\u00f4nia, e composta por v\u00e1rias esp\u00e9cies possivelmente end\u00eamicas, ou seja, restritas ao Cerrado&#8221;, afirmou Niva.<\/p><\/blockquote>\n\n\n\n<figure class=\"wp-block-image size-large\"><img loading=\"lazy\" decoding=\"async\" width=\"700\" height=\"394\" src=\"https:\/\/jornalfatosenoticias.com.br\/wp-content\/uploads\/2020\/09\/MICROMINHOCAS.gif\" alt=\"\" class=\"wp-image-8868\"\/><figcaption><em>As microminhocas t\u00eam t\u00e3o pouca pigmenta\u00e7\u00e3o que fica f\u00e1cil ver seus \u00f3rg\u00e3os internos (Foto: Embrapa)<\/em><\/figcaption><\/figure>\n\n\n\n<p>Al\u00e9m disso, estudos anteriores sugeriam que a abund\u00e2ncia de microminhocas na regi\u00e3o de clima tropical seria menor do que em regi\u00f5es de clima temperado. Contudo, essa hip\u00f3tese vem sendo refutada gra\u00e7as a pesquisas recentes em diferentes partes do Brasil.<br>An\u00e1lises na floresta ombr\u00f3fila mista no estado do Paran\u00e1, por exemplo, relatam densidade m\u00e9dia de 12 mil esp\u00e9cimes por metro quadrado, enquanto na Amaz\u00f4nia esse n\u00famero \u00e9 menor que cinco mil. J\u00e1 a nova pesquisa indica que a densidade de animais no Cerrado \u00e9 de 13 mil na \u00e9poca chuvosa, chegando a at\u00e9 30 mil em algumas regi\u00f5es.<br>Tamb\u00e9m foi observado um encolhimento da popula\u00e7\u00e3o nos cinco primeiros cent\u00edmetros do solo durante os per\u00edodos de seca. Para os especialistas, isso provavelmente se deve a uma estrat\u00e9gia de sobreviv\u00eancia desses seres que ainda precisa ser investigada, como a hiberna\u00e7\u00e3o ou a migra\u00e7\u00e3o para camadas mais profundas do solo.<br>Al\u00e9m disso, de modo geral, percebeu-se que a densidade e a riqueza de microminhocas \u00e9 maior em solos de vegeta\u00e7\u00e3o nativa, o que pode ser atribu\u00eddo \u00e0 maior disponibilidade e qualidade do material org\u00e2nico, bem como ao menor grau de atividade humana em seu habitat. Embora altas densidades possam ser encontradas em \u00e1reas cultivadas, a diversidade de esp\u00e9cies \u00e9 bem menor.<br>Segundo os pesquisadores, nessas regi\u00f5es mais de 85% dos enquitre\u00eddeos encontrados pertencem ao g\u00eanero Enchytraeus.<\/p>\n\n\n\n<blockquote class=\"wp-block-quote is-layout-flow wp-block-quote-is-layout-flow\"><p>&#8220;Pesquisas anteriores caracterizam essas esp\u00e9cies como estrategistas, ou seja, elas se reproduzem rapidamente e t\u00eam facilidade de se adaptar a ambientes alterados, o que explica sua predomin\u00e2ncia em \u00e1reas agr\u00edcolas&#8221;, explicou Niva.<\/p><\/blockquote>\n\n\n\n<figure class=\"wp-block-image size-large\"><img loading=\"lazy\" decoding=\"async\" width=\"1000\" height=\"750\" src=\"https:\/\/jornalfatosenoticias.com.br\/wp-content\/uploads\/2020\/09\/minhoquinhas_4.jpg\" alt=\"\" class=\"wp-image-8870\" srcset=\"https:\/\/jornalfatosenoticias.com.br\/wp-content\/uploads\/2020\/09\/minhoquinhas_4.jpg 1000w, https:\/\/jornalfatosenoticias.com.br\/wp-content\/uploads\/2020\/09\/minhoquinhas_4-300x225.jpg 300w, https:\/\/jornalfatosenoticias.com.br\/wp-content\/uploads\/2020\/09\/minhoquinhas_4-768x576.jpg 768w\" sizes=\"auto, (max-width: 1000px) 100vw, 1000px\" \/><figcaption><em>Parentes pr\u00f3ximos das minhocas, os enquitre\u00eddeos, como tamb\u00e9m s\u00e3o chamados, s\u00e3o essenciais para o funcionamento dos mais variados ecossistemas (Foto: Embrapa)<\/em><\/figcaption><\/figure>\n\n\n\n<h4 class=\"wp-block-heading\">Microminhocas<\/h4>\n\n\n\n<p>Os enquitre\u00eddeos s\u00e3o parentes pr\u00f3ximos das minhocas, mas com tamanho bem menor e praticamente sem pigmenta\u00e7\u00e3o. No Cerrado, por exemplo, a maioria deles tem at\u00e9 um cent\u00edmetro de comprimento e dois mil\u00edmetros de di\u00e2metro corporal.<br>Das 710 descobertas ao redor do mundo, apenas 62 esp\u00e9cies terrestres ou semiaqu\u00e1ticas s\u00e3o conhecidas at\u00e9 hoje na Am\u00e9rica Latina, das quais 47 j\u00e1 foram observadas no Brasil. Esses pequeninos animais s\u00e3o muito importantes para o funcionamento dos ecossistemas, pois contribuem para a decomposi\u00e7\u00e3o de mat\u00e9ria org\u00e2nica, ciclagem de nutrientes, forma\u00e7\u00e3o do solo e cadeia alimentar.<\/p>\n\n\n\n<blockquote class=\"wp-block-quote is-layout-flow wp-block-quote-is-layout-flow\"><p>&#8220;Apesar de os enquitre\u00eddeos e as minhocas contribu\u00edrem para os mesmos servi\u00e7os ecossist\u00eamicos, como a ciclagem de nutrientes e a estrutura do solo, eles os fazem de forma diferente em fun\u00e7\u00e3o de seu tamanho corporal e de sua posi\u00e7\u00e3o na cadeia alimentar&#8221;, explicou Niva.<\/p><\/blockquote>\n\n\n\n<figure class=\"wp-block-image size-large\"><img loading=\"lazy\" decoding=\"async\" width=\"700\" height=\"394\" src=\"https:\/\/jornalfatosenoticias.com.br\/wp-content\/uploads\/2020\/09\/gifit_MICROMINHOCAS2.gif\" alt=\"\" class=\"wp-image-8869\"\/><figcaption><em>As microminhocas t\u00eam t\u00e3o pouca pigmenta\u00e7\u00e3o que fica f\u00e1cil ver seus \u00f3rg\u00e3os internos (Foto: Embrapa)<\/em><\/figcaption><\/figure>\n\n\n\n<p>Em regi\u00f5es de clima temperado, as microminhocas j\u00e1 s\u00e3o usadas na avalia\u00e7\u00e3o da qualidade biol\u00f3gica do solo, pois sua presen\u00e7a ou aus\u00eancia indicam impactos relacionados ao desmatamento e at\u00e9 altera\u00e7\u00f5es causadas pelas mudan\u00e7as clim\u00e1ticas. &#8220;Na Embrapa, j\u00e1 testamos o efeito de solos com cinzas, p\u00f3s de rocha e agrot\u00f3xicos usando os enquitre\u00eddeos em laborat\u00f3rio&#8221;, contou Niva. &#8220;A expectativa \u00e9 que os enquitre\u00eddeos sejam usados como bioindicadores tamb\u00e9m no bioma Cerrado&#8221;.<\/p>\n\n\n\n<figure class=\"wp-block-image size-large\"><img loading=\"lazy\" decoding=\"async\" width=\"700\" height=\"394\" src=\"https:\/\/jornalfatosenoticias.com.br\/wp-content\/uploads\/2020\/09\/gifit_MICROMINHOCAS3.gif\" alt=\"\" class=\"wp-image-8871\"\/><figcaption><em>As microminhocas t\u00eam t\u00e3o pouca pigmenta\u00e7\u00e3o que fica f\u00e1cil ver seus \u00f3rg\u00e3os internos (Foto: Embrapa)<\/em><\/figcaption><\/figure>\n\n\n\n<p><strong><em>Fonte: <a href=\"https:\/\/revistagalileu.globo.com\/Ciencia\/Biologia\/noticia\/2020\/09\/brasileiros-descobrem-20-novas-especies-de-microminhocas-no-cerrado.html\">Revista Galileu<\/a><\/em><\/strong><\/p>\n","protected":false},"excerpt":{"rendered":"<p>Parentes pr\u00f3ximos das minhocas, estes animais s\u00e3o chamados de enquitre\u00eddeos e s\u00e3o essenciais para o funcionamento dos mais variados ecossistemas Vinte novas esp\u00e9cies de microminhocas foram identificadas no Distrito Federal e em Goi\u00e1s por uma equipe de pesquisa apoiada pela Funda\u00e7\u00e3o de Amparo \u00e0 Pesquisa do Distrito Federal (FAP-DF). Os cientistas tamb\u00e9m podem ter encontrado [&hellip;]<\/p>\n","protected":false},"author":2,"featured_media":8867,"comment_status":"open","ping_status":"open","sticky":false,"template":"","format":"standard","meta":{"footnotes":""},"categories":[2,8],"tags":[257,1909,71,4897,4896],"class_list":["post-8866","post","type-post","status-publish","format-standard","has-post-thumbnail","hentry","category-ciencia","category-meio-ambiente","tag-cerrado","tag-ecossistemas","tag-embrapa","tag-enquitreideos","tag-microminhocas"],"yoast_head":"<!-- This site is optimized with the Yoast SEO plugin v26.5 - https:\/\/yoast.com\/wordpress\/plugins\/seo\/ -->\n<title>Brasileiros descobrem 20 novas esp\u00e9cies de microminhocas no Cerrado - Jornal Fatos e Not\u00edcias<\/title>\n<meta name=\"robots\" content=\"index, follow, max-snippet:-1, max-image-preview:large, max-video-preview:-1\" \/>\n<link rel=\"canonical\" href=\"https:\/\/jornalfatosenoticias.com.br\/index.php\/2020\/09\/14\/brasileiros-descobrem-20-novas-especies-de-microminhocas-no-cerrado\/\" \/>\n<meta property=\"og:locale\" content=\"pt_BR\" \/>\n<meta property=\"og:type\" content=\"article\" \/>\n<meta property=\"og:title\" content=\"Brasileiros descobrem 20 novas esp\u00e9cies de microminhocas no Cerrado - Jornal Fatos e Not\u00edcias\" \/>\n<meta property=\"og:description\" content=\"Parentes pr\u00f3ximos das minhocas, estes animais s\u00e3o chamados de enquitre\u00eddeos e s\u00e3o essenciais para o funcionamento dos mais variados ecossistemas Vinte novas esp\u00e9cies de microminhocas foram identificadas no Distrito Federal e em Goi\u00e1s por uma equipe de pesquisa apoiada pela Funda\u00e7\u00e3o de Amparo \u00e0 Pesquisa do Distrito Federal (FAP-DF). Os cientistas tamb\u00e9m podem ter encontrado [&hellip;]\" \/>\n<meta property=\"og:url\" content=\"https:\/\/jornalfatosenoticias.com.br\/index.php\/2020\/09\/14\/brasileiros-descobrem-20-novas-especies-de-microminhocas-no-cerrado\/\" \/>\n<meta property=\"og:site_name\" content=\"Jornal Fatos e Not\u00edcias\" \/>\n<meta property=\"article:published_time\" content=\"2020-09-14T17:14:43+00:00\" \/>\n<meta property=\"article:modified_time\" content=\"2020-09-14T17:14:59+00:00\" \/>\n<meta property=\"og:image\" content=\"https:\/\/jornalfatosenoticias.com.br\/wp-content\/uploads\/2020\/09\/microminhocas_CAPA.jpg\" \/>\n\t<meta property=\"og:image:width\" content=\"1000\" \/>\n\t<meta property=\"og:image:height\" content=\"591\" \/>\n\t<meta property=\"og:image:type\" content=\"image\/jpeg\" \/>\n<meta name=\"author\" content=\"Luzimara Fernandes\" \/>\n<meta name=\"twitter:card\" content=\"summary_large_image\" \/>\n<meta name=\"twitter:label1\" content=\"Escrito por\" \/>\n\t<meta name=\"twitter:data1\" content=\"Luzimara Fernandes\" \/>\n\t<meta name=\"twitter:label2\" content=\"Est. tempo de leitura\" \/>\n\t<meta name=\"twitter:data2\" content=\"4 minutos\" \/>\n<script type=\"application\/ld+json\" class=\"yoast-schema-graph\">{\"@context\":\"https:\/\/schema.org\",\"@graph\":[{\"@type\":\"Article\",\"@id\":\"https:\/\/jornalfatosenoticias.com.br\/index.php\/2020\/09\/14\/brasileiros-descobrem-20-novas-especies-de-microminhocas-no-cerrado\/#article\",\"isPartOf\":{\"@id\":\"https:\/\/jornalfatosenoticias.com.br\/index.php\/2020\/09\/14\/brasileiros-descobrem-20-novas-especies-de-microminhocas-no-cerrado\/\"},\"author\":{\"name\":\"Luzimara Fernandes\",\"@id\":\"https:\/\/jornalfatosenoticias.com.br\/#\/schema\/person\/d63837fa13ac8666eb9e74e0985d6f81\"},\"headline\":\"Brasileiros descobrem 20 novas esp\u00e9cies de microminhocas no Cerrado\",\"datePublished\":\"2020-09-14T17:14:43+00:00\",\"dateModified\":\"2020-09-14T17:14:59+00:00\",\"mainEntityOfPage\":{\"@id\":\"https:\/\/jornalfatosenoticias.com.br\/index.php\/2020\/09\/14\/brasileiros-descobrem-20-novas-especies-de-microminhocas-no-cerrado\/\"},\"wordCount\":822,\"commentCount\":0,\"publisher\":{\"@id\":\"https:\/\/jornalfatosenoticias.com.br\/#organization\"},\"image\":{\"@id\":\"https:\/\/jornalfatosenoticias.com.br\/index.php\/2020\/09\/14\/brasileiros-descobrem-20-novas-especies-de-microminhocas-no-cerrado\/#primaryimage\"},\"thumbnailUrl\":\"https:\/\/jornalfatosenoticias.com.br\/wp-content\/uploads\/2020\/09\/microminhocas_CAPA.jpg\",\"keywords\":[\"cerrado\",\"ecossistemas\",\"embrapa\",\"enquitre\u00eddeos\",\"microminhocas\"],\"articleSection\":[\"Ci\u00eancia\",\"Meio ambiente\"],\"inLanguage\":\"pt-BR\",\"potentialAction\":[{\"@type\":\"CommentAction\",\"name\":\"Comment\",\"target\":[\"https:\/\/jornalfatosenoticias.com.br\/index.php\/2020\/09\/14\/brasileiros-descobrem-20-novas-especies-de-microminhocas-no-cerrado\/#respond\"]}]},{\"@type\":\"WebPage\",\"@id\":\"https:\/\/jornalfatosenoticias.com.br\/index.php\/2020\/09\/14\/brasileiros-descobrem-20-novas-especies-de-microminhocas-no-cerrado\/\",\"url\":\"https:\/\/jornalfatosenoticias.com.br\/index.php\/2020\/09\/14\/brasileiros-descobrem-20-novas-especies-de-microminhocas-no-cerrado\/\",\"name\":\"Brasileiros descobrem 20 novas esp\u00e9cies de microminhocas no Cerrado - Jornal Fatos e Not\u00edcias\",\"isPartOf\":{\"@id\":\"https:\/\/jornalfatosenoticias.com.br\/#website\"},\"primaryImageOfPage\":{\"@id\":\"https:\/\/jornalfatosenoticias.com.br\/index.php\/2020\/09\/14\/brasileiros-descobrem-20-novas-especies-de-microminhocas-no-cerrado\/#primaryimage\"},\"image\":{\"@id\":\"https:\/\/jornalfatosenoticias.com.br\/index.php\/2020\/09\/14\/brasileiros-descobrem-20-novas-especies-de-microminhocas-no-cerrado\/#primaryimage\"},\"thumbnailUrl\":\"https:\/\/jornalfatosenoticias.com.br\/wp-content\/uploads\/2020\/09\/microminhocas_CAPA.jpg\",\"datePublished\":\"2020-09-14T17:14:43+00:00\",\"dateModified\":\"2020-09-14T17:14:59+00:00\",\"breadcrumb\":{\"@id\":\"https:\/\/jornalfatosenoticias.com.br\/index.php\/2020\/09\/14\/brasileiros-descobrem-20-novas-especies-de-microminhocas-no-cerrado\/#breadcrumb\"},\"inLanguage\":\"pt-BR\",\"potentialAction\":[{\"@type\":\"ReadAction\",\"target\":[\"https:\/\/jornalfatosenoticias.com.br\/index.php\/2020\/09\/14\/brasileiros-descobrem-20-novas-especies-de-microminhocas-no-cerrado\/\"]}]},{\"@type\":\"ImageObject\",\"inLanguage\":\"pt-BR\",\"@id\":\"https:\/\/jornalfatosenoticias.com.br\/index.php\/2020\/09\/14\/brasileiros-descobrem-20-novas-especies-de-microminhocas-no-cerrado\/#primaryimage\",\"url\":\"https:\/\/jornalfatosenoticias.com.br\/wp-content\/uploads\/2020\/09\/microminhocas_CAPA.jpg\",\"contentUrl\":\"https:\/\/jornalfatosenoticias.com.br\/wp-content\/uploads\/2020\/09\/microminhocas_CAPA.jpg\",\"width\":1000,\"height\":591},{\"@type\":\"BreadcrumbList\",\"@id\":\"https:\/\/jornalfatosenoticias.com.br\/index.php\/2020\/09\/14\/brasileiros-descobrem-20-novas-especies-de-microminhocas-no-cerrado\/#breadcrumb\",\"itemListElement\":[{\"@type\":\"ListItem\",\"position\":1,\"name\":\"In\u00edcio\",\"item\":\"https:\/\/jornalfatosenoticias.com.br\/\"},{\"@type\":\"ListItem\",\"position\":2,\"name\":\"Brasileiros descobrem 20 novas esp\u00e9cies de microminhocas no Cerrado\"}]},{\"@type\":\"WebSite\",\"@id\":\"https:\/\/jornalfatosenoticias.com.br\/#website\",\"url\":\"https:\/\/jornalfatosenoticias.com.br\/\",\"name\":\"Jornal Fatos e Not\u00edcias\",\"description\":\"Not\u00edcias em geral\",\"publisher\":{\"@id\":\"https:\/\/jornalfatosenoticias.com.br\/#organization\"},\"potentialAction\":[{\"@type\":\"SearchAction\",\"target\":{\"@type\":\"EntryPoint\",\"urlTemplate\":\"https:\/\/jornalfatosenoticias.com.br\/?s={search_term_string}\"},\"query-input\":{\"@type\":\"PropertyValueSpecification\",\"valueRequired\":true,\"valueName\":\"search_term_string\"}}],\"inLanguage\":\"pt-BR\"},{\"@type\":\"Organization\",\"@id\":\"https:\/\/jornalfatosenoticias.com.br\/#organization\",\"name\":\"Jornal Fatos e Not\u00edcias\",\"url\":\"https:\/\/jornalfatosenoticias.com.br\/\",\"logo\":{\"@type\":\"ImageObject\",\"inLanguage\":\"pt-BR\",\"@id\":\"https:\/\/jornalfatosenoticias.com.br\/#\/schema\/logo\/image\/\",\"url\":\"https:\/\/jornalfatosenoticias.com.br\/wp-content\/uploads\/2020\/02\/logo120.png\",\"contentUrl\":\"https:\/\/jornalfatosenoticias.com.br\/wp-content\/uploads\/2020\/02\/logo120.png\",\"width\":1227,\"height\":120,\"caption\":\"Jornal Fatos e Not\u00edcias\"},\"image\":{\"@id\":\"https:\/\/jornalfatosenoticias.com.br\/#\/schema\/logo\/image\/\"}},{\"@type\":\"Person\",\"@id\":\"https:\/\/jornalfatosenoticias.com.br\/#\/schema\/person\/d63837fa13ac8666eb9e74e0985d6f81\",\"name\":\"Luzimara Fernandes\",\"image\":{\"@type\":\"ImageObject\",\"inLanguage\":\"pt-BR\",\"@id\":\"https:\/\/jornalfatosenoticias.com.br\/#\/schema\/person\/image\/\",\"url\":\"https:\/\/jornalfatosenoticias.com.br\/wp-content\/uploads\/2025\/05\/EU_portal.jpg\",\"contentUrl\":\"https:\/\/jornalfatosenoticias.com.br\/wp-content\/uploads\/2025\/05\/EU_portal.jpg\",\"caption\":\"Luzimara Fernandes\"},\"description\":\"Jornalista MTB 2358-ES\",\"sameAs\":[\"https:\/\/jornalfatosenoticias.com.br\"],\"url\":\"https:\/\/jornalfatosenoticias.com.br\/index.php\/author\/luzimara\/\"}]}<\/script>\n<!-- \/ Yoast SEO plugin. -->","yoast_head_json":{"title":"Brasileiros descobrem 20 novas esp\u00e9cies de microminhocas no Cerrado - Jornal Fatos e Not\u00edcias","robots":{"index":"index","follow":"follow","max-snippet":"max-snippet:-1","max-image-preview":"max-image-preview:large","max-video-preview":"max-video-preview:-1"},"canonical":"https:\/\/jornalfatosenoticias.com.br\/index.php\/2020\/09\/14\/brasileiros-descobrem-20-novas-especies-de-microminhocas-no-cerrado\/","og_locale":"pt_BR","og_type":"article","og_title":"Brasileiros descobrem 20 novas esp\u00e9cies de microminhocas no Cerrado - Jornal Fatos e Not\u00edcias","og_description":"Parentes pr\u00f3ximos das minhocas, estes animais s\u00e3o chamados de enquitre\u00eddeos e s\u00e3o essenciais para o funcionamento dos mais variados ecossistemas Vinte novas esp\u00e9cies de microminhocas foram identificadas no Distrito Federal e em Goi\u00e1s por uma equipe de pesquisa apoiada pela Funda\u00e7\u00e3o de Amparo \u00e0 Pesquisa do Distrito Federal (FAP-DF). Os cientistas tamb\u00e9m podem ter encontrado [&hellip;]","og_url":"https:\/\/jornalfatosenoticias.com.br\/index.php\/2020\/09\/14\/brasileiros-descobrem-20-novas-especies-de-microminhocas-no-cerrado\/","og_site_name":"Jornal Fatos e Not\u00edcias","article_published_time":"2020-09-14T17:14:43+00:00","article_modified_time":"2020-09-14T17:14:59+00:00","og_image":[{"width":1000,"height":591,"url":"https:\/\/jornalfatosenoticias.com.br\/wp-content\/uploads\/2020\/09\/microminhocas_CAPA.jpg","type":"image\/jpeg"}],"author":"Luzimara Fernandes","twitter_card":"summary_large_image","twitter_misc":{"Escrito por":"Luzimara Fernandes","Est. tempo de leitura":"4 minutos"},"schema":{"@context":"https:\/\/schema.org","@graph":[{"@type":"Article","@id":"https:\/\/jornalfatosenoticias.com.br\/index.php\/2020\/09\/14\/brasileiros-descobrem-20-novas-especies-de-microminhocas-no-cerrado\/#article","isPartOf":{"@id":"https:\/\/jornalfatosenoticias.com.br\/index.php\/2020\/09\/14\/brasileiros-descobrem-20-novas-especies-de-microminhocas-no-cerrado\/"},"author":{"name":"Luzimara Fernandes","@id":"https:\/\/jornalfatosenoticias.com.br\/#\/schema\/person\/d63837fa13ac8666eb9e74e0985d6f81"},"headline":"Brasileiros descobrem 20 novas esp\u00e9cies de microminhocas no Cerrado","datePublished":"2020-09-14T17:14:43+00:00","dateModified":"2020-09-14T17:14:59+00:00","mainEntityOfPage":{"@id":"https:\/\/jornalfatosenoticias.com.br\/index.php\/2020\/09\/14\/brasileiros-descobrem-20-novas-especies-de-microminhocas-no-cerrado\/"},"wordCount":822,"commentCount":0,"publisher":{"@id":"https:\/\/jornalfatosenoticias.com.br\/#organization"},"image":{"@id":"https:\/\/jornalfatosenoticias.com.br\/index.php\/2020\/09\/14\/brasileiros-descobrem-20-novas-especies-de-microminhocas-no-cerrado\/#primaryimage"},"thumbnailUrl":"https:\/\/jornalfatosenoticias.com.br\/wp-content\/uploads\/2020\/09\/microminhocas_CAPA.jpg","keywords":["cerrado","ecossistemas","embrapa","enquitre\u00eddeos","microminhocas"],"articleSection":["Ci\u00eancia","Meio ambiente"],"inLanguage":"pt-BR","potentialAction":[{"@type":"CommentAction","name":"Comment","target":["https:\/\/jornalfatosenoticias.com.br\/index.php\/2020\/09\/14\/brasileiros-descobrem-20-novas-especies-de-microminhocas-no-cerrado\/#respond"]}]},{"@type":"WebPage","@id":"https:\/\/jornalfatosenoticias.com.br\/index.php\/2020\/09\/14\/brasileiros-descobrem-20-novas-especies-de-microminhocas-no-cerrado\/","url":"https:\/\/jornalfatosenoticias.com.br\/index.php\/2020\/09\/14\/brasileiros-descobrem-20-novas-especies-de-microminhocas-no-cerrado\/","name":"Brasileiros descobrem 20 novas esp\u00e9cies de microminhocas no Cerrado - Jornal Fatos e Not\u00edcias","isPartOf":{"@id":"https:\/\/jornalfatosenoticias.com.br\/#website"},"primaryImageOfPage":{"@id":"https:\/\/jornalfatosenoticias.com.br\/index.php\/2020\/09\/14\/brasileiros-descobrem-20-novas-especies-de-microminhocas-no-cerrado\/#primaryimage"},"image":{"@id":"https:\/\/jornalfatosenoticias.com.br\/index.php\/2020\/09\/14\/brasileiros-descobrem-20-novas-especies-de-microminhocas-no-cerrado\/#primaryimage"},"thumbnailUrl":"https:\/\/jornalfatosenoticias.com.br\/wp-content\/uploads\/2020\/09\/microminhocas_CAPA.jpg","datePublished":"2020-09-14T17:14:43+00:00","dateModified":"2020-09-14T17:14:59+00:00","breadcrumb":{"@id":"https:\/\/jornalfatosenoticias.com.br\/index.php\/2020\/09\/14\/brasileiros-descobrem-20-novas-especies-de-microminhocas-no-cerrado\/#breadcrumb"},"inLanguage":"pt-BR","potentialAction":[{"@type":"ReadAction","target":["https:\/\/jornalfatosenoticias.com.br\/index.php\/2020\/09\/14\/brasileiros-descobrem-20-novas-especies-de-microminhocas-no-cerrado\/"]}]},{"@type":"ImageObject","inLanguage":"pt-BR","@id":"https:\/\/jornalfatosenoticias.com.br\/index.php\/2020\/09\/14\/brasileiros-descobrem-20-novas-especies-de-microminhocas-no-cerrado\/#primaryimage","url":"https:\/\/jornalfatosenoticias.com.br\/wp-content\/uploads\/2020\/09\/microminhocas_CAPA.jpg","contentUrl":"https:\/\/jornalfatosenoticias.com.br\/wp-content\/uploads\/2020\/09\/microminhocas_CAPA.jpg","width":1000,"height":591},{"@type":"BreadcrumbList","@id":"https:\/\/jornalfatosenoticias.com.br\/index.php\/2020\/09\/14\/brasileiros-descobrem-20-novas-especies-de-microminhocas-no-cerrado\/#breadcrumb","itemListElement":[{"@type":"ListItem","position":1,"name":"In\u00edcio","item":"https:\/\/jornalfatosenoticias.com.br\/"},{"@type":"ListItem","position":2,"name":"Brasileiros descobrem 20 novas esp\u00e9cies de microminhocas no Cerrado"}]},{"@type":"WebSite","@id":"https:\/\/jornalfatosenoticias.com.br\/#website","url":"https:\/\/jornalfatosenoticias.com.br\/","name":"Jornal Fatos e Not\u00edcias","description":"Not\u00edcias em geral","publisher":{"@id":"https:\/\/jornalfatosenoticias.com.br\/#organization"},"potentialAction":[{"@type":"SearchAction","target":{"@type":"EntryPoint","urlTemplate":"https:\/\/jornalfatosenoticias.com.br\/?s={search_term_string}"},"query-input":{"@type":"PropertyValueSpecification","valueRequired":true,"valueName":"search_term_string"}}],"inLanguage":"pt-BR"},{"@type":"Organization","@id":"https:\/\/jornalfatosenoticias.com.br\/#organization","name":"Jornal Fatos e Not\u00edcias","url":"https:\/\/jornalfatosenoticias.com.br\/","logo":{"@type":"ImageObject","inLanguage":"pt-BR","@id":"https:\/\/jornalfatosenoticias.com.br\/#\/schema\/logo\/image\/","url":"https:\/\/jornalfatosenoticias.com.br\/wp-content\/uploads\/2020\/02\/logo120.png","contentUrl":"https:\/\/jornalfatosenoticias.com.br\/wp-content\/uploads\/2020\/02\/logo120.png","width":1227,"height":120,"caption":"Jornal Fatos e Not\u00edcias"},"image":{"@id":"https:\/\/jornalfatosenoticias.com.br\/#\/schema\/logo\/image\/"}},{"@type":"Person","@id":"https:\/\/jornalfatosenoticias.com.br\/#\/schema\/person\/d63837fa13ac8666eb9e74e0985d6f81","name":"Luzimara Fernandes","image":{"@type":"ImageObject","inLanguage":"pt-BR","@id":"https:\/\/jornalfatosenoticias.com.br\/#\/schema\/person\/image\/","url":"https:\/\/jornalfatosenoticias.com.br\/wp-content\/uploads\/2025\/05\/EU_portal.jpg","contentUrl":"https:\/\/jornalfatosenoticias.com.br\/wp-content\/uploads\/2025\/05\/EU_portal.jpg","caption":"Luzimara Fernandes"},"description":"Jornalista MTB 2358-ES","sameAs":["https:\/\/jornalfatosenoticias.com.br"],"url":"https:\/\/jornalfatosenoticias.com.br\/index.php\/author\/luzimara\/"}]}},"cc_featured_image_caption":{"caption_text":"(Foto: Embrapa)","source_text":"","source_url":""},"jetpack_featured_media_url":"https:\/\/jornalfatosenoticias.com.br\/wp-content\/uploads\/2020\/09\/microminhocas_CAPA.jpg","_links":{"self":[{"href":"https:\/\/jornalfatosenoticias.com.br\/index.php\/wp-json\/wp\/v2\/posts\/8866","targetHints":{"allow":["GET"]}}],"collection":[{"href":"https:\/\/jornalfatosenoticias.com.br\/index.php\/wp-json\/wp\/v2\/posts"}],"about":[{"href":"https:\/\/jornalfatosenoticias.com.br\/index.php\/wp-json\/wp\/v2\/types\/post"}],"author":[{"embeddable":true,"href":"https:\/\/jornalfatosenoticias.com.br\/index.php\/wp-json\/wp\/v2\/users\/2"}],"replies":[{"embeddable":true,"href":"https:\/\/jornalfatosenoticias.com.br\/index.php\/wp-json\/wp\/v2\/comments?post=8866"}],"version-history":[{"count":0,"href":"https:\/\/jornalfatosenoticias.com.br\/index.php\/wp-json\/wp\/v2\/posts\/8866\/revisions"}],"wp:featuredmedia":[{"embeddable":true,"href":"https:\/\/jornalfatosenoticias.com.br\/index.php\/wp-json\/wp\/v2\/media\/8867"}],"wp:attachment":[{"href":"https:\/\/jornalfatosenoticias.com.br\/index.php\/wp-json\/wp\/v2\/media?parent=8866"}],"wp:term":[{"taxonomy":"category","embeddable":true,"href":"https:\/\/jornalfatosenoticias.com.br\/index.php\/wp-json\/wp\/v2\/categories?post=8866"},{"taxonomy":"post_tag","embeddable":true,"href":"https:\/\/jornalfatosenoticias.com.br\/index.php\/wp-json\/wp\/v2\/tags?post=8866"}],"curies":[{"name":"wp","href":"https:\/\/api.w.org\/{rel}","templated":true}]}}