{"id":8964,"date":"2020-09-16T10:49:04","date_gmt":"2020-09-16T13:49:04","guid":{"rendered":"https:\/\/jornalfatosenoticias.com.br\/?p=8964"},"modified":"2020-09-16T10:49:06","modified_gmt":"2020-09-16T13:49:06","slug":"forum-internacional-de-cidadania-na-danca-atividades-gratuitas-e-grandes-profissionais","status":"publish","type":"post","link":"https:\/\/jornalfatosenoticias.com.br\/index.php\/2020\/09\/16\/forum-internacional-de-cidadania-na-danca-atividades-gratuitas-e-grandes-profissionais\/","title":{"rendered":"F\u00f3rum Internacional de Cidadania na Dan\u00e7a: atividades gratuitas e grandes profissionais"},"content":{"rendered":"\n<p>Est\u00e3o abertas at\u00e9 o dia 18 as inscri\u00e7\u00f5es gratuitas para o 8\u00ba F\u00f3rum Internacional de Cidadania na Dan\u00e7a (FIC), evento idealizado pela bailarina Priscilla Yokoi que ser\u00e1 realizado de 28 de setembro a 11 de outubro em edi\u00e7\u00e3o on-line contando com a participa\u00e7\u00e3o de profissionais como Ingrid Silva, Jhean Alex, Chris Matallo, Alice Arja, Tati Sanchis, entre outros.<br>O evento trar\u00e1 diversas atividades, todas gratuitas, direcionadas para alunos de dan\u00e7a em forma\u00e7\u00e3o, bailarinos profissionais, professores e diretores de escolas, com foco em promover o interc\u00e2mbio e o est\u00edmulo \u00e0 pr\u00e1tica da dan\u00e7a. Na programa\u00e7\u00e3o est\u00e3o palestras, debates e workshops de ballet, jazz, dan\u00e7a contempor\u00e2nea, dan\u00e7as urbanas, sapateado, dan\u00e7as brasileiras e Progressing Ballet Technique.<br>Com o objetivo de promover gera\u00e7\u00e3o e distribui\u00e7\u00e3o de renda para agentes culturais e artistas do segmento da dan\u00e7a, que tiveram suas finan\u00e7as impactadas pela pandemia, as atividades ser\u00e3o ministradas por escolas de dan\u00e7a, companhias e bailarinos contratados pelo evento.<br>J\u00e1 os projetos sociais que desenvolvam trabalhos com dan\u00e7a poder\u00e3o se inscrever para concorrer a um pr\u00eamio que tamb\u00e9m tem o objetivo de auxiliar nos preju\u00edzos financeiros decorrentes da pandemia.<br>O f\u00f3rum \u00e9 uma realiza\u00e7\u00e3o do Instituto Abammy \u2013 Associa\u00e7\u00e3o Beneficente de Atendimento ao Menor, as Mulheres e Idosos em Situa\u00e7\u00e3o de Vulnerabilidade.<br>Informa\u00e7\u00f5es: www.ficdanca.com<\/p>\n\n\n\n<p><strong><em>Fonte: <a href=\"https:\/\/www.dancaempauta.com.br\/forum-internacional-de-cidadania-na-danca-atividades-gratuitas-e-grandes-profissionais\/\">Dan\u00e7a em Pauta<\/a><\/em><\/strong><\/p>\n","protected":false},"excerpt":{"rendered":"<p>Est\u00e3o abertas at\u00e9 o dia 18 as inscri\u00e7\u00f5es gratuitas para o 8\u00ba F\u00f3rum Internacional de Cidadania na Dan\u00e7a (FIC), evento idealizado pela bailarina Priscilla Yokoi que ser\u00e1 realizado de 28 de setembro a 11 de outubro em edi\u00e7\u00e3o on-line contando com a participa\u00e7\u00e3o de profissionais como Ingrid Silva, Jhean Alex, Chris Matallo, Alice Arja, Tati [&hellip;]<\/p>\n","protected":false},"author":2,"featured_media":8965,"comment_status":"open","ping_status":"open","sticky":false,"template":"","format":"standard","meta":{"footnotes":""},"categories":[4],"tags":[4945,4943,4944,4946,4947],"class_list":["post-8964","post","type-post","status-publish","format-standard","has-post-thumbnail","hentry","category-cultura","tag-bale","tag-danca","tag-forum-internacional-de-cidadania-na-danca","tag-jazz","tag-sapateado"],"yoast_head":"<!-- This site is optimized with the Yoast SEO plugin v26.5 - https:\/\/yoast.com\/wordpress\/plugins\/seo\/ -->\n<title>F\u00f3rum Internacional de Cidadania na Dan\u00e7a: atividades gratuitas e grandes profissionais - Jornal Fatos e Not\u00edcias<\/title>\n<meta name=\"robots\" content=\"index, follow, max-snippet:-1, max-image-preview:large, max-video-preview:-1\" \/>\n<link rel=\"canonical\" href=\"https:\/\/jornalfatosenoticias.com.br\/index.php\/2020\/09\/16\/forum-internacional-de-cidadania-na-danca-atividades-gratuitas-e-grandes-profissionais\/\" \/>\n<meta property=\"og:locale\" content=\"pt_BR\" \/>\n<meta property=\"og:type\" content=\"article\" \/>\n<meta property=\"og:title\" content=\"F\u00f3rum Internacional de Cidadania na Dan\u00e7a: atividades gratuitas e grandes profissionais - Jornal Fatos e Not\u00edcias\" \/>\n<meta property=\"og:description\" content=\"Est\u00e3o abertas at\u00e9 o dia 18 as inscri\u00e7\u00f5es gratuitas para o 8\u00ba F\u00f3rum Internacional de Cidadania na Dan\u00e7a (FIC), evento idealizado pela bailarina Priscilla Yokoi que ser\u00e1 realizado de 28 de setembro a 11 de outubro em edi\u00e7\u00e3o on-line contando com a participa\u00e7\u00e3o de profissionais como Ingrid Silva, Jhean Alex, Chris Matallo, Alice Arja, Tati [&hellip;]\" \/>\n<meta property=\"og:url\" content=\"https:\/\/jornalfatosenoticias.com.br\/index.php\/2020\/09\/16\/forum-internacional-de-cidadania-na-danca-atividades-gratuitas-e-grandes-profissionais\/\" \/>\n<meta property=\"og:site_name\" content=\"Jornal Fatos e Not\u00edcias\" \/>\n<meta property=\"article:published_time\" content=\"2020-09-16T13:49:04+00:00\" \/>\n<meta property=\"article:modified_time\" content=\"2020-09-16T13:49:06+00:00\" \/>\n<meta property=\"og:image\" content=\"https:\/\/jornalfatosenoticias.com.br\/wp-content\/uploads\/2020\/09\/Forum-Internacional-de-Cidadania-na-Danca-atividades-gratuitas-e-grandes-profissionais.jpg\" \/>\n\t<meta property=\"og:image:width\" content=\"1000\" \/>\n\t<meta property=\"og:image:height\" content=\"666\" \/>\n\t<meta property=\"og:image:type\" content=\"image\/jpeg\" \/>\n<meta name=\"author\" content=\"Luzimara Fernandes\" \/>\n<meta name=\"twitter:card\" content=\"summary_large_image\" \/>\n<meta name=\"twitter:label1\" content=\"Escrito por\" \/>\n\t<meta name=\"twitter:data1\" content=\"Luzimara Fernandes\" \/>\n\t<meta name=\"twitter:label2\" content=\"Est. tempo de leitura\" \/>\n\t<meta name=\"twitter:data2\" content=\"1 minuto\" \/>\n<script type=\"application\/ld+json\" class=\"yoast-schema-graph\">{\"@context\":\"https:\/\/schema.org\",\"@graph\":[{\"@type\":\"Article\",\"@id\":\"https:\/\/jornalfatosenoticias.com.br\/index.php\/2020\/09\/16\/forum-internacional-de-cidadania-na-danca-atividades-gratuitas-e-grandes-profissionais\/#article\",\"isPartOf\":{\"@id\":\"https:\/\/jornalfatosenoticias.com.br\/index.php\/2020\/09\/16\/forum-internacional-de-cidadania-na-danca-atividades-gratuitas-e-grandes-profissionais\/\"},\"author\":{\"name\":\"Luzimara Fernandes\",\"@id\":\"https:\/\/jornalfatosenoticias.com.br\/#\/schema\/person\/d63837fa13ac8666eb9e74e0985d6f81\"},\"headline\":\"F\u00f3rum Internacional de Cidadania na Dan\u00e7a: atividades gratuitas e grandes profissionais\",\"datePublished\":\"2020-09-16T13:49:04+00:00\",\"dateModified\":\"2020-09-16T13:49:06+00:00\",\"mainEntityOfPage\":{\"@id\":\"https:\/\/jornalfatosenoticias.com.br\/index.php\/2020\/09\/16\/forum-internacional-de-cidadania-na-danca-atividades-gratuitas-e-grandes-profissionais\/\"},\"wordCount\":255,\"commentCount\":0,\"publisher\":{\"@id\":\"https:\/\/jornalfatosenoticias.com.br\/#organization\"},\"image\":{\"@id\":\"https:\/\/jornalfatosenoticias.com.br\/index.php\/2020\/09\/16\/forum-internacional-de-cidadania-na-danca-atividades-gratuitas-e-grandes-profissionais\/#primaryimage\"},\"thumbnailUrl\":\"https:\/\/jornalfatosenoticias.com.br\/wp-content\/uploads\/2020\/09\/Forum-Internacional-de-Cidadania-na-Danca-atividades-gratuitas-e-grandes-profissionais.jpg\",\"keywords\":[\"bal\u00e9\",\"dan\u00e7a\",\"F\u00f3rum Internacional de Cidadania na Dan\u00e7a\",\"jazz\",\"sapateado\"],\"articleSection\":[\"Cultura\"],\"inLanguage\":\"pt-BR\",\"potentialAction\":[{\"@type\":\"CommentAction\",\"name\":\"Comment\",\"target\":[\"https:\/\/jornalfatosenoticias.com.br\/index.php\/2020\/09\/16\/forum-internacional-de-cidadania-na-danca-atividades-gratuitas-e-grandes-profissionais\/#respond\"]}]},{\"@type\":\"WebPage\",\"@id\":\"https:\/\/jornalfatosenoticias.com.br\/index.php\/2020\/09\/16\/forum-internacional-de-cidadania-na-danca-atividades-gratuitas-e-grandes-profissionais\/\",\"url\":\"https:\/\/jornalfatosenoticias.com.br\/index.php\/2020\/09\/16\/forum-internacional-de-cidadania-na-danca-atividades-gratuitas-e-grandes-profissionais\/\",\"name\":\"F\u00f3rum Internacional de Cidadania na Dan\u00e7a: atividades gratuitas e grandes profissionais - Jornal Fatos e Not\u00edcias\",\"isPartOf\":{\"@id\":\"https:\/\/jornalfatosenoticias.com.br\/#website\"},\"primaryImageOfPage\":{\"@id\":\"https:\/\/jornalfatosenoticias.com.br\/index.php\/2020\/09\/16\/forum-internacional-de-cidadania-na-danca-atividades-gratuitas-e-grandes-profissionais\/#primaryimage\"},\"image\":{\"@id\":\"https:\/\/jornalfatosenoticias.com.br\/index.php\/2020\/09\/16\/forum-internacional-de-cidadania-na-danca-atividades-gratuitas-e-grandes-profissionais\/#primaryimage\"},\"thumbnailUrl\":\"https:\/\/jornalfatosenoticias.com.br\/wp-content\/uploads\/2020\/09\/Forum-Internacional-de-Cidadania-na-Danca-atividades-gratuitas-e-grandes-profissionais.jpg\",\"datePublished\":\"2020-09-16T13:49:04+00:00\",\"dateModified\":\"2020-09-16T13:49:06+00:00\",\"breadcrumb\":{\"@id\":\"https:\/\/jornalfatosenoticias.com.br\/index.php\/2020\/09\/16\/forum-internacional-de-cidadania-na-danca-atividades-gratuitas-e-grandes-profissionais\/#breadcrumb\"},\"inLanguage\":\"pt-BR\",\"potentialAction\":[{\"@type\":\"ReadAction\",\"target\":[\"https:\/\/jornalfatosenoticias.com.br\/index.php\/2020\/09\/16\/forum-internacional-de-cidadania-na-danca-atividades-gratuitas-e-grandes-profissionais\/\"]}]},{\"@type\":\"ImageObject\",\"inLanguage\":\"pt-BR\",\"@id\":\"https:\/\/jornalfatosenoticias.com.br\/index.php\/2020\/09\/16\/forum-internacional-de-cidadania-na-danca-atividades-gratuitas-e-grandes-profissionais\/#primaryimage\",\"url\":\"https:\/\/jornalfatosenoticias.com.br\/wp-content\/uploads\/2020\/09\/Forum-Internacional-de-Cidadania-na-Danca-atividades-gratuitas-e-grandes-profissionais.jpg\",\"contentUrl\":\"https:\/\/jornalfatosenoticias.com.br\/wp-content\/uploads\/2020\/09\/Forum-Internacional-de-Cidadania-na-Danca-atividades-gratuitas-e-grandes-profissionais.jpg\",\"width\":1000,\"height\":666},{\"@type\":\"BreadcrumbList\",\"@id\":\"https:\/\/jornalfatosenoticias.com.br\/index.php\/2020\/09\/16\/forum-internacional-de-cidadania-na-danca-atividades-gratuitas-e-grandes-profissionais\/#breadcrumb\",\"itemListElement\":[{\"@type\":\"ListItem\",\"position\":1,\"name\":\"In\u00edcio\",\"item\":\"https:\/\/jornalfatosenoticias.com.br\/\"},{\"@type\":\"ListItem\",\"position\":2,\"name\":\"F\u00f3rum Internacional de Cidadania na Dan\u00e7a: atividades gratuitas e grandes profissionais\"}]},{\"@type\":\"WebSite\",\"@id\":\"https:\/\/jornalfatosenoticias.com.br\/#website\",\"url\":\"https:\/\/jornalfatosenoticias.com.br\/\",\"name\":\"Jornal Fatos e Not\u00edcias\",\"description\":\"Not\u00edcias em geral\",\"publisher\":{\"@id\":\"https:\/\/jornalfatosenoticias.com.br\/#organization\"},\"potentialAction\":[{\"@type\":\"SearchAction\",\"target\":{\"@type\":\"EntryPoint\",\"urlTemplate\":\"https:\/\/jornalfatosenoticias.com.br\/?s={search_term_string}\"},\"query-input\":{\"@type\":\"PropertyValueSpecification\",\"valueRequired\":true,\"valueName\":\"search_term_string\"}}],\"inLanguage\":\"pt-BR\"},{\"@type\":\"Organization\",\"@id\":\"https:\/\/jornalfatosenoticias.com.br\/#organization\",\"name\":\"Jornal Fatos e Not\u00edcias\",\"url\":\"https:\/\/jornalfatosenoticias.com.br\/\",\"logo\":{\"@type\":\"ImageObject\",\"inLanguage\":\"pt-BR\",\"@id\":\"https:\/\/jornalfatosenoticias.com.br\/#\/schema\/logo\/image\/\",\"url\":\"https:\/\/jornalfatosenoticias.com.br\/wp-content\/uploads\/2020\/02\/logo120.png\",\"contentUrl\":\"https:\/\/jornalfatosenoticias.com.br\/wp-content\/uploads\/2020\/02\/logo120.png\",\"width\":1227,\"height\":120,\"caption\":\"Jornal Fatos e Not\u00edcias\"},\"image\":{\"@id\":\"https:\/\/jornalfatosenoticias.com.br\/#\/schema\/logo\/image\/\"}},{\"@type\":\"Person\",\"@id\":\"https:\/\/jornalfatosenoticias.com.br\/#\/schema\/person\/d63837fa13ac8666eb9e74e0985d6f81\",\"name\":\"Luzimara Fernandes\",\"image\":{\"@type\":\"ImageObject\",\"inLanguage\":\"pt-BR\",\"@id\":\"https:\/\/jornalfatosenoticias.com.br\/#\/schema\/person\/image\/\",\"url\":\"https:\/\/jornalfatosenoticias.com.br\/wp-content\/uploads\/2025\/05\/EU_portal.jpg\",\"contentUrl\":\"https:\/\/jornalfatosenoticias.com.br\/wp-content\/uploads\/2025\/05\/EU_portal.jpg\",\"caption\":\"Luzimara Fernandes\"},\"description\":\"Jornalista MTB 2358-ES\",\"sameAs\":[\"https:\/\/jornalfatosenoticias.com.br\"],\"url\":\"https:\/\/jornalfatosenoticias.com.br\/index.php\/author\/luzimara\/\"}]}<\/script>\n<!-- \/ Yoast SEO plugin. -->","yoast_head_json":{"title":"F\u00f3rum Internacional de Cidadania na Dan\u00e7a: atividades gratuitas e grandes profissionais - Jornal Fatos e Not\u00edcias","robots":{"index":"index","follow":"follow","max-snippet":"max-snippet:-1","max-image-preview":"max-image-preview:large","max-video-preview":"max-video-preview:-1"},"canonical":"https:\/\/jornalfatosenoticias.com.br\/index.php\/2020\/09\/16\/forum-internacional-de-cidadania-na-danca-atividades-gratuitas-e-grandes-profissionais\/","og_locale":"pt_BR","og_type":"article","og_title":"F\u00f3rum Internacional de Cidadania na Dan\u00e7a: atividades gratuitas e grandes profissionais - Jornal Fatos e Not\u00edcias","og_description":"Est\u00e3o abertas at\u00e9 o dia 18 as inscri\u00e7\u00f5es gratuitas para o 8\u00ba F\u00f3rum Internacional de Cidadania na Dan\u00e7a (FIC), evento idealizado pela bailarina Priscilla Yokoi que ser\u00e1 realizado de 28 de setembro a 11 de outubro em edi\u00e7\u00e3o on-line contando com a participa\u00e7\u00e3o de profissionais como Ingrid Silva, Jhean Alex, Chris Matallo, Alice Arja, Tati [&hellip;]","og_url":"https:\/\/jornalfatosenoticias.com.br\/index.php\/2020\/09\/16\/forum-internacional-de-cidadania-na-danca-atividades-gratuitas-e-grandes-profissionais\/","og_site_name":"Jornal Fatos e Not\u00edcias","article_published_time":"2020-09-16T13:49:04+00:00","article_modified_time":"2020-09-16T13:49:06+00:00","og_image":[{"width":1000,"height":666,"url":"https:\/\/jornalfatosenoticias.com.br\/wp-content\/uploads\/2020\/09\/Forum-Internacional-de-Cidadania-na-Danca-atividades-gratuitas-e-grandes-profissionais.jpg","type":"image\/jpeg"}],"author":"Luzimara Fernandes","twitter_card":"summary_large_image","twitter_misc":{"Escrito por":"Luzimara Fernandes","Est. tempo de leitura":"1 minuto"},"schema":{"@context":"https:\/\/schema.org","@graph":[{"@type":"Article","@id":"https:\/\/jornalfatosenoticias.com.br\/index.php\/2020\/09\/16\/forum-internacional-de-cidadania-na-danca-atividades-gratuitas-e-grandes-profissionais\/#article","isPartOf":{"@id":"https:\/\/jornalfatosenoticias.com.br\/index.php\/2020\/09\/16\/forum-internacional-de-cidadania-na-danca-atividades-gratuitas-e-grandes-profissionais\/"},"author":{"name":"Luzimara Fernandes","@id":"https:\/\/jornalfatosenoticias.com.br\/#\/schema\/person\/d63837fa13ac8666eb9e74e0985d6f81"},"headline":"F\u00f3rum Internacional de Cidadania na Dan\u00e7a: atividades gratuitas e grandes profissionais","datePublished":"2020-09-16T13:49:04+00:00","dateModified":"2020-09-16T13:49:06+00:00","mainEntityOfPage":{"@id":"https:\/\/jornalfatosenoticias.com.br\/index.php\/2020\/09\/16\/forum-internacional-de-cidadania-na-danca-atividades-gratuitas-e-grandes-profissionais\/"},"wordCount":255,"commentCount":0,"publisher":{"@id":"https:\/\/jornalfatosenoticias.com.br\/#organization"},"image":{"@id":"https:\/\/jornalfatosenoticias.com.br\/index.php\/2020\/09\/16\/forum-internacional-de-cidadania-na-danca-atividades-gratuitas-e-grandes-profissionais\/#primaryimage"},"thumbnailUrl":"https:\/\/jornalfatosenoticias.com.br\/wp-content\/uploads\/2020\/09\/Forum-Internacional-de-Cidadania-na-Danca-atividades-gratuitas-e-grandes-profissionais.jpg","keywords":["bal\u00e9","dan\u00e7a","F\u00f3rum Internacional de Cidadania na Dan\u00e7a","jazz","sapateado"],"articleSection":["Cultura"],"inLanguage":"pt-BR","potentialAction":[{"@type":"CommentAction","name":"Comment","target":["https:\/\/jornalfatosenoticias.com.br\/index.php\/2020\/09\/16\/forum-internacional-de-cidadania-na-danca-atividades-gratuitas-e-grandes-profissionais\/#respond"]}]},{"@type":"WebPage","@id":"https:\/\/jornalfatosenoticias.com.br\/index.php\/2020\/09\/16\/forum-internacional-de-cidadania-na-danca-atividades-gratuitas-e-grandes-profissionais\/","url":"https:\/\/jornalfatosenoticias.com.br\/index.php\/2020\/09\/16\/forum-internacional-de-cidadania-na-danca-atividades-gratuitas-e-grandes-profissionais\/","name":"F\u00f3rum Internacional de Cidadania na Dan\u00e7a: atividades gratuitas e grandes profissionais - Jornal Fatos e Not\u00edcias","isPartOf":{"@id":"https:\/\/jornalfatosenoticias.com.br\/#website"},"primaryImageOfPage":{"@id":"https:\/\/jornalfatosenoticias.com.br\/index.php\/2020\/09\/16\/forum-internacional-de-cidadania-na-danca-atividades-gratuitas-e-grandes-profissionais\/#primaryimage"},"image":{"@id":"https:\/\/jornalfatosenoticias.com.br\/index.php\/2020\/09\/16\/forum-internacional-de-cidadania-na-danca-atividades-gratuitas-e-grandes-profissionais\/#primaryimage"},"thumbnailUrl":"https:\/\/jornalfatosenoticias.com.br\/wp-content\/uploads\/2020\/09\/Forum-Internacional-de-Cidadania-na-Danca-atividades-gratuitas-e-grandes-profissionais.jpg","datePublished":"2020-09-16T13:49:04+00:00","dateModified":"2020-09-16T13:49:06+00:00","breadcrumb":{"@id":"https:\/\/jornalfatosenoticias.com.br\/index.php\/2020\/09\/16\/forum-internacional-de-cidadania-na-danca-atividades-gratuitas-e-grandes-profissionais\/#breadcrumb"},"inLanguage":"pt-BR","potentialAction":[{"@type":"ReadAction","target":["https:\/\/jornalfatosenoticias.com.br\/index.php\/2020\/09\/16\/forum-internacional-de-cidadania-na-danca-atividades-gratuitas-e-grandes-profissionais\/"]}]},{"@type":"ImageObject","inLanguage":"pt-BR","@id":"https:\/\/jornalfatosenoticias.com.br\/index.php\/2020\/09\/16\/forum-internacional-de-cidadania-na-danca-atividades-gratuitas-e-grandes-profissionais\/#primaryimage","url":"https:\/\/jornalfatosenoticias.com.br\/wp-content\/uploads\/2020\/09\/Forum-Internacional-de-Cidadania-na-Danca-atividades-gratuitas-e-grandes-profissionais.jpg","contentUrl":"https:\/\/jornalfatosenoticias.com.br\/wp-content\/uploads\/2020\/09\/Forum-Internacional-de-Cidadania-na-Danca-atividades-gratuitas-e-grandes-profissionais.jpg","width":1000,"height":666},{"@type":"BreadcrumbList","@id":"https:\/\/jornalfatosenoticias.com.br\/index.php\/2020\/09\/16\/forum-internacional-de-cidadania-na-danca-atividades-gratuitas-e-grandes-profissionais\/#breadcrumb","itemListElement":[{"@type":"ListItem","position":1,"name":"In\u00edcio","item":"https:\/\/jornalfatosenoticias.com.br\/"},{"@type":"ListItem","position":2,"name":"F\u00f3rum Internacional de Cidadania na Dan\u00e7a: atividades gratuitas e grandes profissionais"}]},{"@type":"WebSite","@id":"https:\/\/jornalfatosenoticias.com.br\/#website","url":"https:\/\/jornalfatosenoticias.com.br\/","name":"Jornal Fatos e Not\u00edcias","description":"Not\u00edcias em geral","publisher":{"@id":"https:\/\/jornalfatosenoticias.com.br\/#organization"},"potentialAction":[{"@type":"SearchAction","target":{"@type":"EntryPoint","urlTemplate":"https:\/\/jornalfatosenoticias.com.br\/?s={search_term_string}"},"query-input":{"@type":"PropertyValueSpecification","valueRequired":true,"valueName":"search_term_string"}}],"inLanguage":"pt-BR"},{"@type":"Organization","@id":"https:\/\/jornalfatosenoticias.com.br\/#organization","name":"Jornal Fatos e Not\u00edcias","url":"https:\/\/jornalfatosenoticias.com.br\/","logo":{"@type":"ImageObject","inLanguage":"pt-BR","@id":"https:\/\/jornalfatosenoticias.com.br\/#\/schema\/logo\/image\/","url":"https:\/\/jornalfatosenoticias.com.br\/wp-content\/uploads\/2020\/02\/logo120.png","contentUrl":"https:\/\/jornalfatosenoticias.com.br\/wp-content\/uploads\/2020\/02\/logo120.png","width":1227,"height":120,"caption":"Jornal Fatos e Not\u00edcias"},"image":{"@id":"https:\/\/jornalfatosenoticias.com.br\/#\/schema\/logo\/image\/"}},{"@type":"Person","@id":"https:\/\/jornalfatosenoticias.com.br\/#\/schema\/person\/d63837fa13ac8666eb9e74e0985d6f81","name":"Luzimara Fernandes","image":{"@type":"ImageObject","inLanguage":"pt-BR","@id":"https:\/\/jornalfatosenoticias.com.br\/#\/schema\/person\/image\/","url":"https:\/\/jornalfatosenoticias.com.br\/wp-content\/uploads\/2025\/05\/EU_portal.jpg","contentUrl":"https:\/\/jornalfatosenoticias.com.br\/wp-content\/uploads\/2025\/05\/EU_portal.jpg","caption":"Luzimara Fernandes"},"description":"Jornalista MTB 2358-ES","sameAs":["https:\/\/jornalfatosenoticias.com.br"],"url":"https:\/\/jornalfatosenoticias.com.br\/index.php\/author\/luzimara\/"}]}},"cc_featured_image_caption":{"caption_text":"(Foto: dancaempauta.com.br)","source_text":"","source_url":""},"jetpack_featured_media_url":"https:\/\/jornalfatosenoticias.com.br\/wp-content\/uploads\/2020\/09\/Forum-Internacional-de-Cidadania-na-Danca-atividades-gratuitas-e-grandes-profissionais.jpg","_links":{"self":[{"href":"https:\/\/jornalfatosenoticias.com.br\/index.php\/wp-json\/wp\/v2\/posts\/8964","targetHints":{"allow":["GET"]}}],"collection":[{"href":"https:\/\/jornalfatosenoticias.com.br\/index.php\/wp-json\/wp\/v2\/posts"}],"about":[{"href":"https:\/\/jornalfatosenoticias.com.br\/index.php\/wp-json\/wp\/v2\/types\/post"}],"author":[{"embeddable":true,"href":"https:\/\/jornalfatosenoticias.com.br\/index.php\/wp-json\/wp\/v2\/users\/2"}],"replies":[{"embeddable":true,"href":"https:\/\/jornalfatosenoticias.com.br\/index.php\/wp-json\/wp\/v2\/comments?post=8964"}],"version-history":[{"count":0,"href":"https:\/\/jornalfatosenoticias.com.br\/index.php\/wp-json\/wp\/v2\/posts\/8964\/revisions"}],"wp:featuredmedia":[{"embeddable":true,"href":"https:\/\/jornalfatosenoticias.com.br\/index.php\/wp-json\/wp\/v2\/media\/8965"}],"wp:attachment":[{"href":"https:\/\/jornalfatosenoticias.com.br\/index.php\/wp-json\/wp\/v2\/media?parent=8964"}],"wp:term":[{"taxonomy":"category","embeddable":true,"href":"https:\/\/jornalfatosenoticias.com.br\/index.php\/wp-json\/wp\/v2\/categories?post=8964"},{"taxonomy":"post_tag","embeddable":true,"href":"https:\/\/jornalfatosenoticias.com.br\/index.php\/wp-json\/wp\/v2\/tags?post=8964"}],"curies":[{"name":"wp","href":"https:\/\/api.w.org\/{rel}","templated":true}]}}