{"id":8990,"date":"2020-09-17T18:36:59","date_gmt":"2020-09-17T21:36:59","guid":{"rendered":"https:\/\/jornalfatosenoticias.com.br\/?p=8990"},"modified":"2020-09-17T18:37:35","modified_gmt":"2020-09-17T21:37:35","slug":"pdt-lanca-candidatura-de-sergio-vidigal-a-prefeito","status":"publish","type":"post","link":"https:\/\/jornalfatosenoticias.com.br\/index.php\/2020\/09\/17\/pdt-lanca-candidatura-de-sergio-vidigal-a-prefeito\/","title":{"rendered":"PDT lan\u00e7a candidatura de S\u00e9rgio Vidigal a prefeito na Serra"},"content":{"rendered":"\n<p>O Partido Democr\u00e1tico Trabalhista (PDT) lan\u00e7ou, em conven\u00e7\u00e3o realizada na noite desta quarta-feira (16), o nome do deputado federal S\u00e9rgio Vidigal a prefeito da Serra nas elei\u00e7\u00f5es 2020.<br>O evento, realizado na Ch\u00e1cara Flora, na Rod. ES-010, contou com a presen\u00e7a do chefe da Casa Civil, Davi Diniz de Carvalho e do secret\u00e1rio de Esportes, Jos\u00e9 Maria Abreu J\u00fanior, ambos representantes do governador Renato Casagrande, al\u00e9m, \u00e9 claro, das centenas de simpatizantes. Enviaram v\u00eddeos de apoio o deputado federal Da Vit\u00f3ria (Cidadania) e o deputado estadual Renzo de Vasconcelos (Progressistas).<br>Emocionado, S\u00e9rgio Vidigal declarou: \u201cGra\u00e7as ao planejamento feito em 2000, o nosso munic\u00edpio est\u00e1 onde est\u00e1, mas precisamos avan\u00e7ar mais\u2026 O mundo est\u00e1 se modernizando e a Serra precisa se modernizar tamb\u00e9m. N\u00e3o iriei governar sozinho, o povo serrano estar\u00e1 comigo nas decis\u00f5es\u2026 Que Deus nos aben\u00e7oe!\u201d, disse.<br>O PDT da Serra tem o apoio do Solidariedade, do PSD, do PSL e do Cidadania.<br>Na ocasi\u00e3o, o tr\u00e2nsito na Rod. ES-010 ficou totalmente congestionado, devido ao grande fluxo de ve\u00edculos que chegavam ao evento.<\/p>\n\n\n\n<figure class=\"wp-block-image size-large\"><img loading=\"lazy\" decoding=\"async\" width=\"1000\" height=\"666\" src=\"https:\/\/jornalfatosenoticias.com.br\/wp-content\/uploads\/2020\/09\/Vidigal-07.jpg\" alt=\"\" class=\"wp-image-8992\" srcset=\"https:\/\/jornalfatosenoticias.com.br\/wp-content\/uploads\/2020\/09\/Vidigal-07.jpg 1000w, https:\/\/jornalfatosenoticias.com.br\/wp-content\/uploads\/2020\/09\/Vidigal-07-300x200.jpg 300w, https:\/\/jornalfatosenoticias.com.br\/wp-content\/uploads\/2020\/09\/Vidigal-07-768x511.jpg 768w\" sizes=\"auto, (max-width: 1000px) 100vw, 1000px\" \/><figcaption><em>Davi Diniz, Vidigal, Sueli e Jos\u00e9 Maria Abreu (Foto: Mariana Rangel\/F&amp;N)<\/em><\/figcaption><\/figure>\n\n\n\n<h4 class=\"wp-block-heading\">Pequeno hist\u00f3rico<\/h4>\n\n\n\n<p>Ant\u00f4nio S\u00e9rgio Alves Vidigal, mais conhecido com S\u00e9rgio Vidigal, iniciou sua vida pol\u00edtica como vereador em 1989; foi deputado estadual de 1994 a 1996; prefeito pela Serra nos per\u00edodos de 1997 a 2000; 2001 a 2004 e de 2009 a 2012. Foi secret\u00e1rio de Sa\u00fade do Esp\u00edrito Santo.<br>Formado em Medicina pela Escola Superior de Ci\u00eancias da Santa Casa de Miseric\u00f3rdia de Vit\u00f3ria \u2014 Emescam (1975 a 1980) e com especializa\u00e7\u00e3o em Psiquiatria pela Universidade do Estado do Rio de Janeiro (Uerj\/1980 \u20141981), Vidigal tem uma bem-sucedida carreira na \u00e1rea m\u00e9dica.<\/p>\n\n\n\n<div class=\"wp-block-jetpack-slideshow aligncenter\" data-effect=\"slide\"><div class=\"wp-block-jetpack-slideshow_container swiper-container\"><ul class=\"wp-block-jetpack-slideshow_swiper-wrapper swiper-wrapper\"><li class=\"wp-block-jetpack-slideshow_slide swiper-slide\"><figure><img loading=\"lazy\" decoding=\"async\" width=\"1000\" height=\"666\" alt=\"\" class=\"wp-block-jetpack-slideshow_image wp-image-8993\" data-id=\"8993\" src=\"https:\/\/jornalfatosenoticias.com.br\/wp-content\/uploads\/2020\/09\/Vidigal-01.jpg\" srcset=\"https:\/\/jornalfatosenoticias.com.br\/wp-content\/uploads\/2020\/09\/Vidigal-01.jpg 1000w, https:\/\/jornalfatosenoticias.com.br\/wp-content\/uploads\/2020\/09\/Vidigal-01-300x200.jpg 300w, https:\/\/jornalfatosenoticias.com.br\/wp-content\/uploads\/2020\/09\/Vidigal-01-768x511.jpg 768w\" sizes=\"auto, (max-width: 1000px) 100vw, 1000px\" \/><figcaption class=\"wp-block-jetpack-slideshow_caption gallery-caption\">(Fotos: Mariana Rangel\/F&#038;N)<\/figcaption><\/figure><\/li><li class=\"wp-block-jetpack-slideshow_slide swiper-slide\"><figure><img loading=\"lazy\" decoding=\"async\" width=\"1000\" height=\"613\" alt=\"\" class=\"wp-block-jetpack-slideshow_image wp-image-8994\" data-id=\"8994\" src=\"https:\/\/jornalfatosenoticias.com.br\/wp-content\/uploads\/2020\/09\/Vidigal-04.jpg\" srcset=\"https:\/\/jornalfatosenoticias.com.br\/wp-content\/uploads\/2020\/09\/Vidigal-04.jpg 1000w, https:\/\/jornalfatosenoticias.com.br\/wp-content\/uploads\/2020\/09\/Vidigal-04-300x184.jpg 300w, https:\/\/jornalfatosenoticias.com.br\/wp-content\/uploads\/2020\/09\/Vidigal-04-768x471.jpg 768w\" sizes=\"auto, (max-width: 1000px) 100vw, 1000px\" \/><\/figure><\/li><li class=\"wp-block-jetpack-slideshow_slide swiper-slide\"><figure><img loading=\"lazy\" decoding=\"async\" width=\"1000\" height=\"624\" alt=\"\" class=\"wp-block-jetpack-slideshow_image wp-image-8995\" data-id=\"8995\" src=\"https:\/\/jornalfatosenoticias.com.br\/wp-content\/uploads\/2020\/09\/Vidigal-02.jpg\" srcset=\"https:\/\/jornalfatosenoticias.com.br\/wp-content\/uploads\/2020\/09\/Vidigal-02.jpg 1000w, https:\/\/jornalfatosenoticias.com.br\/wp-content\/uploads\/2020\/09\/Vidigal-02-300x187.jpg 300w, https:\/\/jornalfatosenoticias.com.br\/wp-content\/uploads\/2020\/09\/Vidigal-02-768x479.jpg 768w\" sizes=\"auto, (max-width: 1000px) 100vw, 1000px\" \/><\/figure><\/li><li class=\"wp-block-jetpack-slideshow_slide swiper-slide\"><figure><img loading=\"lazy\" decoding=\"async\" width=\"1000\" height=\"666\" alt=\"\" class=\"wp-block-jetpack-slideshow_image wp-image-8996\" data-id=\"8996\" src=\"https:\/\/jornalfatosenoticias.com.br\/wp-content\/uploads\/2020\/09\/Vidigal-08.jpg\" srcset=\"https:\/\/jornalfatosenoticias.com.br\/wp-content\/uploads\/2020\/09\/Vidigal-08.jpg 1000w, https:\/\/jornalfatosenoticias.com.br\/wp-content\/uploads\/2020\/09\/Vidigal-08-300x200.jpg 300w, https:\/\/jornalfatosenoticias.com.br\/wp-content\/uploads\/2020\/09\/Vidigal-08-768x511.jpg 768w\" sizes=\"auto, (max-width: 1000px) 100vw, 1000px\" \/><\/figure><\/li><li class=\"wp-block-jetpack-slideshow_slide swiper-slide\"><figure><img loading=\"lazy\" decoding=\"async\" width=\"1000\" height=\"606\" alt=\"\" class=\"wp-block-jetpack-slideshow_image wp-image-8997\" data-id=\"8997\" src=\"https:\/\/jornalfatosenoticias.com.br\/wp-content\/uploads\/2020\/09\/Vidigal-03.jpg\" srcset=\"https:\/\/jornalfatosenoticias.com.br\/wp-content\/uploads\/2020\/09\/Vidigal-03.jpg 1000w, https:\/\/jornalfatosenoticias.com.br\/wp-content\/uploads\/2020\/09\/Vidigal-03-300x182.jpg 300w, https:\/\/jornalfatosenoticias.com.br\/wp-content\/uploads\/2020\/09\/Vidigal-03-768x465.jpg 768w\" sizes=\"auto, (max-width: 1000px) 100vw, 1000px\" \/><\/figure><\/li><\/ul><a class=\"wp-block-jetpack-slideshow_button-prev swiper-button-prev swiper-button-white\" role=\"button\"><\/a><a class=\"wp-block-jetpack-slideshow_button-next swiper-button-next swiper-button-white\" role=\"button\"><\/a><a aria-label=\"Pause Slideshow\" class=\"wp-block-jetpack-slideshow_button-pause\" role=\"button\"><\/a><div class=\"wp-block-jetpack-slideshow_pagination swiper-pagination swiper-pagination-white\"><\/div><\/div><\/div>\n","protected":false},"excerpt":{"rendered":"<p>O Partido Democr\u00e1tico Trabalhista (PDT) lan\u00e7ou, em conven\u00e7\u00e3o realizada na noite desta quarta-feira (16), o nome do deputado federal S\u00e9rgio Vidigal a prefeito da Serra nas elei\u00e7\u00f5es 2020.O evento, realizado na Ch\u00e1cara Flora, na Rod. ES-010, contou com a presen\u00e7a do chefe da Casa Civil, Davi Diniz de Carvalho e do secret\u00e1rio de Esportes, Jos\u00e9 [&hellip;]<\/p>\n","protected":false},"author":3,"featured_media":8991,"comment_status":"open","ping_status":"open","sticky":false,"template":"","format":"standard","meta":{"footnotes":""},"categories":[10],"tags":[4958,1332,4959,909],"class_list":["post-8990","post","type-post","status-publish","format-standard","has-post-thumbnail","hentry","category-politica","tag-convencao-partidaria","tag-eleicoes-2020","tag-pdt","tag-sergio-vidigal"],"yoast_head":"<!-- This site is optimized with the Yoast SEO plugin v26.5 - https:\/\/yoast.com\/wordpress\/plugins\/seo\/ -->\n<title>PDT lan\u00e7a candidatura de S\u00e9rgio Vidigal a prefeito na Serra - Jornal Fatos e Not\u00edcias<\/title>\n<meta name=\"robots\" content=\"index, follow, max-snippet:-1, max-image-preview:large, max-video-preview:-1\" \/>\n<link rel=\"canonical\" href=\"https:\/\/jornalfatosenoticias.com.br\/index.php\/2020\/09\/17\/pdt-lanca-candidatura-de-sergio-vidigal-a-prefeito\/\" \/>\n<meta property=\"og:locale\" content=\"pt_BR\" \/>\n<meta property=\"og:type\" content=\"article\" \/>\n<meta property=\"og:title\" content=\"PDT lan\u00e7a candidatura de S\u00e9rgio Vidigal a prefeito na Serra - Jornal Fatos e Not\u00edcias\" \/>\n<meta property=\"og:description\" content=\"O Partido Democr\u00e1tico Trabalhista (PDT) lan\u00e7ou, em conven\u00e7\u00e3o realizada na noite desta quarta-feira (16), o nome do deputado federal S\u00e9rgio Vidigal a prefeito da Serra nas elei\u00e7\u00f5es 2020.O evento, realizado na Ch\u00e1cara Flora, na Rod. ES-010, contou com a presen\u00e7a do chefe da Casa Civil, Davi Diniz de Carvalho e do secret\u00e1rio de Esportes, Jos\u00e9 [&hellip;]\" \/>\n<meta property=\"og:url\" content=\"https:\/\/jornalfatosenoticias.com.br\/index.php\/2020\/09\/17\/pdt-lanca-candidatura-de-sergio-vidigal-a-prefeito\/\" \/>\n<meta property=\"og:site_name\" content=\"Jornal Fatos e Not\u00edcias\" \/>\n<meta property=\"article:published_time\" content=\"2020-09-17T21:36:59+00:00\" \/>\n<meta property=\"article:modified_time\" content=\"2020-09-17T21:37:35+00:00\" \/>\n<meta property=\"og:image\" content=\"https:\/\/jornalfatosenoticias.com.br\/wp-content\/uploads\/2020\/09\/Vidigal-06.jpg\" \/>\n\t<meta property=\"og:image:width\" content=\"1000\" \/>\n\t<meta property=\"og:image:height\" content=\"550\" \/>\n\t<meta property=\"og:image:type\" content=\"image\/jpeg\" \/>\n<meta name=\"author\" content=\"Haroldo Filho\" \/>\n<meta name=\"twitter:card\" content=\"summary_large_image\" \/>\n<meta name=\"twitter:label1\" content=\"Escrito por\" \/>\n\t<meta name=\"twitter:data1\" content=\"Haroldo Filho\" \/>\n\t<meta name=\"twitter:label2\" content=\"Est. tempo de leitura\" \/>\n\t<meta name=\"twitter:data2\" content=\"2 minutos\" \/>\n<script type=\"application\/ld+json\" class=\"yoast-schema-graph\">{\"@context\":\"https:\/\/schema.org\",\"@graph\":[{\"@type\":\"Article\",\"@id\":\"https:\/\/jornalfatosenoticias.com.br\/index.php\/2020\/09\/17\/pdt-lanca-candidatura-de-sergio-vidigal-a-prefeito\/#article\",\"isPartOf\":{\"@id\":\"https:\/\/jornalfatosenoticias.com.br\/index.php\/2020\/09\/17\/pdt-lanca-candidatura-de-sergio-vidigal-a-prefeito\/\"},\"author\":{\"name\":\"Haroldo Filho\",\"@id\":\"https:\/\/jornalfatosenoticias.com.br\/#\/schema\/person\/05c46cc25b42a5c27e004fb0fa6b4965\"},\"headline\":\"PDT lan\u00e7a candidatura de S\u00e9rgio Vidigal a prefeito na Serra\",\"datePublished\":\"2020-09-17T21:36:59+00:00\",\"dateModified\":\"2020-09-17T21:37:35+00:00\",\"mainEntityOfPage\":{\"@id\":\"https:\/\/jornalfatosenoticias.com.br\/index.php\/2020\/09\/17\/pdt-lanca-candidatura-de-sergio-vidigal-a-prefeito\/\"},\"wordCount\":318,\"commentCount\":0,\"publisher\":{\"@id\":\"https:\/\/jornalfatosenoticias.com.br\/#organization\"},\"image\":{\"@id\":\"https:\/\/jornalfatosenoticias.com.br\/index.php\/2020\/09\/17\/pdt-lanca-candidatura-de-sergio-vidigal-a-prefeito\/#primaryimage\"},\"thumbnailUrl\":\"https:\/\/jornalfatosenoticias.com.br\/wp-content\/uploads\/2020\/09\/Vidigal-06.jpg\",\"keywords\":[\"conven\u00e7\u00e3o partid\u00e1ria\",\"Elei\u00e7\u00f5es 2020\",\"PDT\",\"S\u00e9rgio Vidigal\"],\"articleSection\":[\"Pol\u00edtica\"],\"inLanguage\":\"pt-BR\",\"potentialAction\":[{\"@type\":\"CommentAction\",\"name\":\"Comment\",\"target\":[\"https:\/\/jornalfatosenoticias.com.br\/index.php\/2020\/09\/17\/pdt-lanca-candidatura-de-sergio-vidigal-a-prefeito\/#respond\"]}]},{\"@type\":\"WebPage\",\"@id\":\"https:\/\/jornalfatosenoticias.com.br\/index.php\/2020\/09\/17\/pdt-lanca-candidatura-de-sergio-vidigal-a-prefeito\/\",\"url\":\"https:\/\/jornalfatosenoticias.com.br\/index.php\/2020\/09\/17\/pdt-lanca-candidatura-de-sergio-vidigal-a-prefeito\/\",\"name\":\"PDT lan\u00e7a candidatura de S\u00e9rgio Vidigal a prefeito na Serra - Jornal Fatos e Not\u00edcias\",\"isPartOf\":{\"@id\":\"https:\/\/jornalfatosenoticias.com.br\/#website\"},\"primaryImageOfPage\":{\"@id\":\"https:\/\/jornalfatosenoticias.com.br\/index.php\/2020\/09\/17\/pdt-lanca-candidatura-de-sergio-vidigal-a-prefeito\/#primaryimage\"},\"image\":{\"@id\":\"https:\/\/jornalfatosenoticias.com.br\/index.php\/2020\/09\/17\/pdt-lanca-candidatura-de-sergio-vidigal-a-prefeito\/#primaryimage\"},\"thumbnailUrl\":\"https:\/\/jornalfatosenoticias.com.br\/wp-content\/uploads\/2020\/09\/Vidigal-06.jpg\",\"datePublished\":\"2020-09-17T21:36:59+00:00\",\"dateModified\":\"2020-09-17T21:37:35+00:00\",\"breadcrumb\":{\"@id\":\"https:\/\/jornalfatosenoticias.com.br\/index.php\/2020\/09\/17\/pdt-lanca-candidatura-de-sergio-vidigal-a-prefeito\/#breadcrumb\"},\"inLanguage\":\"pt-BR\",\"potentialAction\":[{\"@type\":\"ReadAction\",\"target\":[\"https:\/\/jornalfatosenoticias.com.br\/index.php\/2020\/09\/17\/pdt-lanca-candidatura-de-sergio-vidigal-a-prefeito\/\"]}]},{\"@type\":\"ImageObject\",\"inLanguage\":\"pt-BR\",\"@id\":\"https:\/\/jornalfatosenoticias.com.br\/index.php\/2020\/09\/17\/pdt-lanca-candidatura-de-sergio-vidigal-a-prefeito\/#primaryimage\",\"url\":\"https:\/\/jornalfatosenoticias.com.br\/wp-content\/uploads\/2020\/09\/Vidigal-06.jpg\",\"contentUrl\":\"https:\/\/jornalfatosenoticias.com.br\/wp-content\/uploads\/2020\/09\/Vidigal-06.jpg\",\"width\":1000,\"height\":550},{\"@type\":\"BreadcrumbList\",\"@id\":\"https:\/\/jornalfatosenoticias.com.br\/index.php\/2020\/09\/17\/pdt-lanca-candidatura-de-sergio-vidigal-a-prefeito\/#breadcrumb\",\"itemListElement\":[{\"@type\":\"ListItem\",\"position\":1,\"name\":\"In\u00edcio\",\"item\":\"https:\/\/jornalfatosenoticias.com.br\/\"},{\"@type\":\"ListItem\",\"position\":2,\"name\":\"PDT lan\u00e7a candidatura de S\u00e9rgio Vidigal a prefeito na Serra\"}]},{\"@type\":\"WebSite\",\"@id\":\"https:\/\/jornalfatosenoticias.com.br\/#website\",\"url\":\"https:\/\/jornalfatosenoticias.com.br\/\",\"name\":\"Jornal Fatos e Not\u00edcias\",\"description\":\"Not\u00edcias em geral\",\"publisher\":{\"@id\":\"https:\/\/jornalfatosenoticias.com.br\/#organization\"},\"potentialAction\":[{\"@type\":\"SearchAction\",\"target\":{\"@type\":\"EntryPoint\",\"urlTemplate\":\"https:\/\/jornalfatosenoticias.com.br\/?s={search_term_string}\"},\"query-input\":{\"@type\":\"PropertyValueSpecification\",\"valueRequired\":true,\"valueName\":\"search_term_string\"}}],\"inLanguage\":\"pt-BR\"},{\"@type\":\"Organization\",\"@id\":\"https:\/\/jornalfatosenoticias.com.br\/#organization\",\"name\":\"Jornal Fatos e Not\u00edcias\",\"url\":\"https:\/\/jornalfatosenoticias.com.br\/\",\"logo\":{\"@type\":\"ImageObject\",\"inLanguage\":\"pt-BR\",\"@id\":\"https:\/\/jornalfatosenoticias.com.br\/#\/schema\/logo\/image\/\",\"url\":\"https:\/\/jornalfatosenoticias.com.br\/wp-content\/uploads\/2020\/02\/logo120.png\",\"contentUrl\":\"https:\/\/jornalfatosenoticias.com.br\/wp-content\/uploads\/2020\/02\/logo120.png\",\"width\":1227,\"height\":120,\"caption\":\"Jornal Fatos e Not\u00edcias\"},\"image\":{\"@id\":\"https:\/\/jornalfatosenoticias.com.br\/#\/schema\/logo\/image\/\"}},{\"@type\":\"Person\",\"@id\":\"https:\/\/jornalfatosenoticias.com.br\/#\/schema\/person\/05c46cc25b42a5c27e004fb0fa6b4965\",\"name\":\"Haroldo Filho\",\"image\":{\"@type\":\"ImageObject\",\"inLanguage\":\"pt-BR\",\"@id\":\"https:\/\/jornalfatosenoticias.com.br\/#\/schema\/person\/image\/\",\"url\":\"https:\/\/jornalfatosenoticias.com.br\/wp-content\/uploads\/2025\/08\/WhatsApp-Image-2025-08-18-at-15.30.28-150x150.jpeg\",\"contentUrl\":\"https:\/\/jornalfatosenoticias.com.br\/wp-content\/uploads\/2025\/08\/WhatsApp-Image-2025-08-18-at-15.30.28-150x150.jpeg\",\"caption\":\"Haroldo Filho\"},\"description\":\"Jornalista \u2013 DRT: 0003818\/ES Coordenador-geral da ONG Educar para Crescer\",\"url\":\"https:\/\/jornalfatosenoticias.com.br\/index.php\/author\/haroldo\/\"}]}<\/script>\n<!-- \/ Yoast SEO plugin. -->","yoast_head_json":{"title":"PDT lan\u00e7a candidatura de S\u00e9rgio Vidigal a prefeito na Serra - Jornal Fatos e Not\u00edcias","robots":{"index":"index","follow":"follow","max-snippet":"max-snippet:-1","max-image-preview":"max-image-preview:large","max-video-preview":"max-video-preview:-1"},"canonical":"https:\/\/jornalfatosenoticias.com.br\/index.php\/2020\/09\/17\/pdt-lanca-candidatura-de-sergio-vidigal-a-prefeito\/","og_locale":"pt_BR","og_type":"article","og_title":"PDT lan\u00e7a candidatura de S\u00e9rgio Vidigal a prefeito na Serra - Jornal Fatos e Not\u00edcias","og_description":"O Partido Democr\u00e1tico Trabalhista (PDT) lan\u00e7ou, em conven\u00e7\u00e3o realizada na noite desta quarta-feira (16), o nome do deputado federal S\u00e9rgio Vidigal a prefeito da Serra nas elei\u00e7\u00f5es 2020.O evento, realizado na Ch\u00e1cara Flora, na Rod. ES-010, contou com a presen\u00e7a do chefe da Casa Civil, Davi Diniz de Carvalho e do secret\u00e1rio de Esportes, Jos\u00e9 [&hellip;]","og_url":"https:\/\/jornalfatosenoticias.com.br\/index.php\/2020\/09\/17\/pdt-lanca-candidatura-de-sergio-vidigal-a-prefeito\/","og_site_name":"Jornal Fatos e Not\u00edcias","article_published_time":"2020-09-17T21:36:59+00:00","article_modified_time":"2020-09-17T21:37:35+00:00","og_image":[{"width":1000,"height":550,"url":"https:\/\/jornalfatosenoticias.com.br\/wp-content\/uploads\/2020\/09\/Vidigal-06.jpg","type":"image\/jpeg"}],"author":"Haroldo Filho","twitter_card":"summary_large_image","twitter_misc":{"Escrito por":"Haroldo Filho","Est. tempo de leitura":"2 minutos"},"schema":{"@context":"https:\/\/schema.org","@graph":[{"@type":"Article","@id":"https:\/\/jornalfatosenoticias.com.br\/index.php\/2020\/09\/17\/pdt-lanca-candidatura-de-sergio-vidigal-a-prefeito\/#article","isPartOf":{"@id":"https:\/\/jornalfatosenoticias.com.br\/index.php\/2020\/09\/17\/pdt-lanca-candidatura-de-sergio-vidigal-a-prefeito\/"},"author":{"name":"Haroldo Filho","@id":"https:\/\/jornalfatosenoticias.com.br\/#\/schema\/person\/05c46cc25b42a5c27e004fb0fa6b4965"},"headline":"PDT lan\u00e7a candidatura de S\u00e9rgio Vidigal a prefeito na Serra","datePublished":"2020-09-17T21:36:59+00:00","dateModified":"2020-09-17T21:37:35+00:00","mainEntityOfPage":{"@id":"https:\/\/jornalfatosenoticias.com.br\/index.php\/2020\/09\/17\/pdt-lanca-candidatura-de-sergio-vidigal-a-prefeito\/"},"wordCount":318,"commentCount":0,"publisher":{"@id":"https:\/\/jornalfatosenoticias.com.br\/#organization"},"image":{"@id":"https:\/\/jornalfatosenoticias.com.br\/index.php\/2020\/09\/17\/pdt-lanca-candidatura-de-sergio-vidigal-a-prefeito\/#primaryimage"},"thumbnailUrl":"https:\/\/jornalfatosenoticias.com.br\/wp-content\/uploads\/2020\/09\/Vidigal-06.jpg","keywords":["conven\u00e7\u00e3o partid\u00e1ria","Elei\u00e7\u00f5es 2020","PDT","S\u00e9rgio Vidigal"],"articleSection":["Pol\u00edtica"],"inLanguage":"pt-BR","potentialAction":[{"@type":"CommentAction","name":"Comment","target":["https:\/\/jornalfatosenoticias.com.br\/index.php\/2020\/09\/17\/pdt-lanca-candidatura-de-sergio-vidigal-a-prefeito\/#respond"]}]},{"@type":"WebPage","@id":"https:\/\/jornalfatosenoticias.com.br\/index.php\/2020\/09\/17\/pdt-lanca-candidatura-de-sergio-vidigal-a-prefeito\/","url":"https:\/\/jornalfatosenoticias.com.br\/index.php\/2020\/09\/17\/pdt-lanca-candidatura-de-sergio-vidigal-a-prefeito\/","name":"PDT lan\u00e7a candidatura de S\u00e9rgio Vidigal a prefeito na Serra - Jornal Fatos e Not\u00edcias","isPartOf":{"@id":"https:\/\/jornalfatosenoticias.com.br\/#website"},"primaryImageOfPage":{"@id":"https:\/\/jornalfatosenoticias.com.br\/index.php\/2020\/09\/17\/pdt-lanca-candidatura-de-sergio-vidigal-a-prefeito\/#primaryimage"},"image":{"@id":"https:\/\/jornalfatosenoticias.com.br\/index.php\/2020\/09\/17\/pdt-lanca-candidatura-de-sergio-vidigal-a-prefeito\/#primaryimage"},"thumbnailUrl":"https:\/\/jornalfatosenoticias.com.br\/wp-content\/uploads\/2020\/09\/Vidigal-06.jpg","datePublished":"2020-09-17T21:36:59+00:00","dateModified":"2020-09-17T21:37:35+00:00","breadcrumb":{"@id":"https:\/\/jornalfatosenoticias.com.br\/index.php\/2020\/09\/17\/pdt-lanca-candidatura-de-sergio-vidigal-a-prefeito\/#breadcrumb"},"inLanguage":"pt-BR","potentialAction":[{"@type":"ReadAction","target":["https:\/\/jornalfatosenoticias.com.br\/index.php\/2020\/09\/17\/pdt-lanca-candidatura-de-sergio-vidigal-a-prefeito\/"]}]},{"@type":"ImageObject","inLanguage":"pt-BR","@id":"https:\/\/jornalfatosenoticias.com.br\/index.php\/2020\/09\/17\/pdt-lanca-candidatura-de-sergio-vidigal-a-prefeito\/#primaryimage","url":"https:\/\/jornalfatosenoticias.com.br\/wp-content\/uploads\/2020\/09\/Vidigal-06.jpg","contentUrl":"https:\/\/jornalfatosenoticias.com.br\/wp-content\/uploads\/2020\/09\/Vidigal-06.jpg","width":1000,"height":550},{"@type":"BreadcrumbList","@id":"https:\/\/jornalfatosenoticias.com.br\/index.php\/2020\/09\/17\/pdt-lanca-candidatura-de-sergio-vidigal-a-prefeito\/#breadcrumb","itemListElement":[{"@type":"ListItem","position":1,"name":"In\u00edcio","item":"https:\/\/jornalfatosenoticias.com.br\/"},{"@type":"ListItem","position":2,"name":"PDT lan\u00e7a candidatura de S\u00e9rgio Vidigal a prefeito na Serra"}]},{"@type":"WebSite","@id":"https:\/\/jornalfatosenoticias.com.br\/#website","url":"https:\/\/jornalfatosenoticias.com.br\/","name":"Jornal Fatos e Not\u00edcias","description":"Not\u00edcias em geral","publisher":{"@id":"https:\/\/jornalfatosenoticias.com.br\/#organization"},"potentialAction":[{"@type":"SearchAction","target":{"@type":"EntryPoint","urlTemplate":"https:\/\/jornalfatosenoticias.com.br\/?s={search_term_string}"},"query-input":{"@type":"PropertyValueSpecification","valueRequired":true,"valueName":"search_term_string"}}],"inLanguage":"pt-BR"},{"@type":"Organization","@id":"https:\/\/jornalfatosenoticias.com.br\/#organization","name":"Jornal Fatos e Not\u00edcias","url":"https:\/\/jornalfatosenoticias.com.br\/","logo":{"@type":"ImageObject","inLanguage":"pt-BR","@id":"https:\/\/jornalfatosenoticias.com.br\/#\/schema\/logo\/image\/","url":"https:\/\/jornalfatosenoticias.com.br\/wp-content\/uploads\/2020\/02\/logo120.png","contentUrl":"https:\/\/jornalfatosenoticias.com.br\/wp-content\/uploads\/2020\/02\/logo120.png","width":1227,"height":120,"caption":"Jornal Fatos e Not\u00edcias"},"image":{"@id":"https:\/\/jornalfatosenoticias.com.br\/#\/schema\/logo\/image\/"}},{"@type":"Person","@id":"https:\/\/jornalfatosenoticias.com.br\/#\/schema\/person\/05c46cc25b42a5c27e004fb0fa6b4965","name":"Haroldo Filho","image":{"@type":"ImageObject","inLanguage":"pt-BR","@id":"https:\/\/jornalfatosenoticias.com.br\/#\/schema\/person\/image\/","url":"https:\/\/jornalfatosenoticias.com.br\/wp-content\/uploads\/2025\/08\/WhatsApp-Image-2025-08-18-at-15.30.28-150x150.jpeg","contentUrl":"https:\/\/jornalfatosenoticias.com.br\/wp-content\/uploads\/2025\/08\/WhatsApp-Image-2025-08-18-at-15.30.28-150x150.jpeg","caption":"Haroldo Filho"},"description":"Jornalista \u2013 DRT: 0003818\/ES Coordenador-geral da ONG Educar para Crescer","url":"https:\/\/jornalfatosenoticias.com.br\/index.php\/author\/haroldo\/"}]}},"cc_featured_image_caption":{"caption_text":"(Foto: Mariana Rangel\/F&N)","source_text":"","source_url":""},"jetpack_featured_media_url":"https:\/\/jornalfatosenoticias.com.br\/wp-content\/uploads\/2020\/09\/Vidigal-06.jpg","_links":{"self":[{"href":"https:\/\/jornalfatosenoticias.com.br\/index.php\/wp-json\/wp\/v2\/posts\/8990","targetHints":{"allow":["GET"]}}],"collection":[{"href":"https:\/\/jornalfatosenoticias.com.br\/index.php\/wp-json\/wp\/v2\/posts"}],"about":[{"href":"https:\/\/jornalfatosenoticias.com.br\/index.php\/wp-json\/wp\/v2\/types\/post"}],"author":[{"embeddable":true,"href":"https:\/\/jornalfatosenoticias.com.br\/index.php\/wp-json\/wp\/v2\/users\/3"}],"replies":[{"embeddable":true,"href":"https:\/\/jornalfatosenoticias.com.br\/index.php\/wp-json\/wp\/v2\/comments?post=8990"}],"version-history":[{"count":0,"href":"https:\/\/jornalfatosenoticias.com.br\/index.php\/wp-json\/wp\/v2\/posts\/8990\/revisions"}],"wp:featuredmedia":[{"embeddable":true,"href":"https:\/\/jornalfatosenoticias.com.br\/index.php\/wp-json\/wp\/v2\/media\/8991"}],"wp:attachment":[{"href":"https:\/\/jornalfatosenoticias.com.br\/index.php\/wp-json\/wp\/v2\/media?parent=8990"}],"wp:term":[{"taxonomy":"category","embeddable":true,"href":"https:\/\/jornalfatosenoticias.com.br\/index.php\/wp-json\/wp\/v2\/categories?post=8990"},{"taxonomy":"post_tag","embeddable":true,"href":"https:\/\/jornalfatosenoticias.com.br\/index.php\/wp-json\/wp\/v2\/tags?post=8990"}],"curies":[{"name":"wp","href":"https:\/\/api.w.org\/{rel}","templated":true}]}}