{"id":9032,"date":"2020-09-17T19:17:43","date_gmt":"2020-09-17T22:17:43","guid":{"rendered":"https:\/\/jornalfatosenoticias.com.br\/?p=9032"},"modified":"2020-09-17T19:17:49","modified_gmt":"2020-09-17T22:17:49","slug":"ensino-fundamental-publico-melhora-no-ideb-e-reduz-abismo-com-rede-privada-que-fica-estagnada","status":"publish","type":"post","link":"https:\/\/jornalfatosenoticias.com.br\/index.php\/2020\/09\/17\/ensino-fundamental-publico-melhora-no-ideb-e-reduz-abismo-com-rede-privada-que-fica-estagnada\/","title":{"rendered":"Ensino fundamental p\u00fablico melhora no Ideb e reduz abismo com rede privada, que fica estagnada"},"content":{"rendered":"\n<h6 class=\"wp-block-heading\"><em>Escolas particulares n\u00e3o conseguem alcan\u00e7ar meta de qualidade de ensino<\/em><\/h6>\n\n\n\n<p>As redes p\u00fablicas de ensino fundamental do Pa\u00eds mantiveram o ritmo de avan\u00e7o no \u00cdndice de Desenvolvimento da Educa\u00e7\u00e3o B\u00e1sica (Ideb) de 2019, enquanto a rede privada ficou estagnada. A melhora reduz o abismo de desigualdade entre as escolas, ainda que a diferen\u00e7a se mantenha em mais de um ponto na nota.<br>Parte dos resultados do Ideb foi divulgada na ter\u00e7a-feira (15) pelo governo Jair Bolsonaro. O indicador, principal term\u00f4metro da educa\u00e7\u00e3o brasileira, \u00e9 calculado a cada dois anos pelo Instituto Nacional de Estudos e Pesquisas Educacionais An\u00edsio Teixeira (Inep), \u00f3rg\u00e3o do Minist\u00e9rio da Educa\u00e7\u00e3o (MEC).<br>S\u00e3o levados em conta no Ideb o desempenho de estudantes em avalia\u00e7\u00e3o de matem\u00e1tica e l\u00edngua portuguesa, chamado Sistema de Avalia\u00e7\u00e3o da Educa\u00e7\u00e3o B\u00e1sica (Saeb), e as taxas de aprova\u00e7\u00e3o escolar. A avalia\u00e7\u00e3o federal \u00e9 feita ao fim de tr\u00eas etapas: anos iniciais (5\u00ba ano) e finais (9\u00ba ano) do ensino fundamental e ainda o ano final do ensino m\u00e9dio.<br>Desde 2007, a rede p\u00fablica brasileira consegue superar a meta estabelecida para os anos iniciais do ensino fundamental (do 1\u00ba ao 5\u00ba ano). Na m\u00e9dia do Pa\u00eds, elas passaram de 5,5, em 2017, para 5,7, no ano passado \u2014 a meta era de 5,5. Nas particulares, o \u00edndice se manteve est\u00e1vel em 7,1 \u2014 abaixo da meta, que era de 7,4.<br>Ainda assim, os dados indicam que 31% das escolas municipais, onde est\u00e1 a maior parte das matr\u00edculas dos anos iniciais, t\u00eam Ideb inferior a 4,9, ou seja, abaixo da meta.<br>As redes p\u00fablicas de S\u00e3o Paulo (incluindo escolas estaduais e municipais) lideram o indicador nessa etapa, com nota 6,5. Seguem-nas as redes p\u00fablicas do Paran\u00e1, com 6,4.<br>Para os anos iniciais, s\u00f3 n\u00e3o atingiram a meta estabelecida para o ano passado as redes p\u00fablicas de Roraima, Amap\u00e1, Sergipe, Minas Gerais, Rio de Janeiro, Rio Grande do Sul e Distrito Federal.<br>Nos anos finais (do 6\u00ba ao 9\u00ba ano), o Ideb das p\u00fablicas do Pa\u00eds passou de 4,4 para 4,6, no mesmo per\u00edodo \u2014 sem conseguir alcan\u00e7ar a meta estabelecida em 5. Na rede privada, a nota ficou estagnada em 6,4 \u2014 tamb\u00e9m abaixo da meta de 7,1.<br>Para essas s\u00e9ries, s\u00f3 sete estados conseguiram alcan\u00e7ar as metas estabelecidas para o ano passado: Amazonas, Piau\u00ed, Cear\u00e1, Pernambuco, Alagoas, Paran\u00e1 e Goi\u00e1s.<br>O Esp\u00edrito Santo alcan\u00e7ou a melhor avalia\u00e7\u00e3o do Ensino M\u00e9dio da Rede P\u00fablica do Pa\u00eds no Ideb dos \u00faltimos dez anos, conquistando destaque nacional ao lado do Estado de Goi\u00e1s. O resultado do Ideb 2019 do Ensino M\u00e9dio do Esp\u00edrito Santo foi de 4,6 alcan\u00e7ando, inclusive 98% da meta (4,7), maior que em 2017, quando o Estado alcan\u00e7ou 93% da meta. Na evolu\u00e7\u00e3o total, em todo o Estado (redes municipal, estadual e privada) o Ideb alcan\u00e7ou nota 4,8.<br>O Esp\u00edrito Santo seguiu o ritmo de avan\u00e7o tamb\u00e9m no Ensino Fundamental p\u00fablico, reduzindo as desigualdades entre o ensino p\u00fablico e o privado. De acordo com os resultados, a rede p\u00fablica estadual alcan\u00e7ou nos anos iniciais a nota de 6,1 (sendo que a meta era 5,7) e, nos anos finais, o \u00edndice de 5,0 (superando a meta que era 4,8).<\/p>\n","protected":false},"excerpt":{"rendered":"<p>Escolas particulares n\u00e3o conseguem alcan\u00e7ar meta de qualidade de ensino As redes p\u00fablicas de ensino fundamental do Pa\u00eds mantiveram o ritmo de avan\u00e7o no \u00cdndice de Desenvolvimento da Educa\u00e7\u00e3o B\u00e1sica (Ideb) de 2019, enquanto a rede privada ficou estagnada. A melhora reduz o abismo de desigualdade entre as escolas, ainda que a diferen\u00e7a se mantenha [&hellip;]<\/p>\n","protected":false},"author":2,"featured_media":9033,"comment_status":"open","ping_status":"open","sticky":false,"template":"","format":"standard","meta":{"footnotes":""},"categories":[7],"tags":[1787,2203,356,4964],"class_list":["post-9032","post","type-post","status-publish","format-standard","has-post-thumbnail","hentry","category-educacao","tag-ensino","tag-ensino-fundamental","tag-escolas","tag-ideb"],"yoast_head":"<!-- This site is optimized with the Yoast SEO plugin v26.5 - https:\/\/yoast.com\/wordpress\/plugins\/seo\/ -->\n<title>Ensino fundamental p\u00fablico melhora no Ideb e reduz abismo com rede privada, que fica estagnada - Jornal Fatos e Not\u00edcias<\/title>\n<meta name=\"robots\" content=\"index, follow, max-snippet:-1, max-image-preview:large, max-video-preview:-1\" \/>\n<link rel=\"canonical\" href=\"https:\/\/jornalfatosenoticias.com.br\/index.php\/2020\/09\/17\/ensino-fundamental-publico-melhora-no-ideb-e-reduz-abismo-com-rede-privada-que-fica-estagnada\/\" \/>\n<meta property=\"og:locale\" content=\"pt_BR\" \/>\n<meta property=\"og:type\" content=\"article\" \/>\n<meta property=\"og:title\" content=\"Ensino fundamental p\u00fablico melhora no Ideb e reduz abismo com rede privada, que fica estagnada - Jornal Fatos e Not\u00edcias\" \/>\n<meta property=\"og:description\" content=\"Escolas particulares n\u00e3o conseguem alcan\u00e7ar meta de qualidade de ensino As redes p\u00fablicas de ensino fundamental do Pa\u00eds mantiveram o ritmo de avan\u00e7o no \u00cdndice de Desenvolvimento da Educa\u00e7\u00e3o B\u00e1sica (Ideb) de 2019, enquanto a rede privada ficou estagnada. A melhora reduz o abismo de desigualdade entre as escolas, ainda que a diferen\u00e7a se mantenha [&hellip;]\" \/>\n<meta property=\"og:url\" content=\"https:\/\/jornalfatosenoticias.com.br\/index.php\/2020\/09\/17\/ensino-fundamental-publico-melhora-no-ideb-e-reduz-abismo-com-rede-privada-que-fica-estagnada\/\" \/>\n<meta property=\"og:site_name\" content=\"Jornal Fatos e Not\u00edcias\" \/>\n<meta property=\"article:published_time\" content=\"2020-09-17T22:17:43+00:00\" \/>\n<meta property=\"article:modified_time\" content=\"2020-09-17T22:17:49+00:00\" \/>\n<meta property=\"og:image\" content=\"https:\/\/jornalfatosenoticias.com.br\/wp-content\/uploads\/2020\/09\/Ideb.jpg\" \/>\n\t<meta property=\"og:image:width\" content=\"1000\" \/>\n\t<meta property=\"og:image:height\" content=\"642\" \/>\n\t<meta property=\"og:image:type\" content=\"image\/jpeg\" \/>\n<meta name=\"author\" content=\"Luzimara Fernandes\" \/>\n<meta name=\"twitter:card\" content=\"summary_large_image\" \/>\n<meta name=\"twitter:label1\" content=\"Escrito por\" \/>\n\t<meta name=\"twitter:data1\" content=\"Luzimara Fernandes\" \/>\n\t<meta name=\"twitter:label2\" content=\"Est. tempo de leitura\" \/>\n\t<meta name=\"twitter:data2\" content=\"3 minutos\" \/>\n<script type=\"application\/ld+json\" class=\"yoast-schema-graph\">{\"@context\":\"https:\/\/schema.org\",\"@graph\":[{\"@type\":\"Article\",\"@id\":\"https:\/\/jornalfatosenoticias.com.br\/index.php\/2020\/09\/17\/ensino-fundamental-publico-melhora-no-ideb-e-reduz-abismo-com-rede-privada-que-fica-estagnada\/#article\",\"isPartOf\":{\"@id\":\"https:\/\/jornalfatosenoticias.com.br\/index.php\/2020\/09\/17\/ensino-fundamental-publico-melhora-no-ideb-e-reduz-abismo-com-rede-privada-que-fica-estagnada\/\"},\"author\":{\"name\":\"Luzimara Fernandes\",\"@id\":\"https:\/\/jornalfatosenoticias.com.br\/#\/schema\/person\/d63837fa13ac8666eb9e74e0985d6f81\"},\"headline\":\"Ensino fundamental p\u00fablico melhora no Ideb e reduz abismo com rede privada, que fica estagnada\",\"datePublished\":\"2020-09-17T22:17:43+00:00\",\"dateModified\":\"2020-09-17T22:17:49+00:00\",\"mainEntityOfPage\":{\"@id\":\"https:\/\/jornalfatosenoticias.com.br\/index.php\/2020\/09\/17\/ensino-fundamental-publico-melhora-no-ideb-e-reduz-abismo-com-rede-privada-que-fica-estagnada\/\"},\"wordCount\":565,\"commentCount\":0,\"publisher\":{\"@id\":\"https:\/\/jornalfatosenoticias.com.br\/#organization\"},\"image\":{\"@id\":\"https:\/\/jornalfatosenoticias.com.br\/index.php\/2020\/09\/17\/ensino-fundamental-publico-melhora-no-ideb-e-reduz-abismo-com-rede-privada-que-fica-estagnada\/#primaryimage\"},\"thumbnailUrl\":\"https:\/\/jornalfatosenoticias.com.br\/wp-content\/uploads\/2020\/09\/Ideb.jpg\",\"keywords\":[\"ensino\",\"ensino fundamental\",\"escolas\",\"Ideb\"],\"articleSection\":[\"Educa\u00e7\u00e3o\"],\"inLanguage\":\"pt-BR\",\"potentialAction\":[{\"@type\":\"CommentAction\",\"name\":\"Comment\",\"target\":[\"https:\/\/jornalfatosenoticias.com.br\/index.php\/2020\/09\/17\/ensino-fundamental-publico-melhora-no-ideb-e-reduz-abismo-com-rede-privada-que-fica-estagnada\/#respond\"]}]},{\"@type\":\"WebPage\",\"@id\":\"https:\/\/jornalfatosenoticias.com.br\/index.php\/2020\/09\/17\/ensino-fundamental-publico-melhora-no-ideb-e-reduz-abismo-com-rede-privada-que-fica-estagnada\/\",\"url\":\"https:\/\/jornalfatosenoticias.com.br\/index.php\/2020\/09\/17\/ensino-fundamental-publico-melhora-no-ideb-e-reduz-abismo-com-rede-privada-que-fica-estagnada\/\",\"name\":\"Ensino fundamental p\u00fablico melhora no Ideb e reduz abismo com rede privada, que fica estagnada - Jornal Fatos e Not\u00edcias\",\"isPartOf\":{\"@id\":\"https:\/\/jornalfatosenoticias.com.br\/#website\"},\"primaryImageOfPage\":{\"@id\":\"https:\/\/jornalfatosenoticias.com.br\/index.php\/2020\/09\/17\/ensino-fundamental-publico-melhora-no-ideb-e-reduz-abismo-com-rede-privada-que-fica-estagnada\/#primaryimage\"},\"image\":{\"@id\":\"https:\/\/jornalfatosenoticias.com.br\/index.php\/2020\/09\/17\/ensino-fundamental-publico-melhora-no-ideb-e-reduz-abismo-com-rede-privada-que-fica-estagnada\/#primaryimage\"},\"thumbnailUrl\":\"https:\/\/jornalfatosenoticias.com.br\/wp-content\/uploads\/2020\/09\/Ideb.jpg\",\"datePublished\":\"2020-09-17T22:17:43+00:00\",\"dateModified\":\"2020-09-17T22:17:49+00:00\",\"breadcrumb\":{\"@id\":\"https:\/\/jornalfatosenoticias.com.br\/index.php\/2020\/09\/17\/ensino-fundamental-publico-melhora-no-ideb-e-reduz-abismo-com-rede-privada-que-fica-estagnada\/#breadcrumb\"},\"inLanguage\":\"pt-BR\",\"potentialAction\":[{\"@type\":\"ReadAction\",\"target\":[\"https:\/\/jornalfatosenoticias.com.br\/index.php\/2020\/09\/17\/ensino-fundamental-publico-melhora-no-ideb-e-reduz-abismo-com-rede-privada-que-fica-estagnada\/\"]}]},{\"@type\":\"ImageObject\",\"inLanguage\":\"pt-BR\",\"@id\":\"https:\/\/jornalfatosenoticias.com.br\/index.php\/2020\/09\/17\/ensino-fundamental-publico-melhora-no-ideb-e-reduz-abismo-com-rede-privada-que-fica-estagnada\/#primaryimage\",\"url\":\"https:\/\/jornalfatosenoticias.com.br\/wp-content\/uploads\/2020\/09\/Ideb.jpg\",\"contentUrl\":\"https:\/\/jornalfatosenoticias.com.br\/wp-content\/uploads\/2020\/09\/Ideb.jpg\",\"width\":1000,\"height\":642,\"caption\":\"13\/04\/2015. Credito: Brenda Alcantara\/ Esp. DP\/ D.A Press. Local. Greve dos professores e a falta de aulas. Na foto: Geral sala de aula.\"},{\"@type\":\"BreadcrumbList\",\"@id\":\"https:\/\/jornalfatosenoticias.com.br\/index.php\/2020\/09\/17\/ensino-fundamental-publico-melhora-no-ideb-e-reduz-abismo-com-rede-privada-que-fica-estagnada\/#breadcrumb\",\"itemListElement\":[{\"@type\":\"ListItem\",\"position\":1,\"name\":\"In\u00edcio\",\"item\":\"https:\/\/jornalfatosenoticias.com.br\/\"},{\"@type\":\"ListItem\",\"position\":2,\"name\":\"Ensino fundamental p\u00fablico melhora no Ideb e reduz abismo com rede privada, que fica estagnada\"}]},{\"@type\":\"WebSite\",\"@id\":\"https:\/\/jornalfatosenoticias.com.br\/#website\",\"url\":\"https:\/\/jornalfatosenoticias.com.br\/\",\"name\":\"Jornal Fatos e Not\u00edcias\",\"description\":\"Not\u00edcias em geral\",\"publisher\":{\"@id\":\"https:\/\/jornalfatosenoticias.com.br\/#organization\"},\"potentialAction\":[{\"@type\":\"SearchAction\",\"target\":{\"@type\":\"EntryPoint\",\"urlTemplate\":\"https:\/\/jornalfatosenoticias.com.br\/?s={search_term_string}\"},\"query-input\":{\"@type\":\"PropertyValueSpecification\",\"valueRequired\":true,\"valueName\":\"search_term_string\"}}],\"inLanguage\":\"pt-BR\"},{\"@type\":\"Organization\",\"@id\":\"https:\/\/jornalfatosenoticias.com.br\/#organization\",\"name\":\"Jornal Fatos e Not\u00edcias\",\"url\":\"https:\/\/jornalfatosenoticias.com.br\/\",\"logo\":{\"@type\":\"ImageObject\",\"inLanguage\":\"pt-BR\",\"@id\":\"https:\/\/jornalfatosenoticias.com.br\/#\/schema\/logo\/image\/\",\"url\":\"https:\/\/jornalfatosenoticias.com.br\/wp-content\/uploads\/2020\/02\/logo120.png\",\"contentUrl\":\"https:\/\/jornalfatosenoticias.com.br\/wp-content\/uploads\/2020\/02\/logo120.png\",\"width\":1227,\"height\":120,\"caption\":\"Jornal Fatos e Not\u00edcias\"},\"image\":{\"@id\":\"https:\/\/jornalfatosenoticias.com.br\/#\/schema\/logo\/image\/\"}},{\"@type\":\"Person\",\"@id\":\"https:\/\/jornalfatosenoticias.com.br\/#\/schema\/person\/d63837fa13ac8666eb9e74e0985d6f81\",\"name\":\"Luzimara Fernandes\",\"image\":{\"@type\":\"ImageObject\",\"inLanguage\":\"pt-BR\",\"@id\":\"https:\/\/jornalfatosenoticias.com.br\/#\/schema\/person\/image\/\",\"url\":\"https:\/\/jornalfatosenoticias.com.br\/wp-content\/uploads\/2025\/05\/EU_portal.jpg\",\"contentUrl\":\"https:\/\/jornalfatosenoticias.com.br\/wp-content\/uploads\/2025\/05\/EU_portal.jpg\",\"caption\":\"Luzimara Fernandes\"},\"description\":\"Jornalista MTB 2358-ES\",\"sameAs\":[\"https:\/\/jornalfatosenoticias.com.br\"],\"url\":\"https:\/\/jornalfatosenoticias.com.br\/index.php\/author\/luzimara\/\"}]}<\/script>\n<!-- \/ Yoast SEO plugin. -->","yoast_head_json":{"title":"Ensino fundamental p\u00fablico melhora no Ideb e reduz abismo com rede privada, que fica estagnada - Jornal Fatos e Not\u00edcias","robots":{"index":"index","follow":"follow","max-snippet":"max-snippet:-1","max-image-preview":"max-image-preview:large","max-video-preview":"max-video-preview:-1"},"canonical":"https:\/\/jornalfatosenoticias.com.br\/index.php\/2020\/09\/17\/ensino-fundamental-publico-melhora-no-ideb-e-reduz-abismo-com-rede-privada-que-fica-estagnada\/","og_locale":"pt_BR","og_type":"article","og_title":"Ensino fundamental p\u00fablico melhora no Ideb e reduz abismo com rede privada, que fica estagnada - Jornal Fatos e Not\u00edcias","og_description":"Escolas particulares n\u00e3o conseguem alcan\u00e7ar meta de qualidade de ensino As redes p\u00fablicas de ensino fundamental do Pa\u00eds mantiveram o ritmo de avan\u00e7o no \u00cdndice de Desenvolvimento da Educa\u00e7\u00e3o B\u00e1sica (Ideb) de 2019, enquanto a rede privada ficou estagnada. A melhora reduz o abismo de desigualdade entre as escolas, ainda que a diferen\u00e7a se mantenha [&hellip;]","og_url":"https:\/\/jornalfatosenoticias.com.br\/index.php\/2020\/09\/17\/ensino-fundamental-publico-melhora-no-ideb-e-reduz-abismo-com-rede-privada-que-fica-estagnada\/","og_site_name":"Jornal Fatos e Not\u00edcias","article_published_time":"2020-09-17T22:17:43+00:00","article_modified_time":"2020-09-17T22:17:49+00:00","og_image":[{"width":1000,"height":642,"url":"https:\/\/jornalfatosenoticias.com.br\/wp-content\/uploads\/2020\/09\/Ideb.jpg","type":"image\/jpeg"}],"author":"Luzimara Fernandes","twitter_card":"summary_large_image","twitter_misc":{"Escrito por":"Luzimara Fernandes","Est. tempo de leitura":"3 minutos"},"schema":{"@context":"https:\/\/schema.org","@graph":[{"@type":"Article","@id":"https:\/\/jornalfatosenoticias.com.br\/index.php\/2020\/09\/17\/ensino-fundamental-publico-melhora-no-ideb-e-reduz-abismo-com-rede-privada-que-fica-estagnada\/#article","isPartOf":{"@id":"https:\/\/jornalfatosenoticias.com.br\/index.php\/2020\/09\/17\/ensino-fundamental-publico-melhora-no-ideb-e-reduz-abismo-com-rede-privada-que-fica-estagnada\/"},"author":{"name":"Luzimara Fernandes","@id":"https:\/\/jornalfatosenoticias.com.br\/#\/schema\/person\/d63837fa13ac8666eb9e74e0985d6f81"},"headline":"Ensino fundamental p\u00fablico melhora no Ideb e reduz abismo com rede privada, que fica estagnada","datePublished":"2020-09-17T22:17:43+00:00","dateModified":"2020-09-17T22:17:49+00:00","mainEntityOfPage":{"@id":"https:\/\/jornalfatosenoticias.com.br\/index.php\/2020\/09\/17\/ensino-fundamental-publico-melhora-no-ideb-e-reduz-abismo-com-rede-privada-que-fica-estagnada\/"},"wordCount":565,"commentCount":0,"publisher":{"@id":"https:\/\/jornalfatosenoticias.com.br\/#organization"},"image":{"@id":"https:\/\/jornalfatosenoticias.com.br\/index.php\/2020\/09\/17\/ensino-fundamental-publico-melhora-no-ideb-e-reduz-abismo-com-rede-privada-que-fica-estagnada\/#primaryimage"},"thumbnailUrl":"https:\/\/jornalfatosenoticias.com.br\/wp-content\/uploads\/2020\/09\/Ideb.jpg","keywords":["ensino","ensino fundamental","escolas","Ideb"],"articleSection":["Educa\u00e7\u00e3o"],"inLanguage":"pt-BR","potentialAction":[{"@type":"CommentAction","name":"Comment","target":["https:\/\/jornalfatosenoticias.com.br\/index.php\/2020\/09\/17\/ensino-fundamental-publico-melhora-no-ideb-e-reduz-abismo-com-rede-privada-que-fica-estagnada\/#respond"]}]},{"@type":"WebPage","@id":"https:\/\/jornalfatosenoticias.com.br\/index.php\/2020\/09\/17\/ensino-fundamental-publico-melhora-no-ideb-e-reduz-abismo-com-rede-privada-que-fica-estagnada\/","url":"https:\/\/jornalfatosenoticias.com.br\/index.php\/2020\/09\/17\/ensino-fundamental-publico-melhora-no-ideb-e-reduz-abismo-com-rede-privada-que-fica-estagnada\/","name":"Ensino fundamental p\u00fablico melhora no Ideb e reduz abismo com rede privada, que fica estagnada - Jornal Fatos e Not\u00edcias","isPartOf":{"@id":"https:\/\/jornalfatosenoticias.com.br\/#website"},"primaryImageOfPage":{"@id":"https:\/\/jornalfatosenoticias.com.br\/index.php\/2020\/09\/17\/ensino-fundamental-publico-melhora-no-ideb-e-reduz-abismo-com-rede-privada-que-fica-estagnada\/#primaryimage"},"image":{"@id":"https:\/\/jornalfatosenoticias.com.br\/index.php\/2020\/09\/17\/ensino-fundamental-publico-melhora-no-ideb-e-reduz-abismo-com-rede-privada-que-fica-estagnada\/#primaryimage"},"thumbnailUrl":"https:\/\/jornalfatosenoticias.com.br\/wp-content\/uploads\/2020\/09\/Ideb.jpg","datePublished":"2020-09-17T22:17:43+00:00","dateModified":"2020-09-17T22:17:49+00:00","breadcrumb":{"@id":"https:\/\/jornalfatosenoticias.com.br\/index.php\/2020\/09\/17\/ensino-fundamental-publico-melhora-no-ideb-e-reduz-abismo-com-rede-privada-que-fica-estagnada\/#breadcrumb"},"inLanguage":"pt-BR","potentialAction":[{"@type":"ReadAction","target":["https:\/\/jornalfatosenoticias.com.br\/index.php\/2020\/09\/17\/ensino-fundamental-publico-melhora-no-ideb-e-reduz-abismo-com-rede-privada-que-fica-estagnada\/"]}]},{"@type":"ImageObject","inLanguage":"pt-BR","@id":"https:\/\/jornalfatosenoticias.com.br\/index.php\/2020\/09\/17\/ensino-fundamental-publico-melhora-no-ideb-e-reduz-abismo-com-rede-privada-que-fica-estagnada\/#primaryimage","url":"https:\/\/jornalfatosenoticias.com.br\/wp-content\/uploads\/2020\/09\/Ideb.jpg","contentUrl":"https:\/\/jornalfatosenoticias.com.br\/wp-content\/uploads\/2020\/09\/Ideb.jpg","width":1000,"height":642,"caption":"13\/04\/2015. Credito: Brenda Alcantara\/ Esp. DP\/ D.A Press. Local. Greve dos professores e a falta de aulas. Na foto: Geral sala de aula."},{"@type":"BreadcrumbList","@id":"https:\/\/jornalfatosenoticias.com.br\/index.php\/2020\/09\/17\/ensino-fundamental-publico-melhora-no-ideb-e-reduz-abismo-com-rede-privada-que-fica-estagnada\/#breadcrumb","itemListElement":[{"@type":"ListItem","position":1,"name":"In\u00edcio","item":"https:\/\/jornalfatosenoticias.com.br\/"},{"@type":"ListItem","position":2,"name":"Ensino fundamental p\u00fablico melhora no Ideb e reduz abismo com rede privada, que fica estagnada"}]},{"@type":"WebSite","@id":"https:\/\/jornalfatosenoticias.com.br\/#website","url":"https:\/\/jornalfatosenoticias.com.br\/","name":"Jornal Fatos e Not\u00edcias","description":"Not\u00edcias em geral","publisher":{"@id":"https:\/\/jornalfatosenoticias.com.br\/#organization"},"potentialAction":[{"@type":"SearchAction","target":{"@type":"EntryPoint","urlTemplate":"https:\/\/jornalfatosenoticias.com.br\/?s={search_term_string}"},"query-input":{"@type":"PropertyValueSpecification","valueRequired":true,"valueName":"search_term_string"}}],"inLanguage":"pt-BR"},{"@type":"Organization","@id":"https:\/\/jornalfatosenoticias.com.br\/#organization","name":"Jornal Fatos e Not\u00edcias","url":"https:\/\/jornalfatosenoticias.com.br\/","logo":{"@type":"ImageObject","inLanguage":"pt-BR","@id":"https:\/\/jornalfatosenoticias.com.br\/#\/schema\/logo\/image\/","url":"https:\/\/jornalfatosenoticias.com.br\/wp-content\/uploads\/2020\/02\/logo120.png","contentUrl":"https:\/\/jornalfatosenoticias.com.br\/wp-content\/uploads\/2020\/02\/logo120.png","width":1227,"height":120,"caption":"Jornal Fatos e Not\u00edcias"},"image":{"@id":"https:\/\/jornalfatosenoticias.com.br\/#\/schema\/logo\/image\/"}},{"@type":"Person","@id":"https:\/\/jornalfatosenoticias.com.br\/#\/schema\/person\/d63837fa13ac8666eb9e74e0985d6f81","name":"Luzimara Fernandes","image":{"@type":"ImageObject","inLanguage":"pt-BR","@id":"https:\/\/jornalfatosenoticias.com.br\/#\/schema\/person\/image\/","url":"https:\/\/jornalfatosenoticias.com.br\/wp-content\/uploads\/2025\/05\/EU_portal.jpg","contentUrl":"https:\/\/jornalfatosenoticias.com.br\/wp-content\/uploads\/2025\/05\/EU_portal.jpg","caption":"Luzimara Fernandes"},"description":"Jornalista MTB 2358-ES","sameAs":["https:\/\/jornalfatosenoticias.com.br"],"url":"https:\/\/jornalfatosenoticias.com.br\/index.php\/author\/luzimara\/"}]}},"cc_featured_image_caption":{"caption_text":"(Foto: Brenda Alc\u00e2ntara\/Arquivo DP) ","source_text":"","source_url":""},"jetpack_featured_media_url":"https:\/\/jornalfatosenoticias.com.br\/wp-content\/uploads\/2020\/09\/Ideb.jpg","_links":{"self":[{"href":"https:\/\/jornalfatosenoticias.com.br\/index.php\/wp-json\/wp\/v2\/posts\/9032","targetHints":{"allow":["GET"]}}],"collection":[{"href":"https:\/\/jornalfatosenoticias.com.br\/index.php\/wp-json\/wp\/v2\/posts"}],"about":[{"href":"https:\/\/jornalfatosenoticias.com.br\/index.php\/wp-json\/wp\/v2\/types\/post"}],"author":[{"embeddable":true,"href":"https:\/\/jornalfatosenoticias.com.br\/index.php\/wp-json\/wp\/v2\/users\/2"}],"replies":[{"embeddable":true,"href":"https:\/\/jornalfatosenoticias.com.br\/index.php\/wp-json\/wp\/v2\/comments?post=9032"}],"version-history":[{"count":0,"href":"https:\/\/jornalfatosenoticias.com.br\/index.php\/wp-json\/wp\/v2\/posts\/9032\/revisions"}],"wp:featuredmedia":[{"embeddable":true,"href":"https:\/\/jornalfatosenoticias.com.br\/index.php\/wp-json\/wp\/v2\/media\/9033"}],"wp:attachment":[{"href":"https:\/\/jornalfatosenoticias.com.br\/index.php\/wp-json\/wp\/v2\/media?parent=9032"}],"wp:term":[{"taxonomy":"category","embeddable":true,"href":"https:\/\/jornalfatosenoticias.com.br\/index.php\/wp-json\/wp\/v2\/categories?post=9032"},{"taxonomy":"post_tag","embeddable":true,"href":"https:\/\/jornalfatosenoticias.com.br\/index.php\/wp-json\/wp\/v2\/tags?post=9032"}],"curies":[{"name":"wp","href":"https:\/\/api.w.org\/{rel}","templated":true}]}}