{"id":9089,"date":"2020-09-18T15:34:47","date_gmt":"2020-09-18T18:34:47","guid":{"rendered":"https:\/\/jornalfatosenoticias.com.br\/?p=9089"},"modified":"2020-09-18T15:35:54","modified_gmt":"2020-09-18T18:35:54","slug":"voce-ja-viu-um-sabia-laranjeira-branco","status":"publish","type":"post","link":"https:\/\/jornalfatosenoticias.com.br\/index.php\/2020\/09\/18\/voce-ja-viu-um-sabia-laranjeira-branco\/","title":{"rendered":"Voc\u00ea j\u00e1 viu um sabi\u00e1-laranjeira branco?"},"content":{"rendered":"\n<p>Encontrar um sabi\u00e1-laranjeira por a\u00ed n\u00e3o \u00e9 uma cena t\u00e3o rara. Agora, flagrar uma ave da esp\u00e9cie com leucismo e ainda fazendo um ninho, a\u00ed j\u00e1 \u00e9 sorte grande demais.<br>Foi o que aconteceu h\u00e1 poucos dias com o fot\u00f3grafo e produtor audiovisual Guilherme Andrighetto, em Curitiba. \u201cTenho um projeto pessoal para realizar uma biografia das aves e escolhi come\u00e7ar pelo sabi\u00e1-laranjeira, at\u00e9 pela facilidade de encontrar a esp\u00e9cie. Estava no Parque Estadual Bosque do Papa para coletar imagens quando a sabi\u00e1 branco passou por mim\u201d, conta.<br>A surpresa de ter visto a ave com leucismo foi ainda maior quando, depois de segui-la com os olhos, a observou levando galhos para o ninho que estava construindo.<\/p>\n\n\n\n<figure class=\"wp-block-image size-large\"><img loading=\"lazy\" decoding=\"async\" width=\"1000\" height=\"750\" src=\"https:\/\/jornalfatosenoticias.com.br\/wp-content\/uploads\/2020\/09\/sabia_laranjeira_branco_3.jpg\" alt=\"\" class=\"wp-image-9090\" srcset=\"https:\/\/jornalfatosenoticias.com.br\/wp-content\/uploads\/2020\/09\/sabia_laranjeira_branco_3.jpg 1000w, https:\/\/jornalfatosenoticias.com.br\/wp-content\/uploads\/2020\/09\/sabia_laranjeira_branco_3-300x225.jpg 300w, https:\/\/jornalfatosenoticias.com.br\/wp-content\/uploads\/2020\/09\/sabia_laranjeira_branco_3-768x576.jpg 768w\" sizes=\"auto, (max-width: 1000px) 100vw, 1000px\" \/><figcaption><em>Diferente do leucismo, animais com albinismo podem ter vis\u00e3o prejudicada (Foto: Maria Helena Oliveira\/VC no TG)<\/em><\/figcaption><\/figure>\n\n\n\n<p>\u201cSempre ouvi falar, mas nunca tinha visto uma ave inteira leuc\u00edstica, s\u00f3 arlequim. Al\u00e9m disso, agora posso acompanhar o ninho, o que est\u00e1 sendo um privil\u00e9gio\u201d, diz.<br>O leucismo \u00e9 resultado de uma muta\u00e7\u00e3o gen\u00e9tica que causa perda total ou parcial de melanina nas penas, que \u00e9 o pigmento respons\u00e1vel por cores como o marrom e o preto.<br>\u201cO leucismo afeta principalmente a colora\u00e7\u00e3o das penas sendo muitas vezes restrito a partes espec\u00edficas do corpo (arlequinismo). J\u00e1 no albinismo, por exemplo, al\u00e9m das penas, bico, patas e olhos tamb\u00e9m s\u00e3o afetados pela aus\u00eancia total de produ\u00e7\u00e3o de melanina e de carotenoides\u201d, explica Luciano Lima, bi\u00f3logo especialista em aves.<br>No leucismo, os olhos mant\u00eam a pigmenta\u00e7\u00e3o normal e n\u00e3o s\u00e3o fotossens\u00edveis, enquanto no albinismo os olhos n\u00e3o possuem colora\u00e7\u00e3o e acabam assumindo tons vermelhos dos vasos sangu\u00edneos.<br>\u201cFico a uma dist\u00e2ncia de cerca de 40 metros para n\u00e3o interferir nas atividades dela, mas ela est\u00e1 bem tranquila e completamente integrada, fica ciscando com os outros. Passa por mim sempre para coletar mais material para o ninho\u201d, comenta Guilherme.<br>Luciano Lima explica que o fato de ter as penas brancas pode representar um risco maior \u00e0 ave.<\/p>\n\n\n\n<blockquote class=\"wp-block-quote is-layout-flow wp-block-quote-is-layout-flow\"><p>&#8220;Um sabi\u00e1 predominantemente branco como este est\u00e1 mais exposto a predadores por conta da colora\u00e7\u00e3o menos discreta. Al\u00e9m disso, a falta de melanina nas penas tende a deix\u00e1-las mais fr\u00e1geis. Por estas raz\u00f5es, as chances de uma ave leuc\u00edstica atingir a idade adulta e conseguir se reproduzir \u00e9 provavelmente menor que de um indiv\u00edduo normal&#8221;.<\/p><\/blockquote>\n\n\n\n<figure class=\"wp-block-image size-large\"><img loading=\"lazy\" decoding=\"async\" width=\"1000\" height=\"604\" src=\"https:\/\/jornalfatosenoticias.com.br\/wp-content\/uploads\/2020\/09\/sabia_laranjeira_1.jpg\" alt=\"\" class=\"wp-image-9091\" srcset=\"https:\/\/jornalfatosenoticias.com.br\/wp-content\/uploads\/2020\/09\/sabia_laranjeira_1.jpg 1000w, https:\/\/jornalfatosenoticias.com.br\/wp-content\/uploads\/2020\/09\/sabia_laranjeira_1-300x181.jpg 300w, https:\/\/jornalfatosenoticias.com.br\/wp-content\/uploads\/2020\/09\/sabia_laranjeira_1-768x464.jpg 768w\" sizes=\"auto, (max-width: 1000px) 100vw, 1000px\" \/><figcaption><em>Sabi\u00e1-laranjeira comum sem muta\u00e7\u00e3o gen\u00e9tica (Foto: Terra da Gente\/Arquivo Pessoal)<\/em><\/figcaption><\/figure>\n\n\n\n<p>A expectativa maior agora \u00e9 ver o ciclo reprodutivo da ave se completar. \u201cTento ir at\u00e9 o local v\u00e1rias vezes por semana para quem sabe filmar a c\u00f3pula e conseguir observar poss\u00edveis ovos. Por essa sabi\u00e1 ser leuc\u00edstica, eu consigo diferenci\u00e1-la das outras e ter a certeza que estou observando sempre a mesma ave. O que faz eu aprender mais sobre o comportamento e sobre o ciclo dela\u201d, conta Guilherme.<br>De acordo com Luciano Lima, h\u00e1 chances dos filhotes nascerem com a mesma muta\u00e7\u00e3o da m\u00e3e: \u201cPor ser um fen\u00f4meno com base gen\u00e9tica, \u00e9 poss\u00edvel sim ser uma caracter\u00edstica que seja herdada tamb\u00e9m por algum filhote\u201d, finaliza.<\/p>\n\n\n\n<figure class=\"wp-block-image size-large\"><img loading=\"lazy\" decoding=\"async\" width=\"724\" height=\"1024\" src=\"https:\/\/jornalfatosenoticias.com.br\/wp-content\/uploads\/2020\/09\/sabia_laranjeira_2-724x1024.jpg\" alt=\"\" class=\"wp-image-9092\" srcset=\"https:\/\/jornalfatosenoticias.com.br\/wp-content\/uploads\/2020\/09\/sabia_laranjeira_2-724x1024.jpg 724w, https:\/\/jornalfatosenoticias.com.br\/wp-content\/uploads\/2020\/09\/sabia_laranjeira_2-212x300.jpg 212w, https:\/\/jornalfatosenoticias.com.br\/wp-content\/uploads\/2020\/09\/sabia_laranjeira_2-768x1086.jpg 768w, https:\/\/jornalfatosenoticias.com.br\/wp-content\/uploads\/2020\/09\/sabia_laranjeira_2.jpg 984w\" sizes=\"auto, (max-width: 724px) 100vw, 724px\" \/><figcaption><em>Como todo ser vivo as aves podem ser acometidas por diversas altera\u00e7\u00f5es f\u00edsicas, principalmente nas cores (Foto: Arte\/TG)<\/em><\/figcaption><\/figure>\n\n\n\n<p><strong><em>Fonte: <a href=\"https:\/\/noticias.ambientebrasil.com.br\/clipping\/2020\/09\/18\/163308-voce-ja-viu-um-sabia-laranjeira-branco.html\">Ambiente Brasil<\/a><\/em><\/strong><\/p>\n","protected":false},"excerpt":{"rendered":"<p>Encontrar um sabi\u00e1-laranjeira por a\u00ed n\u00e3o \u00e9 uma cena t\u00e3o rara. Agora, flagrar uma ave da esp\u00e9cie com leucismo e ainda fazendo um ninho, a\u00ed j\u00e1 \u00e9 sorte grande demais.Foi o que aconteceu h\u00e1 poucos dias com o fot\u00f3grafo e produtor audiovisual Guilherme Andrighetto, em Curitiba. \u201cTenho um projeto pessoal para realizar uma biografia das [&hellip;]<\/p>\n","protected":false},"author":2,"featured_media":9093,"comment_status":"open","ping_status":"open","sticky":false,"template":"","format":"standard","meta":{"footnotes":""},"categories":[8],"tags":[4850,3034,3184,4999,4998],"class_list":["post-9089","post","type-post","status-publish","format-standard","has-post-thumbnail","hentry","category-meio-ambiente","tag-ave","tag-raridade","tag-raro","tag-sabia","tag-sabia-laranjeira"],"yoast_head":"<!-- This site is optimized with the Yoast SEO plugin v26.5 - https:\/\/yoast.com\/wordpress\/plugins\/seo\/ -->\n<title>Voc\u00ea j\u00e1 viu um sabi\u00e1-laranjeira branco? - Jornal Fatos e Not\u00edcias<\/title>\n<meta name=\"robots\" content=\"index, follow, max-snippet:-1, max-image-preview:large, max-video-preview:-1\" \/>\n<link rel=\"canonical\" href=\"https:\/\/jornalfatosenoticias.com.br\/index.php\/2020\/09\/18\/voce-ja-viu-um-sabia-laranjeira-branco\/\" \/>\n<meta property=\"og:locale\" content=\"pt_BR\" \/>\n<meta property=\"og:type\" content=\"article\" \/>\n<meta property=\"og:title\" content=\"Voc\u00ea j\u00e1 viu um sabi\u00e1-laranjeira branco? - Jornal Fatos e Not\u00edcias\" \/>\n<meta property=\"og:description\" content=\"Encontrar um sabi\u00e1-laranjeira por a\u00ed n\u00e3o \u00e9 uma cena t\u00e3o rara. Agora, flagrar uma ave da esp\u00e9cie com leucismo e ainda fazendo um ninho, a\u00ed j\u00e1 \u00e9 sorte grande demais.Foi o que aconteceu h\u00e1 poucos dias com o fot\u00f3grafo e produtor audiovisual Guilherme Andrighetto, em Curitiba. \u201cTenho um projeto pessoal para realizar uma biografia das [&hellip;]\" \/>\n<meta property=\"og:url\" content=\"https:\/\/jornalfatosenoticias.com.br\/index.php\/2020\/09\/18\/voce-ja-viu-um-sabia-laranjeira-branco\/\" \/>\n<meta property=\"og:site_name\" content=\"Jornal Fatos e Not\u00edcias\" \/>\n<meta property=\"article:published_time\" content=\"2020-09-18T18:34:47+00:00\" \/>\n<meta property=\"article:modified_time\" content=\"2020-09-18T18:35:54+00:00\" \/>\n<meta property=\"og:image\" content=\"https:\/\/jornalfatosenoticias.com.br\/wp-content\/uploads\/2020\/09\/sabia_laranjeira_branco_2.jpg\" \/>\n\t<meta property=\"og:image:width\" content=\"1000\" \/>\n\t<meta property=\"og:image:height\" content=\"839\" \/>\n\t<meta property=\"og:image:type\" content=\"image\/jpeg\" \/>\n<meta name=\"author\" content=\"Luzimara Fernandes\" \/>\n<meta name=\"twitter:card\" content=\"summary_large_image\" \/>\n<meta name=\"twitter:label1\" content=\"Escrito por\" \/>\n\t<meta name=\"twitter:data1\" content=\"Luzimara Fernandes\" \/>\n\t<meta name=\"twitter:label2\" content=\"Est. tempo de leitura\" \/>\n\t<meta name=\"twitter:data2\" content=\"3 minutos\" \/>\n<script type=\"application\/ld+json\" class=\"yoast-schema-graph\">{\"@context\":\"https:\/\/schema.org\",\"@graph\":[{\"@type\":\"Article\",\"@id\":\"https:\/\/jornalfatosenoticias.com.br\/index.php\/2020\/09\/18\/voce-ja-viu-um-sabia-laranjeira-branco\/#article\",\"isPartOf\":{\"@id\":\"https:\/\/jornalfatosenoticias.com.br\/index.php\/2020\/09\/18\/voce-ja-viu-um-sabia-laranjeira-branco\/\"},\"author\":{\"name\":\"Luzimara Fernandes\",\"@id\":\"https:\/\/jornalfatosenoticias.com.br\/#\/schema\/person\/d63837fa13ac8666eb9e74e0985d6f81\"},\"headline\":\"Voc\u00ea j\u00e1 viu um sabi\u00e1-laranjeira branco?\",\"datePublished\":\"2020-09-18T18:34:47+00:00\",\"dateModified\":\"2020-09-18T18:35:54+00:00\",\"mainEntityOfPage\":{\"@id\":\"https:\/\/jornalfatosenoticias.com.br\/index.php\/2020\/09\/18\/voce-ja-viu-um-sabia-laranjeira-branco\/\"},\"wordCount\":578,\"commentCount\":0,\"publisher\":{\"@id\":\"https:\/\/jornalfatosenoticias.com.br\/#organization\"},\"image\":{\"@id\":\"https:\/\/jornalfatosenoticias.com.br\/index.php\/2020\/09\/18\/voce-ja-viu-um-sabia-laranjeira-branco\/#primaryimage\"},\"thumbnailUrl\":\"https:\/\/jornalfatosenoticias.com.br\/wp-content\/uploads\/2020\/09\/sabia_laranjeira_branco_2.jpg\",\"keywords\":[\"ave\",\"raridade\",\"raro\",\"sabi\u00e1\",\"sabi\u00e1-laranjeira\"],\"articleSection\":[\"Meio ambiente\"],\"inLanguage\":\"pt-BR\",\"potentialAction\":[{\"@type\":\"CommentAction\",\"name\":\"Comment\",\"target\":[\"https:\/\/jornalfatosenoticias.com.br\/index.php\/2020\/09\/18\/voce-ja-viu-um-sabia-laranjeira-branco\/#respond\"]}]},{\"@type\":\"WebPage\",\"@id\":\"https:\/\/jornalfatosenoticias.com.br\/index.php\/2020\/09\/18\/voce-ja-viu-um-sabia-laranjeira-branco\/\",\"url\":\"https:\/\/jornalfatosenoticias.com.br\/index.php\/2020\/09\/18\/voce-ja-viu-um-sabia-laranjeira-branco\/\",\"name\":\"Voc\u00ea j\u00e1 viu um sabi\u00e1-laranjeira branco? - Jornal Fatos e Not\u00edcias\",\"isPartOf\":{\"@id\":\"https:\/\/jornalfatosenoticias.com.br\/#website\"},\"primaryImageOfPage\":{\"@id\":\"https:\/\/jornalfatosenoticias.com.br\/index.php\/2020\/09\/18\/voce-ja-viu-um-sabia-laranjeira-branco\/#primaryimage\"},\"image\":{\"@id\":\"https:\/\/jornalfatosenoticias.com.br\/index.php\/2020\/09\/18\/voce-ja-viu-um-sabia-laranjeira-branco\/#primaryimage\"},\"thumbnailUrl\":\"https:\/\/jornalfatosenoticias.com.br\/wp-content\/uploads\/2020\/09\/sabia_laranjeira_branco_2.jpg\",\"datePublished\":\"2020-09-18T18:34:47+00:00\",\"dateModified\":\"2020-09-18T18:35:54+00:00\",\"breadcrumb\":{\"@id\":\"https:\/\/jornalfatosenoticias.com.br\/index.php\/2020\/09\/18\/voce-ja-viu-um-sabia-laranjeira-branco\/#breadcrumb\"},\"inLanguage\":\"pt-BR\",\"potentialAction\":[{\"@type\":\"ReadAction\",\"target\":[\"https:\/\/jornalfatosenoticias.com.br\/index.php\/2020\/09\/18\/voce-ja-viu-um-sabia-laranjeira-branco\/\"]}]},{\"@type\":\"ImageObject\",\"inLanguage\":\"pt-BR\",\"@id\":\"https:\/\/jornalfatosenoticias.com.br\/index.php\/2020\/09\/18\/voce-ja-viu-um-sabia-laranjeira-branco\/#primaryimage\",\"url\":\"https:\/\/jornalfatosenoticias.com.br\/wp-content\/uploads\/2020\/09\/sabia_laranjeira_branco_2.jpg\",\"contentUrl\":\"https:\/\/jornalfatosenoticias.com.br\/wp-content\/uploads\/2020\/09\/sabia_laranjeira_branco_2.jpg\",\"width\":1000,\"height\":839},{\"@type\":\"BreadcrumbList\",\"@id\":\"https:\/\/jornalfatosenoticias.com.br\/index.php\/2020\/09\/18\/voce-ja-viu-um-sabia-laranjeira-branco\/#breadcrumb\",\"itemListElement\":[{\"@type\":\"ListItem\",\"position\":1,\"name\":\"In\u00edcio\",\"item\":\"https:\/\/jornalfatosenoticias.com.br\/\"},{\"@type\":\"ListItem\",\"position\":2,\"name\":\"Voc\u00ea j\u00e1 viu um sabi\u00e1-laranjeira branco?\"}]},{\"@type\":\"WebSite\",\"@id\":\"https:\/\/jornalfatosenoticias.com.br\/#website\",\"url\":\"https:\/\/jornalfatosenoticias.com.br\/\",\"name\":\"Jornal Fatos e Not\u00edcias\",\"description\":\"Not\u00edcias em geral\",\"publisher\":{\"@id\":\"https:\/\/jornalfatosenoticias.com.br\/#organization\"},\"potentialAction\":[{\"@type\":\"SearchAction\",\"target\":{\"@type\":\"EntryPoint\",\"urlTemplate\":\"https:\/\/jornalfatosenoticias.com.br\/?s={search_term_string}\"},\"query-input\":{\"@type\":\"PropertyValueSpecification\",\"valueRequired\":true,\"valueName\":\"search_term_string\"}}],\"inLanguage\":\"pt-BR\"},{\"@type\":\"Organization\",\"@id\":\"https:\/\/jornalfatosenoticias.com.br\/#organization\",\"name\":\"Jornal Fatos e Not\u00edcias\",\"url\":\"https:\/\/jornalfatosenoticias.com.br\/\",\"logo\":{\"@type\":\"ImageObject\",\"inLanguage\":\"pt-BR\",\"@id\":\"https:\/\/jornalfatosenoticias.com.br\/#\/schema\/logo\/image\/\",\"url\":\"https:\/\/jornalfatosenoticias.com.br\/wp-content\/uploads\/2020\/02\/logo120.png\",\"contentUrl\":\"https:\/\/jornalfatosenoticias.com.br\/wp-content\/uploads\/2020\/02\/logo120.png\",\"width\":1227,\"height\":120,\"caption\":\"Jornal Fatos e Not\u00edcias\"},\"image\":{\"@id\":\"https:\/\/jornalfatosenoticias.com.br\/#\/schema\/logo\/image\/\"}},{\"@type\":\"Person\",\"@id\":\"https:\/\/jornalfatosenoticias.com.br\/#\/schema\/person\/d63837fa13ac8666eb9e74e0985d6f81\",\"name\":\"Luzimara Fernandes\",\"image\":{\"@type\":\"ImageObject\",\"inLanguage\":\"pt-BR\",\"@id\":\"https:\/\/jornalfatosenoticias.com.br\/#\/schema\/person\/image\/\",\"url\":\"https:\/\/jornalfatosenoticias.com.br\/wp-content\/uploads\/2025\/05\/EU_portal.jpg\",\"contentUrl\":\"https:\/\/jornalfatosenoticias.com.br\/wp-content\/uploads\/2025\/05\/EU_portal.jpg\",\"caption\":\"Luzimara Fernandes\"},\"description\":\"Jornalista MTB 2358-ES\",\"sameAs\":[\"https:\/\/jornalfatosenoticias.com.br\"],\"url\":\"https:\/\/jornalfatosenoticias.com.br\/index.php\/author\/luzimara\/\"}]}<\/script>\n<!-- \/ Yoast SEO plugin. -->","yoast_head_json":{"title":"Voc\u00ea j\u00e1 viu um sabi\u00e1-laranjeira branco? - Jornal Fatos e Not\u00edcias","robots":{"index":"index","follow":"follow","max-snippet":"max-snippet:-1","max-image-preview":"max-image-preview:large","max-video-preview":"max-video-preview:-1"},"canonical":"https:\/\/jornalfatosenoticias.com.br\/index.php\/2020\/09\/18\/voce-ja-viu-um-sabia-laranjeira-branco\/","og_locale":"pt_BR","og_type":"article","og_title":"Voc\u00ea j\u00e1 viu um sabi\u00e1-laranjeira branco? - Jornal Fatos e Not\u00edcias","og_description":"Encontrar um sabi\u00e1-laranjeira por a\u00ed n\u00e3o \u00e9 uma cena t\u00e3o rara. Agora, flagrar uma ave da esp\u00e9cie com leucismo e ainda fazendo um ninho, a\u00ed j\u00e1 \u00e9 sorte grande demais.Foi o que aconteceu h\u00e1 poucos dias com o fot\u00f3grafo e produtor audiovisual Guilherme Andrighetto, em Curitiba. \u201cTenho um projeto pessoal para realizar uma biografia das [&hellip;]","og_url":"https:\/\/jornalfatosenoticias.com.br\/index.php\/2020\/09\/18\/voce-ja-viu-um-sabia-laranjeira-branco\/","og_site_name":"Jornal Fatos e Not\u00edcias","article_published_time":"2020-09-18T18:34:47+00:00","article_modified_time":"2020-09-18T18:35:54+00:00","og_image":[{"width":1000,"height":839,"url":"https:\/\/jornalfatosenoticias.com.br\/wp-content\/uploads\/2020\/09\/sabia_laranjeira_branco_2.jpg","type":"image\/jpeg"}],"author":"Luzimara Fernandes","twitter_card":"summary_large_image","twitter_misc":{"Escrito por":"Luzimara Fernandes","Est. tempo de leitura":"3 minutos"},"schema":{"@context":"https:\/\/schema.org","@graph":[{"@type":"Article","@id":"https:\/\/jornalfatosenoticias.com.br\/index.php\/2020\/09\/18\/voce-ja-viu-um-sabia-laranjeira-branco\/#article","isPartOf":{"@id":"https:\/\/jornalfatosenoticias.com.br\/index.php\/2020\/09\/18\/voce-ja-viu-um-sabia-laranjeira-branco\/"},"author":{"name":"Luzimara Fernandes","@id":"https:\/\/jornalfatosenoticias.com.br\/#\/schema\/person\/d63837fa13ac8666eb9e74e0985d6f81"},"headline":"Voc\u00ea j\u00e1 viu um sabi\u00e1-laranjeira branco?","datePublished":"2020-09-18T18:34:47+00:00","dateModified":"2020-09-18T18:35:54+00:00","mainEntityOfPage":{"@id":"https:\/\/jornalfatosenoticias.com.br\/index.php\/2020\/09\/18\/voce-ja-viu-um-sabia-laranjeira-branco\/"},"wordCount":578,"commentCount":0,"publisher":{"@id":"https:\/\/jornalfatosenoticias.com.br\/#organization"},"image":{"@id":"https:\/\/jornalfatosenoticias.com.br\/index.php\/2020\/09\/18\/voce-ja-viu-um-sabia-laranjeira-branco\/#primaryimage"},"thumbnailUrl":"https:\/\/jornalfatosenoticias.com.br\/wp-content\/uploads\/2020\/09\/sabia_laranjeira_branco_2.jpg","keywords":["ave","raridade","raro","sabi\u00e1","sabi\u00e1-laranjeira"],"articleSection":["Meio ambiente"],"inLanguage":"pt-BR","potentialAction":[{"@type":"CommentAction","name":"Comment","target":["https:\/\/jornalfatosenoticias.com.br\/index.php\/2020\/09\/18\/voce-ja-viu-um-sabia-laranjeira-branco\/#respond"]}]},{"@type":"WebPage","@id":"https:\/\/jornalfatosenoticias.com.br\/index.php\/2020\/09\/18\/voce-ja-viu-um-sabia-laranjeira-branco\/","url":"https:\/\/jornalfatosenoticias.com.br\/index.php\/2020\/09\/18\/voce-ja-viu-um-sabia-laranjeira-branco\/","name":"Voc\u00ea j\u00e1 viu um sabi\u00e1-laranjeira branco? - Jornal Fatos e Not\u00edcias","isPartOf":{"@id":"https:\/\/jornalfatosenoticias.com.br\/#website"},"primaryImageOfPage":{"@id":"https:\/\/jornalfatosenoticias.com.br\/index.php\/2020\/09\/18\/voce-ja-viu-um-sabia-laranjeira-branco\/#primaryimage"},"image":{"@id":"https:\/\/jornalfatosenoticias.com.br\/index.php\/2020\/09\/18\/voce-ja-viu-um-sabia-laranjeira-branco\/#primaryimage"},"thumbnailUrl":"https:\/\/jornalfatosenoticias.com.br\/wp-content\/uploads\/2020\/09\/sabia_laranjeira_branco_2.jpg","datePublished":"2020-09-18T18:34:47+00:00","dateModified":"2020-09-18T18:35:54+00:00","breadcrumb":{"@id":"https:\/\/jornalfatosenoticias.com.br\/index.php\/2020\/09\/18\/voce-ja-viu-um-sabia-laranjeira-branco\/#breadcrumb"},"inLanguage":"pt-BR","potentialAction":[{"@type":"ReadAction","target":["https:\/\/jornalfatosenoticias.com.br\/index.php\/2020\/09\/18\/voce-ja-viu-um-sabia-laranjeira-branco\/"]}]},{"@type":"ImageObject","inLanguage":"pt-BR","@id":"https:\/\/jornalfatosenoticias.com.br\/index.php\/2020\/09\/18\/voce-ja-viu-um-sabia-laranjeira-branco\/#primaryimage","url":"https:\/\/jornalfatosenoticias.com.br\/wp-content\/uploads\/2020\/09\/sabia_laranjeira_branco_2.jpg","contentUrl":"https:\/\/jornalfatosenoticias.com.br\/wp-content\/uploads\/2020\/09\/sabia_laranjeira_branco_2.jpg","width":1000,"height":839},{"@type":"BreadcrumbList","@id":"https:\/\/jornalfatosenoticias.com.br\/index.php\/2020\/09\/18\/voce-ja-viu-um-sabia-laranjeira-branco\/#breadcrumb","itemListElement":[{"@type":"ListItem","position":1,"name":"In\u00edcio","item":"https:\/\/jornalfatosenoticias.com.br\/"},{"@type":"ListItem","position":2,"name":"Voc\u00ea j\u00e1 viu um sabi\u00e1-laranjeira branco?"}]},{"@type":"WebSite","@id":"https:\/\/jornalfatosenoticias.com.br\/#website","url":"https:\/\/jornalfatosenoticias.com.br\/","name":"Jornal Fatos e Not\u00edcias","description":"Not\u00edcias em geral","publisher":{"@id":"https:\/\/jornalfatosenoticias.com.br\/#organization"},"potentialAction":[{"@type":"SearchAction","target":{"@type":"EntryPoint","urlTemplate":"https:\/\/jornalfatosenoticias.com.br\/?s={search_term_string}"},"query-input":{"@type":"PropertyValueSpecification","valueRequired":true,"valueName":"search_term_string"}}],"inLanguage":"pt-BR"},{"@type":"Organization","@id":"https:\/\/jornalfatosenoticias.com.br\/#organization","name":"Jornal Fatos e Not\u00edcias","url":"https:\/\/jornalfatosenoticias.com.br\/","logo":{"@type":"ImageObject","inLanguage":"pt-BR","@id":"https:\/\/jornalfatosenoticias.com.br\/#\/schema\/logo\/image\/","url":"https:\/\/jornalfatosenoticias.com.br\/wp-content\/uploads\/2020\/02\/logo120.png","contentUrl":"https:\/\/jornalfatosenoticias.com.br\/wp-content\/uploads\/2020\/02\/logo120.png","width":1227,"height":120,"caption":"Jornal Fatos e Not\u00edcias"},"image":{"@id":"https:\/\/jornalfatosenoticias.com.br\/#\/schema\/logo\/image\/"}},{"@type":"Person","@id":"https:\/\/jornalfatosenoticias.com.br\/#\/schema\/person\/d63837fa13ac8666eb9e74e0985d6f81","name":"Luzimara Fernandes","image":{"@type":"ImageObject","inLanguage":"pt-BR","@id":"https:\/\/jornalfatosenoticias.com.br\/#\/schema\/person\/image\/","url":"https:\/\/jornalfatosenoticias.com.br\/wp-content\/uploads\/2025\/05\/EU_portal.jpg","contentUrl":"https:\/\/jornalfatosenoticias.com.br\/wp-content\/uploads\/2025\/05\/EU_portal.jpg","caption":"Luzimara Fernandes"},"description":"Jornalista MTB 2358-ES","sameAs":["https:\/\/jornalfatosenoticias.com.br"],"url":"https:\/\/jornalfatosenoticias.com.br\/index.php\/author\/luzimara\/"}]}},"cc_featured_image_caption":{"caption_text":"(Guilherme Andrighetto\/Arquivo Pessoal)","source_text":"","source_url":""},"jetpack_featured_media_url":"https:\/\/jornalfatosenoticias.com.br\/wp-content\/uploads\/2020\/09\/sabia_laranjeira_branco_2.jpg","_links":{"self":[{"href":"https:\/\/jornalfatosenoticias.com.br\/index.php\/wp-json\/wp\/v2\/posts\/9089","targetHints":{"allow":["GET"]}}],"collection":[{"href":"https:\/\/jornalfatosenoticias.com.br\/index.php\/wp-json\/wp\/v2\/posts"}],"about":[{"href":"https:\/\/jornalfatosenoticias.com.br\/index.php\/wp-json\/wp\/v2\/types\/post"}],"author":[{"embeddable":true,"href":"https:\/\/jornalfatosenoticias.com.br\/index.php\/wp-json\/wp\/v2\/users\/2"}],"replies":[{"embeddable":true,"href":"https:\/\/jornalfatosenoticias.com.br\/index.php\/wp-json\/wp\/v2\/comments?post=9089"}],"version-history":[{"count":0,"href":"https:\/\/jornalfatosenoticias.com.br\/index.php\/wp-json\/wp\/v2\/posts\/9089\/revisions"}],"wp:featuredmedia":[{"embeddable":true,"href":"https:\/\/jornalfatosenoticias.com.br\/index.php\/wp-json\/wp\/v2\/media\/9093"}],"wp:attachment":[{"href":"https:\/\/jornalfatosenoticias.com.br\/index.php\/wp-json\/wp\/v2\/media?parent=9089"}],"wp:term":[{"taxonomy":"category","embeddable":true,"href":"https:\/\/jornalfatosenoticias.com.br\/index.php\/wp-json\/wp\/v2\/categories?post=9089"},{"taxonomy":"post_tag","embeddable":true,"href":"https:\/\/jornalfatosenoticias.com.br\/index.php\/wp-json\/wp\/v2\/tags?post=9089"}],"curies":[{"name":"wp","href":"https:\/\/api.w.org\/{rel}","templated":true}]}}