{"id":9177,"date":"2020-09-22T19:04:13","date_gmt":"2020-09-22T22:04:13","guid":{"rendered":"https:\/\/jornalfatosenoticias.com.br\/?p=9177"},"modified":"2020-09-22T19:04:31","modified_gmt":"2020-09-22T22:04:31","slug":"as-mulheres-e-as-politicas-publicas","status":"publish","type":"post","link":"https:\/\/jornalfatosenoticias.com.br\/index.php\/2020\/09\/22\/as-mulheres-e-as-politicas-publicas\/","title":{"rendered":"As mulheres e as pol\u00edticas p\u00fablicas"},"content":{"rendered":"\n<h6 class=\"wp-block-heading\"><em>Por mais mulheres em todas as \u00e1reas da sociedade<\/em><\/h6>\n\n\n\n<p>No Brasil, segundo dados da Pesquisa Nacional por Amostra de Domic\u00edlios Cont\u00ednua (Pnad) 2019, o n\u00famero de mulheres \u00e9 superior ao de homens. Sendo a popula\u00e7\u00e3o brasileira composta por 48,2% de homens e 51,8% de mulheres. No entanto, essa superioridade num\u00e9rica, n\u00e3o significa igualdade de g\u00eaneros.<br>Culturalmente, o pensamento machista no nosso Pa\u00eds \u00e9 inerente aos diversos aspectos da nossa sociedade, seja na economia, na pol\u00edtica, na religi\u00e3o, na fam\u00edlia, na m\u00eddia, nas artes e em tantos outros segmentos.<br>Apesar de ser maioria nos bancos das faculdades, terem maior grau de escolaridade e serem mais sens\u00edveis \u00e0s causas sociais, na pol\u00edtica elas ainda n\u00e3o t\u00eam a representatividade devida o que, felizmente, vem mudando a cada elei\u00e7\u00e3o, com n\u00fameros cada vez maiores de candidatas.<br>Na \u00faltima sexta-feira (18), a <strong>coluna<\/strong> <strong>Olhar de uma Lente<\/strong> ouviu mulheres que mergulharam de cabe\u00e7a na pol\u00edtica para tentar mudar coisas e causas que, para elas, s\u00e3o injustas.<br>Segundo Keila de Arruda L\u00edrio Silva, h\u00e1 uma necessidade muito grande de empatia na pol\u00edtica e que, apesar da desigualdade existente em n\u00fameros, elas podem, sim, fazer a diferen\u00e7a, podem inovar e fazer melhorias para o desenvolvimento e crescimento do munic\u00edpio, do Estado e do Pa\u00eds. \u201cO nosso munic\u00edpio est\u00e1 carente, est\u00e1 na UTI, em todos os aspectos. Podemos pegar como exemplo o esporte, atrav\u00e9s dele a gente pode ter um turismo com qualidade, fazer de nossos jovens pessoas mais determinadas, focadas e disciplinadas. Existem tr\u00eas tipos de ciclistas, os esportistas, o que pedala por prazer e o trabalhador, que utiliza a bicicleta como ve\u00edculo de transporte. Precisamos investir nas nossas ciclovias\u201d, analisa.<\/p>\n\n\n\n<figure class=\"wp-block-image size-large\"><img loading=\"lazy\" decoding=\"async\" width=\"1000\" height=\"513\" src=\"https:\/\/jornalfatosenoticias.com.br\/wp-content\/uploads\/2020\/09\/Olhar-372-B.jpg\" alt=\"\" class=\"wp-image-9178\" srcset=\"https:\/\/jornalfatosenoticias.com.br\/wp-content\/uploads\/2020\/09\/Olhar-372-B.jpg 1000w, https:\/\/jornalfatosenoticias.com.br\/wp-content\/uploads\/2020\/09\/Olhar-372-B-300x154.jpg 300w, https:\/\/jornalfatosenoticias.com.br\/wp-content\/uploads\/2020\/09\/Olhar-372-B-768x394.jpg 768w\" sizes=\"auto, (max-width: 1000px) 100vw, 1000px\" \/><figcaption><em>Crian\u00e7as praticando esporte (Foto: elase.com.br)<\/em><\/figcaption><\/figure>\n\n\n\n<p>Para Nice Lopes Garcia, formada em gest\u00e3o p\u00fablica e ex-l\u00edder comunit\u00e1ria da comunidade Jardim Bela Vista, muitas pessoas vivem \u00e0 margem da sociedade devido \u00e0 falta de pol\u00edticas p\u00fablicas que abracem a sociedade como um todo. \u201cNossos jovens est\u00e3o ociosos, sem ocupa\u00e7\u00e3o e com dificuldade de se inserir no mercado de trabalho. O munic\u00edpio tem a obriga\u00e7\u00e3o de oferecer espa\u00e7os para a cria\u00e7\u00e3o de cursos de capacita\u00e7\u00e3o e, na educa\u00e7\u00e3o, dar \u00eanfase nas escolas de tempo integral. N\u00f3s, mulheres, temos um cora\u00e7\u00e3o mais humano do que os homens, temos mais sensibilidade de olhar o pr\u00f3ximo e sentir suas dores. Precisamos conquistar o respeito e o espa\u00e7o devido na pol\u00edtica\u201d, afirma.<br>Rafaela Galileu Serri Costa, delegada da Federa\u00e7\u00e3o das Associa\u00e7\u00f5es de Moradores da Serra (Fams) e diretora da comunidade de Bicanga, se diz preocupada com um tema recorrente em todas as classes sociais: a viol\u00eancia dom\u00e9stica. \u201cA import\u00e2ncia da mulher na pol\u00edtica merece destaque pela sua sensibilidade. Temos um olhar social mais igualit\u00e1rio, estamos sempre acolhendo o pr\u00f3ximo. Precisamos de mudan\u00e7as nas leis de combate \u00e0 viol\u00eancia contra a mulher e na viol\u00eancia dom\u00e9stica. Nesse sentido, o munic\u00edpio tem o dever de construir equipamentos preparados para acolher essas pessoas que sofrem essa viol\u00eancia e investir em projetos que previna esses fatos. N\u00e3o podemos simplesmente remediar, temos que investir na educa\u00e7\u00e3o (cursos, oficinas de artes). Precisamos gerar sonhos, ele impulsiona \u00e0 coragem, s\u00f3 assim evitaremos essas atrocidades. Estou na pol\u00edtica porque sonhei, impulsionei e idealizei algo, aproveito o momento para dizer que estou apenas come\u00e7ando essa jornada\u201d, diz.<\/p>\n\n\n\n<figure class=\"wp-block-image size-large\"><img loading=\"lazy\" decoding=\"async\" width=\"1000\" height=\"667\" src=\"https:\/\/jornalfatosenoticias.com.br\/wp-content\/uploads\/2020\/09\/Olhar-372C.jpg\" alt=\"\" class=\"wp-image-9179\" srcset=\"https:\/\/jornalfatosenoticias.com.br\/wp-content\/uploads\/2020\/09\/Olhar-372C.jpg 1000w, https:\/\/jornalfatosenoticias.com.br\/wp-content\/uploads\/2020\/09\/Olhar-372C-300x200.jpg 300w, https:\/\/jornalfatosenoticias.com.br\/wp-content\/uploads\/2020\/09\/Olhar-372C-768x512.jpg 768w\" sizes=\"auto, (max-width: 1000px) 100vw, 1000px\" \/><figcaption><em>Agricultor (Foto: Portal DBO)<\/em><\/figcaption><\/figure>\n\n\n\n<p>Rita de C\u00e1ssia da Silva, formada em pedagogia, disse ter entrado na pol\u00edtica para defender um futuro das nossa crian\u00e7as. \u201cTrabalhei em alguns centros de educa\u00e7\u00e3o infantil do munic\u00edpio e pude observar a ang\u00fastia das fam\u00edlias nessa \u00e1rea e tamb\u00e9m na sa\u00fade. Algumas fam\u00edlias tinham e continuam tendo dificuldades em conseguir um neuropediatra para atendimento de suas crian\u00e7as. S\u00e3o muitas crian\u00e7as com d\u00e9ficit de aten\u00e7\u00e3o, com necessidades especiais e, muitas vezes, essas fam\u00edlias levam anos para conseguir uma consulta com esse profissional. Por esse motivo, estou na pol\u00edtica para tentar mudar essa realidade. Defendo a sociedade como um todo\u201d, pontua.<br>Para a pedagoga Creuza Costa, formada pela Universidade Federal do ES (Ufes), o seu grande desafio \u00e9 defender pol\u00edticas na agricultura, na educa\u00e7\u00e3o, no esporte e na sa\u00fade. \u201cO produtor rural, quando d\u00e1 entrada num processo, \u00e9 desestimulado pela burocracia. Precisamos de mais t\u00e9cnicos na administra\u00e7\u00e3o p\u00fablica. Defender a agricultura significa defender o alimento da sua mesa. Sou do interior e sempre estive \u00e0 frente de projetos para produtores rurais. Em alguns munic\u00edpios, menores at\u00e9 que a Serra, j\u00e1 existem associa\u00e7\u00e3o conjunta que exporta e, aqui, a gente n\u00e3o v\u00ea isso. A sa\u00fade precisa de mais tecnologia, estamos muito atrasados nesse quesito. A Serra precisa de um novo plano, um novo projeto que leve qualidade de vida \u00e0 popula\u00e7\u00e3o\u201d, cobra.<\/p>\n\n\n\n<figure class=\"wp-block-image size-large\"><img loading=\"lazy\" decoding=\"async\" width=\"1000\" height=\"523\" src=\"https:\/\/jornalfatosenoticias.com.br\/wp-content\/uploads\/2020\/09\/educacao-inclusiva.jpg\" alt=\"\" class=\"wp-image-9180\" srcset=\"https:\/\/jornalfatosenoticias.com.br\/wp-content\/uploads\/2020\/09\/educacao-inclusiva.jpg 1000w, https:\/\/jornalfatosenoticias.com.br\/wp-content\/uploads\/2020\/09\/educacao-inclusiva-300x157.jpg 300w, https:\/\/jornalfatosenoticias.com.br\/wp-content\/uploads\/2020\/09\/educacao-inclusiva-768x402.jpg 768w\" sizes=\"auto, (max-width: 1000px) 100vw, 1000px\" \/><figcaption><em>Educa\u00e7\u00e3o inclusiva (Foto: atividadeparaeducacao.com)<\/em><\/figcaption><\/figure>\n\n\n\n<p>A reportagem entrevistou tamb\u00e9m V\u00e2nia Parreira, da comunidade de Divin\u00f3polis; Adenilde Aguilar (A Mulher-Maravilha), comerciante de Central Carapina e moradora de S\u00e3o Diogo; Elaine dos Santos (Elaine da Sa\u00fade), formada em administra\u00e7\u00e3o e p\u00f3s-graduada em Sa\u00fade P\u00fablica, da comunidade de Maring\u00e1; Rita Pimentel, da comunidade de Valpara\u00edso; Nanci Iban\u00eaz, da comunidade Parque Residencial Laranjeiras; Carol Feitosa, gestora em tecnologia Ambiental, da comunidade de Serra Dourada e Mara Reis, da comunidade de Carapina Grande.<br>Apesar de n\u00e3o ter publicado os prop\u00f3sitos e as opini\u00f5es de todas as entrevistadas, ficou claro e muito n\u00edtido que a mulher, na sua ess\u00eancia, deveria servir de exemplo para homens que se colocam acima da lei por arrog\u00e2ncia, soberba e vasta mediocridade.<\/p>\n\n\n\n<figure class=\"wp-block-image size-large\"><img loading=\"lazy\" decoding=\"async\" width=\"1000\" height=\"783\" src=\"https:\/\/jornalfatosenoticias.com.br\/wp-content\/uploads\/2020\/09\/Olhar-372E.png\" alt=\"\" class=\"wp-image-9181\" srcset=\"https:\/\/jornalfatosenoticias.com.br\/wp-content\/uploads\/2020\/09\/Olhar-372E.png 1000w, https:\/\/jornalfatosenoticias.com.br\/wp-content\/uploads\/2020\/09\/Olhar-372E-300x235.png 300w, https:\/\/jornalfatosenoticias.com.br\/wp-content\/uploads\/2020\/09\/Olhar-372E-768x601.png 768w\" sizes=\"auto, (max-width: 1000px) 100vw, 1000px\" \/><\/figure>\n\n\n\n<p>A grande tela que retrata as injusti\u00e7as sociais vividas por essas aguerridas mulheres s\u00f3 as fazem mais fortes, mais robustas e mais conscientes de seus prop\u00f3sitos a ponto de romper os obst\u00e1culos e preconceitos mais sombrios dessa caminhada, que ter\u00e1 como triunfo o reconhecimento de seus ideais. Por mais mulheres em todas as \u00e1reas da sociedade. Exemplos de que elas sabem o que fazem n\u00e3o faltam como s\u00e3o a primeira-ministra neozelandesa Jacinda Ardern; a chanceler alem\u00e3, Angela Merkel; Sophie Wilm\u00e8s, primeira-ministra da B\u00e9lgica; Sanna Marin, primeira-ministra da Finl\u00e2ndia; a primeira-ministra islandesa Katr\u00edn Jakobsd\u00f3ttir e Mette Frederiksen, primeira-ministra da Dinamarca. Todas l\u00edderes de na\u00e7\u00f5es desenvolvidas e que mostraram compet\u00eancia no controle da pandemia de Covid-19.<\/p>\n","protected":false},"excerpt":{"rendered":"<p>Por mais mulheres em todas as \u00e1reas da sociedade No Brasil, segundo dados da Pesquisa Nacional por Amostra de Domic\u00edlios Cont\u00ednua (Pnad) 2019, o n\u00famero de mulheres \u00e9 superior ao de homens. Sendo a popula\u00e7\u00e3o brasileira composta por 48,2% de homens e 51,8% de mulheres. No entanto, essa superioridade num\u00e9rica, n\u00e3o significa igualdade de g\u00eaneros.Culturalmente, [&hellip;]<\/p>\n","protected":false},"author":3,"featured_media":9182,"comment_status":"open","ping_status":"open","sticky":false,"template":"","format":"standard","meta":{"footnotes":""},"categories":[10],"tags":[5027,5026,387],"class_list":["post-9177","post","type-post","status-publish","format-standard","has-post-thumbnail","hentry","category-politica","tag-igualdade-de-genero","tag-mulher-na-politica","tag-mulheres"],"yoast_head":"<!-- This site is optimized with the Yoast SEO plugin v26.5 - https:\/\/yoast.com\/wordpress\/plugins\/seo\/ -->\n<title>As mulheres e as pol\u00edticas p\u00fablicas - Jornal Fatos e Not\u00edcias<\/title>\n<meta name=\"robots\" content=\"index, follow, max-snippet:-1, max-image-preview:large, max-video-preview:-1\" \/>\n<link rel=\"canonical\" href=\"https:\/\/jornalfatosenoticias.com.br\/index.php\/2020\/09\/22\/as-mulheres-e-as-politicas-publicas\/\" \/>\n<meta property=\"og:locale\" content=\"pt_BR\" \/>\n<meta property=\"og:type\" content=\"article\" \/>\n<meta property=\"og:title\" content=\"As mulheres e as pol\u00edticas p\u00fablicas - Jornal Fatos e Not\u00edcias\" \/>\n<meta property=\"og:description\" content=\"Por mais mulheres em todas as \u00e1reas da sociedade No Brasil, segundo dados da Pesquisa Nacional por Amostra de Domic\u00edlios Cont\u00ednua (Pnad) 2019, o n\u00famero de mulheres \u00e9 superior ao de homens. Sendo a popula\u00e7\u00e3o brasileira composta por 48,2% de homens e 51,8% de mulheres. No entanto, essa superioridade num\u00e9rica, n\u00e3o significa igualdade de g\u00eaneros.Culturalmente, [&hellip;]\" \/>\n<meta property=\"og:url\" content=\"https:\/\/jornalfatosenoticias.com.br\/index.php\/2020\/09\/22\/as-mulheres-e-as-politicas-publicas\/\" \/>\n<meta property=\"og:site_name\" content=\"Jornal Fatos e Not\u00edcias\" \/>\n<meta property=\"article:published_time\" content=\"2020-09-22T22:04:13+00:00\" \/>\n<meta property=\"article:modified_time\" content=\"2020-09-22T22:04:31+00:00\" \/>\n<meta property=\"og:image\" content=\"https:\/\/jornalfatosenoticias.com.br\/wp-content\/uploads\/2020\/09\/credito_haroldo-cordeiro-filho.jpg\" \/>\n\t<meta property=\"og:image:width\" content=\"1000\" \/>\n\t<meta property=\"og:image:height\" content=\"544\" \/>\n\t<meta property=\"og:image:type\" content=\"image\/jpeg\" \/>\n<meta name=\"author\" content=\"Haroldo Filho\" \/>\n<meta name=\"twitter:card\" content=\"summary_large_image\" \/>\n<meta name=\"twitter:label1\" content=\"Escrito por\" \/>\n\t<meta name=\"twitter:data1\" content=\"Haroldo Filho\" \/>\n\t<meta name=\"twitter:label2\" content=\"Est. tempo de leitura\" \/>\n\t<meta name=\"twitter:data2\" content=\"6 minutos\" \/>\n<script type=\"application\/ld+json\" class=\"yoast-schema-graph\">{\"@context\":\"https:\/\/schema.org\",\"@graph\":[{\"@type\":\"Article\",\"@id\":\"https:\/\/jornalfatosenoticias.com.br\/index.php\/2020\/09\/22\/as-mulheres-e-as-politicas-publicas\/#article\",\"isPartOf\":{\"@id\":\"https:\/\/jornalfatosenoticias.com.br\/index.php\/2020\/09\/22\/as-mulheres-e-as-politicas-publicas\/\"},\"author\":{\"name\":\"Haroldo Filho\",\"@id\":\"https:\/\/jornalfatosenoticias.com.br\/#\/schema\/person\/05c46cc25b42a5c27e004fb0fa6b4965\"},\"headline\":\"As mulheres e as pol\u00edticas p\u00fablicas\",\"datePublished\":\"2020-09-22T22:04:13+00:00\",\"dateModified\":\"2020-09-22T22:04:31+00:00\",\"mainEntityOfPage\":{\"@id\":\"https:\/\/jornalfatosenoticias.com.br\/index.php\/2020\/09\/22\/as-mulheres-e-as-politicas-publicas\/\"},\"wordCount\":1118,\"commentCount\":0,\"publisher\":{\"@id\":\"https:\/\/jornalfatosenoticias.com.br\/#organization\"},\"image\":{\"@id\":\"https:\/\/jornalfatosenoticias.com.br\/index.php\/2020\/09\/22\/as-mulheres-e-as-politicas-publicas\/#primaryimage\"},\"thumbnailUrl\":\"https:\/\/jornalfatosenoticias.com.br\/wp-content\/uploads\/2020\/09\/credito_haroldo-cordeiro-filho.jpg\",\"keywords\":[\"igualdade de g\u00eanero\",\"mulher na pol\u00edtica\",\"mulheres\"],\"articleSection\":[\"Pol\u00edtica\"],\"inLanguage\":\"pt-BR\",\"potentialAction\":[{\"@type\":\"CommentAction\",\"name\":\"Comment\",\"target\":[\"https:\/\/jornalfatosenoticias.com.br\/index.php\/2020\/09\/22\/as-mulheres-e-as-politicas-publicas\/#respond\"]}]},{\"@type\":\"WebPage\",\"@id\":\"https:\/\/jornalfatosenoticias.com.br\/index.php\/2020\/09\/22\/as-mulheres-e-as-politicas-publicas\/\",\"url\":\"https:\/\/jornalfatosenoticias.com.br\/index.php\/2020\/09\/22\/as-mulheres-e-as-politicas-publicas\/\",\"name\":\"As mulheres e as pol\u00edticas p\u00fablicas - Jornal Fatos e Not\u00edcias\",\"isPartOf\":{\"@id\":\"https:\/\/jornalfatosenoticias.com.br\/#website\"},\"primaryImageOfPage\":{\"@id\":\"https:\/\/jornalfatosenoticias.com.br\/index.php\/2020\/09\/22\/as-mulheres-e-as-politicas-publicas\/#primaryimage\"},\"image\":{\"@id\":\"https:\/\/jornalfatosenoticias.com.br\/index.php\/2020\/09\/22\/as-mulheres-e-as-politicas-publicas\/#primaryimage\"},\"thumbnailUrl\":\"https:\/\/jornalfatosenoticias.com.br\/wp-content\/uploads\/2020\/09\/credito_haroldo-cordeiro-filho.jpg\",\"datePublished\":\"2020-09-22T22:04:13+00:00\",\"dateModified\":\"2020-09-22T22:04:31+00:00\",\"breadcrumb\":{\"@id\":\"https:\/\/jornalfatosenoticias.com.br\/index.php\/2020\/09\/22\/as-mulheres-e-as-politicas-publicas\/#breadcrumb\"},\"inLanguage\":\"pt-BR\",\"potentialAction\":[{\"@type\":\"ReadAction\",\"target\":[\"https:\/\/jornalfatosenoticias.com.br\/index.php\/2020\/09\/22\/as-mulheres-e-as-politicas-publicas\/\"]}]},{\"@type\":\"ImageObject\",\"inLanguage\":\"pt-BR\",\"@id\":\"https:\/\/jornalfatosenoticias.com.br\/index.php\/2020\/09\/22\/as-mulheres-e-as-politicas-publicas\/#primaryimage\",\"url\":\"https:\/\/jornalfatosenoticias.com.br\/wp-content\/uploads\/2020\/09\/credito_haroldo-cordeiro-filho.jpg\",\"contentUrl\":\"https:\/\/jornalfatosenoticias.com.br\/wp-content\/uploads\/2020\/09\/credito_haroldo-cordeiro-filho.jpg\",\"width\":1000,\"height\":544},{\"@type\":\"BreadcrumbList\",\"@id\":\"https:\/\/jornalfatosenoticias.com.br\/index.php\/2020\/09\/22\/as-mulheres-e-as-politicas-publicas\/#breadcrumb\",\"itemListElement\":[{\"@type\":\"ListItem\",\"position\":1,\"name\":\"In\u00edcio\",\"item\":\"https:\/\/jornalfatosenoticias.com.br\/\"},{\"@type\":\"ListItem\",\"position\":2,\"name\":\"As mulheres e as pol\u00edticas p\u00fablicas\"}]},{\"@type\":\"WebSite\",\"@id\":\"https:\/\/jornalfatosenoticias.com.br\/#website\",\"url\":\"https:\/\/jornalfatosenoticias.com.br\/\",\"name\":\"Jornal Fatos e Not\u00edcias\",\"description\":\"Not\u00edcias em geral\",\"publisher\":{\"@id\":\"https:\/\/jornalfatosenoticias.com.br\/#organization\"},\"potentialAction\":[{\"@type\":\"SearchAction\",\"target\":{\"@type\":\"EntryPoint\",\"urlTemplate\":\"https:\/\/jornalfatosenoticias.com.br\/?s={search_term_string}\"},\"query-input\":{\"@type\":\"PropertyValueSpecification\",\"valueRequired\":true,\"valueName\":\"search_term_string\"}}],\"inLanguage\":\"pt-BR\"},{\"@type\":\"Organization\",\"@id\":\"https:\/\/jornalfatosenoticias.com.br\/#organization\",\"name\":\"Jornal Fatos e Not\u00edcias\",\"url\":\"https:\/\/jornalfatosenoticias.com.br\/\",\"logo\":{\"@type\":\"ImageObject\",\"inLanguage\":\"pt-BR\",\"@id\":\"https:\/\/jornalfatosenoticias.com.br\/#\/schema\/logo\/image\/\",\"url\":\"https:\/\/jornalfatosenoticias.com.br\/wp-content\/uploads\/2020\/02\/logo120.png\",\"contentUrl\":\"https:\/\/jornalfatosenoticias.com.br\/wp-content\/uploads\/2020\/02\/logo120.png\",\"width\":1227,\"height\":120,\"caption\":\"Jornal Fatos e Not\u00edcias\"},\"image\":{\"@id\":\"https:\/\/jornalfatosenoticias.com.br\/#\/schema\/logo\/image\/\"}},{\"@type\":\"Person\",\"@id\":\"https:\/\/jornalfatosenoticias.com.br\/#\/schema\/person\/05c46cc25b42a5c27e004fb0fa6b4965\",\"name\":\"Haroldo Filho\",\"image\":{\"@type\":\"ImageObject\",\"inLanguage\":\"pt-BR\",\"@id\":\"https:\/\/jornalfatosenoticias.com.br\/#\/schema\/person\/image\/\",\"url\":\"https:\/\/jornalfatosenoticias.com.br\/wp-content\/uploads\/2025\/08\/WhatsApp-Image-2025-08-18-at-15.30.28-150x150.jpeg\",\"contentUrl\":\"https:\/\/jornalfatosenoticias.com.br\/wp-content\/uploads\/2025\/08\/WhatsApp-Image-2025-08-18-at-15.30.28-150x150.jpeg\",\"caption\":\"Haroldo Filho\"},\"description\":\"Jornalista \u2013 DRT: 0003818\/ES Coordenador-geral da ONG Educar para Crescer\",\"url\":\"https:\/\/jornalfatosenoticias.com.br\/index.php\/author\/haroldo\/\"}]}<\/script>\n<!-- \/ Yoast SEO plugin. -->","yoast_head_json":{"title":"As mulheres e as pol\u00edticas p\u00fablicas - Jornal Fatos e Not\u00edcias","robots":{"index":"index","follow":"follow","max-snippet":"max-snippet:-1","max-image-preview":"max-image-preview:large","max-video-preview":"max-video-preview:-1"},"canonical":"https:\/\/jornalfatosenoticias.com.br\/index.php\/2020\/09\/22\/as-mulheres-e-as-politicas-publicas\/","og_locale":"pt_BR","og_type":"article","og_title":"As mulheres e as pol\u00edticas p\u00fablicas - Jornal Fatos e Not\u00edcias","og_description":"Por mais mulheres em todas as \u00e1reas da sociedade No Brasil, segundo dados da Pesquisa Nacional por Amostra de Domic\u00edlios Cont\u00ednua (Pnad) 2019, o n\u00famero de mulheres \u00e9 superior ao de homens. Sendo a popula\u00e7\u00e3o brasileira composta por 48,2% de homens e 51,8% de mulheres. No entanto, essa superioridade num\u00e9rica, n\u00e3o significa igualdade de g\u00eaneros.Culturalmente, [&hellip;]","og_url":"https:\/\/jornalfatosenoticias.com.br\/index.php\/2020\/09\/22\/as-mulheres-e-as-politicas-publicas\/","og_site_name":"Jornal Fatos e Not\u00edcias","article_published_time":"2020-09-22T22:04:13+00:00","article_modified_time":"2020-09-22T22:04:31+00:00","og_image":[{"width":1000,"height":544,"url":"https:\/\/jornalfatosenoticias.com.br\/wp-content\/uploads\/2020\/09\/credito_haroldo-cordeiro-filho.jpg","type":"image\/jpeg"}],"author":"Haroldo Filho","twitter_card":"summary_large_image","twitter_misc":{"Escrito por":"Haroldo Filho","Est. tempo de leitura":"6 minutos"},"schema":{"@context":"https:\/\/schema.org","@graph":[{"@type":"Article","@id":"https:\/\/jornalfatosenoticias.com.br\/index.php\/2020\/09\/22\/as-mulheres-e-as-politicas-publicas\/#article","isPartOf":{"@id":"https:\/\/jornalfatosenoticias.com.br\/index.php\/2020\/09\/22\/as-mulheres-e-as-politicas-publicas\/"},"author":{"name":"Haroldo Filho","@id":"https:\/\/jornalfatosenoticias.com.br\/#\/schema\/person\/05c46cc25b42a5c27e004fb0fa6b4965"},"headline":"As mulheres e as pol\u00edticas p\u00fablicas","datePublished":"2020-09-22T22:04:13+00:00","dateModified":"2020-09-22T22:04:31+00:00","mainEntityOfPage":{"@id":"https:\/\/jornalfatosenoticias.com.br\/index.php\/2020\/09\/22\/as-mulheres-e-as-politicas-publicas\/"},"wordCount":1118,"commentCount":0,"publisher":{"@id":"https:\/\/jornalfatosenoticias.com.br\/#organization"},"image":{"@id":"https:\/\/jornalfatosenoticias.com.br\/index.php\/2020\/09\/22\/as-mulheres-e-as-politicas-publicas\/#primaryimage"},"thumbnailUrl":"https:\/\/jornalfatosenoticias.com.br\/wp-content\/uploads\/2020\/09\/credito_haroldo-cordeiro-filho.jpg","keywords":["igualdade de g\u00eanero","mulher na pol\u00edtica","mulheres"],"articleSection":["Pol\u00edtica"],"inLanguage":"pt-BR","potentialAction":[{"@type":"CommentAction","name":"Comment","target":["https:\/\/jornalfatosenoticias.com.br\/index.php\/2020\/09\/22\/as-mulheres-e-as-politicas-publicas\/#respond"]}]},{"@type":"WebPage","@id":"https:\/\/jornalfatosenoticias.com.br\/index.php\/2020\/09\/22\/as-mulheres-e-as-politicas-publicas\/","url":"https:\/\/jornalfatosenoticias.com.br\/index.php\/2020\/09\/22\/as-mulheres-e-as-politicas-publicas\/","name":"As mulheres e as pol\u00edticas p\u00fablicas - Jornal Fatos e Not\u00edcias","isPartOf":{"@id":"https:\/\/jornalfatosenoticias.com.br\/#website"},"primaryImageOfPage":{"@id":"https:\/\/jornalfatosenoticias.com.br\/index.php\/2020\/09\/22\/as-mulheres-e-as-politicas-publicas\/#primaryimage"},"image":{"@id":"https:\/\/jornalfatosenoticias.com.br\/index.php\/2020\/09\/22\/as-mulheres-e-as-politicas-publicas\/#primaryimage"},"thumbnailUrl":"https:\/\/jornalfatosenoticias.com.br\/wp-content\/uploads\/2020\/09\/credito_haroldo-cordeiro-filho.jpg","datePublished":"2020-09-22T22:04:13+00:00","dateModified":"2020-09-22T22:04:31+00:00","breadcrumb":{"@id":"https:\/\/jornalfatosenoticias.com.br\/index.php\/2020\/09\/22\/as-mulheres-e-as-politicas-publicas\/#breadcrumb"},"inLanguage":"pt-BR","potentialAction":[{"@type":"ReadAction","target":["https:\/\/jornalfatosenoticias.com.br\/index.php\/2020\/09\/22\/as-mulheres-e-as-politicas-publicas\/"]}]},{"@type":"ImageObject","inLanguage":"pt-BR","@id":"https:\/\/jornalfatosenoticias.com.br\/index.php\/2020\/09\/22\/as-mulheres-e-as-politicas-publicas\/#primaryimage","url":"https:\/\/jornalfatosenoticias.com.br\/wp-content\/uploads\/2020\/09\/credito_haroldo-cordeiro-filho.jpg","contentUrl":"https:\/\/jornalfatosenoticias.com.br\/wp-content\/uploads\/2020\/09\/credito_haroldo-cordeiro-filho.jpg","width":1000,"height":544},{"@type":"BreadcrumbList","@id":"https:\/\/jornalfatosenoticias.com.br\/index.php\/2020\/09\/22\/as-mulheres-e-as-politicas-publicas\/#breadcrumb","itemListElement":[{"@type":"ListItem","position":1,"name":"In\u00edcio","item":"https:\/\/jornalfatosenoticias.com.br\/"},{"@type":"ListItem","position":2,"name":"As mulheres e as pol\u00edticas p\u00fablicas"}]},{"@type":"WebSite","@id":"https:\/\/jornalfatosenoticias.com.br\/#website","url":"https:\/\/jornalfatosenoticias.com.br\/","name":"Jornal Fatos e Not\u00edcias","description":"Not\u00edcias em geral","publisher":{"@id":"https:\/\/jornalfatosenoticias.com.br\/#organization"},"potentialAction":[{"@type":"SearchAction","target":{"@type":"EntryPoint","urlTemplate":"https:\/\/jornalfatosenoticias.com.br\/?s={search_term_string}"},"query-input":{"@type":"PropertyValueSpecification","valueRequired":true,"valueName":"search_term_string"}}],"inLanguage":"pt-BR"},{"@type":"Organization","@id":"https:\/\/jornalfatosenoticias.com.br\/#organization","name":"Jornal Fatos e Not\u00edcias","url":"https:\/\/jornalfatosenoticias.com.br\/","logo":{"@type":"ImageObject","inLanguage":"pt-BR","@id":"https:\/\/jornalfatosenoticias.com.br\/#\/schema\/logo\/image\/","url":"https:\/\/jornalfatosenoticias.com.br\/wp-content\/uploads\/2020\/02\/logo120.png","contentUrl":"https:\/\/jornalfatosenoticias.com.br\/wp-content\/uploads\/2020\/02\/logo120.png","width":1227,"height":120,"caption":"Jornal Fatos e Not\u00edcias"},"image":{"@id":"https:\/\/jornalfatosenoticias.com.br\/#\/schema\/logo\/image\/"}},{"@type":"Person","@id":"https:\/\/jornalfatosenoticias.com.br\/#\/schema\/person\/05c46cc25b42a5c27e004fb0fa6b4965","name":"Haroldo Filho","image":{"@type":"ImageObject","inLanguage":"pt-BR","@id":"https:\/\/jornalfatosenoticias.com.br\/#\/schema\/person\/image\/","url":"https:\/\/jornalfatosenoticias.com.br\/wp-content\/uploads\/2025\/08\/WhatsApp-Image-2025-08-18-at-15.30.28-150x150.jpeg","contentUrl":"https:\/\/jornalfatosenoticias.com.br\/wp-content\/uploads\/2025\/08\/WhatsApp-Image-2025-08-18-at-15.30.28-150x150.jpeg","caption":"Haroldo Filho"},"description":"Jornalista \u2013 DRT: 0003818\/ES Coordenador-geral da ONG Educar para Crescer","url":"https:\/\/jornalfatosenoticias.com.br\/index.php\/author\/haroldo\/"}]}},"cc_featured_image_caption":{"caption_text":"(Foto: Haroldo Cordeiro Filho)","source_text":"","source_url":""},"jetpack_featured_media_url":"https:\/\/jornalfatosenoticias.com.br\/wp-content\/uploads\/2020\/09\/credito_haroldo-cordeiro-filho.jpg","_links":{"self":[{"href":"https:\/\/jornalfatosenoticias.com.br\/index.php\/wp-json\/wp\/v2\/posts\/9177","targetHints":{"allow":["GET"]}}],"collection":[{"href":"https:\/\/jornalfatosenoticias.com.br\/index.php\/wp-json\/wp\/v2\/posts"}],"about":[{"href":"https:\/\/jornalfatosenoticias.com.br\/index.php\/wp-json\/wp\/v2\/types\/post"}],"author":[{"embeddable":true,"href":"https:\/\/jornalfatosenoticias.com.br\/index.php\/wp-json\/wp\/v2\/users\/3"}],"replies":[{"embeddable":true,"href":"https:\/\/jornalfatosenoticias.com.br\/index.php\/wp-json\/wp\/v2\/comments?post=9177"}],"version-history":[{"count":0,"href":"https:\/\/jornalfatosenoticias.com.br\/index.php\/wp-json\/wp\/v2\/posts\/9177\/revisions"}],"wp:featuredmedia":[{"embeddable":true,"href":"https:\/\/jornalfatosenoticias.com.br\/index.php\/wp-json\/wp\/v2\/media\/9182"}],"wp:attachment":[{"href":"https:\/\/jornalfatosenoticias.com.br\/index.php\/wp-json\/wp\/v2\/media?parent=9177"}],"wp:term":[{"taxonomy":"category","embeddable":true,"href":"https:\/\/jornalfatosenoticias.com.br\/index.php\/wp-json\/wp\/v2\/categories?post=9177"},{"taxonomy":"post_tag","embeddable":true,"href":"https:\/\/jornalfatosenoticias.com.br\/index.php\/wp-json\/wp\/v2\/tags?post=9177"}],"curies":[{"name":"wp","href":"https:\/\/api.w.org\/{rel}","templated":true}]}}