{"id":9209,"date":"2020-09-23T09:30:10","date_gmt":"2020-09-23T12:30:10","guid":{"rendered":"https:\/\/jornalfatosenoticias.com.br\/?p=9209"},"modified":"2020-09-23T09:31:54","modified_gmt":"2020-09-23T12:31:54","slug":"aprendizado-por-projetos-se-consolida-nas-escolas","status":"publish","type":"post","link":"https:\/\/jornalfatosenoticias.com.br\/index.php\/2020\/09\/23\/aprendizado-por-projetos-se-consolida-nas-escolas\/","title":{"rendered":"Aprendizado por projetos se consolida nas escolas"},"content":{"rendered":"\n<p>Com a promessa de desenvolver os alunos de maneira integral \u2014 e n\u00e3o apenas o lado cognitivo \u2014 cada vez mais col\u00e9gios passaram a incluir em curr\u00edculos o trabalho por projetos. Embora estejam quase onipresentes nas escolas atualmente, tanto particulares como p\u00fablicas, h\u00e1 formas muito variadas de serem aplicadas e pesos bem diferentes na proposta pedag\u00f3gica.<br>Na Escola Concept, o ensino \u00e9 exclusivamente por projeto. Conte\u00fados, habilidades e compet\u00eancias a serem desenvolvidos a cada ano s\u00e3o reunidos dentro de alguns; em geral, s\u00e3o dois ou tr\u00eas a cada trimestre. Priscila Torres, diretora da unidade paulista, explica que todos os par\u00e2metros e os objetivos s\u00e3o articulados em uma proposta de interesse dos alunos. Para o 3.\u00ba ano do fundamental, por exemplo, \u00e9 esperado que aprendam em Ci\u00eancias com a diferen\u00e7a entre animais terrestres e aqu\u00e1ticos; em Matem\u00e1tica, estimativa de massa; em Linguagens, as m\u00eddias digitais. \u201cEles queriam entender por que os ambientes naturais pareciam mais saud\u00e1veis na pandemia. A partir disso, constru\u00edmos um telejornal\u201d.<br>Na proposta que a escola adota, os alunos s\u00e3o avaliados individualmente (cada um apresentou uma not\u00edcia) e coletivamente (fizeram um site reunindo tudo o que aprenderam na atividade). Apesar de todo o processo ser via projetos, h\u00e1 exames. \u201cA gente tem autoavalia\u00e7\u00e3o, avalia\u00e7\u00e3o continuada e prova. Essa variedade \u00e9 importante para entender onde est\u00e3o as lacunas\u201d.<br>O mais comum, contudo, \u00e9 que as escolas usem projetos concomitantemente a aulas por disciplinas e, nessas atividades, as \u201cnotas\u201d sejam na verdade rubricas de aprendizados, classificando os alunos por grau de profici\u00eancia. \u201cQuando se fala em aprendizagem por projetos, voc\u00ea sai do contexto de erro e acerto. Mas a escola tem de pensar em como conseguir evid\u00eancias de que h\u00e1 aprendizado e dar um feedback ao longo do processo. A avalia\u00e7\u00e3o tem de acompanhar o percurso\u201d, diz Bernard Caff\u00e9, fundador da plataforma de educa\u00e7\u00e3o Jovens G\u00eanios.<br>Faz dois anos que a rede Poliedro passou a incluir projetos na grade do m\u00e9dio \u2014 antes havia s\u00f3 atividades extras. \u201cNosso modelo j\u00e1 contempla o novo ensino m\u00e9dio da Base Nacional Comum Curricular (BNCC), com itiner\u00e1rios. Tem uma forma\u00e7\u00e3o b\u00e1sica, igual para todos, e um modelo em que o aluno trabalha com conhecimentos espec\u00edficos, que escolhe conforme suas afinidades. \u00c9 a\u00ed que entram os projetos\u201d, diz Andrea Godinho de Carvalho Lauro, coordenadora do m\u00e9dio do Poliedro. A institui\u00e7\u00e3o n\u00e3o abre m\u00e3o de uma forte prepara\u00e7\u00e3o para vestibular, e Andrea defende que os projetos contribuem. \u201cAs habilidades n\u00e3o s\u00e3o apartadas do conhecimento. N\u00e3o h\u00e1 mais espa\u00e7o para desenvolver o conte\u00fado sem a liga\u00e7\u00e3o com as compet\u00eancias socioemocionais\u201d.<br>Se em teoria projetos despertam o interesse de aprender, na pr\u00e1tica o modelo pode n\u00e3o ser o melhor para todos. \u201cEntendo a import\u00e2ncia, mas prefiro fazer provas\u201d, diz Vit\u00f3rio Armani de Lacerda Lima, no 2.\u00ba ano do m\u00e9dio do Poliedro. \u201cQuero Engenharia no Instituto Tecnol\u00f3gico de Aeron\u00e1utica (ITA), preciso me preparar. Por isso acho que a escola tem de dar mais \u00eanfase a provas mesmo. Em um projeto, a gente pensa na efici\u00eancia e divide as tarefas com cada um no que tem qualidade. Para a prova, tenho de me for\u00e7ar no que n\u00e3o sei t\u00e3o bem\u201d, pondera.<br>Apesar de ter ganhado relev\u00e2ncia nos \u00faltimos anos, o ensino por projetos \u00e9 tradicional em alguns col\u00e9gios da capital paulista, como o Gracinha, que na d\u00e9cada de 1990 j\u00e1 era uma refer\u00eancia no tema. \u201cProjeto traz uma abordagem multidisciplinar, que permite mais intera\u00e7\u00e3o. Mas nem tudo cabe em um projeto. Temos momentos de aula expositiva, de aula invertida\u201d, afirma Ligia Mori, diretora pedag\u00f3gica da escola.<br>Gizele Gasparri, professora de Ci\u00eancias no Col\u00e9gio Albert Sabin e na rede estadual, prop\u00f5e projetos para suas turmas h\u00e1 mais de 20 anos. \u201cAt\u00e9 hoje me emociono de lembrar de um de 2006 sobre correntes el\u00e9tricas com uma turma da rede p\u00fablica, quase todo com sucata\u201d.<br>A neuropsic\u00f3loga Adriana F\u00f3z, autora do livro A Cura do C\u00e9rebro, garante que pode ser um m\u00e9todo eficaz, mas lembra que s\u00f3 fazer um projeto n\u00e3o basta. \u201cA escola precisa checar a aprendizagem e o aluno ter consci\u00eancia do que aprendeu. Para muitos, esses aspectos ainda t\u00eam de ser incorporados.\u201d Ela diz que, por provas ou projetos, os alunos precisam ser exigidos. \u201cSe trabalha s\u00f3 de jeito prazeroso, a educa\u00e7\u00e3o fica falha. A cobran\u00e7a cuidada \u00e9 uma estimula\u00e7\u00e3o necess\u00e1ria. O c\u00e9rebro tende \u00e0 homeostase. Se lhe for permitido, vai s\u00f3 na sombra e \u00e1gua fresca\u201d.<br>No Equipe, a fun\u00e7\u00e3o dos projetos \u00e9 tirar o alunos da zona de conforto. \u201cNo 2.\u00ba ano do m\u00e9dio, estudam a agroind\u00fastria. Antes da pandemia, eles iam a Ribeir\u00e3o Preto visitar uma usina de cana, conversar com trabalhador rural, com respons\u00e1vel por ind\u00fastria de alimentos, iam a acampamento de sem-terra. Isso envolve todas as disciplinas: inclui de Geografia a Qu\u00edmica, de Filosofia a Biologia\u201d, diz Luciana Fevorini, diretora da institui\u00e7\u00e3o.<\/p>\n\n\n\n<p><strong><em>Fonte: <a href=\"https:\/\/www.msn.com\/pt-br\/noticias\/educacao\/aprendizado-por-projetos-se-consolida-nas-escolas\/ar-BB19gpdp\">MSN Not\u00edcias<\/a><\/em><\/strong><\/p>\n","protected":false},"excerpt":{"rendered":"<p>Com a promessa de desenvolver os alunos de maneira integral \u2014 e n\u00e3o apenas o lado cognitivo \u2014 cada vez mais col\u00e9gios passaram a incluir em curr\u00edculos o trabalho por projetos. Embora estejam quase onipresentes nas escolas atualmente, tanto particulares como p\u00fablicas, h\u00e1 formas muito variadas de serem aplicadas e pesos bem diferentes na proposta [&hellip;]<\/p>\n","protected":false},"author":2,"featured_media":9210,"comment_status":"open","ping_status":"open","sticky":false,"template":"","format":"standard","meta":{"footnotes":""},"categories":[7],"tags":[4575,5034,5036,4778,5035],"class_list":["post-9209","post","type-post","status-publish","format-standard","has-post-thumbnail","hentry","category-educacao","tag-aprendizado","tag-conteudos","tag-educacao-integral","tag-escolas-fechadas","tag-projetos-educacionais"],"yoast_head":"<!-- This site is optimized with the Yoast SEO plugin v26.5 - https:\/\/yoast.com\/wordpress\/plugins\/seo\/ -->\n<title>Aprendizado por projetos se consolida nas escolas - Jornal Fatos e Not\u00edcias<\/title>\n<meta name=\"robots\" content=\"index, follow, max-snippet:-1, max-image-preview:large, max-video-preview:-1\" \/>\n<link rel=\"canonical\" href=\"https:\/\/jornalfatosenoticias.com.br\/index.php\/2020\/09\/23\/aprendizado-por-projetos-se-consolida-nas-escolas\/\" \/>\n<meta property=\"og:locale\" content=\"pt_BR\" \/>\n<meta property=\"og:type\" content=\"article\" \/>\n<meta property=\"og:title\" content=\"Aprendizado por projetos se consolida nas escolas - Jornal Fatos e Not\u00edcias\" \/>\n<meta property=\"og:description\" content=\"Com a promessa de desenvolver os alunos de maneira integral \u2014 e n\u00e3o apenas o lado cognitivo \u2014 cada vez mais col\u00e9gios passaram a incluir em curr\u00edculos o trabalho por projetos. Embora estejam quase onipresentes nas escolas atualmente, tanto particulares como p\u00fablicas, h\u00e1 formas muito variadas de serem aplicadas e pesos bem diferentes na proposta [&hellip;]\" \/>\n<meta property=\"og:url\" content=\"https:\/\/jornalfatosenoticias.com.br\/index.php\/2020\/09\/23\/aprendizado-por-projetos-se-consolida-nas-escolas\/\" \/>\n<meta property=\"og:site_name\" content=\"Jornal Fatos e Not\u00edcias\" \/>\n<meta property=\"article:published_time\" content=\"2020-09-23T12:30:10+00:00\" \/>\n<meta property=\"article:modified_time\" content=\"2020-09-23T12:31:54+00:00\" \/>\n<meta property=\"og:image\" content=\"https:\/\/jornalfatosenoticias.com.br\/wp-content\/uploads\/2020\/09\/aprendizado-por-projetos_AdobeStock_.jpeg\" \/>\n\t<meta property=\"og:image:width\" content=\"1000\" \/>\n\t<meta property=\"og:image:height\" content=\"577\" \/>\n\t<meta property=\"og:image:type\" content=\"image\/jpeg\" \/>\n<meta name=\"author\" content=\"Luzimara Fernandes\" \/>\n<meta name=\"twitter:card\" content=\"summary_large_image\" \/>\n<meta name=\"twitter:label1\" content=\"Escrito por\" \/>\n\t<meta name=\"twitter:data1\" content=\"Luzimara Fernandes\" \/>\n\t<meta name=\"twitter:label2\" content=\"Est. tempo de leitura\" \/>\n\t<meta name=\"twitter:data2\" content=\"4 minutos\" \/>\n<script type=\"application\/ld+json\" class=\"yoast-schema-graph\">{\"@context\":\"https:\/\/schema.org\",\"@graph\":[{\"@type\":\"Article\",\"@id\":\"https:\/\/jornalfatosenoticias.com.br\/index.php\/2020\/09\/23\/aprendizado-por-projetos-se-consolida-nas-escolas\/#article\",\"isPartOf\":{\"@id\":\"https:\/\/jornalfatosenoticias.com.br\/index.php\/2020\/09\/23\/aprendizado-por-projetos-se-consolida-nas-escolas\/\"},\"author\":{\"name\":\"Luzimara Fernandes\",\"@id\":\"https:\/\/jornalfatosenoticias.com.br\/#\/schema\/person\/d63837fa13ac8666eb9e74e0985d6f81\"},\"headline\":\"Aprendizado por projetos se consolida nas escolas\",\"datePublished\":\"2020-09-23T12:30:10+00:00\",\"dateModified\":\"2020-09-23T12:31:54+00:00\",\"mainEntityOfPage\":{\"@id\":\"https:\/\/jornalfatosenoticias.com.br\/index.php\/2020\/09\/23\/aprendizado-por-projetos-se-consolida-nas-escolas\/\"},\"wordCount\":879,\"commentCount\":0,\"publisher\":{\"@id\":\"https:\/\/jornalfatosenoticias.com.br\/#organization\"},\"image\":{\"@id\":\"https:\/\/jornalfatosenoticias.com.br\/index.php\/2020\/09\/23\/aprendizado-por-projetos-se-consolida-nas-escolas\/#primaryimage\"},\"thumbnailUrl\":\"https:\/\/jornalfatosenoticias.com.br\/wp-content\/uploads\/2020\/09\/aprendizado-por-projetos_AdobeStock_.jpeg\",\"keywords\":[\"aprendizado\",\"conte\u00fados\",\"educa\u00e7\u00e3o integral\",\"escolas fechadas\",\"projetos educacionais\"],\"articleSection\":[\"Educa\u00e7\u00e3o\"],\"inLanguage\":\"pt-BR\",\"potentialAction\":[{\"@type\":\"CommentAction\",\"name\":\"Comment\",\"target\":[\"https:\/\/jornalfatosenoticias.com.br\/index.php\/2020\/09\/23\/aprendizado-por-projetos-se-consolida-nas-escolas\/#respond\"]}]},{\"@type\":\"WebPage\",\"@id\":\"https:\/\/jornalfatosenoticias.com.br\/index.php\/2020\/09\/23\/aprendizado-por-projetos-se-consolida-nas-escolas\/\",\"url\":\"https:\/\/jornalfatosenoticias.com.br\/index.php\/2020\/09\/23\/aprendizado-por-projetos-se-consolida-nas-escolas\/\",\"name\":\"Aprendizado por projetos se consolida nas escolas - Jornal Fatos e Not\u00edcias\",\"isPartOf\":{\"@id\":\"https:\/\/jornalfatosenoticias.com.br\/#website\"},\"primaryImageOfPage\":{\"@id\":\"https:\/\/jornalfatosenoticias.com.br\/index.php\/2020\/09\/23\/aprendizado-por-projetos-se-consolida-nas-escolas\/#primaryimage\"},\"image\":{\"@id\":\"https:\/\/jornalfatosenoticias.com.br\/index.php\/2020\/09\/23\/aprendizado-por-projetos-se-consolida-nas-escolas\/#primaryimage\"},\"thumbnailUrl\":\"https:\/\/jornalfatosenoticias.com.br\/wp-content\/uploads\/2020\/09\/aprendizado-por-projetos_AdobeStock_.jpeg\",\"datePublished\":\"2020-09-23T12:30:10+00:00\",\"dateModified\":\"2020-09-23T12:31:54+00:00\",\"breadcrumb\":{\"@id\":\"https:\/\/jornalfatosenoticias.com.br\/index.php\/2020\/09\/23\/aprendizado-por-projetos-se-consolida-nas-escolas\/#breadcrumb\"},\"inLanguage\":\"pt-BR\",\"potentialAction\":[{\"@type\":\"ReadAction\",\"target\":[\"https:\/\/jornalfatosenoticias.com.br\/index.php\/2020\/09\/23\/aprendizado-por-projetos-se-consolida-nas-escolas\/\"]}]},{\"@type\":\"ImageObject\",\"inLanguage\":\"pt-BR\",\"@id\":\"https:\/\/jornalfatosenoticias.com.br\/index.php\/2020\/09\/23\/aprendizado-por-projetos-se-consolida-nas-escolas\/#primaryimage\",\"url\":\"https:\/\/jornalfatosenoticias.com.br\/wp-content\/uploads\/2020\/09\/aprendizado-por-projetos_AdobeStock_.jpeg\",\"contentUrl\":\"https:\/\/jornalfatosenoticias.com.br\/wp-content\/uploads\/2020\/09\/aprendizado-por-projetos_AdobeStock_.jpeg\",\"width\":1000,\"height\":577},{\"@type\":\"BreadcrumbList\",\"@id\":\"https:\/\/jornalfatosenoticias.com.br\/index.php\/2020\/09\/23\/aprendizado-por-projetos-se-consolida-nas-escolas\/#breadcrumb\",\"itemListElement\":[{\"@type\":\"ListItem\",\"position\":1,\"name\":\"In\u00edcio\",\"item\":\"https:\/\/jornalfatosenoticias.com.br\/\"},{\"@type\":\"ListItem\",\"position\":2,\"name\":\"Aprendizado por projetos se consolida nas escolas\"}]},{\"@type\":\"WebSite\",\"@id\":\"https:\/\/jornalfatosenoticias.com.br\/#website\",\"url\":\"https:\/\/jornalfatosenoticias.com.br\/\",\"name\":\"Jornal Fatos e Not\u00edcias\",\"description\":\"Not\u00edcias em geral\",\"publisher\":{\"@id\":\"https:\/\/jornalfatosenoticias.com.br\/#organization\"},\"potentialAction\":[{\"@type\":\"SearchAction\",\"target\":{\"@type\":\"EntryPoint\",\"urlTemplate\":\"https:\/\/jornalfatosenoticias.com.br\/?s={search_term_string}\"},\"query-input\":{\"@type\":\"PropertyValueSpecification\",\"valueRequired\":true,\"valueName\":\"search_term_string\"}}],\"inLanguage\":\"pt-BR\"},{\"@type\":\"Organization\",\"@id\":\"https:\/\/jornalfatosenoticias.com.br\/#organization\",\"name\":\"Jornal Fatos e Not\u00edcias\",\"url\":\"https:\/\/jornalfatosenoticias.com.br\/\",\"logo\":{\"@type\":\"ImageObject\",\"inLanguage\":\"pt-BR\",\"@id\":\"https:\/\/jornalfatosenoticias.com.br\/#\/schema\/logo\/image\/\",\"url\":\"https:\/\/jornalfatosenoticias.com.br\/wp-content\/uploads\/2020\/02\/logo120.png\",\"contentUrl\":\"https:\/\/jornalfatosenoticias.com.br\/wp-content\/uploads\/2020\/02\/logo120.png\",\"width\":1227,\"height\":120,\"caption\":\"Jornal Fatos e Not\u00edcias\"},\"image\":{\"@id\":\"https:\/\/jornalfatosenoticias.com.br\/#\/schema\/logo\/image\/\"}},{\"@type\":\"Person\",\"@id\":\"https:\/\/jornalfatosenoticias.com.br\/#\/schema\/person\/d63837fa13ac8666eb9e74e0985d6f81\",\"name\":\"Luzimara Fernandes\",\"image\":{\"@type\":\"ImageObject\",\"inLanguage\":\"pt-BR\",\"@id\":\"https:\/\/jornalfatosenoticias.com.br\/#\/schema\/person\/image\/\",\"url\":\"https:\/\/jornalfatosenoticias.com.br\/wp-content\/uploads\/2025\/05\/EU_portal.jpg\",\"contentUrl\":\"https:\/\/jornalfatosenoticias.com.br\/wp-content\/uploads\/2025\/05\/EU_portal.jpg\",\"caption\":\"Luzimara Fernandes\"},\"description\":\"Jornalista MTB 2358-ES\",\"sameAs\":[\"https:\/\/jornalfatosenoticias.com.br\"],\"url\":\"https:\/\/jornalfatosenoticias.com.br\/index.php\/author\/luzimara\/\"}]}<\/script>\n<!-- \/ Yoast SEO plugin. -->","yoast_head_json":{"title":"Aprendizado por projetos se consolida nas escolas - Jornal Fatos e Not\u00edcias","robots":{"index":"index","follow":"follow","max-snippet":"max-snippet:-1","max-image-preview":"max-image-preview:large","max-video-preview":"max-video-preview:-1"},"canonical":"https:\/\/jornalfatosenoticias.com.br\/index.php\/2020\/09\/23\/aprendizado-por-projetos-se-consolida-nas-escolas\/","og_locale":"pt_BR","og_type":"article","og_title":"Aprendizado por projetos se consolida nas escolas - Jornal Fatos e Not\u00edcias","og_description":"Com a promessa de desenvolver os alunos de maneira integral \u2014 e n\u00e3o apenas o lado cognitivo \u2014 cada vez mais col\u00e9gios passaram a incluir em curr\u00edculos o trabalho por projetos. Embora estejam quase onipresentes nas escolas atualmente, tanto particulares como p\u00fablicas, h\u00e1 formas muito variadas de serem aplicadas e pesos bem diferentes na proposta [&hellip;]","og_url":"https:\/\/jornalfatosenoticias.com.br\/index.php\/2020\/09\/23\/aprendizado-por-projetos-se-consolida-nas-escolas\/","og_site_name":"Jornal Fatos e Not\u00edcias","article_published_time":"2020-09-23T12:30:10+00:00","article_modified_time":"2020-09-23T12:31:54+00:00","og_image":[{"width":1000,"height":577,"url":"https:\/\/jornalfatosenoticias.com.br\/wp-content\/uploads\/2020\/09\/aprendizado-por-projetos_AdobeStock_.jpeg","type":"image\/jpeg"}],"author":"Luzimara Fernandes","twitter_card":"summary_large_image","twitter_misc":{"Escrito por":"Luzimara Fernandes","Est. tempo de leitura":"4 minutos"},"schema":{"@context":"https:\/\/schema.org","@graph":[{"@type":"Article","@id":"https:\/\/jornalfatosenoticias.com.br\/index.php\/2020\/09\/23\/aprendizado-por-projetos-se-consolida-nas-escolas\/#article","isPartOf":{"@id":"https:\/\/jornalfatosenoticias.com.br\/index.php\/2020\/09\/23\/aprendizado-por-projetos-se-consolida-nas-escolas\/"},"author":{"name":"Luzimara Fernandes","@id":"https:\/\/jornalfatosenoticias.com.br\/#\/schema\/person\/d63837fa13ac8666eb9e74e0985d6f81"},"headline":"Aprendizado por projetos se consolida nas escolas","datePublished":"2020-09-23T12:30:10+00:00","dateModified":"2020-09-23T12:31:54+00:00","mainEntityOfPage":{"@id":"https:\/\/jornalfatosenoticias.com.br\/index.php\/2020\/09\/23\/aprendizado-por-projetos-se-consolida-nas-escolas\/"},"wordCount":879,"commentCount":0,"publisher":{"@id":"https:\/\/jornalfatosenoticias.com.br\/#organization"},"image":{"@id":"https:\/\/jornalfatosenoticias.com.br\/index.php\/2020\/09\/23\/aprendizado-por-projetos-se-consolida-nas-escolas\/#primaryimage"},"thumbnailUrl":"https:\/\/jornalfatosenoticias.com.br\/wp-content\/uploads\/2020\/09\/aprendizado-por-projetos_AdobeStock_.jpeg","keywords":["aprendizado","conte\u00fados","educa\u00e7\u00e3o integral","escolas fechadas","projetos educacionais"],"articleSection":["Educa\u00e7\u00e3o"],"inLanguage":"pt-BR","potentialAction":[{"@type":"CommentAction","name":"Comment","target":["https:\/\/jornalfatosenoticias.com.br\/index.php\/2020\/09\/23\/aprendizado-por-projetos-se-consolida-nas-escolas\/#respond"]}]},{"@type":"WebPage","@id":"https:\/\/jornalfatosenoticias.com.br\/index.php\/2020\/09\/23\/aprendizado-por-projetos-se-consolida-nas-escolas\/","url":"https:\/\/jornalfatosenoticias.com.br\/index.php\/2020\/09\/23\/aprendizado-por-projetos-se-consolida-nas-escolas\/","name":"Aprendizado por projetos se consolida nas escolas - Jornal Fatos e Not\u00edcias","isPartOf":{"@id":"https:\/\/jornalfatosenoticias.com.br\/#website"},"primaryImageOfPage":{"@id":"https:\/\/jornalfatosenoticias.com.br\/index.php\/2020\/09\/23\/aprendizado-por-projetos-se-consolida-nas-escolas\/#primaryimage"},"image":{"@id":"https:\/\/jornalfatosenoticias.com.br\/index.php\/2020\/09\/23\/aprendizado-por-projetos-se-consolida-nas-escolas\/#primaryimage"},"thumbnailUrl":"https:\/\/jornalfatosenoticias.com.br\/wp-content\/uploads\/2020\/09\/aprendizado-por-projetos_AdobeStock_.jpeg","datePublished":"2020-09-23T12:30:10+00:00","dateModified":"2020-09-23T12:31:54+00:00","breadcrumb":{"@id":"https:\/\/jornalfatosenoticias.com.br\/index.php\/2020\/09\/23\/aprendizado-por-projetos-se-consolida-nas-escolas\/#breadcrumb"},"inLanguage":"pt-BR","potentialAction":[{"@type":"ReadAction","target":["https:\/\/jornalfatosenoticias.com.br\/index.php\/2020\/09\/23\/aprendizado-por-projetos-se-consolida-nas-escolas\/"]}]},{"@type":"ImageObject","inLanguage":"pt-BR","@id":"https:\/\/jornalfatosenoticias.com.br\/index.php\/2020\/09\/23\/aprendizado-por-projetos-se-consolida-nas-escolas\/#primaryimage","url":"https:\/\/jornalfatosenoticias.com.br\/wp-content\/uploads\/2020\/09\/aprendizado-por-projetos_AdobeStock_.jpeg","contentUrl":"https:\/\/jornalfatosenoticias.com.br\/wp-content\/uploads\/2020\/09\/aprendizado-por-projetos_AdobeStock_.jpeg","width":1000,"height":577},{"@type":"BreadcrumbList","@id":"https:\/\/jornalfatosenoticias.com.br\/index.php\/2020\/09\/23\/aprendizado-por-projetos-se-consolida-nas-escolas\/#breadcrumb","itemListElement":[{"@type":"ListItem","position":1,"name":"In\u00edcio","item":"https:\/\/jornalfatosenoticias.com.br\/"},{"@type":"ListItem","position":2,"name":"Aprendizado por projetos se consolida nas escolas"}]},{"@type":"WebSite","@id":"https:\/\/jornalfatosenoticias.com.br\/#website","url":"https:\/\/jornalfatosenoticias.com.br\/","name":"Jornal Fatos e Not\u00edcias","description":"Not\u00edcias em geral","publisher":{"@id":"https:\/\/jornalfatosenoticias.com.br\/#organization"},"potentialAction":[{"@type":"SearchAction","target":{"@type":"EntryPoint","urlTemplate":"https:\/\/jornalfatosenoticias.com.br\/?s={search_term_string}"},"query-input":{"@type":"PropertyValueSpecification","valueRequired":true,"valueName":"search_term_string"}}],"inLanguage":"pt-BR"},{"@type":"Organization","@id":"https:\/\/jornalfatosenoticias.com.br\/#organization","name":"Jornal Fatos e Not\u00edcias","url":"https:\/\/jornalfatosenoticias.com.br\/","logo":{"@type":"ImageObject","inLanguage":"pt-BR","@id":"https:\/\/jornalfatosenoticias.com.br\/#\/schema\/logo\/image\/","url":"https:\/\/jornalfatosenoticias.com.br\/wp-content\/uploads\/2020\/02\/logo120.png","contentUrl":"https:\/\/jornalfatosenoticias.com.br\/wp-content\/uploads\/2020\/02\/logo120.png","width":1227,"height":120,"caption":"Jornal Fatos e Not\u00edcias"},"image":{"@id":"https:\/\/jornalfatosenoticias.com.br\/#\/schema\/logo\/image\/"}},{"@type":"Person","@id":"https:\/\/jornalfatosenoticias.com.br\/#\/schema\/person\/d63837fa13ac8666eb9e74e0985d6f81","name":"Luzimara Fernandes","image":{"@type":"ImageObject","inLanguage":"pt-BR","@id":"https:\/\/jornalfatosenoticias.com.br\/#\/schema\/person\/image\/","url":"https:\/\/jornalfatosenoticias.com.br\/wp-content\/uploads\/2025\/05\/EU_portal.jpg","contentUrl":"https:\/\/jornalfatosenoticias.com.br\/wp-content\/uploads\/2025\/05\/EU_portal.jpg","caption":"Luzimara Fernandes"},"description":"Jornalista MTB 2358-ES","sameAs":["https:\/\/jornalfatosenoticias.com.br"],"url":"https:\/\/jornalfatosenoticias.com.br\/index.php\/author\/luzimara\/"}]}},"cc_featured_image_caption":{"caption_text":"(Metamorworks\/stock.adobe.com) ","source_text":"","source_url":""},"jetpack_featured_media_url":"https:\/\/jornalfatosenoticias.com.br\/wp-content\/uploads\/2020\/09\/aprendizado-por-projetos_AdobeStock_.jpeg","_links":{"self":[{"href":"https:\/\/jornalfatosenoticias.com.br\/index.php\/wp-json\/wp\/v2\/posts\/9209","targetHints":{"allow":["GET"]}}],"collection":[{"href":"https:\/\/jornalfatosenoticias.com.br\/index.php\/wp-json\/wp\/v2\/posts"}],"about":[{"href":"https:\/\/jornalfatosenoticias.com.br\/index.php\/wp-json\/wp\/v2\/types\/post"}],"author":[{"embeddable":true,"href":"https:\/\/jornalfatosenoticias.com.br\/index.php\/wp-json\/wp\/v2\/users\/2"}],"replies":[{"embeddable":true,"href":"https:\/\/jornalfatosenoticias.com.br\/index.php\/wp-json\/wp\/v2\/comments?post=9209"}],"version-history":[{"count":0,"href":"https:\/\/jornalfatosenoticias.com.br\/index.php\/wp-json\/wp\/v2\/posts\/9209\/revisions"}],"wp:featuredmedia":[{"embeddable":true,"href":"https:\/\/jornalfatosenoticias.com.br\/index.php\/wp-json\/wp\/v2\/media\/9210"}],"wp:attachment":[{"href":"https:\/\/jornalfatosenoticias.com.br\/index.php\/wp-json\/wp\/v2\/media?parent=9209"}],"wp:term":[{"taxonomy":"category","embeddable":true,"href":"https:\/\/jornalfatosenoticias.com.br\/index.php\/wp-json\/wp\/v2\/categories?post=9209"},{"taxonomy":"post_tag","embeddable":true,"href":"https:\/\/jornalfatosenoticias.com.br\/index.php\/wp-json\/wp\/v2\/tags?post=9209"}],"curies":[{"name":"wp","href":"https:\/\/api.w.org\/{rel}","templated":true}]}}