{"id":9228,"date":"2020-09-23T09:49:45","date_gmt":"2020-09-23T12:49:45","guid":{"rendered":"https:\/\/jornalfatosenoticias.com.br\/?p=9228"},"modified":"2020-09-23T09:49:49","modified_gmt":"2020-09-23T12:49:49","slug":"filme-brasileiro-rodado-em-cuba-e-selecionado-para-festival-argentino","status":"publish","type":"post","link":"https:\/\/jornalfatosenoticias.com.br\/index.php\/2020\/09\/23\/filme-brasileiro-rodado-em-cuba-e-selecionado-para-festival-argentino\/","title":{"rendered":"Filme brasileiro rodado em Cuba \u00e9 selecionado para Festival Argentino"},"content":{"rendered":"\n<p>O Festival Internacional de Document\u00e1rios de Buenos Aires (FIDBA), maior evento dedicado a t\u00edtulos de n\u00e3o fic\u00e7\u00e3o da Ibero-Am\u00e9rica, selecionou a produ\u00e7\u00e3o carioca \u201cOs Dias que Vir\u00e3o\u201d, que marca a estreia de Felipe Bibian e Gabriel Medeiros na dire\u00e7\u00e3o, para participar da mostra competitiva de sua 8\u00aa edi\u00e7\u00e3o, que acontece at\u00e9 30 de setembro.<br>Em 2020, o FIDBA, primeiro festival internacional de document\u00e1rios da Argentina, \u00e9 100% digital, devido \u00e0 pandemia do novo coronav\u00edrus. A mostra competitiva ibero-americana re\u00fane 11 filmes, entre eles tr\u00eas brasileiros. O vencedor ser\u00e1 anunciado no fim do m\u00eas.<br>\u201cOs Dias que Vir\u00e3o\u201d, produzido pela Baracoa Filmes, ficar\u00e1 dispon\u00edvel para ser assistido on-line em todo o territ\u00f3rio argentino por 72h, entre 23 e 25 de setembro. Essa \u00e9 a estreia mundial do document\u00e1rio.<br>\u201c\u00c9 emocionante estrear o filme em um festival deste tamanho e, principalmente, em Buenos Aires. N\u00f3s somos brasileiros, rodamos em Havana, nossa equipe tem integrantes da Costa Rica, do Peru, do Paraguai e de Cuba. \u00c9 um filme 100% latino-americano\u201d, celebra Bibian. \u201cAcompanhamos a virada de um ano com grandes expectativas no Pa\u00eds, principalmente pelo que prometia a vota\u00e7\u00e3o da nova Constitui\u00e7\u00e3o. Mas escolhemos observar esse momento atrav\u00e9s do ponto de vista dos moradores de um pr\u00e9dio que, com seus diferentes olhares e viv\u00eancias, nos ajudaram a construir um retrato do que \u00e9 viver em Cuba hoje\u201d, completa Medeiros.<\/p>\n\n\n\n<p><em><strong>Foto de capa:<\/strong> Baracoa Filmes\/Divulga\u00e7\u00e3o<\/em><\/p>\n\n\n\n<p><strong><em>Fonte: <a href=\"https:\/\/filmow.com\/noticias\/37405\/filme-brasileiro-rodado-em-cuba-e-selecionado-para-festival-argentino\/\">Filmow.com<\/a><\/em><\/strong><\/p>\n","protected":false},"excerpt":{"rendered":"<p>O Festival Internacional de Document\u00e1rios de Buenos Aires (FIDBA), maior evento dedicado a t\u00edtulos de n\u00e3o fic\u00e7\u00e3o da Ibero-Am\u00e9rica, selecionou a produ\u00e7\u00e3o carioca \u201cOs Dias que Vir\u00e3o\u201d, que marca a estreia de Felipe Bibian e Gabriel Medeiros na dire\u00e7\u00e3o, para participar da mostra competitiva de sua 8\u00aa edi\u00e7\u00e3o, que acontece at\u00e9 30 de setembro.Em 2020, [&hellip;]<\/p>\n","protected":false},"author":2,"featured_media":9229,"comment_status":"open","ping_status":"open","sticky":false,"template":"","format":"standard","meta":{"footnotes":""},"categories":[4],"tags":[5044,5043,5042,5041,5045],"class_list":["post-9228","post","type-post","status-publish","format-standard","has-post-thumbnail","hentry","category-cultura","tag-baracoa-filmes","tag-cuba","tag-festival-argentino","tag-filme-brasileiro","tag-latino-americano"],"yoast_head":"<!-- This site is optimized with the Yoast SEO plugin v26.5 - https:\/\/yoast.com\/wordpress\/plugins\/seo\/ -->\n<title>Filme brasileiro rodado em Cuba \u00e9 selecionado para Festival Argentino - Jornal Fatos e Not\u00edcias<\/title>\n<meta name=\"robots\" content=\"index, follow, max-snippet:-1, max-image-preview:large, max-video-preview:-1\" \/>\n<link rel=\"canonical\" href=\"https:\/\/jornalfatosenoticias.com.br\/index.php\/2020\/09\/23\/filme-brasileiro-rodado-em-cuba-e-selecionado-para-festival-argentino\/\" \/>\n<meta property=\"og:locale\" content=\"pt_BR\" \/>\n<meta property=\"og:type\" content=\"article\" \/>\n<meta property=\"og:title\" content=\"Filme brasileiro rodado em Cuba \u00e9 selecionado para Festival Argentino - Jornal Fatos e Not\u00edcias\" \/>\n<meta property=\"og:description\" content=\"O Festival Internacional de Document\u00e1rios de Buenos Aires (FIDBA), maior evento dedicado a t\u00edtulos de n\u00e3o fic\u00e7\u00e3o da Ibero-Am\u00e9rica, selecionou a produ\u00e7\u00e3o carioca \u201cOs Dias que Vir\u00e3o\u201d, que marca a estreia de Felipe Bibian e Gabriel Medeiros na dire\u00e7\u00e3o, para participar da mostra competitiva de sua 8\u00aa edi\u00e7\u00e3o, que acontece at\u00e9 30 de setembro.Em 2020, [&hellip;]\" \/>\n<meta property=\"og:url\" content=\"https:\/\/jornalfatosenoticias.com.br\/index.php\/2020\/09\/23\/filme-brasileiro-rodado-em-cuba-e-selecionado-para-festival-argentino\/\" \/>\n<meta property=\"og:site_name\" content=\"Jornal Fatos e Not\u00edcias\" \/>\n<meta property=\"article:published_time\" content=\"2020-09-23T12:49:45+00:00\" \/>\n<meta property=\"article:modified_time\" content=\"2020-09-23T12:49:49+00:00\" \/>\n<meta property=\"og:image\" content=\"https:\/\/jornalfatosenoticias.com.br\/wp-content\/uploads\/2020\/09\/filme-brasileiro-rodado-em-Cuba.jpg\" \/>\n\t<meta property=\"og:image:width\" content=\"1000\" \/>\n\t<meta property=\"og:image:height\" content=\"418\" \/>\n\t<meta property=\"og:image:type\" content=\"image\/jpeg\" \/>\n<meta name=\"author\" content=\"Luzimara Fernandes\" \/>\n<meta name=\"twitter:card\" content=\"summary_large_image\" \/>\n<meta name=\"twitter:label1\" content=\"Escrito por\" \/>\n\t<meta name=\"twitter:data1\" content=\"Luzimara Fernandes\" \/>\n\t<meta name=\"twitter:label2\" content=\"Est. tempo de leitura\" \/>\n\t<meta name=\"twitter:data2\" content=\"1 minuto\" \/>\n<script type=\"application\/ld+json\" class=\"yoast-schema-graph\">{\"@context\":\"https:\/\/schema.org\",\"@graph\":[{\"@type\":\"Article\",\"@id\":\"https:\/\/jornalfatosenoticias.com.br\/index.php\/2020\/09\/23\/filme-brasileiro-rodado-em-cuba-e-selecionado-para-festival-argentino\/#article\",\"isPartOf\":{\"@id\":\"https:\/\/jornalfatosenoticias.com.br\/index.php\/2020\/09\/23\/filme-brasileiro-rodado-em-cuba-e-selecionado-para-festival-argentino\/\"},\"author\":{\"name\":\"Luzimara Fernandes\",\"@id\":\"https:\/\/jornalfatosenoticias.com.br\/#\/schema\/person\/d63837fa13ac8666eb9e74e0985d6f81\"},\"headline\":\"Filme brasileiro rodado em Cuba \u00e9 selecionado para Festival Argentino\",\"datePublished\":\"2020-09-23T12:49:45+00:00\",\"dateModified\":\"2020-09-23T12:49:49+00:00\",\"mainEntityOfPage\":{\"@id\":\"https:\/\/jornalfatosenoticias.com.br\/index.php\/2020\/09\/23\/filme-brasileiro-rodado-em-cuba-e-selecionado-para-festival-argentino\/\"},\"wordCount\":256,\"commentCount\":0,\"publisher\":{\"@id\":\"https:\/\/jornalfatosenoticias.com.br\/#organization\"},\"image\":{\"@id\":\"https:\/\/jornalfatosenoticias.com.br\/index.php\/2020\/09\/23\/filme-brasileiro-rodado-em-cuba-e-selecionado-para-festival-argentino\/#primaryimage\"},\"thumbnailUrl\":\"https:\/\/jornalfatosenoticias.com.br\/wp-content\/uploads\/2020\/09\/filme-brasileiro-rodado-em-Cuba.jpg\",\"keywords\":[\"Baracoa Filmes\",\"Cuba\",\"Festival Argentino\",\"filme brasileiro\",\"latino-americano\"],\"articleSection\":[\"Cultura\"],\"inLanguage\":\"pt-BR\",\"potentialAction\":[{\"@type\":\"CommentAction\",\"name\":\"Comment\",\"target\":[\"https:\/\/jornalfatosenoticias.com.br\/index.php\/2020\/09\/23\/filme-brasileiro-rodado-em-cuba-e-selecionado-para-festival-argentino\/#respond\"]}]},{\"@type\":\"WebPage\",\"@id\":\"https:\/\/jornalfatosenoticias.com.br\/index.php\/2020\/09\/23\/filme-brasileiro-rodado-em-cuba-e-selecionado-para-festival-argentino\/\",\"url\":\"https:\/\/jornalfatosenoticias.com.br\/index.php\/2020\/09\/23\/filme-brasileiro-rodado-em-cuba-e-selecionado-para-festival-argentino\/\",\"name\":\"Filme brasileiro rodado em Cuba \u00e9 selecionado para Festival Argentino - Jornal Fatos e Not\u00edcias\",\"isPartOf\":{\"@id\":\"https:\/\/jornalfatosenoticias.com.br\/#website\"},\"primaryImageOfPage\":{\"@id\":\"https:\/\/jornalfatosenoticias.com.br\/index.php\/2020\/09\/23\/filme-brasileiro-rodado-em-cuba-e-selecionado-para-festival-argentino\/#primaryimage\"},\"image\":{\"@id\":\"https:\/\/jornalfatosenoticias.com.br\/index.php\/2020\/09\/23\/filme-brasileiro-rodado-em-cuba-e-selecionado-para-festival-argentino\/#primaryimage\"},\"thumbnailUrl\":\"https:\/\/jornalfatosenoticias.com.br\/wp-content\/uploads\/2020\/09\/filme-brasileiro-rodado-em-Cuba.jpg\",\"datePublished\":\"2020-09-23T12:49:45+00:00\",\"dateModified\":\"2020-09-23T12:49:49+00:00\",\"breadcrumb\":{\"@id\":\"https:\/\/jornalfatosenoticias.com.br\/index.php\/2020\/09\/23\/filme-brasileiro-rodado-em-cuba-e-selecionado-para-festival-argentino\/#breadcrumb\"},\"inLanguage\":\"pt-BR\",\"potentialAction\":[{\"@type\":\"ReadAction\",\"target\":[\"https:\/\/jornalfatosenoticias.com.br\/index.php\/2020\/09\/23\/filme-brasileiro-rodado-em-cuba-e-selecionado-para-festival-argentino\/\"]}]},{\"@type\":\"ImageObject\",\"inLanguage\":\"pt-BR\",\"@id\":\"https:\/\/jornalfatosenoticias.com.br\/index.php\/2020\/09\/23\/filme-brasileiro-rodado-em-cuba-e-selecionado-para-festival-argentino\/#primaryimage\",\"url\":\"https:\/\/jornalfatosenoticias.com.br\/wp-content\/uploads\/2020\/09\/filme-brasileiro-rodado-em-Cuba.jpg\",\"contentUrl\":\"https:\/\/jornalfatosenoticias.com.br\/wp-content\/uploads\/2020\/09\/filme-brasileiro-rodado-em-Cuba.jpg\",\"width\":1000,\"height\":418},{\"@type\":\"BreadcrumbList\",\"@id\":\"https:\/\/jornalfatosenoticias.com.br\/index.php\/2020\/09\/23\/filme-brasileiro-rodado-em-cuba-e-selecionado-para-festival-argentino\/#breadcrumb\",\"itemListElement\":[{\"@type\":\"ListItem\",\"position\":1,\"name\":\"In\u00edcio\",\"item\":\"https:\/\/jornalfatosenoticias.com.br\/\"},{\"@type\":\"ListItem\",\"position\":2,\"name\":\"Filme brasileiro rodado em Cuba \u00e9 selecionado para Festival Argentino\"}]},{\"@type\":\"WebSite\",\"@id\":\"https:\/\/jornalfatosenoticias.com.br\/#website\",\"url\":\"https:\/\/jornalfatosenoticias.com.br\/\",\"name\":\"Jornal Fatos e Not\u00edcias\",\"description\":\"Not\u00edcias em geral\",\"publisher\":{\"@id\":\"https:\/\/jornalfatosenoticias.com.br\/#organization\"},\"potentialAction\":[{\"@type\":\"SearchAction\",\"target\":{\"@type\":\"EntryPoint\",\"urlTemplate\":\"https:\/\/jornalfatosenoticias.com.br\/?s={search_term_string}\"},\"query-input\":{\"@type\":\"PropertyValueSpecification\",\"valueRequired\":true,\"valueName\":\"search_term_string\"}}],\"inLanguage\":\"pt-BR\"},{\"@type\":\"Organization\",\"@id\":\"https:\/\/jornalfatosenoticias.com.br\/#organization\",\"name\":\"Jornal Fatos e Not\u00edcias\",\"url\":\"https:\/\/jornalfatosenoticias.com.br\/\",\"logo\":{\"@type\":\"ImageObject\",\"inLanguage\":\"pt-BR\",\"@id\":\"https:\/\/jornalfatosenoticias.com.br\/#\/schema\/logo\/image\/\",\"url\":\"https:\/\/jornalfatosenoticias.com.br\/wp-content\/uploads\/2020\/02\/logo120.png\",\"contentUrl\":\"https:\/\/jornalfatosenoticias.com.br\/wp-content\/uploads\/2020\/02\/logo120.png\",\"width\":1227,\"height\":120,\"caption\":\"Jornal Fatos e Not\u00edcias\"},\"image\":{\"@id\":\"https:\/\/jornalfatosenoticias.com.br\/#\/schema\/logo\/image\/\"}},{\"@type\":\"Person\",\"@id\":\"https:\/\/jornalfatosenoticias.com.br\/#\/schema\/person\/d63837fa13ac8666eb9e74e0985d6f81\",\"name\":\"Luzimara Fernandes\",\"image\":{\"@type\":\"ImageObject\",\"inLanguage\":\"pt-BR\",\"@id\":\"https:\/\/jornalfatosenoticias.com.br\/#\/schema\/person\/image\/\",\"url\":\"https:\/\/jornalfatosenoticias.com.br\/wp-content\/uploads\/2025\/05\/EU_portal.jpg\",\"contentUrl\":\"https:\/\/jornalfatosenoticias.com.br\/wp-content\/uploads\/2025\/05\/EU_portal.jpg\",\"caption\":\"Luzimara Fernandes\"},\"description\":\"Jornalista MTB 2358-ES\",\"sameAs\":[\"https:\/\/jornalfatosenoticias.com.br\"],\"url\":\"https:\/\/jornalfatosenoticias.com.br\/index.php\/author\/luzimara\/\"}]}<\/script>\n<!-- \/ Yoast SEO plugin. -->","yoast_head_json":{"title":"Filme brasileiro rodado em Cuba \u00e9 selecionado para Festival Argentino - Jornal Fatos e Not\u00edcias","robots":{"index":"index","follow":"follow","max-snippet":"max-snippet:-1","max-image-preview":"max-image-preview:large","max-video-preview":"max-video-preview:-1"},"canonical":"https:\/\/jornalfatosenoticias.com.br\/index.php\/2020\/09\/23\/filme-brasileiro-rodado-em-cuba-e-selecionado-para-festival-argentino\/","og_locale":"pt_BR","og_type":"article","og_title":"Filme brasileiro rodado em Cuba \u00e9 selecionado para Festival Argentino - Jornal Fatos e Not\u00edcias","og_description":"O Festival Internacional de Document\u00e1rios de Buenos Aires (FIDBA), maior evento dedicado a t\u00edtulos de n\u00e3o fic\u00e7\u00e3o da Ibero-Am\u00e9rica, selecionou a produ\u00e7\u00e3o carioca \u201cOs Dias que Vir\u00e3o\u201d, que marca a estreia de Felipe Bibian e Gabriel Medeiros na dire\u00e7\u00e3o, para participar da mostra competitiva de sua 8\u00aa edi\u00e7\u00e3o, que acontece at\u00e9 30 de setembro.Em 2020, [&hellip;]","og_url":"https:\/\/jornalfatosenoticias.com.br\/index.php\/2020\/09\/23\/filme-brasileiro-rodado-em-cuba-e-selecionado-para-festival-argentino\/","og_site_name":"Jornal Fatos e Not\u00edcias","article_published_time":"2020-09-23T12:49:45+00:00","article_modified_time":"2020-09-23T12:49:49+00:00","og_image":[{"width":1000,"height":418,"url":"https:\/\/jornalfatosenoticias.com.br\/wp-content\/uploads\/2020\/09\/filme-brasileiro-rodado-em-Cuba.jpg","type":"image\/jpeg"}],"author":"Luzimara Fernandes","twitter_card":"summary_large_image","twitter_misc":{"Escrito por":"Luzimara Fernandes","Est. tempo de leitura":"1 minuto"},"schema":{"@context":"https:\/\/schema.org","@graph":[{"@type":"Article","@id":"https:\/\/jornalfatosenoticias.com.br\/index.php\/2020\/09\/23\/filme-brasileiro-rodado-em-cuba-e-selecionado-para-festival-argentino\/#article","isPartOf":{"@id":"https:\/\/jornalfatosenoticias.com.br\/index.php\/2020\/09\/23\/filme-brasileiro-rodado-em-cuba-e-selecionado-para-festival-argentino\/"},"author":{"name":"Luzimara Fernandes","@id":"https:\/\/jornalfatosenoticias.com.br\/#\/schema\/person\/d63837fa13ac8666eb9e74e0985d6f81"},"headline":"Filme brasileiro rodado em Cuba \u00e9 selecionado para Festival Argentino","datePublished":"2020-09-23T12:49:45+00:00","dateModified":"2020-09-23T12:49:49+00:00","mainEntityOfPage":{"@id":"https:\/\/jornalfatosenoticias.com.br\/index.php\/2020\/09\/23\/filme-brasileiro-rodado-em-cuba-e-selecionado-para-festival-argentino\/"},"wordCount":256,"commentCount":0,"publisher":{"@id":"https:\/\/jornalfatosenoticias.com.br\/#organization"},"image":{"@id":"https:\/\/jornalfatosenoticias.com.br\/index.php\/2020\/09\/23\/filme-brasileiro-rodado-em-cuba-e-selecionado-para-festival-argentino\/#primaryimage"},"thumbnailUrl":"https:\/\/jornalfatosenoticias.com.br\/wp-content\/uploads\/2020\/09\/filme-brasileiro-rodado-em-Cuba.jpg","keywords":["Baracoa Filmes","Cuba","Festival Argentino","filme brasileiro","latino-americano"],"articleSection":["Cultura"],"inLanguage":"pt-BR","potentialAction":[{"@type":"CommentAction","name":"Comment","target":["https:\/\/jornalfatosenoticias.com.br\/index.php\/2020\/09\/23\/filme-brasileiro-rodado-em-cuba-e-selecionado-para-festival-argentino\/#respond"]}]},{"@type":"WebPage","@id":"https:\/\/jornalfatosenoticias.com.br\/index.php\/2020\/09\/23\/filme-brasileiro-rodado-em-cuba-e-selecionado-para-festival-argentino\/","url":"https:\/\/jornalfatosenoticias.com.br\/index.php\/2020\/09\/23\/filme-brasileiro-rodado-em-cuba-e-selecionado-para-festival-argentino\/","name":"Filme brasileiro rodado em Cuba \u00e9 selecionado para Festival Argentino - Jornal Fatos e Not\u00edcias","isPartOf":{"@id":"https:\/\/jornalfatosenoticias.com.br\/#website"},"primaryImageOfPage":{"@id":"https:\/\/jornalfatosenoticias.com.br\/index.php\/2020\/09\/23\/filme-brasileiro-rodado-em-cuba-e-selecionado-para-festival-argentino\/#primaryimage"},"image":{"@id":"https:\/\/jornalfatosenoticias.com.br\/index.php\/2020\/09\/23\/filme-brasileiro-rodado-em-cuba-e-selecionado-para-festival-argentino\/#primaryimage"},"thumbnailUrl":"https:\/\/jornalfatosenoticias.com.br\/wp-content\/uploads\/2020\/09\/filme-brasileiro-rodado-em-Cuba.jpg","datePublished":"2020-09-23T12:49:45+00:00","dateModified":"2020-09-23T12:49:49+00:00","breadcrumb":{"@id":"https:\/\/jornalfatosenoticias.com.br\/index.php\/2020\/09\/23\/filme-brasileiro-rodado-em-cuba-e-selecionado-para-festival-argentino\/#breadcrumb"},"inLanguage":"pt-BR","potentialAction":[{"@type":"ReadAction","target":["https:\/\/jornalfatosenoticias.com.br\/index.php\/2020\/09\/23\/filme-brasileiro-rodado-em-cuba-e-selecionado-para-festival-argentino\/"]}]},{"@type":"ImageObject","inLanguage":"pt-BR","@id":"https:\/\/jornalfatosenoticias.com.br\/index.php\/2020\/09\/23\/filme-brasileiro-rodado-em-cuba-e-selecionado-para-festival-argentino\/#primaryimage","url":"https:\/\/jornalfatosenoticias.com.br\/wp-content\/uploads\/2020\/09\/filme-brasileiro-rodado-em-Cuba.jpg","contentUrl":"https:\/\/jornalfatosenoticias.com.br\/wp-content\/uploads\/2020\/09\/filme-brasileiro-rodado-em-Cuba.jpg","width":1000,"height":418},{"@type":"BreadcrumbList","@id":"https:\/\/jornalfatosenoticias.com.br\/index.php\/2020\/09\/23\/filme-brasileiro-rodado-em-cuba-e-selecionado-para-festival-argentino\/#breadcrumb","itemListElement":[{"@type":"ListItem","position":1,"name":"In\u00edcio","item":"https:\/\/jornalfatosenoticias.com.br\/"},{"@type":"ListItem","position":2,"name":"Filme brasileiro rodado em Cuba \u00e9 selecionado para Festival Argentino"}]},{"@type":"WebSite","@id":"https:\/\/jornalfatosenoticias.com.br\/#website","url":"https:\/\/jornalfatosenoticias.com.br\/","name":"Jornal Fatos e Not\u00edcias","description":"Not\u00edcias em geral","publisher":{"@id":"https:\/\/jornalfatosenoticias.com.br\/#organization"},"potentialAction":[{"@type":"SearchAction","target":{"@type":"EntryPoint","urlTemplate":"https:\/\/jornalfatosenoticias.com.br\/?s={search_term_string}"},"query-input":{"@type":"PropertyValueSpecification","valueRequired":true,"valueName":"search_term_string"}}],"inLanguage":"pt-BR"},{"@type":"Organization","@id":"https:\/\/jornalfatosenoticias.com.br\/#organization","name":"Jornal Fatos e Not\u00edcias","url":"https:\/\/jornalfatosenoticias.com.br\/","logo":{"@type":"ImageObject","inLanguage":"pt-BR","@id":"https:\/\/jornalfatosenoticias.com.br\/#\/schema\/logo\/image\/","url":"https:\/\/jornalfatosenoticias.com.br\/wp-content\/uploads\/2020\/02\/logo120.png","contentUrl":"https:\/\/jornalfatosenoticias.com.br\/wp-content\/uploads\/2020\/02\/logo120.png","width":1227,"height":120,"caption":"Jornal Fatos e Not\u00edcias"},"image":{"@id":"https:\/\/jornalfatosenoticias.com.br\/#\/schema\/logo\/image\/"}},{"@type":"Person","@id":"https:\/\/jornalfatosenoticias.com.br\/#\/schema\/person\/d63837fa13ac8666eb9e74e0985d6f81","name":"Luzimara Fernandes","image":{"@type":"ImageObject","inLanguage":"pt-BR","@id":"https:\/\/jornalfatosenoticias.com.br\/#\/schema\/person\/image\/","url":"https:\/\/jornalfatosenoticias.com.br\/wp-content\/uploads\/2025\/05\/EU_portal.jpg","contentUrl":"https:\/\/jornalfatosenoticias.com.br\/wp-content\/uploads\/2025\/05\/EU_portal.jpg","caption":"Luzimara Fernandes"},"description":"Jornalista MTB 2358-ES","sameAs":["https:\/\/jornalfatosenoticias.com.br"],"url":"https:\/\/jornalfatosenoticias.com.br\/index.php\/author\/luzimara\/"}]}},"cc_featured_image_caption":{"caption_text":" \r\n","source_text":"","source_url":""},"jetpack_featured_media_url":"https:\/\/jornalfatosenoticias.com.br\/wp-content\/uploads\/2020\/09\/filme-brasileiro-rodado-em-Cuba.jpg","_links":{"self":[{"href":"https:\/\/jornalfatosenoticias.com.br\/index.php\/wp-json\/wp\/v2\/posts\/9228","targetHints":{"allow":["GET"]}}],"collection":[{"href":"https:\/\/jornalfatosenoticias.com.br\/index.php\/wp-json\/wp\/v2\/posts"}],"about":[{"href":"https:\/\/jornalfatosenoticias.com.br\/index.php\/wp-json\/wp\/v2\/types\/post"}],"author":[{"embeddable":true,"href":"https:\/\/jornalfatosenoticias.com.br\/index.php\/wp-json\/wp\/v2\/users\/2"}],"replies":[{"embeddable":true,"href":"https:\/\/jornalfatosenoticias.com.br\/index.php\/wp-json\/wp\/v2\/comments?post=9228"}],"version-history":[{"count":0,"href":"https:\/\/jornalfatosenoticias.com.br\/index.php\/wp-json\/wp\/v2\/posts\/9228\/revisions"}],"wp:featuredmedia":[{"embeddable":true,"href":"https:\/\/jornalfatosenoticias.com.br\/index.php\/wp-json\/wp\/v2\/media\/9229"}],"wp:attachment":[{"href":"https:\/\/jornalfatosenoticias.com.br\/index.php\/wp-json\/wp\/v2\/media?parent=9228"}],"wp:term":[{"taxonomy":"category","embeddable":true,"href":"https:\/\/jornalfatosenoticias.com.br\/index.php\/wp-json\/wp\/v2\/categories?post=9228"},{"taxonomy":"post_tag","embeddable":true,"href":"https:\/\/jornalfatosenoticias.com.br\/index.php\/wp-json\/wp\/v2\/tags?post=9228"}],"curies":[{"name":"wp","href":"https:\/\/api.w.org\/{rel}","templated":true}]}}