{"id":9237,"date":"2020-09-23T09:59:02","date_gmt":"2020-09-23T12:59:02","guid":{"rendered":"https:\/\/jornalfatosenoticias.com.br\/?p=9237"},"modified":"2020-09-23T09:59:08","modified_gmt":"2020-09-23T12:59:08","slug":"inmetro-libera-vendas-de-telhas-que-geram-energia-solar","status":"publish","type":"post","link":"https:\/\/jornalfatosenoticias.com.br\/index.php\/2020\/09\/23\/inmetro-libera-vendas-de-telhas-que-geram-energia-solar\/","title":{"rendered":"Inmetro libera vendas de telhas que geram energia solar"},"content":{"rendered":"\n<h6 class=\"wp-block-heading\"><em>Tecnologia desenvolvida no Brasil gera 1,15 kWh por m\u00eas<\/em><\/h6>\n\n\n\n<p>O Inmetro concedeu \u00e0 Eternit, fabricante de materiais de constru\u00e7\u00e3o, certificado para venda de telhas de concreto capazes de produzir energia. Com o certificado, a empresa agora pode come\u00e7ar a comercializar o produto. C\u00e9lulas fotovoltaicas implantadas diretamente sobre as telhas captam energia solar, substituindo os tradicionais pain\u00e9is solares.<br>As telhas solares s\u00e3o produzidas em Atibaia, no interior de S\u00e3o Paulo, na f\u00e1brica da T\u00e9gua Solar, marca pertencente ao grupo da Eternit. Apesar de a produ\u00e7\u00e3o j\u00e1 estar acontecendo, apenas alguns clientes escolhidos pela empresa recebem o material neste momento, visto que a Eternit ainda n\u00e3o podia vender as telhas. A expectativa da companhia \u00e9 come\u00e7ar a distribui\u00e7\u00e3o ao grande p\u00fablico em meados de 2021.<br>A empresa estima que o uso de sua tecnologia reduza o custo de um sistema de energia solar em at\u00e9 20%. Cada telha tem dimens\u00e3o de 36,5 cm por 47,5 cm e pot\u00eancia de 9,16 Watts. O sistema tem uma capacidade m\u00e9dia mensal de produzir 1,15 kWh. Com isso, o investimento deve levar entre tr\u00eas e cinco anos para se pagar totalmente.<br>Segundo a Eternit, uma resid\u00eancia pequena precisa de cerca de 150 telhas, enquanto casas maiores devem utilizar cerca de 600 telhas solares. O restante do telhado pode ser feito com telhas comuns.<\/p>\n\n\n\n<h4 class=\"wp-block-heading\">Feito no Brasil<\/h4>\n\n\n\n<p>A fabrica\u00e7\u00e3o de equipamentos de energia solar tem gerado diversos debates na ind\u00fastria nacional. Alguns entendem que a produ\u00e7\u00e3o nacional gera benef\u00edcios para a industrializa\u00e7\u00e3o do pa\u00eds, enquanto outro grupo prefere abrir o mercado e deixar a efici\u00eancia e qualidade dos produtos definir qual fabricante se sair\u00e1 melhor.<br>O tema voltou a ser discutido ap\u00f3s o Governo Federal decidir pela isen\u00e7\u00e3o da tarifa de importa\u00e7\u00e3o para mais de 100 tipos de equipamentos fotovoltaicos, incluindo diversos m\u00f3dulos (pain\u00e9is solares). Assim que a decis\u00e3o foi anunciada, a ind\u00fastria nacional se posicionou de forma contr\u00e1ria ao incentivo.<\/p>\n\n\n\n<figure class=\"wp-block-embed-youtube wp-block-embed is-type-video is-provider-youtube wp-embed-aspect-16-9 wp-has-aspect-ratio\"><div class=\"wp-block-embed__wrapper\">\n<iframe loading=\"lazy\" title=\"Eternit Solar - A 1\u00aa telha fotovoltaica de concreto do Brasil\" width=\"660\" height=\"371\" src=\"https:\/\/www.youtube.com\/embed\/dy7GLV7eEmY?feature=oembed\" frameborder=\"0\" allow=\"accelerometer; autoplay; clipboard-write; encrypted-media; gyroscope; picture-in-picture; web-share\" referrerpolicy=\"strict-origin-when-cross-origin\" allowfullscreen><\/iframe>\n<\/div><\/figure>\n\n\n\n<h4 class=\"wp-block-heading\">Brasil zera impostos de importa\u00e7\u00e3o para equipamentos de energia solar<\/h4>\n\n\n\n<p>Em edi\u00e7\u00e3o do Di\u00e1rio Oficial da Uni\u00e3o, o governo brasileiro incluiu equipamentos de energia solar em lista de bens de capital que tiveram impostos de importa\u00e7\u00e3o zerados at\u00e9 o fim de 2021. A decis\u00e3o foi tomada para impulsionar os neg\u00f3cios no momento em que o real est\u00e1 desvalorizado e, dessa forma, aumenta o custo dos componentes que dependem de importa\u00e7\u00e3o.<br>A C\u00e2mara de Com\u00e9rcio Exterior (Camex), do Minist\u00e9rio da Economia, colocou os itens em uma lista de \u201cex-tarif\u00e1rios\u201d, incluindo m\u00f3dulos fotovoltaicos para energia solar, inversores, os \u201ctrackers\u201d (usados para os pain\u00e9is acompanharem o movimento do Sol) e outros acess\u00f3rios. Entre os m\u00f3dulos solares, est\u00e3o os monocristalinos e os bifaciais. Bombas para o l\u00edquido de irriga\u00e7\u00e3o tamb\u00e9m tiveram os impostos zerados.<\/p>\n\n\n\n<p><strong><em>Fonte: <a href=\"https:\/\/olhardigital.com.br\/ciencia-e-espaco\/noticia\/inmetro-libera-vendas-de-telhas-da-eternit-que-geram-energia-solar\/107141#:~:text=Tecnologia%20desenvolvida%20no%20Brasil%20gera%201%2C15%20kWh%20por%20m%C3%AAs&amp;text=O%20Inmetro%20concedeu%20%C3%A0%20Eternit,come%C3%A7ar%20a%20comercializar%20o%20produto.\">Olhar Digital<\/a><\/em><\/strong><\/p>\n","protected":false},"excerpt":{"rendered":"<p>Tecnologia desenvolvida no Brasil gera 1,15 kWh por m\u00eas O Inmetro concedeu \u00e0 Eternit, fabricante de materiais de constru\u00e7\u00e3o, certificado para venda de telhas de concreto capazes de produzir energia. Com o certificado, a empresa agora pode come\u00e7ar a comercializar o produto. C\u00e9lulas fotovoltaicas implantadas diretamente sobre as telhas captam energia solar, substituindo os tradicionais [&hellip;]<\/p>\n","protected":false},"author":2,"featured_media":9238,"comment_status":"open","ping_status":"open","sticky":false,"template":"","format":"standard","meta":{"footnotes":""},"categories":[3],"tags":[597,2938,599,3321,466,5048],"class_list":["post-9237","post","type-post","status-publish","format-standard","has-post-thumbnail","hentry","category-tecnologia","tag-brasil","tag-energia-renovavel","tag-energia-solar","tag-painel-solar","tag-sol","tag-telhado-solar"],"yoast_head":"<!-- This site is optimized with the Yoast SEO plugin v26.5 - https:\/\/yoast.com\/wordpress\/plugins\/seo\/ -->\n<title>Inmetro libera vendas de telhas que geram energia solar - Jornal Fatos e Not\u00edcias<\/title>\n<meta name=\"robots\" content=\"index, follow, max-snippet:-1, max-image-preview:large, max-video-preview:-1\" \/>\n<link rel=\"canonical\" href=\"https:\/\/jornalfatosenoticias.com.br\/index.php\/2020\/09\/23\/inmetro-libera-vendas-de-telhas-que-geram-energia-solar\/\" \/>\n<meta property=\"og:locale\" content=\"pt_BR\" \/>\n<meta property=\"og:type\" content=\"article\" \/>\n<meta property=\"og:title\" content=\"Inmetro libera vendas de telhas que geram energia solar - Jornal Fatos e Not\u00edcias\" \/>\n<meta property=\"og:description\" content=\"Tecnologia desenvolvida no Brasil gera 1,15 kWh por m\u00eas O Inmetro concedeu \u00e0 Eternit, fabricante de materiais de constru\u00e7\u00e3o, certificado para venda de telhas de concreto capazes de produzir energia. Com o certificado, a empresa agora pode come\u00e7ar a comercializar o produto. C\u00e9lulas fotovoltaicas implantadas diretamente sobre as telhas captam energia solar, substituindo os tradicionais [&hellip;]\" \/>\n<meta property=\"og:url\" content=\"https:\/\/jornalfatosenoticias.com.br\/index.php\/2020\/09\/23\/inmetro-libera-vendas-de-telhas-que-geram-energia-solar\/\" \/>\n<meta property=\"og:site_name\" content=\"Jornal Fatos e Not\u00edcias\" \/>\n<meta property=\"article:published_time\" content=\"2020-09-23T12:59:02+00:00\" \/>\n<meta property=\"article:modified_time\" content=\"2020-09-23T12:59:08+00:00\" \/>\n<meta property=\"og:image\" content=\"https:\/\/jornalfatosenoticias.com.br\/wp-content\/uploads\/2020\/09\/telha_que_gera_energia_solar.jpg\" \/>\n\t<meta property=\"og:image:width\" content=\"1000\" \/>\n\t<meta property=\"og:image:height\" content=\"561\" \/>\n\t<meta property=\"og:image:type\" content=\"image\/jpeg\" \/>\n<meta name=\"author\" content=\"Luzimara Fernandes\" \/>\n<meta name=\"twitter:card\" content=\"summary_large_image\" \/>\n<meta name=\"twitter:label1\" content=\"Escrito por\" \/>\n\t<meta name=\"twitter:data1\" content=\"Luzimara Fernandes\" \/>\n\t<meta name=\"twitter:label2\" content=\"Est. tempo de leitura\" \/>\n\t<meta name=\"twitter:data2\" content=\"3 minutos\" \/>\n<script type=\"application\/ld+json\" class=\"yoast-schema-graph\">{\"@context\":\"https:\/\/schema.org\",\"@graph\":[{\"@type\":\"Article\",\"@id\":\"https:\/\/jornalfatosenoticias.com.br\/index.php\/2020\/09\/23\/inmetro-libera-vendas-de-telhas-que-geram-energia-solar\/#article\",\"isPartOf\":{\"@id\":\"https:\/\/jornalfatosenoticias.com.br\/index.php\/2020\/09\/23\/inmetro-libera-vendas-de-telhas-que-geram-energia-solar\/\"},\"author\":{\"name\":\"Luzimara Fernandes\",\"@id\":\"https:\/\/jornalfatosenoticias.com.br\/#\/schema\/person\/d63837fa13ac8666eb9e74e0985d6f81\"},\"headline\":\"Inmetro libera vendas de telhas que geram energia solar\",\"datePublished\":\"2020-09-23T12:59:02+00:00\",\"dateModified\":\"2020-09-23T12:59:08+00:00\",\"mainEntityOfPage\":{\"@id\":\"https:\/\/jornalfatosenoticias.com.br\/index.php\/2020\/09\/23\/inmetro-libera-vendas-de-telhas-que-geram-energia-solar\/\"},\"wordCount\":510,\"commentCount\":0,\"publisher\":{\"@id\":\"https:\/\/jornalfatosenoticias.com.br\/#organization\"},\"image\":{\"@id\":\"https:\/\/jornalfatosenoticias.com.br\/index.php\/2020\/09\/23\/inmetro-libera-vendas-de-telhas-que-geram-energia-solar\/#primaryimage\"},\"thumbnailUrl\":\"https:\/\/jornalfatosenoticias.com.br\/wp-content\/uploads\/2020\/09\/telha_que_gera_energia_solar.jpg\",\"keywords\":[\"Brasil\",\"energia renov\u00e1vel\",\"energia solar\",\"painel solar\",\"Sol\",\"telhado solar\"],\"articleSection\":[\"Tecnologia &amp; Inova\u00e7\u00e3o\"],\"inLanguage\":\"pt-BR\",\"potentialAction\":[{\"@type\":\"CommentAction\",\"name\":\"Comment\",\"target\":[\"https:\/\/jornalfatosenoticias.com.br\/index.php\/2020\/09\/23\/inmetro-libera-vendas-de-telhas-que-geram-energia-solar\/#respond\"]}]},{\"@type\":\"WebPage\",\"@id\":\"https:\/\/jornalfatosenoticias.com.br\/index.php\/2020\/09\/23\/inmetro-libera-vendas-de-telhas-que-geram-energia-solar\/\",\"url\":\"https:\/\/jornalfatosenoticias.com.br\/index.php\/2020\/09\/23\/inmetro-libera-vendas-de-telhas-que-geram-energia-solar\/\",\"name\":\"Inmetro libera vendas de telhas que geram energia solar - Jornal Fatos e Not\u00edcias\",\"isPartOf\":{\"@id\":\"https:\/\/jornalfatosenoticias.com.br\/#website\"},\"primaryImageOfPage\":{\"@id\":\"https:\/\/jornalfatosenoticias.com.br\/index.php\/2020\/09\/23\/inmetro-libera-vendas-de-telhas-que-geram-energia-solar\/#primaryimage\"},\"image\":{\"@id\":\"https:\/\/jornalfatosenoticias.com.br\/index.php\/2020\/09\/23\/inmetro-libera-vendas-de-telhas-que-geram-energia-solar\/#primaryimage\"},\"thumbnailUrl\":\"https:\/\/jornalfatosenoticias.com.br\/wp-content\/uploads\/2020\/09\/telha_que_gera_energia_solar.jpg\",\"datePublished\":\"2020-09-23T12:59:02+00:00\",\"dateModified\":\"2020-09-23T12:59:08+00:00\",\"breadcrumb\":{\"@id\":\"https:\/\/jornalfatosenoticias.com.br\/index.php\/2020\/09\/23\/inmetro-libera-vendas-de-telhas-que-geram-energia-solar\/#breadcrumb\"},\"inLanguage\":\"pt-BR\",\"potentialAction\":[{\"@type\":\"ReadAction\",\"target\":[\"https:\/\/jornalfatosenoticias.com.br\/index.php\/2020\/09\/23\/inmetro-libera-vendas-de-telhas-que-geram-energia-solar\/\"]}]},{\"@type\":\"ImageObject\",\"inLanguage\":\"pt-BR\",\"@id\":\"https:\/\/jornalfatosenoticias.com.br\/index.php\/2020\/09\/23\/inmetro-libera-vendas-de-telhas-que-geram-energia-solar\/#primaryimage\",\"url\":\"https:\/\/jornalfatosenoticias.com.br\/wp-content\/uploads\/2020\/09\/telha_que_gera_energia_solar.jpg\",\"contentUrl\":\"https:\/\/jornalfatosenoticias.com.br\/wp-content\/uploads\/2020\/09\/telha_que_gera_energia_solar.jpg\",\"width\":1000,\"height\":561},{\"@type\":\"BreadcrumbList\",\"@id\":\"https:\/\/jornalfatosenoticias.com.br\/index.php\/2020\/09\/23\/inmetro-libera-vendas-de-telhas-que-geram-energia-solar\/#breadcrumb\",\"itemListElement\":[{\"@type\":\"ListItem\",\"position\":1,\"name\":\"In\u00edcio\",\"item\":\"https:\/\/jornalfatosenoticias.com.br\/\"},{\"@type\":\"ListItem\",\"position\":2,\"name\":\"Inmetro libera vendas de telhas que geram energia solar\"}]},{\"@type\":\"WebSite\",\"@id\":\"https:\/\/jornalfatosenoticias.com.br\/#website\",\"url\":\"https:\/\/jornalfatosenoticias.com.br\/\",\"name\":\"Jornal Fatos e Not\u00edcias\",\"description\":\"Not\u00edcias em geral\",\"publisher\":{\"@id\":\"https:\/\/jornalfatosenoticias.com.br\/#organization\"},\"potentialAction\":[{\"@type\":\"SearchAction\",\"target\":{\"@type\":\"EntryPoint\",\"urlTemplate\":\"https:\/\/jornalfatosenoticias.com.br\/?s={search_term_string}\"},\"query-input\":{\"@type\":\"PropertyValueSpecification\",\"valueRequired\":true,\"valueName\":\"search_term_string\"}}],\"inLanguage\":\"pt-BR\"},{\"@type\":\"Organization\",\"@id\":\"https:\/\/jornalfatosenoticias.com.br\/#organization\",\"name\":\"Jornal Fatos e Not\u00edcias\",\"url\":\"https:\/\/jornalfatosenoticias.com.br\/\",\"logo\":{\"@type\":\"ImageObject\",\"inLanguage\":\"pt-BR\",\"@id\":\"https:\/\/jornalfatosenoticias.com.br\/#\/schema\/logo\/image\/\",\"url\":\"https:\/\/jornalfatosenoticias.com.br\/wp-content\/uploads\/2020\/02\/logo120.png\",\"contentUrl\":\"https:\/\/jornalfatosenoticias.com.br\/wp-content\/uploads\/2020\/02\/logo120.png\",\"width\":1227,\"height\":120,\"caption\":\"Jornal Fatos e Not\u00edcias\"},\"image\":{\"@id\":\"https:\/\/jornalfatosenoticias.com.br\/#\/schema\/logo\/image\/\"}},{\"@type\":\"Person\",\"@id\":\"https:\/\/jornalfatosenoticias.com.br\/#\/schema\/person\/d63837fa13ac8666eb9e74e0985d6f81\",\"name\":\"Luzimara Fernandes\",\"image\":{\"@type\":\"ImageObject\",\"inLanguage\":\"pt-BR\",\"@id\":\"https:\/\/jornalfatosenoticias.com.br\/#\/schema\/person\/image\/\",\"url\":\"https:\/\/jornalfatosenoticias.com.br\/wp-content\/uploads\/2025\/05\/EU_portal.jpg\",\"contentUrl\":\"https:\/\/jornalfatosenoticias.com.br\/wp-content\/uploads\/2025\/05\/EU_portal.jpg\",\"caption\":\"Luzimara Fernandes\"},\"description\":\"Jornalista MTB 2358-ES\",\"sameAs\":[\"https:\/\/jornalfatosenoticias.com.br\"],\"url\":\"https:\/\/jornalfatosenoticias.com.br\/index.php\/author\/luzimara\/\"}]}<\/script>\n<!-- \/ Yoast SEO plugin. -->","yoast_head_json":{"title":"Inmetro libera vendas de telhas que geram energia solar - Jornal Fatos e Not\u00edcias","robots":{"index":"index","follow":"follow","max-snippet":"max-snippet:-1","max-image-preview":"max-image-preview:large","max-video-preview":"max-video-preview:-1"},"canonical":"https:\/\/jornalfatosenoticias.com.br\/index.php\/2020\/09\/23\/inmetro-libera-vendas-de-telhas-que-geram-energia-solar\/","og_locale":"pt_BR","og_type":"article","og_title":"Inmetro libera vendas de telhas que geram energia solar - Jornal Fatos e Not\u00edcias","og_description":"Tecnologia desenvolvida no Brasil gera 1,15 kWh por m\u00eas O Inmetro concedeu \u00e0 Eternit, fabricante de materiais de constru\u00e7\u00e3o, certificado para venda de telhas de concreto capazes de produzir energia. Com o certificado, a empresa agora pode come\u00e7ar a comercializar o produto. C\u00e9lulas fotovoltaicas implantadas diretamente sobre as telhas captam energia solar, substituindo os tradicionais [&hellip;]","og_url":"https:\/\/jornalfatosenoticias.com.br\/index.php\/2020\/09\/23\/inmetro-libera-vendas-de-telhas-que-geram-energia-solar\/","og_site_name":"Jornal Fatos e Not\u00edcias","article_published_time":"2020-09-23T12:59:02+00:00","article_modified_time":"2020-09-23T12:59:08+00:00","og_image":[{"width":1000,"height":561,"url":"https:\/\/jornalfatosenoticias.com.br\/wp-content\/uploads\/2020\/09\/telha_que_gera_energia_solar.jpg","type":"image\/jpeg"}],"author":"Luzimara Fernandes","twitter_card":"summary_large_image","twitter_misc":{"Escrito por":"Luzimara Fernandes","Est. tempo de leitura":"3 minutos"},"schema":{"@context":"https:\/\/schema.org","@graph":[{"@type":"Article","@id":"https:\/\/jornalfatosenoticias.com.br\/index.php\/2020\/09\/23\/inmetro-libera-vendas-de-telhas-que-geram-energia-solar\/#article","isPartOf":{"@id":"https:\/\/jornalfatosenoticias.com.br\/index.php\/2020\/09\/23\/inmetro-libera-vendas-de-telhas-que-geram-energia-solar\/"},"author":{"name":"Luzimara Fernandes","@id":"https:\/\/jornalfatosenoticias.com.br\/#\/schema\/person\/d63837fa13ac8666eb9e74e0985d6f81"},"headline":"Inmetro libera vendas de telhas que geram energia solar","datePublished":"2020-09-23T12:59:02+00:00","dateModified":"2020-09-23T12:59:08+00:00","mainEntityOfPage":{"@id":"https:\/\/jornalfatosenoticias.com.br\/index.php\/2020\/09\/23\/inmetro-libera-vendas-de-telhas-que-geram-energia-solar\/"},"wordCount":510,"commentCount":0,"publisher":{"@id":"https:\/\/jornalfatosenoticias.com.br\/#organization"},"image":{"@id":"https:\/\/jornalfatosenoticias.com.br\/index.php\/2020\/09\/23\/inmetro-libera-vendas-de-telhas-que-geram-energia-solar\/#primaryimage"},"thumbnailUrl":"https:\/\/jornalfatosenoticias.com.br\/wp-content\/uploads\/2020\/09\/telha_que_gera_energia_solar.jpg","keywords":["Brasil","energia renov\u00e1vel","energia solar","painel solar","Sol","telhado solar"],"articleSection":["Tecnologia &amp; Inova\u00e7\u00e3o"],"inLanguage":"pt-BR","potentialAction":[{"@type":"CommentAction","name":"Comment","target":["https:\/\/jornalfatosenoticias.com.br\/index.php\/2020\/09\/23\/inmetro-libera-vendas-de-telhas-que-geram-energia-solar\/#respond"]}]},{"@type":"WebPage","@id":"https:\/\/jornalfatosenoticias.com.br\/index.php\/2020\/09\/23\/inmetro-libera-vendas-de-telhas-que-geram-energia-solar\/","url":"https:\/\/jornalfatosenoticias.com.br\/index.php\/2020\/09\/23\/inmetro-libera-vendas-de-telhas-que-geram-energia-solar\/","name":"Inmetro libera vendas de telhas que geram energia solar - Jornal Fatos e Not\u00edcias","isPartOf":{"@id":"https:\/\/jornalfatosenoticias.com.br\/#website"},"primaryImageOfPage":{"@id":"https:\/\/jornalfatosenoticias.com.br\/index.php\/2020\/09\/23\/inmetro-libera-vendas-de-telhas-que-geram-energia-solar\/#primaryimage"},"image":{"@id":"https:\/\/jornalfatosenoticias.com.br\/index.php\/2020\/09\/23\/inmetro-libera-vendas-de-telhas-que-geram-energia-solar\/#primaryimage"},"thumbnailUrl":"https:\/\/jornalfatosenoticias.com.br\/wp-content\/uploads\/2020\/09\/telha_que_gera_energia_solar.jpg","datePublished":"2020-09-23T12:59:02+00:00","dateModified":"2020-09-23T12:59:08+00:00","breadcrumb":{"@id":"https:\/\/jornalfatosenoticias.com.br\/index.php\/2020\/09\/23\/inmetro-libera-vendas-de-telhas-que-geram-energia-solar\/#breadcrumb"},"inLanguage":"pt-BR","potentialAction":[{"@type":"ReadAction","target":["https:\/\/jornalfatosenoticias.com.br\/index.php\/2020\/09\/23\/inmetro-libera-vendas-de-telhas-que-geram-energia-solar\/"]}]},{"@type":"ImageObject","inLanguage":"pt-BR","@id":"https:\/\/jornalfatosenoticias.com.br\/index.php\/2020\/09\/23\/inmetro-libera-vendas-de-telhas-que-geram-energia-solar\/#primaryimage","url":"https:\/\/jornalfatosenoticias.com.br\/wp-content\/uploads\/2020\/09\/telha_que_gera_energia_solar.jpg","contentUrl":"https:\/\/jornalfatosenoticias.com.br\/wp-content\/uploads\/2020\/09\/telha_que_gera_energia_solar.jpg","width":1000,"height":561},{"@type":"BreadcrumbList","@id":"https:\/\/jornalfatosenoticias.com.br\/index.php\/2020\/09\/23\/inmetro-libera-vendas-de-telhas-que-geram-energia-solar\/#breadcrumb","itemListElement":[{"@type":"ListItem","position":1,"name":"In\u00edcio","item":"https:\/\/jornalfatosenoticias.com.br\/"},{"@type":"ListItem","position":2,"name":"Inmetro libera vendas de telhas que geram energia solar"}]},{"@type":"WebSite","@id":"https:\/\/jornalfatosenoticias.com.br\/#website","url":"https:\/\/jornalfatosenoticias.com.br\/","name":"Jornal Fatos e Not\u00edcias","description":"Not\u00edcias em geral","publisher":{"@id":"https:\/\/jornalfatosenoticias.com.br\/#organization"},"potentialAction":[{"@type":"SearchAction","target":{"@type":"EntryPoint","urlTemplate":"https:\/\/jornalfatosenoticias.com.br\/?s={search_term_string}"},"query-input":{"@type":"PropertyValueSpecification","valueRequired":true,"valueName":"search_term_string"}}],"inLanguage":"pt-BR"},{"@type":"Organization","@id":"https:\/\/jornalfatosenoticias.com.br\/#organization","name":"Jornal Fatos e Not\u00edcias","url":"https:\/\/jornalfatosenoticias.com.br\/","logo":{"@type":"ImageObject","inLanguage":"pt-BR","@id":"https:\/\/jornalfatosenoticias.com.br\/#\/schema\/logo\/image\/","url":"https:\/\/jornalfatosenoticias.com.br\/wp-content\/uploads\/2020\/02\/logo120.png","contentUrl":"https:\/\/jornalfatosenoticias.com.br\/wp-content\/uploads\/2020\/02\/logo120.png","width":1227,"height":120,"caption":"Jornal Fatos e Not\u00edcias"},"image":{"@id":"https:\/\/jornalfatosenoticias.com.br\/#\/schema\/logo\/image\/"}},{"@type":"Person","@id":"https:\/\/jornalfatosenoticias.com.br\/#\/schema\/person\/d63837fa13ac8666eb9e74e0985d6f81","name":"Luzimara Fernandes","image":{"@type":"ImageObject","inLanguage":"pt-BR","@id":"https:\/\/jornalfatosenoticias.com.br\/#\/schema\/person\/image\/","url":"https:\/\/jornalfatosenoticias.com.br\/wp-content\/uploads\/2025\/05\/EU_portal.jpg","contentUrl":"https:\/\/jornalfatosenoticias.com.br\/wp-content\/uploads\/2025\/05\/EU_portal.jpg","caption":"Luzimara Fernandes"},"description":"Jornalista MTB 2358-ES","sameAs":["https:\/\/jornalfatosenoticias.com.br"],"url":"https:\/\/jornalfatosenoticias.com.br\/index.php\/author\/luzimara\/"}]}},"cc_featured_image_caption":{"caption_text":"(Foto: Divulga\u00e7\u00e3o\/Eternit) ","source_text":"","source_url":""},"jetpack_featured_media_url":"https:\/\/jornalfatosenoticias.com.br\/wp-content\/uploads\/2020\/09\/telha_que_gera_energia_solar.jpg","_links":{"self":[{"href":"https:\/\/jornalfatosenoticias.com.br\/index.php\/wp-json\/wp\/v2\/posts\/9237","targetHints":{"allow":["GET"]}}],"collection":[{"href":"https:\/\/jornalfatosenoticias.com.br\/index.php\/wp-json\/wp\/v2\/posts"}],"about":[{"href":"https:\/\/jornalfatosenoticias.com.br\/index.php\/wp-json\/wp\/v2\/types\/post"}],"author":[{"embeddable":true,"href":"https:\/\/jornalfatosenoticias.com.br\/index.php\/wp-json\/wp\/v2\/users\/2"}],"replies":[{"embeddable":true,"href":"https:\/\/jornalfatosenoticias.com.br\/index.php\/wp-json\/wp\/v2\/comments?post=9237"}],"version-history":[{"count":0,"href":"https:\/\/jornalfatosenoticias.com.br\/index.php\/wp-json\/wp\/v2\/posts\/9237\/revisions"}],"wp:featuredmedia":[{"embeddable":true,"href":"https:\/\/jornalfatosenoticias.com.br\/index.php\/wp-json\/wp\/v2\/media\/9238"}],"wp:attachment":[{"href":"https:\/\/jornalfatosenoticias.com.br\/index.php\/wp-json\/wp\/v2\/media?parent=9237"}],"wp:term":[{"taxonomy":"category","embeddable":true,"href":"https:\/\/jornalfatosenoticias.com.br\/index.php\/wp-json\/wp\/v2\/categories?post=9237"},{"taxonomy":"post_tag","embeddable":true,"href":"https:\/\/jornalfatosenoticias.com.br\/index.php\/wp-json\/wp\/v2\/tags?post=9237"}],"curies":[{"name":"wp","href":"https:\/\/api.w.org\/{rel}","templated":true}]}}