{"id":9241,"date":"2020-09-23T10:02:02","date_gmt":"2020-09-23T13:02:02","guid":{"rendered":"https:\/\/jornalfatosenoticias.com.br\/?p=9241"},"modified":"2020-09-23T10:02:07","modified_gmt":"2020-09-23T13:02:07","slug":"em-media-sindrome-de-burnout-afeta-trabalhadores-aos-32-anos-diz-estudo","status":"publish","type":"post","link":"https:\/\/jornalfatosenoticias.com.br\/index.php\/2020\/09\/23\/em-media-sindrome-de-burnout-afeta-trabalhadores-aos-32-anos-diz-estudo\/","title":{"rendered":"Em m\u00e9dia, S\u00edndrome de Burnout afeta trabalhadores aos 32 anos, diz estudo"},"content":{"rendered":"\n<h6 class=\"wp-block-heading\"><em>Pesquisa conduzida pela empresa brit\u00e2nica The Office Group tamb\u00e9m revelou que home office tem contribu\u00eddo para esgotamento f\u00edsico e psicol\u00f3gico dos trabalhadores<\/em><\/h6>\n\n\n\n<p>Uma nova pesquisa conduzida pela empresa brit\u00e2nica The Office Group com dois mil adultos indica que, atualmente, o trabalhador m\u00e9dio vivencia a S\u00edndrome de Burnout aos 32 anos. O dist\u00farbio \u00e9 caracterizado pelo desgaste intenso da pessoa por conta do trabalho que a leva a ter um colapso tanto mental quanto f\u00edsico.<br>Ao todo, um ter\u00e7o dos entrevistados admite que sentiu que simplesmente n\u00e3o poderia continuar trabalhando devido ao estresse ou \u00e0 exaust\u00e3o em algum momento de suas carreiras. Mais da metade das pessoas (52%) afirmaram que o esgotamento ocorre porque tentam fazer muitas tarefas e 58% do grupo acredita que suas horas de trabalho normais s\u00e3o muito longas.<br>Al\u00e9m disso, 39% dos participantes acreditam n\u00e3o tirar dias de folga suficientes e 47% sentem que devem estar sempre &#8220;ligados&#8221; durante o trabalho. Quase dois em cada cinco trabalhadores (37%) sentem que h\u00e1 press\u00e3o para constantemente fazer trabalho extra.<br>Pouco menos da metade dos entrevistados que lutam contra a S\u00edndrome de Burnout abandonaram o emprego devido \u00e0 exaust\u00e3o. Outros 29% considerariam pelo menos tirar uma licen\u00e7a n\u00e3o remunerada na pr\u00f3xima vez que se sentirem particularmente estressados.<br>Desde o in\u00edcio da pandemia de Covid-19, com a implementa\u00e7\u00e3o do home office em v\u00e1rias empresas, 59% dos entrevistados disseram que come\u00e7aram a trabalhar mais horas. Em m\u00e9dia, o trabalhador remoto realizou 59 horas extras de trabalho, o que equivale a cerca de sete dias completos adicionais de trabalho nos \u00faltimos cinco meses.<br>&#8220;Com quase um ter\u00e7o das pessoas dizendo que o distanciamento social as aproximou do esgotamento, n\u00e3o h\u00e1 d\u00favida de que a pandemia teve um grande impacto na sa\u00fade mental coletiva da na\u00e7\u00e3o&#8221;, disse a psiquiatra Sarah Vohra, segundo o Study Finds. &#8220;As empresas devem se proteger contra elementos que possam causar estresse e ansiedade e, olhando para o futuro, devem fazer mudan\u00e7as robustas para garantir que os funcion\u00e1rios estejam protegidos, especialmente em tempos de incerteza&#8221;.<br>Um em cada tr\u00eas entrevistados para a pesquisa culpa diretamente o distanciamento social por conta do novo coronav\u00edrus por seus sentimentos atuais de exaust\u00e3o e esgotamento. Quando solicitados a explicar exatamente por que esse per\u00edodo foi t\u00e3o dif\u00edcil, 31% dizem que se sentem obrigados a trabalhar mais porque o escrit\u00f3rio agora \u00e9 sua casa e 27% dizem estar perdendo as conex\u00f5es sociais dos escrit\u00f3rios tradicionais.<br>Em geral, 60% dos entrevistados dizem que a necessidade de estar &#8220;sempre ligado&#8221; \u00e9 a principal respons\u00e1vel por seu esgotamento. Quanto \u00e0s formas de combater a S\u00edndrome de Burnout, 20% dos trabalhadores afirmam praticar medita\u00e7\u00e3o e\/ou ioga para relaxar quando n\u00e3o est\u00e3o trabalhando, e 22% desejam que seu empregador ofere\u00e7a aulas de mindfulness e bem-estar.<\/p>\n\n\n\n<p><strong><em>Fonte: <a href=\"https:\/\/revistagalileu.globo.com\/Sociedade\/Comportamento\/noticia\/2020\/09\/em-media-sindrome-de-burnout-afeta-trabalhadores-aos-32-anos-diz-estudo.html\">Revista Galileu<\/a><\/em><\/strong><\/p>\n","protected":false},"excerpt":{"rendered":"<p>Pesquisa conduzida pela empresa brit\u00e2nica The Office Group tamb\u00e9m revelou que home office tem contribu\u00eddo para esgotamento f\u00edsico e psicol\u00f3gico dos trabalhadores Uma nova pesquisa conduzida pela empresa brit\u00e2nica The Office Group com dois mil adultos indica que, atualmente, o trabalhador m\u00e9dio vivencia a S\u00edndrome de Burnout aos 32 anos. O dist\u00farbio \u00e9 caracterizado pelo [&hellip;]<\/p>\n","protected":false},"author":2,"featured_media":9242,"comment_status":"open","ping_status":"open","sticky":false,"template":"","format":"standard","meta":{"footnotes":""},"categories":[2522],"tags":[385,5050,3471,5049],"class_list":["post-9241","post","type-post","status-publish","format-standard","has-post-thumbnail","hentry","category-comportamento","tag-bem-estar","tag-mindfulness","tag-psicologico","tag-sindrome-de-burnout"],"yoast_head":"<!-- This site is optimized with the Yoast SEO plugin v26.5 - https:\/\/yoast.com\/wordpress\/plugins\/seo\/ -->\n<title>Em m\u00e9dia, S\u00edndrome de Burnout afeta trabalhadores aos 32 anos, diz estudo - Jornal Fatos e Not\u00edcias<\/title>\n<meta name=\"robots\" content=\"index, follow, max-snippet:-1, max-image-preview:large, max-video-preview:-1\" \/>\n<link rel=\"canonical\" href=\"https:\/\/jornalfatosenoticias.com.br\/index.php\/2020\/09\/23\/em-media-sindrome-de-burnout-afeta-trabalhadores-aos-32-anos-diz-estudo\/\" \/>\n<meta property=\"og:locale\" content=\"pt_BR\" \/>\n<meta property=\"og:type\" content=\"article\" \/>\n<meta property=\"og:title\" content=\"Em m\u00e9dia, S\u00edndrome de Burnout afeta trabalhadores aos 32 anos, diz estudo - Jornal Fatos e Not\u00edcias\" \/>\n<meta property=\"og:description\" content=\"Pesquisa conduzida pela empresa brit\u00e2nica The Office Group tamb\u00e9m revelou que home office tem contribu\u00eddo para esgotamento f\u00edsico e psicol\u00f3gico dos trabalhadores Uma nova pesquisa conduzida pela empresa brit\u00e2nica The Office Group com dois mil adultos indica que, atualmente, o trabalhador m\u00e9dio vivencia a S\u00edndrome de Burnout aos 32 anos. O dist\u00farbio \u00e9 caracterizado pelo [&hellip;]\" \/>\n<meta property=\"og:url\" content=\"https:\/\/jornalfatosenoticias.com.br\/index.php\/2020\/09\/23\/em-media-sindrome-de-burnout-afeta-trabalhadores-aos-32-anos-diz-estudo\/\" \/>\n<meta property=\"og:site_name\" content=\"Jornal Fatos e Not\u00edcias\" \/>\n<meta property=\"article:published_time\" content=\"2020-09-23T13:02:02+00:00\" \/>\n<meta property=\"article:modified_time\" content=\"2020-09-23T13:02:07+00:00\" \/>\n<meta property=\"og:image\" content=\"https:\/\/jornalfatosenoticias.com.br\/wp-content\/uploads\/2020\/09\/burnout_pexels-yan.jpg\" \/>\n\t<meta property=\"og:image:width\" content=\"1000\" \/>\n\t<meta property=\"og:image:height\" content=\"666\" \/>\n\t<meta property=\"og:image:type\" content=\"image\/jpeg\" \/>\n<meta name=\"author\" content=\"Luzimara Fernandes\" \/>\n<meta name=\"twitter:card\" content=\"summary_large_image\" \/>\n<meta name=\"twitter:label1\" content=\"Escrito por\" \/>\n\t<meta name=\"twitter:data1\" content=\"Luzimara Fernandes\" \/>\n\t<meta name=\"twitter:label2\" content=\"Est. tempo de leitura\" \/>\n\t<meta name=\"twitter:data2\" content=\"2 minutos\" \/>\n<script type=\"application\/ld+json\" class=\"yoast-schema-graph\">{\"@context\":\"https:\/\/schema.org\",\"@graph\":[{\"@type\":\"Article\",\"@id\":\"https:\/\/jornalfatosenoticias.com.br\/index.php\/2020\/09\/23\/em-media-sindrome-de-burnout-afeta-trabalhadores-aos-32-anos-diz-estudo\/#article\",\"isPartOf\":{\"@id\":\"https:\/\/jornalfatosenoticias.com.br\/index.php\/2020\/09\/23\/em-media-sindrome-de-burnout-afeta-trabalhadores-aos-32-anos-diz-estudo\/\"},\"author\":{\"name\":\"Luzimara Fernandes\",\"@id\":\"https:\/\/jornalfatosenoticias.com.br\/#\/schema\/person\/d63837fa13ac8666eb9e74e0985d6f81\"},\"headline\":\"Em m\u00e9dia, S\u00edndrome de Burnout afeta trabalhadores aos 32 anos, diz estudo\",\"datePublished\":\"2020-09-23T13:02:02+00:00\",\"dateModified\":\"2020-09-23T13:02:07+00:00\",\"mainEntityOfPage\":{\"@id\":\"https:\/\/jornalfatosenoticias.com.br\/index.php\/2020\/09\/23\/em-media-sindrome-de-burnout-afeta-trabalhadores-aos-32-anos-diz-estudo\/\"},\"wordCount\":502,\"commentCount\":0,\"publisher\":{\"@id\":\"https:\/\/jornalfatosenoticias.com.br\/#organization\"},\"image\":{\"@id\":\"https:\/\/jornalfatosenoticias.com.br\/index.php\/2020\/09\/23\/em-media-sindrome-de-burnout-afeta-trabalhadores-aos-32-anos-diz-estudo\/#primaryimage\"},\"thumbnailUrl\":\"https:\/\/jornalfatosenoticias.com.br\/wp-content\/uploads\/2020\/09\/burnout_pexels-yan.jpg\",\"keywords\":[\"bem-estar\",\"mindfulness\",\"psicol\u00f3gico\",\"S\u00edndrome de Burnout\"],\"articleSection\":[\"Comportamento &amp; Equil\u00edbrio\"],\"inLanguage\":\"pt-BR\",\"potentialAction\":[{\"@type\":\"CommentAction\",\"name\":\"Comment\",\"target\":[\"https:\/\/jornalfatosenoticias.com.br\/index.php\/2020\/09\/23\/em-media-sindrome-de-burnout-afeta-trabalhadores-aos-32-anos-diz-estudo\/#respond\"]}]},{\"@type\":\"WebPage\",\"@id\":\"https:\/\/jornalfatosenoticias.com.br\/index.php\/2020\/09\/23\/em-media-sindrome-de-burnout-afeta-trabalhadores-aos-32-anos-diz-estudo\/\",\"url\":\"https:\/\/jornalfatosenoticias.com.br\/index.php\/2020\/09\/23\/em-media-sindrome-de-burnout-afeta-trabalhadores-aos-32-anos-diz-estudo\/\",\"name\":\"Em m\u00e9dia, S\u00edndrome de Burnout afeta trabalhadores aos 32 anos, diz estudo - Jornal Fatos e Not\u00edcias\",\"isPartOf\":{\"@id\":\"https:\/\/jornalfatosenoticias.com.br\/#website\"},\"primaryImageOfPage\":{\"@id\":\"https:\/\/jornalfatosenoticias.com.br\/index.php\/2020\/09\/23\/em-media-sindrome-de-burnout-afeta-trabalhadores-aos-32-anos-diz-estudo\/#primaryimage\"},\"image\":{\"@id\":\"https:\/\/jornalfatosenoticias.com.br\/index.php\/2020\/09\/23\/em-media-sindrome-de-burnout-afeta-trabalhadores-aos-32-anos-diz-estudo\/#primaryimage\"},\"thumbnailUrl\":\"https:\/\/jornalfatosenoticias.com.br\/wp-content\/uploads\/2020\/09\/burnout_pexels-yan.jpg\",\"datePublished\":\"2020-09-23T13:02:02+00:00\",\"dateModified\":\"2020-09-23T13:02:07+00:00\",\"breadcrumb\":{\"@id\":\"https:\/\/jornalfatosenoticias.com.br\/index.php\/2020\/09\/23\/em-media-sindrome-de-burnout-afeta-trabalhadores-aos-32-anos-diz-estudo\/#breadcrumb\"},\"inLanguage\":\"pt-BR\",\"potentialAction\":[{\"@type\":\"ReadAction\",\"target\":[\"https:\/\/jornalfatosenoticias.com.br\/index.php\/2020\/09\/23\/em-media-sindrome-de-burnout-afeta-trabalhadores-aos-32-anos-diz-estudo\/\"]}]},{\"@type\":\"ImageObject\",\"inLanguage\":\"pt-BR\",\"@id\":\"https:\/\/jornalfatosenoticias.com.br\/index.php\/2020\/09\/23\/em-media-sindrome-de-burnout-afeta-trabalhadores-aos-32-anos-diz-estudo\/#primaryimage\",\"url\":\"https:\/\/jornalfatosenoticias.com.br\/wp-content\/uploads\/2020\/09\/burnout_pexels-yan.jpg\",\"contentUrl\":\"https:\/\/jornalfatosenoticias.com.br\/wp-content\/uploads\/2020\/09\/burnout_pexels-yan.jpg\",\"width\":1000,\"height\":666},{\"@type\":\"BreadcrumbList\",\"@id\":\"https:\/\/jornalfatosenoticias.com.br\/index.php\/2020\/09\/23\/em-media-sindrome-de-burnout-afeta-trabalhadores-aos-32-anos-diz-estudo\/#breadcrumb\",\"itemListElement\":[{\"@type\":\"ListItem\",\"position\":1,\"name\":\"In\u00edcio\",\"item\":\"https:\/\/jornalfatosenoticias.com.br\/\"},{\"@type\":\"ListItem\",\"position\":2,\"name\":\"Em m\u00e9dia, S\u00edndrome de Burnout afeta trabalhadores aos 32 anos, diz estudo\"}]},{\"@type\":\"WebSite\",\"@id\":\"https:\/\/jornalfatosenoticias.com.br\/#website\",\"url\":\"https:\/\/jornalfatosenoticias.com.br\/\",\"name\":\"Jornal Fatos e Not\u00edcias\",\"description\":\"Not\u00edcias em geral\",\"publisher\":{\"@id\":\"https:\/\/jornalfatosenoticias.com.br\/#organization\"},\"potentialAction\":[{\"@type\":\"SearchAction\",\"target\":{\"@type\":\"EntryPoint\",\"urlTemplate\":\"https:\/\/jornalfatosenoticias.com.br\/?s={search_term_string}\"},\"query-input\":{\"@type\":\"PropertyValueSpecification\",\"valueRequired\":true,\"valueName\":\"search_term_string\"}}],\"inLanguage\":\"pt-BR\"},{\"@type\":\"Organization\",\"@id\":\"https:\/\/jornalfatosenoticias.com.br\/#organization\",\"name\":\"Jornal Fatos e Not\u00edcias\",\"url\":\"https:\/\/jornalfatosenoticias.com.br\/\",\"logo\":{\"@type\":\"ImageObject\",\"inLanguage\":\"pt-BR\",\"@id\":\"https:\/\/jornalfatosenoticias.com.br\/#\/schema\/logo\/image\/\",\"url\":\"https:\/\/jornalfatosenoticias.com.br\/wp-content\/uploads\/2020\/02\/logo120.png\",\"contentUrl\":\"https:\/\/jornalfatosenoticias.com.br\/wp-content\/uploads\/2020\/02\/logo120.png\",\"width\":1227,\"height\":120,\"caption\":\"Jornal Fatos e Not\u00edcias\"},\"image\":{\"@id\":\"https:\/\/jornalfatosenoticias.com.br\/#\/schema\/logo\/image\/\"}},{\"@type\":\"Person\",\"@id\":\"https:\/\/jornalfatosenoticias.com.br\/#\/schema\/person\/d63837fa13ac8666eb9e74e0985d6f81\",\"name\":\"Luzimara Fernandes\",\"image\":{\"@type\":\"ImageObject\",\"inLanguage\":\"pt-BR\",\"@id\":\"https:\/\/jornalfatosenoticias.com.br\/#\/schema\/person\/image\/\",\"url\":\"https:\/\/jornalfatosenoticias.com.br\/wp-content\/uploads\/2025\/05\/EU_portal.jpg\",\"contentUrl\":\"https:\/\/jornalfatosenoticias.com.br\/wp-content\/uploads\/2025\/05\/EU_portal.jpg\",\"caption\":\"Luzimara Fernandes\"},\"description\":\"Jornalista MTB 2358-ES\",\"sameAs\":[\"https:\/\/jornalfatosenoticias.com.br\"],\"url\":\"https:\/\/jornalfatosenoticias.com.br\/index.php\/author\/luzimara\/\"}]}<\/script>\n<!-- \/ Yoast SEO plugin. -->","yoast_head_json":{"title":"Em m\u00e9dia, S\u00edndrome de Burnout afeta trabalhadores aos 32 anos, diz estudo - Jornal Fatos e Not\u00edcias","robots":{"index":"index","follow":"follow","max-snippet":"max-snippet:-1","max-image-preview":"max-image-preview:large","max-video-preview":"max-video-preview:-1"},"canonical":"https:\/\/jornalfatosenoticias.com.br\/index.php\/2020\/09\/23\/em-media-sindrome-de-burnout-afeta-trabalhadores-aos-32-anos-diz-estudo\/","og_locale":"pt_BR","og_type":"article","og_title":"Em m\u00e9dia, S\u00edndrome de Burnout afeta trabalhadores aos 32 anos, diz estudo - Jornal Fatos e Not\u00edcias","og_description":"Pesquisa conduzida pela empresa brit\u00e2nica The Office Group tamb\u00e9m revelou que home office tem contribu\u00eddo para esgotamento f\u00edsico e psicol\u00f3gico dos trabalhadores Uma nova pesquisa conduzida pela empresa brit\u00e2nica The Office Group com dois mil adultos indica que, atualmente, o trabalhador m\u00e9dio vivencia a S\u00edndrome de Burnout aos 32 anos. O dist\u00farbio \u00e9 caracterizado pelo [&hellip;]","og_url":"https:\/\/jornalfatosenoticias.com.br\/index.php\/2020\/09\/23\/em-media-sindrome-de-burnout-afeta-trabalhadores-aos-32-anos-diz-estudo\/","og_site_name":"Jornal Fatos e Not\u00edcias","article_published_time":"2020-09-23T13:02:02+00:00","article_modified_time":"2020-09-23T13:02:07+00:00","og_image":[{"width":1000,"height":666,"url":"https:\/\/jornalfatosenoticias.com.br\/wp-content\/uploads\/2020\/09\/burnout_pexels-yan.jpg","type":"image\/jpeg"}],"author":"Luzimara Fernandes","twitter_card":"summary_large_image","twitter_misc":{"Escrito por":"Luzimara Fernandes","Est. tempo de leitura":"2 minutos"},"schema":{"@context":"https:\/\/schema.org","@graph":[{"@type":"Article","@id":"https:\/\/jornalfatosenoticias.com.br\/index.php\/2020\/09\/23\/em-media-sindrome-de-burnout-afeta-trabalhadores-aos-32-anos-diz-estudo\/#article","isPartOf":{"@id":"https:\/\/jornalfatosenoticias.com.br\/index.php\/2020\/09\/23\/em-media-sindrome-de-burnout-afeta-trabalhadores-aos-32-anos-diz-estudo\/"},"author":{"name":"Luzimara Fernandes","@id":"https:\/\/jornalfatosenoticias.com.br\/#\/schema\/person\/d63837fa13ac8666eb9e74e0985d6f81"},"headline":"Em m\u00e9dia, S\u00edndrome de Burnout afeta trabalhadores aos 32 anos, diz estudo","datePublished":"2020-09-23T13:02:02+00:00","dateModified":"2020-09-23T13:02:07+00:00","mainEntityOfPage":{"@id":"https:\/\/jornalfatosenoticias.com.br\/index.php\/2020\/09\/23\/em-media-sindrome-de-burnout-afeta-trabalhadores-aos-32-anos-diz-estudo\/"},"wordCount":502,"commentCount":0,"publisher":{"@id":"https:\/\/jornalfatosenoticias.com.br\/#organization"},"image":{"@id":"https:\/\/jornalfatosenoticias.com.br\/index.php\/2020\/09\/23\/em-media-sindrome-de-burnout-afeta-trabalhadores-aos-32-anos-diz-estudo\/#primaryimage"},"thumbnailUrl":"https:\/\/jornalfatosenoticias.com.br\/wp-content\/uploads\/2020\/09\/burnout_pexels-yan.jpg","keywords":["bem-estar","mindfulness","psicol\u00f3gico","S\u00edndrome de Burnout"],"articleSection":["Comportamento &amp; Equil\u00edbrio"],"inLanguage":"pt-BR","potentialAction":[{"@type":"CommentAction","name":"Comment","target":["https:\/\/jornalfatosenoticias.com.br\/index.php\/2020\/09\/23\/em-media-sindrome-de-burnout-afeta-trabalhadores-aos-32-anos-diz-estudo\/#respond"]}]},{"@type":"WebPage","@id":"https:\/\/jornalfatosenoticias.com.br\/index.php\/2020\/09\/23\/em-media-sindrome-de-burnout-afeta-trabalhadores-aos-32-anos-diz-estudo\/","url":"https:\/\/jornalfatosenoticias.com.br\/index.php\/2020\/09\/23\/em-media-sindrome-de-burnout-afeta-trabalhadores-aos-32-anos-diz-estudo\/","name":"Em m\u00e9dia, S\u00edndrome de Burnout afeta trabalhadores aos 32 anos, diz estudo - Jornal Fatos e Not\u00edcias","isPartOf":{"@id":"https:\/\/jornalfatosenoticias.com.br\/#website"},"primaryImageOfPage":{"@id":"https:\/\/jornalfatosenoticias.com.br\/index.php\/2020\/09\/23\/em-media-sindrome-de-burnout-afeta-trabalhadores-aos-32-anos-diz-estudo\/#primaryimage"},"image":{"@id":"https:\/\/jornalfatosenoticias.com.br\/index.php\/2020\/09\/23\/em-media-sindrome-de-burnout-afeta-trabalhadores-aos-32-anos-diz-estudo\/#primaryimage"},"thumbnailUrl":"https:\/\/jornalfatosenoticias.com.br\/wp-content\/uploads\/2020\/09\/burnout_pexels-yan.jpg","datePublished":"2020-09-23T13:02:02+00:00","dateModified":"2020-09-23T13:02:07+00:00","breadcrumb":{"@id":"https:\/\/jornalfatosenoticias.com.br\/index.php\/2020\/09\/23\/em-media-sindrome-de-burnout-afeta-trabalhadores-aos-32-anos-diz-estudo\/#breadcrumb"},"inLanguage":"pt-BR","potentialAction":[{"@type":"ReadAction","target":["https:\/\/jornalfatosenoticias.com.br\/index.php\/2020\/09\/23\/em-media-sindrome-de-burnout-afeta-trabalhadores-aos-32-anos-diz-estudo\/"]}]},{"@type":"ImageObject","inLanguage":"pt-BR","@id":"https:\/\/jornalfatosenoticias.com.br\/index.php\/2020\/09\/23\/em-media-sindrome-de-burnout-afeta-trabalhadores-aos-32-anos-diz-estudo\/#primaryimage","url":"https:\/\/jornalfatosenoticias.com.br\/wp-content\/uploads\/2020\/09\/burnout_pexels-yan.jpg","contentUrl":"https:\/\/jornalfatosenoticias.com.br\/wp-content\/uploads\/2020\/09\/burnout_pexels-yan.jpg","width":1000,"height":666},{"@type":"BreadcrumbList","@id":"https:\/\/jornalfatosenoticias.com.br\/index.php\/2020\/09\/23\/em-media-sindrome-de-burnout-afeta-trabalhadores-aos-32-anos-diz-estudo\/#breadcrumb","itemListElement":[{"@type":"ListItem","position":1,"name":"In\u00edcio","item":"https:\/\/jornalfatosenoticias.com.br\/"},{"@type":"ListItem","position":2,"name":"Em m\u00e9dia, S\u00edndrome de Burnout afeta trabalhadores aos 32 anos, diz estudo"}]},{"@type":"WebSite","@id":"https:\/\/jornalfatosenoticias.com.br\/#website","url":"https:\/\/jornalfatosenoticias.com.br\/","name":"Jornal Fatos e Not\u00edcias","description":"Not\u00edcias em geral","publisher":{"@id":"https:\/\/jornalfatosenoticias.com.br\/#organization"},"potentialAction":[{"@type":"SearchAction","target":{"@type":"EntryPoint","urlTemplate":"https:\/\/jornalfatosenoticias.com.br\/?s={search_term_string}"},"query-input":{"@type":"PropertyValueSpecification","valueRequired":true,"valueName":"search_term_string"}}],"inLanguage":"pt-BR"},{"@type":"Organization","@id":"https:\/\/jornalfatosenoticias.com.br\/#organization","name":"Jornal Fatos e Not\u00edcias","url":"https:\/\/jornalfatosenoticias.com.br\/","logo":{"@type":"ImageObject","inLanguage":"pt-BR","@id":"https:\/\/jornalfatosenoticias.com.br\/#\/schema\/logo\/image\/","url":"https:\/\/jornalfatosenoticias.com.br\/wp-content\/uploads\/2020\/02\/logo120.png","contentUrl":"https:\/\/jornalfatosenoticias.com.br\/wp-content\/uploads\/2020\/02\/logo120.png","width":1227,"height":120,"caption":"Jornal Fatos e Not\u00edcias"},"image":{"@id":"https:\/\/jornalfatosenoticias.com.br\/#\/schema\/logo\/image\/"}},{"@type":"Person","@id":"https:\/\/jornalfatosenoticias.com.br\/#\/schema\/person\/d63837fa13ac8666eb9e74e0985d6f81","name":"Luzimara Fernandes","image":{"@type":"ImageObject","inLanguage":"pt-BR","@id":"https:\/\/jornalfatosenoticias.com.br\/#\/schema\/person\/image\/","url":"https:\/\/jornalfatosenoticias.com.br\/wp-content\/uploads\/2025\/05\/EU_portal.jpg","contentUrl":"https:\/\/jornalfatosenoticias.com.br\/wp-content\/uploads\/2025\/05\/EU_portal.jpg","caption":"Luzimara Fernandes"},"description":"Jornalista MTB 2358-ES","sameAs":["https:\/\/jornalfatosenoticias.com.br"],"url":"https:\/\/jornalfatosenoticias.com.br\/index.php\/author\/luzimara\/"}]}},"cc_featured_image_caption":{"caption_text":"(Foto: Pexels)","source_text":"","source_url":""},"jetpack_featured_media_url":"https:\/\/jornalfatosenoticias.com.br\/wp-content\/uploads\/2020\/09\/burnout_pexels-yan.jpg","_links":{"self":[{"href":"https:\/\/jornalfatosenoticias.com.br\/index.php\/wp-json\/wp\/v2\/posts\/9241","targetHints":{"allow":["GET"]}}],"collection":[{"href":"https:\/\/jornalfatosenoticias.com.br\/index.php\/wp-json\/wp\/v2\/posts"}],"about":[{"href":"https:\/\/jornalfatosenoticias.com.br\/index.php\/wp-json\/wp\/v2\/types\/post"}],"author":[{"embeddable":true,"href":"https:\/\/jornalfatosenoticias.com.br\/index.php\/wp-json\/wp\/v2\/users\/2"}],"replies":[{"embeddable":true,"href":"https:\/\/jornalfatosenoticias.com.br\/index.php\/wp-json\/wp\/v2\/comments?post=9241"}],"version-history":[{"count":0,"href":"https:\/\/jornalfatosenoticias.com.br\/index.php\/wp-json\/wp\/v2\/posts\/9241\/revisions"}],"wp:featuredmedia":[{"embeddable":true,"href":"https:\/\/jornalfatosenoticias.com.br\/index.php\/wp-json\/wp\/v2\/media\/9242"}],"wp:attachment":[{"href":"https:\/\/jornalfatosenoticias.com.br\/index.php\/wp-json\/wp\/v2\/media?parent=9241"}],"wp:term":[{"taxonomy":"category","embeddable":true,"href":"https:\/\/jornalfatosenoticias.com.br\/index.php\/wp-json\/wp\/v2\/categories?post=9241"},{"taxonomy":"post_tag","embeddable":true,"href":"https:\/\/jornalfatosenoticias.com.br\/index.php\/wp-json\/wp\/v2\/tags?post=9241"}],"curies":[{"name":"wp","href":"https:\/\/api.w.org\/{rel}","templated":true}]}}