{"id":9244,"date":"2020-09-23T10:10:36","date_gmt":"2020-09-23T13:10:36","guid":{"rendered":"https:\/\/jornalfatosenoticias.com.br\/?p=9244"},"modified":"2020-09-23T10:14:21","modified_gmt":"2020-09-23T13:14:21","slug":"reserva-natural-no-vietna-protegera-saolas-os-raros-unicornios-asiaticos","status":"publish","type":"post","link":"https:\/\/jornalfatosenoticias.com.br\/index.php\/2020\/09\/23\/reserva-natural-no-vietna-protegera-saolas-os-raros-unicornios-asiaticos\/","title":{"rendered":"Reserva natural no Vietn\u00e3 proteger\u00e1 saolas, os raros &#8220;unic\u00f3rnios asi\u00e1ticos&#8221;"},"content":{"rendered":"\n<h6 class=\"wp-block-heading\"><em>Cientistas apontam a import\u00e2ncia da preserva\u00e7\u00e3o da floresta Khe Nuoc Trong, que, al\u00e9m de abrigar esp\u00e9cies amea\u00e7adas, armazenam 50 mil toneladas de di\u00f3xido de carbono por ano<\/em><\/h6>\n\n\n\n<p>Cientistas de organiza\u00e7\u00f5es e universidades internacionais ajudaram os saolas (Pseudoryx nghetinhensis), popularmente chamados de &#8220;unic\u00f3rnios asi\u00e1ticos&#8221;, a ganharem uma reserva natural no Vietn\u00e3, o mais alto padr\u00e3o de prote\u00e7\u00e3o ambiental do pa\u00eds.<br>Isso porque, em agosto, o governo vietnamita concordou em proteger os 22.132 mil hectares da floresta de Khe Nuoc Trong, localizada nas plan\u00edcies Anamitas, que se estendem entre Vietn\u00e3, Laos e Camboja.<\/p>\n\n\n\n<blockquote class=\"wp-block-quote is-layout-flow wp-block-quote-is-layout-flow\"><p>\u201c\u00c9 uma conquista inspiradora ap\u00f3s mais de uma d\u00e9cada de trabalho \u00e1rduo. Agora seremos capazes de acessar um n\u00edvel mais alto de fundos para a conserva\u00e7\u00e3o dos governos locais e nacionais\u201d, disse Pham Tuan Anh, presidente e cofundador da Viet Nature, uma das organiza\u00e7\u00f5es conservacionistas respons\u00e1veis por pressionar a cria\u00e7\u00e3o da reserva.<\/p><\/blockquote>\n\n\n\n<p>Nos \u00faltimos cinco anos, a Viet Nature e parceiros como a World Land Trust, o comit\u00ea holand\u00eas da Uni\u00e3o Internacional para a Conserva\u00e7\u00e3o da Natureza (IUCN), a Birdlife International e a Universidade de Leeds t\u00eam trabalhado para proteger a floresta de Khe Nuoc Trong \u2014 as \u00faltimas \u00e1reas de floresta de v\u00e1rzea substanciais no pa\u00eds. Pesquisas ajudaram a apoiar a decis\u00e3o e destacaram a import\u00e2ncia das florestas Khe Nuoc Trong na luta contra as mudan\u00e7as clim\u00e1ticas.<br>Suzanne Stas, pesquisadora da Universidade de Leeds, no Reino Unido, trabalhou em colabora\u00e7\u00e3o com a Viet Nature para entender os impactos da extra\u00e7\u00e3o de madeira na floresta. Ela descobriu que, se as florestas pudessem ser protegidas e restauradas, elas removeriam e armazenariam 50 mil toneladas de di\u00f3xido de carbono por ano.<br>A tranforma\u00e7\u00e3o do local em uma reserva ambiental proporciona um lar mais seguro para 40 esp\u00e9cies globalmente amea\u00e7adas, \u00e0 beira da extin\u00e7\u00e3o por madeireiros e ca\u00e7adores. Isso inclui gib\u00f5es (fam\u00edlia Hylobatidae); espetaculares p\u00e1ssaros argus-com-crista (Rheinardia ocellata), semelhantes a pav\u00f5es; e os saolas, que foram descobertos em 1992 e s\u00e3o um dos animais mais raros do mundo.<\/p>\n\n\n\n<blockquote class=\"wp-block-quote is-layout-flow wp-block-quote-is-layout-flow\"><p>\u201cFoi incrivelmente emocionante ouvir que o governo do Vietn\u00e3 est\u00e1 protegendo essas florestas especiais. Nos \u00faltimos cinco anos, temos trabalhado em estreita colabora\u00e7\u00e3o com a Viet Nature e seus parceiros para demonstrar a import\u00e2ncia dessas florestas\u201d, diz Stas.<\/p><\/blockquote>\n\n\n\n<p>Khe Nuoc Trong pode ser fundamental para ajudar a preservar outras esp\u00e9cies amea\u00e7adas de extin\u00e7\u00e3o, incluindo o munt\u00edaco-gigante (Muntiacus vuquangensis), descoberto em 1994, e o fais\u00e3o de Edward (Lophura edwardsi), uma ave encontrada apenas nas florestas tropicais do Vietn\u00e3 que n\u00e3o \u00e9 vista na natureza por d\u00e9cadas, mas que pode ser reinserida na reserva natural futuramente.<\/p>\n\n\n\n<p><strong><em>Fonte: <a href=\"https:\/\/revistagalileu.globo.com\/Ciencia\/Meio-Ambiente\/noticia\/2020\/09\/reserva-natural-no-vietna-protegera-saolas-os-raros-unicornios-asiaticos.html\">Revista Galileu<\/a><\/em><\/strong><\/p>\n","protected":false},"excerpt":{"rendered":"<p>Cientistas apontam a import\u00e2ncia da preserva\u00e7\u00e3o da floresta Khe Nuoc Trong, que, al\u00e9m de abrigar esp\u00e9cies amea\u00e7adas, armazenam 50 mil toneladas de di\u00f3xido de carbono por ano Cientistas de organiza\u00e7\u00f5es e universidades internacionais ajudaram os saolas (Pseudoryx nghetinhensis), popularmente chamados de &#8220;unic\u00f3rnios asi\u00e1ticos&#8221;, a ganharem uma reserva natural no Vietn\u00e3, o mais alto padr\u00e3o de [&hellip;]<\/p>\n","protected":false},"author":2,"featured_media":9245,"comment_status":"open","ping_status":"open","sticky":false,"template":"","format":"standard","meta":{"footnotes":""},"categories":[8],"tags":[3512,423,5051,5054,5053,5052],"class_list":["post-9244","post","type-post","status-publish","format-standard","has-post-thumbnail","hentry","category-meio-ambiente","tag-especies-ameacadas","tag-florestas-tropicais","tag-reserva-natural","tag-saola","tag-unicornios-asiaticos","tag-vietna"],"yoast_head":"<!-- This site is optimized with the Yoast SEO plugin v26.5 - https:\/\/yoast.com\/wordpress\/plugins\/seo\/ -->\n<title>Reserva natural no Vietn\u00e3 proteger\u00e1 saolas, os raros &quot;unic\u00f3rnios asi\u00e1ticos&quot; - Jornal Fatos e Not\u00edcias<\/title>\n<meta name=\"robots\" content=\"index, follow, max-snippet:-1, max-image-preview:large, max-video-preview:-1\" \/>\n<link rel=\"canonical\" href=\"https:\/\/jornalfatosenoticias.com.br\/index.php\/2020\/09\/23\/reserva-natural-no-vietna-protegera-saolas-os-raros-unicornios-asiaticos\/\" \/>\n<meta property=\"og:locale\" content=\"pt_BR\" \/>\n<meta property=\"og:type\" content=\"article\" \/>\n<meta property=\"og:title\" content=\"Reserva natural no Vietn\u00e3 proteger\u00e1 saolas, os raros &quot;unic\u00f3rnios asi\u00e1ticos&quot; - Jornal Fatos e Not\u00edcias\" \/>\n<meta property=\"og:description\" content=\"Cientistas apontam a import\u00e2ncia da preserva\u00e7\u00e3o da floresta Khe Nuoc Trong, que, al\u00e9m de abrigar esp\u00e9cies amea\u00e7adas, armazenam 50 mil toneladas de di\u00f3xido de carbono por ano Cientistas de organiza\u00e7\u00f5es e universidades internacionais ajudaram os saolas (Pseudoryx nghetinhensis), popularmente chamados de &#8220;unic\u00f3rnios asi\u00e1ticos&#8221;, a ganharem uma reserva natural no Vietn\u00e3, o mais alto padr\u00e3o de [&hellip;]\" \/>\n<meta property=\"og:url\" content=\"https:\/\/jornalfatosenoticias.com.br\/index.php\/2020\/09\/23\/reserva-natural-no-vietna-protegera-saolas-os-raros-unicornios-asiaticos\/\" \/>\n<meta property=\"og:site_name\" content=\"Jornal Fatos e Not\u00edcias\" \/>\n<meta property=\"article:published_time\" content=\"2020-09-23T13:10:36+00:00\" \/>\n<meta property=\"article:modified_time\" content=\"2020-09-23T13:14:21+00:00\" \/>\n<meta property=\"og:image\" content=\"https:\/\/jornalfatosenoticias.com.br\/wp-content\/uploads\/2020\/09\/saola_unicornio-asiatico.jpg\" \/>\n\t<meta property=\"og:image:width\" content=\"1000\" \/>\n\t<meta property=\"og:image:height\" content=\"500\" \/>\n\t<meta property=\"og:image:type\" content=\"image\/jpeg\" \/>\n<meta name=\"author\" content=\"Luzimara Fernandes\" \/>\n<meta name=\"twitter:card\" content=\"summary_large_image\" \/>\n<meta name=\"twitter:label1\" content=\"Escrito por\" \/>\n\t<meta name=\"twitter:data1\" content=\"Luzimara Fernandes\" \/>\n\t<meta name=\"twitter:label2\" content=\"Est. tempo de leitura\" \/>\n\t<meta name=\"twitter:data2\" content=\"2 minutos\" \/>\n<script type=\"application\/ld+json\" class=\"yoast-schema-graph\">{\"@context\":\"https:\/\/schema.org\",\"@graph\":[{\"@type\":\"Article\",\"@id\":\"https:\/\/jornalfatosenoticias.com.br\/index.php\/2020\/09\/23\/reserva-natural-no-vietna-protegera-saolas-os-raros-unicornios-asiaticos\/#article\",\"isPartOf\":{\"@id\":\"https:\/\/jornalfatosenoticias.com.br\/index.php\/2020\/09\/23\/reserva-natural-no-vietna-protegera-saolas-os-raros-unicornios-asiaticos\/\"},\"author\":{\"name\":\"Luzimara Fernandes\",\"@id\":\"https:\/\/jornalfatosenoticias.com.br\/#\/schema\/person\/d63837fa13ac8666eb9e74e0985d6f81\"},\"headline\":\"Reserva natural no Vietn\u00e3 proteger\u00e1 saolas, os raros &#8220;unic\u00f3rnios asi\u00e1ticos&#8221;\",\"datePublished\":\"2020-09-23T13:10:36+00:00\",\"dateModified\":\"2020-09-23T13:14:21+00:00\",\"mainEntityOfPage\":{\"@id\":\"https:\/\/jornalfatosenoticias.com.br\/index.php\/2020\/09\/23\/reserva-natural-no-vietna-protegera-saolas-os-raros-unicornios-asiaticos\/\"},\"wordCount\":477,\"commentCount\":0,\"publisher\":{\"@id\":\"https:\/\/jornalfatosenoticias.com.br\/#organization\"},\"image\":{\"@id\":\"https:\/\/jornalfatosenoticias.com.br\/index.php\/2020\/09\/23\/reserva-natural-no-vietna-protegera-saolas-os-raros-unicornios-asiaticos\/#primaryimage\"},\"thumbnailUrl\":\"https:\/\/jornalfatosenoticias.com.br\/wp-content\/uploads\/2020\/09\/saola_unicornio-asiatico.jpg\",\"keywords\":[\"esp\u00e9cies amea\u00e7adas\",\"florestas tropicais\",\"reserva natural\",\"saola\",\"unic\u00f3rnios asi\u00e1ticos\",\"Vietn\u00e3\"],\"articleSection\":[\"Meio ambiente\"],\"inLanguage\":\"pt-BR\",\"potentialAction\":[{\"@type\":\"CommentAction\",\"name\":\"Comment\",\"target\":[\"https:\/\/jornalfatosenoticias.com.br\/index.php\/2020\/09\/23\/reserva-natural-no-vietna-protegera-saolas-os-raros-unicornios-asiaticos\/#respond\"]}]},{\"@type\":\"WebPage\",\"@id\":\"https:\/\/jornalfatosenoticias.com.br\/index.php\/2020\/09\/23\/reserva-natural-no-vietna-protegera-saolas-os-raros-unicornios-asiaticos\/\",\"url\":\"https:\/\/jornalfatosenoticias.com.br\/index.php\/2020\/09\/23\/reserva-natural-no-vietna-protegera-saolas-os-raros-unicornios-asiaticos\/\",\"name\":\"Reserva natural no Vietn\u00e3 proteger\u00e1 saolas, os raros \\\"unic\u00f3rnios asi\u00e1ticos\\\" - Jornal Fatos e Not\u00edcias\",\"isPartOf\":{\"@id\":\"https:\/\/jornalfatosenoticias.com.br\/#website\"},\"primaryImageOfPage\":{\"@id\":\"https:\/\/jornalfatosenoticias.com.br\/index.php\/2020\/09\/23\/reserva-natural-no-vietna-protegera-saolas-os-raros-unicornios-asiaticos\/#primaryimage\"},\"image\":{\"@id\":\"https:\/\/jornalfatosenoticias.com.br\/index.php\/2020\/09\/23\/reserva-natural-no-vietna-protegera-saolas-os-raros-unicornios-asiaticos\/#primaryimage\"},\"thumbnailUrl\":\"https:\/\/jornalfatosenoticias.com.br\/wp-content\/uploads\/2020\/09\/saola_unicornio-asiatico.jpg\",\"datePublished\":\"2020-09-23T13:10:36+00:00\",\"dateModified\":\"2020-09-23T13:14:21+00:00\",\"breadcrumb\":{\"@id\":\"https:\/\/jornalfatosenoticias.com.br\/index.php\/2020\/09\/23\/reserva-natural-no-vietna-protegera-saolas-os-raros-unicornios-asiaticos\/#breadcrumb\"},\"inLanguage\":\"pt-BR\",\"potentialAction\":[{\"@type\":\"ReadAction\",\"target\":[\"https:\/\/jornalfatosenoticias.com.br\/index.php\/2020\/09\/23\/reserva-natural-no-vietna-protegera-saolas-os-raros-unicornios-asiaticos\/\"]}]},{\"@type\":\"ImageObject\",\"inLanguage\":\"pt-BR\",\"@id\":\"https:\/\/jornalfatosenoticias.com.br\/index.php\/2020\/09\/23\/reserva-natural-no-vietna-protegera-saolas-os-raros-unicornios-asiaticos\/#primaryimage\",\"url\":\"https:\/\/jornalfatosenoticias.com.br\/wp-content\/uploads\/2020\/09\/saola_unicornio-asiatico.jpg\",\"contentUrl\":\"https:\/\/jornalfatosenoticias.com.br\/wp-content\/uploads\/2020\/09\/saola_unicornio-asiatico.jpg\",\"width\":1000,\"height\":500},{\"@type\":\"BreadcrumbList\",\"@id\":\"https:\/\/jornalfatosenoticias.com.br\/index.php\/2020\/09\/23\/reserva-natural-no-vietna-protegera-saolas-os-raros-unicornios-asiaticos\/#breadcrumb\",\"itemListElement\":[{\"@type\":\"ListItem\",\"position\":1,\"name\":\"In\u00edcio\",\"item\":\"https:\/\/jornalfatosenoticias.com.br\/\"},{\"@type\":\"ListItem\",\"position\":2,\"name\":\"Reserva natural no Vietn\u00e3 proteger\u00e1 saolas, os raros &#8220;unic\u00f3rnios asi\u00e1ticos&#8221;\"}]},{\"@type\":\"WebSite\",\"@id\":\"https:\/\/jornalfatosenoticias.com.br\/#website\",\"url\":\"https:\/\/jornalfatosenoticias.com.br\/\",\"name\":\"Jornal Fatos e Not\u00edcias\",\"description\":\"Not\u00edcias em geral\",\"publisher\":{\"@id\":\"https:\/\/jornalfatosenoticias.com.br\/#organization\"},\"potentialAction\":[{\"@type\":\"SearchAction\",\"target\":{\"@type\":\"EntryPoint\",\"urlTemplate\":\"https:\/\/jornalfatosenoticias.com.br\/?s={search_term_string}\"},\"query-input\":{\"@type\":\"PropertyValueSpecification\",\"valueRequired\":true,\"valueName\":\"search_term_string\"}}],\"inLanguage\":\"pt-BR\"},{\"@type\":\"Organization\",\"@id\":\"https:\/\/jornalfatosenoticias.com.br\/#organization\",\"name\":\"Jornal Fatos e Not\u00edcias\",\"url\":\"https:\/\/jornalfatosenoticias.com.br\/\",\"logo\":{\"@type\":\"ImageObject\",\"inLanguage\":\"pt-BR\",\"@id\":\"https:\/\/jornalfatosenoticias.com.br\/#\/schema\/logo\/image\/\",\"url\":\"https:\/\/jornalfatosenoticias.com.br\/wp-content\/uploads\/2020\/02\/logo120.png\",\"contentUrl\":\"https:\/\/jornalfatosenoticias.com.br\/wp-content\/uploads\/2020\/02\/logo120.png\",\"width\":1227,\"height\":120,\"caption\":\"Jornal Fatos e Not\u00edcias\"},\"image\":{\"@id\":\"https:\/\/jornalfatosenoticias.com.br\/#\/schema\/logo\/image\/\"}},{\"@type\":\"Person\",\"@id\":\"https:\/\/jornalfatosenoticias.com.br\/#\/schema\/person\/d63837fa13ac8666eb9e74e0985d6f81\",\"name\":\"Luzimara Fernandes\",\"image\":{\"@type\":\"ImageObject\",\"inLanguage\":\"pt-BR\",\"@id\":\"https:\/\/jornalfatosenoticias.com.br\/#\/schema\/person\/image\/\",\"url\":\"https:\/\/jornalfatosenoticias.com.br\/wp-content\/uploads\/2025\/05\/EU_portal.jpg\",\"contentUrl\":\"https:\/\/jornalfatosenoticias.com.br\/wp-content\/uploads\/2025\/05\/EU_portal.jpg\",\"caption\":\"Luzimara Fernandes\"},\"description\":\"Jornalista MTB 2358-ES\",\"sameAs\":[\"https:\/\/jornalfatosenoticias.com.br\"],\"url\":\"https:\/\/jornalfatosenoticias.com.br\/index.php\/author\/luzimara\/\"}]}<\/script>\n<!-- \/ Yoast SEO plugin. -->","yoast_head_json":{"title":"Reserva natural no Vietn\u00e3 proteger\u00e1 saolas, os raros \"unic\u00f3rnios asi\u00e1ticos\" - Jornal Fatos e Not\u00edcias","robots":{"index":"index","follow":"follow","max-snippet":"max-snippet:-1","max-image-preview":"max-image-preview:large","max-video-preview":"max-video-preview:-1"},"canonical":"https:\/\/jornalfatosenoticias.com.br\/index.php\/2020\/09\/23\/reserva-natural-no-vietna-protegera-saolas-os-raros-unicornios-asiaticos\/","og_locale":"pt_BR","og_type":"article","og_title":"Reserva natural no Vietn\u00e3 proteger\u00e1 saolas, os raros \"unic\u00f3rnios asi\u00e1ticos\" - Jornal Fatos e Not\u00edcias","og_description":"Cientistas apontam a import\u00e2ncia da preserva\u00e7\u00e3o da floresta Khe Nuoc Trong, que, al\u00e9m de abrigar esp\u00e9cies amea\u00e7adas, armazenam 50 mil toneladas de di\u00f3xido de carbono por ano Cientistas de organiza\u00e7\u00f5es e universidades internacionais ajudaram os saolas (Pseudoryx nghetinhensis), popularmente chamados de &#8220;unic\u00f3rnios asi\u00e1ticos&#8221;, a ganharem uma reserva natural no Vietn\u00e3, o mais alto padr\u00e3o de [&hellip;]","og_url":"https:\/\/jornalfatosenoticias.com.br\/index.php\/2020\/09\/23\/reserva-natural-no-vietna-protegera-saolas-os-raros-unicornios-asiaticos\/","og_site_name":"Jornal Fatos e Not\u00edcias","article_published_time":"2020-09-23T13:10:36+00:00","article_modified_time":"2020-09-23T13:14:21+00:00","og_image":[{"width":1000,"height":500,"url":"https:\/\/jornalfatosenoticias.com.br\/wp-content\/uploads\/2020\/09\/saola_unicornio-asiatico.jpg","type":"image\/jpeg"}],"author":"Luzimara Fernandes","twitter_card":"summary_large_image","twitter_misc":{"Escrito por":"Luzimara Fernandes","Est. tempo de leitura":"2 minutos"},"schema":{"@context":"https:\/\/schema.org","@graph":[{"@type":"Article","@id":"https:\/\/jornalfatosenoticias.com.br\/index.php\/2020\/09\/23\/reserva-natural-no-vietna-protegera-saolas-os-raros-unicornios-asiaticos\/#article","isPartOf":{"@id":"https:\/\/jornalfatosenoticias.com.br\/index.php\/2020\/09\/23\/reserva-natural-no-vietna-protegera-saolas-os-raros-unicornios-asiaticos\/"},"author":{"name":"Luzimara Fernandes","@id":"https:\/\/jornalfatosenoticias.com.br\/#\/schema\/person\/d63837fa13ac8666eb9e74e0985d6f81"},"headline":"Reserva natural no Vietn\u00e3 proteger\u00e1 saolas, os raros &#8220;unic\u00f3rnios asi\u00e1ticos&#8221;","datePublished":"2020-09-23T13:10:36+00:00","dateModified":"2020-09-23T13:14:21+00:00","mainEntityOfPage":{"@id":"https:\/\/jornalfatosenoticias.com.br\/index.php\/2020\/09\/23\/reserva-natural-no-vietna-protegera-saolas-os-raros-unicornios-asiaticos\/"},"wordCount":477,"commentCount":0,"publisher":{"@id":"https:\/\/jornalfatosenoticias.com.br\/#organization"},"image":{"@id":"https:\/\/jornalfatosenoticias.com.br\/index.php\/2020\/09\/23\/reserva-natural-no-vietna-protegera-saolas-os-raros-unicornios-asiaticos\/#primaryimage"},"thumbnailUrl":"https:\/\/jornalfatosenoticias.com.br\/wp-content\/uploads\/2020\/09\/saola_unicornio-asiatico.jpg","keywords":["esp\u00e9cies amea\u00e7adas","florestas tropicais","reserva natural","saola","unic\u00f3rnios asi\u00e1ticos","Vietn\u00e3"],"articleSection":["Meio ambiente"],"inLanguage":"pt-BR","potentialAction":[{"@type":"CommentAction","name":"Comment","target":["https:\/\/jornalfatosenoticias.com.br\/index.php\/2020\/09\/23\/reserva-natural-no-vietna-protegera-saolas-os-raros-unicornios-asiaticos\/#respond"]}]},{"@type":"WebPage","@id":"https:\/\/jornalfatosenoticias.com.br\/index.php\/2020\/09\/23\/reserva-natural-no-vietna-protegera-saolas-os-raros-unicornios-asiaticos\/","url":"https:\/\/jornalfatosenoticias.com.br\/index.php\/2020\/09\/23\/reserva-natural-no-vietna-protegera-saolas-os-raros-unicornios-asiaticos\/","name":"Reserva natural no Vietn\u00e3 proteger\u00e1 saolas, os raros \"unic\u00f3rnios asi\u00e1ticos\" - Jornal Fatos e Not\u00edcias","isPartOf":{"@id":"https:\/\/jornalfatosenoticias.com.br\/#website"},"primaryImageOfPage":{"@id":"https:\/\/jornalfatosenoticias.com.br\/index.php\/2020\/09\/23\/reserva-natural-no-vietna-protegera-saolas-os-raros-unicornios-asiaticos\/#primaryimage"},"image":{"@id":"https:\/\/jornalfatosenoticias.com.br\/index.php\/2020\/09\/23\/reserva-natural-no-vietna-protegera-saolas-os-raros-unicornios-asiaticos\/#primaryimage"},"thumbnailUrl":"https:\/\/jornalfatosenoticias.com.br\/wp-content\/uploads\/2020\/09\/saola_unicornio-asiatico.jpg","datePublished":"2020-09-23T13:10:36+00:00","dateModified":"2020-09-23T13:14:21+00:00","breadcrumb":{"@id":"https:\/\/jornalfatosenoticias.com.br\/index.php\/2020\/09\/23\/reserva-natural-no-vietna-protegera-saolas-os-raros-unicornios-asiaticos\/#breadcrumb"},"inLanguage":"pt-BR","potentialAction":[{"@type":"ReadAction","target":["https:\/\/jornalfatosenoticias.com.br\/index.php\/2020\/09\/23\/reserva-natural-no-vietna-protegera-saolas-os-raros-unicornios-asiaticos\/"]}]},{"@type":"ImageObject","inLanguage":"pt-BR","@id":"https:\/\/jornalfatosenoticias.com.br\/index.php\/2020\/09\/23\/reserva-natural-no-vietna-protegera-saolas-os-raros-unicornios-asiaticos\/#primaryimage","url":"https:\/\/jornalfatosenoticias.com.br\/wp-content\/uploads\/2020\/09\/saola_unicornio-asiatico.jpg","contentUrl":"https:\/\/jornalfatosenoticias.com.br\/wp-content\/uploads\/2020\/09\/saola_unicornio-asiatico.jpg","width":1000,"height":500},{"@type":"BreadcrumbList","@id":"https:\/\/jornalfatosenoticias.com.br\/index.php\/2020\/09\/23\/reserva-natural-no-vietna-protegera-saolas-os-raros-unicornios-asiaticos\/#breadcrumb","itemListElement":[{"@type":"ListItem","position":1,"name":"In\u00edcio","item":"https:\/\/jornalfatosenoticias.com.br\/"},{"@type":"ListItem","position":2,"name":"Reserva natural no Vietn\u00e3 proteger\u00e1 saolas, os raros &#8220;unic\u00f3rnios asi\u00e1ticos&#8221;"}]},{"@type":"WebSite","@id":"https:\/\/jornalfatosenoticias.com.br\/#website","url":"https:\/\/jornalfatosenoticias.com.br\/","name":"Jornal Fatos e Not\u00edcias","description":"Not\u00edcias em geral","publisher":{"@id":"https:\/\/jornalfatosenoticias.com.br\/#organization"},"potentialAction":[{"@type":"SearchAction","target":{"@type":"EntryPoint","urlTemplate":"https:\/\/jornalfatosenoticias.com.br\/?s={search_term_string}"},"query-input":{"@type":"PropertyValueSpecification","valueRequired":true,"valueName":"search_term_string"}}],"inLanguage":"pt-BR"},{"@type":"Organization","@id":"https:\/\/jornalfatosenoticias.com.br\/#organization","name":"Jornal Fatos e Not\u00edcias","url":"https:\/\/jornalfatosenoticias.com.br\/","logo":{"@type":"ImageObject","inLanguage":"pt-BR","@id":"https:\/\/jornalfatosenoticias.com.br\/#\/schema\/logo\/image\/","url":"https:\/\/jornalfatosenoticias.com.br\/wp-content\/uploads\/2020\/02\/logo120.png","contentUrl":"https:\/\/jornalfatosenoticias.com.br\/wp-content\/uploads\/2020\/02\/logo120.png","width":1227,"height":120,"caption":"Jornal Fatos e Not\u00edcias"},"image":{"@id":"https:\/\/jornalfatosenoticias.com.br\/#\/schema\/logo\/image\/"}},{"@type":"Person","@id":"https:\/\/jornalfatosenoticias.com.br\/#\/schema\/person\/d63837fa13ac8666eb9e74e0985d6f81","name":"Luzimara Fernandes","image":{"@type":"ImageObject","inLanguage":"pt-BR","@id":"https:\/\/jornalfatosenoticias.com.br\/#\/schema\/person\/image\/","url":"https:\/\/jornalfatosenoticias.com.br\/wp-content\/uploads\/2025\/05\/EU_portal.jpg","contentUrl":"https:\/\/jornalfatosenoticias.com.br\/wp-content\/uploads\/2025\/05\/EU_portal.jpg","caption":"Luzimara Fernandes"},"description":"Jornalista MTB 2358-ES","sameAs":["https:\/\/jornalfatosenoticias.com.br"],"url":"https:\/\/jornalfatosenoticias.com.br\/index.php\/author\/luzimara\/"}]}},"cc_featured_image_caption":{"caption_text":"Saola (Foto: David Hulse\/WWF)","source_text":"","source_url":""},"jetpack_featured_media_url":"https:\/\/jornalfatosenoticias.com.br\/wp-content\/uploads\/2020\/09\/saola_unicornio-asiatico.jpg","_links":{"self":[{"href":"https:\/\/jornalfatosenoticias.com.br\/index.php\/wp-json\/wp\/v2\/posts\/9244","targetHints":{"allow":["GET"]}}],"collection":[{"href":"https:\/\/jornalfatosenoticias.com.br\/index.php\/wp-json\/wp\/v2\/posts"}],"about":[{"href":"https:\/\/jornalfatosenoticias.com.br\/index.php\/wp-json\/wp\/v2\/types\/post"}],"author":[{"embeddable":true,"href":"https:\/\/jornalfatosenoticias.com.br\/index.php\/wp-json\/wp\/v2\/users\/2"}],"replies":[{"embeddable":true,"href":"https:\/\/jornalfatosenoticias.com.br\/index.php\/wp-json\/wp\/v2\/comments?post=9244"}],"version-history":[{"count":0,"href":"https:\/\/jornalfatosenoticias.com.br\/index.php\/wp-json\/wp\/v2\/posts\/9244\/revisions"}],"wp:featuredmedia":[{"embeddable":true,"href":"https:\/\/jornalfatosenoticias.com.br\/index.php\/wp-json\/wp\/v2\/media\/9245"}],"wp:attachment":[{"href":"https:\/\/jornalfatosenoticias.com.br\/index.php\/wp-json\/wp\/v2\/media?parent=9244"}],"wp:term":[{"taxonomy":"category","embeddable":true,"href":"https:\/\/jornalfatosenoticias.com.br\/index.php\/wp-json\/wp\/v2\/categories?post=9244"},{"taxonomy":"post_tag","embeddable":true,"href":"https:\/\/jornalfatosenoticias.com.br\/index.php\/wp-json\/wp\/v2\/tags?post=9244"}],"curies":[{"name":"wp","href":"https:\/\/api.w.org\/{rel}","templated":true}]}}