{"id":9264,"date":"2020-09-24T17:39:08","date_gmt":"2020-09-24T20:39:08","guid":{"rendered":"https:\/\/jornalfatosenoticias.com.br\/?p=9264"},"modified":"2020-09-24T17:41:10","modified_gmt":"2020-09-24T20:41:10","slug":"a-formacao-da-personalidade-do-ser-humano-comeca-no-utero","status":"publish","type":"post","link":"https:\/\/jornalfatosenoticias.com.br\/index.php\/2020\/09\/24\/a-formacao-da-personalidade-do-ser-humano-comeca-no-utero\/","title":{"rendered":"A forma\u00e7\u00e3o da personalidade do ser humano come\u00e7a no \u00fatero"},"content":{"rendered":"\n<p><em>Texto: *N\u00e1gela Isa Carneiro Sirqueira<\/em><\/p>\n\n\n\n<p>Voc\u00ea j\u00e1 percebeu o quanto se parece com seu pai ou sua m\u00e3e? J\u00e1 parou para pensar o quanto eles influenciaram na forma\u00e7\u00e3o do seu padr\u00e3o emocional e suas cren\u00e7as? Isso n\u00e3o \u00e9 \u00e0 toa! O aprendizado do ser humano se d\u00e1 principalmente pela observa\u00e7\u00e3o (repeti\u00e7\u00e3o) e experi\u00eancia.<br>Dentro do \u00fatero materno, o beb\u00ea j\u00e1 tem percep\u00e7\u00e3o do mundo atrav\u00e9s da sua m\u00e3e. Ele vivencia as emo\u00e7\u00f5es junto com ela.<br>Nosso corpo corresponde com a\u00e7\u00f5es org\u00e2nicas tudo que sentimos. Se for medo ou ansiedade, nosso c\u00e9rebro dispara um comando para a secre\u00e7\u00e3o de adrenalina e dopamina, entre outros horm\u00f4nios, no organismo. Isso causa acelera\u00e7\u00e3o dos batimentos card\u00edacos, enrijecimento dos m\u00fasculos e bombeamento do sangue para as extremidades do corpo \u2014 que faz o \u00fatero se contrair e resfriar.<br>Assim como a alegria e o amor, levam \u00e0 secre\u00e7\u00e3o de horm\u00f4nios como ocitocina e serotonina, que causam a sensa\u00e7\u00e3o de prazer, relaxamento muscular e satisfa\u00e7\u00e3o.<br>Agora, pense que toda vez que a mam\u00e3e sente o beb\u00ea se mexer dentro dela, seus pensamentos ir\u00e3o desencadear as emo\u00e7\u00f5es relativas a eles e, consequentemente, a rea\u00e7\u00e3o f\u00edsica correspondente. Esse beb\u00ea vai perceber que quando ele se manifesta, o mundo reage de uma determinada maneira. E esse \u00e9 o come\u00e7o de sua percep\u00e7\u00e3o como indiv\u00edduo.<br>Isso ir\u00e1 influenciar, inclusive, o momento do parto. Tanto a qualidade da experi\u00eancia que a mulher ir\u00e1 viver, quanto a atua\u00e7\u00e3o do beb\u00ea no seu nascimento. E o parto \u00e9 um dos momentos mais marcantes da nossa vida. As mem\u00f3rias ficam em nosso subconsciente e s\u00e3o registradas como emo\u00e7\u00f5es tamb\u00e9m. O medo ou a alegria desse momento v\u00e3o fazer parte de n\u00f3s, mais uma vez formando nossa programa\u00e7\u00e3o mental e emocional.<br>Ent\u00e3o, entenda que a rejei\u00e7\u00e3o, o acolhimento, o carinho, a autoconfian\u00e7a, a alegria, a aceita\u00e7\u00e3o, a tristeza\u2026 v\u00e3o sendo pouco a pouco configuradas, conforme cada momento que vivemos.<br>Ent\u00e3o essa crian\u00e7a nasce! E passa a fazer parte daquela fam\u00edlia, daquele contexto e vivencia o cotidiano daqueles pais e do ambiente que o cerca. Vai captando tudo que acontece, principalmente atrav\u00e9s da sua m\u00e3e, com quem tem uma simbiose neural muito forte ainda. \u00c9 como se fossem uma s\u00f3 pessoa. E o que a m\u00e3e sente, ela percebe por seu comportamento, suas express\u00f5es, suas falas, seu humor\u2026<\/p>\n\n\n\n<figure class=\"wp-block-image size-large\"><img loading=\"lazy\" decoding=\"async\" width=\"1000\" height=\"666\" src=\"https:\/\/jornalfatosenoticias.com.br\/wp-content\/uploads\/2020\/09\/2-2.jpg\" alt=\"\" class=\"wp-image-9265\" srcset=\"https:\/\/jornalfatosenoticias.com.br\/wp-content\/uploads\/2020\/09\/2-2.jpg 1000w, https:\/\/jornalfatosenoticias.com.br\/wp-content\/uploads\/2020\/09\/2-2-300x200.jpg 300w, https:\/\/jornalfatosenoticias.com.br\/wp-content\/uploads\/2020\/09\/2-2-768x511.jpg 768w\" sizes=\"auto, (max-width: 1000px) 100vw, 1000px\" \/><figcaption><em>Mulher gr\u00e1vida sentada perto da janela (Foto: Freepik)<\/em><\/figcaption><\/figure>\n\n\n\n<p>Se \u00e0 sua volta existe viol\u00eancia, tristeza, raiva, medo ou ignor\u00e2ncia, ele vai crescer aprendendo a assimilar aquilo como uma verdade. E desenvolver sua personalidade de acordo. No entanto, se ele presencia amor, alegria, incentivo e carinho, vai desenvolver outras qualidades e emo\u00e7\u00f5es.<br>Ela est\u00e1 aprendendo com cada gesto, palavra e sentimento que v\u00ea, ouve e sente. Os pais s\u00e3o a principal refer\u00eancia da crian\u00e7a. \u00c9 com eles que ela aprende o que \u00e9 dor ou prazer. Constr\u00f3i sua pr\u00f3pria autoimagem e aprende a se manifestar no mundo.<br>Por esse motivo, mesmo que os comportamentos dos pais n\u00e3o tenham sido o melhor exemplo ou que j\u00e1 tenham causado sofrimento, o indiv\u00edduo tende a reproduzir. Primeiro, por ter aprendido daquela maneira. Segundo, porque temos um aspecto chamado lealdade parental, que nos faz repetir os mesmos padr\u00f5es e comportamentos familiares, pelo senso de pertencimento e obriga\u00e7\u00e3o que, mesmo sem querer, acabamos reproduzindo.<br>O ser humano quer ser aceito, e seu primeiro n\u00facleo de refer\u00eancia \u00e9 a fam\u00edlia. Mesmo que voc\u00ea n\u00e3o tenha recebido o amor que gostaria, ou n\u00e3o tenha aprendido da melhor forma como demonstr\u00e1-lo, isso n\u00e3o \u00e9 desculpa para n\u00e3o fazer diferente. \u00c9 sua obriga\u00e7\u00e3o como ser humano pensante e emocional, fazer mais e melhor que seus pais fizeram.<br>N\u00e3o h\u00e1 caminho que n\u00e3o possa ser mudado, nem padr\u00f5es que n\u00e3o possam ser transformados!<\/p>\n\n\n\n<div class=\"wp-block-image\"><figure class=\"alignleft size-large is-resized\"><img loading=\"lazy\" decoding=\"async\" src=\"https:\/\/jornalfatosenoticias.com.br\/wp-content\/uploads\/2020\/08\/Nagela2.jpg\" alt=\"\" class=\"wp-image-8208\" width=\"252\" height=\"391\"\/><figcaption><em>*<strong>N\u00e1gela Isa Carneiro Sirqueira<br><\/strong><\/em><strong>Hipnoterapeuta<br>Mentora Gestacional<\/strong><br><strong>Cel.:<\/strong>\u00a0(27) 99947-8786<br><strong>Instagram:\u00a0<\/strong><a href=\"https:\/\/www.instagram.com\/nagelaisa.oficial\/\">@nagelaisa.oficial<\/a><\/figcaption><\/figure><\/div>\n","protected":false},"excerpt":{"rendered":"<p>Texto: *N\u00e1gela Isa Carneiro Sirqueira Voc\u00ea j\u00e1 percebeu o quanto se parece com seu pai ou sua m\u00e3e? J\u00e1 parou para pensar o quanto eles influenciaram na forma\u00e7\u00e3o do seu padr\u00e3o emocional e suas cren\u00e7as? Isso n\u00e3o \u00e9 \u00e0 toa! O aprendizado do ser humano se d\u00e1 principalmente pela observa\u00e7\u00e3o (repeti\u00e7\u00e3o) e experi\u00eancia.Dentro do \u00fatero [&hellip;]<\/p>\n","protected":false},"author":2,"featured_media":9266,"comment_status":"open","ping_status":"open","sticky":false,"template":"","format":"standard","meta":{"footnotes":""},"categories":[11],"tags":[5060,660,1705,2471,5059],"class_list":["post-9264","post","type-post","status-publish","format-standard","has-post-thumbnail","hentry","category-saude","tag-formacao-da-personalidade","tag-gravida","tag-gravidez","tag-mae","tag-utero"],"yoast_head":"<!-- This site is optimized with the Yoast SEO plugin v26.5 - https:\/\/yoast.com\/wordpress\/plugins\/seo\/ -->\n<title>A forma\u00e7\u00e3o da personalidade do ser humano come\u00e7a no \u00fatero - Jornal Fatos e Not\u00edcias<\/title>\n<meta name=\"robots\" content=\"index, follow, max-snippet:-1, max-image-preview:large, max-video-preview:-1\" \/>\n<link rel=\"canonical\" href=\"https:\/\/jornalfatosenoticias.com.br\/index.php\/2020\/09\/24\/a-formacao-da-personalidade-do-ser-humano-comeca-no-utero\/\" \/>\n<meta property=\"og:locale\" content=\"pt_BR\" \/>\n<meta property=\"og:type\" content=\"article\" \/>\n<meta property=\"og:title\" content=\"A forma\u00e7\u00e3o da personalidade do ser humano come\u00e7a no \u00fatero - Jornal Fatos e Not\u00edcias\" \/>\n<meta property=\"og:description\" content=\"Texto: *N\u00e1gela Isa Carneiro Sirqueira Voc\u00ea j\u00e1 percebeu o quanto se parece com seu pai ou sua m\u00e3e? J\u00e1 parou para pensar o quanto eles influenciaram na forma\u00e7\u00e3o do seu padr\u00e3o emocional e suas cren\u00e7as? Isso n\u00e3o \u00e9 \u00e0 toa! O aprendizado do ser humano se d\u00e1 principalmente pela observa\u00e7\u00e3o (repeti\u00e7\u00e3o) e experi\u00eancia.Dentro do \u00fatero [&hellip;]\" \/>\n<meta property=\"og:url\" content=\"https:\/\/jornalfatosenoticias.com.br\/index.php\/2020\/09\/24\/a-formacao-da-personalidade-do-ser-humano-comeca-no-utero\/\" \/>\n<meta property=\"og:site_name\" content=\"Jornal Fatos e Not\u00edcias\" \/>\n<meta property=\"article:published_time\" content=\"2020-09-24T20:39:08+00:00\" \/>\n<meta property=\"article:modified_time\" content=\"2020-09-24T20:41:10+00:00\" \/>\n<meta property=\"og:image\" content=\"https:\/\/jornalfatosenoticias.com.br\/wp-content\/uploads\/2020\/09\/1-2.jpg\" \/>\n\t<meta property=\"og:image:width\" content=\"1000\" \/>\n\t<meta property=\"og:image:height\" content=\"670\" \/>\n\t<meta property=\"og:image:type\" content=\"image\/jpeg\" \/>\n<meta name=\"author\" content=\"Luzimara Fernandes\" \/>\n<meta name=\"twitter:card\" content=\"summary_large_image\" \/>\n<meta name=\"twitter:label1\" content=\"Escrito por\" \/>\n\t<meta name=\"twitter:data1\" content=\"Luzimara Fernandes\" \/>\n\t<meta name=\"twitter:label2\" content=\"Est. tempo de leitura\" \/>\n\t<meta name=\"twitter:data2\" content=\"3 minutos\" \/>\n<script type=\"application\/ld+json\" class=\"yoast-schema-graph\">{\"@context\":\"https:\/\/schema.org\",\"@graph\":[{\"@type\":\"Article\",\"@id\":\"https:\/\/jornalfatosenoticias.com.br\/index.php\/2020\/09\/24\/a-formacao-da-personalidade-do-ser-humano-comeca-no-utero\/#article\",\"isPartOf\":{\"@id\":\"https:\/\/jornalfatosenoticias.com.br\/index.php\/2020\/09\/24\/a-formacao-da-personalidade-do-ser-humano-comeca-no-utero\/\"},\"author\":{\"name\":\"Luzimara Fernandes\",\"@id\":\"https:\/\/jornalfatosenoticias.com.br\/#\/schema\/person\/d63837fa13ac8666eb9e74e0985d6f81\"},\"headline\":\"A forma\u00e7\u00e3o da personalidade do ser humano come\u00e7a no \u00fatero\",\"datePublished\":\"2020-09-24T20:39:08+00:00\",\"dateModified\":\"2020-09-24T20:41:10+00:00\",\"mainEntityOfPage\":{\"@id\":\"https:\/\/jornalfatosenoticias.com.br\/index.php\/2020\/09\/24\/a-formacao-da-personalidade-do-ser-humano-comeca-no-utero\/\"},\"wordCount\":705,\"commentCount\":0,\"publisher\":{\"@id\":\"https:\/\/jornalfatosenoticias.com.br\/#organization\"},\"image\":{\"@id\":\"https:\/\/jornalfatosenoticias.com.br\/index.php\/2020\/09\/24\/a-formacao-da-personalidade-do-ser-humano-comeca-no-utero\/#primaryimage\"},\"thumbnailUrl\":\"https:\/\/jornalfatosenoticias.com.br\/wp-content\/uploads\/2020\/09\/1-2.jpg\",\"keywords\":[\"forma\u00e7\u00e3o da personalidade\",\"gr\u00e1vida\",\"gravidez\",\"m\u00e3e\",\"\u00fatero\"],\"articleSection\":[\"Sa\u00fade\"],\"inLanguage\":\"pt-BR\",\"potentialAction\":[{\"@type\":\"CommentAction\",\"name\":\"Comment\",\"target\":[\"https:\/\/jornalfatosenoticias.com.br\/index.php\/2020\/09\/24\/a-formacao-da-personalidade-do-ser-humano-comeca-no-utero\/#respond\"]}]},{\"@type\":\"WebPage\",\"@id\":\"https:\/\/jornalfatosenoticias.com.br\/index.php\/2020\/09\/24\/a-formacao-da-personalidade-do-ser-humano-comeca-no-utero\/\",\"url\":\"https:\/\/jornalfatosenoticias.com.br\/index.php\/2020\/09\/24\/a-formacao-da-personalidade-do-ser-humano-comeca-no-utero\/\",\"name\":\"A forma\u00e7\u00e3o da personalidade do ser humano come\u00e7a no \u00fatero - Jornal Fatos e Not\u00edcias\",\"isPartOf\":{\"@id\":\"https:\/\/jornalfatosenoticias.com.br\/#website\"},\"primaryImageOfPage\":{\"@id\":\"https:\/\/jornalfatosenoticias.com.br\/index.php\/2020\/09\/24\/a-formacao-da-personalidade-do-ser-humano-comeca-no-utero\/#primaryimage\"},\"image\":{\"@id\":\"https:\/\/jornalfatosenoticias.com.br\/index.php\/2020\/09\/24\/a-formacao-da-personalidade-do-ser-humano-comeca-no-utero\/#primaryimage\"},\"thumbnailUrl\":\"https:\/\/jornalfatosenoticias.com.br\/wp-content\/uploads\/2020\/09\/1-2.jpg\",\"datePublished\":\"2020-09-24T20:39:08+00:00\",\"dateModified\":\"2020-09-24T20:41:10+00:00\",\"breadcrumb\":{\"@id\":\"https:\/\/jornalfatosenoticias.com.br\/index.php\/2020\/09\/24\/a-formacao-da-personalidade-do-ser-humano-comeca-no-utero\/#breadcrumb\"},\"inLanguage\":\"pt-BR\",\"potentialAction\":[{\"@type\":\"ReadAction\",\"target\":[\"https:\/\/jornalfatosenoticias.com.br\/index.php\/2020\/09\/24\/a-formacao-da-personalidade-do-ser-humano-comeca-no-utero\/\"]}]},{\"@type\":\"ImageObject\",\"inLanguage\":\"pt-BR\",\"@id\":\"https:\/\/jornalfatosenoticias.com.br\/index.php\/2020\/09\/24\/a-formacao-da-personalidade-do-ser-humano-comeca-no-utero\/#primaryimage\",\"url\":\"https:\/\/jornalfatosenoticias.com.br\/wp-content\/uploads\/2020\/09\/1-2.jpg\",\"contentUrl\":\"https:\/\/jornalfatosenoticias.com.br\/wp-content\/uploads\/2020\/09\/1-2.jpg\",\"width\":1000,\"height\":670},{\"@type\":\"BreadcrumbList\",\"@id\":\"https:\/\/jornalfatosenoticias.com.br\/index.php\/2020\/09\/24\/a-formacao-da-personalidade-do-ser-humano-comeca-no-utero\/#breadcrumb\",\"itemListElement\":[{\"@type\":\"ListItem\",\"position\":1,\"name\":\"In\u00edcio\",\"item\":\"https:\/\/jornalfatosenoticias.com.br\/\"},{\"@type\":\"ListItem\",\"position\":2,\"name\":\"A forma\u00e7\u00e3o da personalidade do ser humano come\u00e7a no \u00fatero\"}]},{\"@type\":\"WebSite\",\"@id\":\"https:\/\/jornalfatosenoticias.com.br\/#website\",\"url\":\"https:\/\/jornalfatosenoticias.com.br\/\",\"name\":\"Jornal Fatos e Not\u00edcias\",\"description\":\"Not\u00edcias em geral\",\"publisher\":{\"@id\":\"https:\/\/jornalfatosenoticias.com.br\/#organization\"},\"potentialAction\":[{\"@type\":\"SearchAction\",\"target\":{\"@type\":\"EntryPoint\",\"urlTemplate\":\"https:\/\/jornalfatosenoticias.com.br\/?s={search_term_string}\"},\"query-input\":{\"@type\":\"PropertyValueSpecification\",\"valueRequired\":true,\"valueName\":\"search_term_string\"}}],\"inLanguage\":\"pt-BR\"},{\"@type\":\"Organization\",\"@id\":\"https:\/\/jornalfatosenoticias.com.br\/#organization\",\"name\":\"Jornal Fatos e Not\u00edcias\",\"url\":\"https:\/\/jornalfatosenoticias.com.br\/\",\"logo\":{\"@type\":\"ImageObject\",\"inLanguage\":\"pt-BR\",\"@id\":\"https:\/\/jornalfatosenoticias.com.br\/#\/schema\/logo\/image\/\",\"url\":\"https:\/\/jornalfatosenoticias.com.br\/wp-content\/uploads\/2020\/02\/logo120.png\",\"contentUrl\":\"https:\/\/jornalfatosenoticias.com.br\/wp-content\/uploads\/2020\/02\/logo120.png\",\"width\":1227,\"height\":120,\"caption\":\"Jornal Fatos e Not\u00edcias\"},\"image\":{\"@id\":\"https:\/\/jornalfatosenoticias.com.br\/#\/schema\/logo\/image\/\"}},{\"@type\":\"Person\",\"@id\":\"https:\/\/jornalfatosenoticias.com.br\/#\/schema\/person\/d63837fa13ac8666eb9e74e0985d6f81\",\"name\":\"Luzimara Fernandes\",\"image\":{\"@type\":\"ImageObject\",\"inLanguage\":\"pt-BR\",\"@id\":\"https:\/\/jornalfatosenoticias.com.br\/#\/schema\/person\/image\/\",\"url\":\"https:\/\/jornalfatosenoticias.com.br\/wp-content\/uploads\/2025\/05\/EU_portal.jpg\",\"contentUrl\":\"https:\/\/jornalfatosenoticias.com.br\/wp-content\/uploads\/2025\/05\/EU_portal.jpg\",\"caption\":\"Luzimara Fernandes\"},\"description\":\"Jornalista MTB 2358-ES\",\"sameAs\":[\"https:\/\/jornalfatosenoticias.com.br\"],\"url\":\"https:\/\/jornalfatosenoticias.com.br\/index.php\/author\/luzimara\/\"}]}<\/script>\n<!-- \/ Yoast SEO plugin. -->","yoast_head_json":{"title":"A forma\u00e7\u00e3o da personalidade do ser humano come\u00e7a no \u00fatero - Jornal Fatos e Not\u00edcias","robots":{"index":"index","follow":"follow","max-snippet":"max-snippet:-1","max-image-preview":"max-image-preview:large","max-video-preview":"max-video-preview:-1"},"canonical":"https:\/\/jornalfatosenoticias.com.br\/index.php\/2020\/09\/24\/a-formacao-da-personalidade-do-ser-humano-comeca-no-utero\/","og_locale":"pt_BR","og_type":"article","og_title":"A forma\u00e7\u00e3o da personalidade do ser humano come\u00e7a no \u00fatero - Jornal Fatos e Not\u00edcias","og_description":"Texto: *N\u00e1gela Isa Carneiro Sirqueira Voc\u00ea j\u00e1 percebeu o quanto se parece com seu pai ou sua m\u00e3e? J\u00e1 parou para pensar o quanto eles influenciaram na forma\u00e7\u00e3o do seu padr\u00e3o emocional e suas cren\u00e7as? Isso n\u00e3o \u00e9 \u00e0 toa! O aprendizado do ser humano se d\u00e1 principalmente pela observa\u00e7\u00e3o (repeti\u00e7\u00e3o) e experi\u00eancia.Dentro do \u00fatero [&hellip;]","og_url":"https:\/\/jornalfatosenoticias.com.br\/index.php\/2020\/09\/24\/a-formacao-da-personalidade-do-ser-humano-comeca-no-utero\/","og_site_name":"Jornal Fatos e Not\u00edcias","article_published_time":"2020-09-24T20:39:08+00:00","article_modified_time":"2020-09-24T20:41:10+00:00","og_image":[{"width":1000,"height":670,"url":"https:\/\/jornalfatosenoticias.com.br\/wp-content\/uploads\/2020\/09\/1-2.jpg","type":"image\/jpeg"}],"author":"Luzimara Fernandes","twitter_card":"summary_large_image","twitter_misc":{"Escrito por":"Luzimara Fernandes","Est. tempo de leitura":"3 minutos"},"schema":{"@context":"https:\/\/schema.org","@graph":[{"@type":"Article","@id":"https:\/\/jornalfatosenoticias.com.br\/index.php\/2020\/09\/24\/a-formacao-da-personalidade-do-ser-humano-comeca-no-utero\/#article","isPartOf":{"@id":"https:\/\/jornalfatosenoticias.com.br\/index.php\/2020\/09\/24\/a-formacao-da-personalidade-do-ser-humano-comeca-no-utero\/"},"author":{"name":"Luzimara Fernandes","@id":"https:\/\/jornalfatosenoticias.com.br\/#\/schema\/person\/d63837fa13ac8666eb9e74e0985d6f81"},"headline":"A forma\u00e7\u00e3o da personalidade do ser humano come\u00e7a no \u00fatero","datePublished":"2020-09-24T20:39:08+00:00","dateModified":"2020-09-24T20:41:10+00:00","mainEntityOfPage":{"@id":"https:\/\/jornalfatosenoticias.com.br\/index.php\/2020\/09\/24\/a-formacao-da-personalidade-do-ser-humano-comeca-no-utero\/"},"wordCount":705,"commentCount":0,"publisher":{"@id":"https:\/\/jornalfatosenoticias.com.br\/#organization"},"image":{"@id":"https:\/\/jornalfatosenoticias.com.br\/index.php\/2020\/09\/24\/a-formacao-da-personalidade-do-ser-humano-comeca-no-utero\/#primaryimage"},"thumbnailUrl":"https:\/\/jornalfatosenoticias.com.br\/wp-content\/uploads\/2020\/09\/1-2.jpg","keywords":["forma\u00e7\u00e3o da personalidade","gr\u00e1vida","gravidez","m\u00e3e","\u00fatero"],"articleSection":["Sa\u00fade"],"inLanguage":"pt-BR","potentialAction":[{"@type":"CommentAction","name":"Comment","target":["https:\/\/jornalfatosenoticias.com.br\/index.php\/2020\/09\/24\/a-formacao-da-personalidade-do-ser-humano-comeca-no-utero\/#respond"]}]},{"@type":"WebPage","@id":"https:\/\/jornalfatosenoticias.com.br\/index.php\/2020\/09\/24\/a-formacao-da-personalidade-do-ser-humano-comeca-no-utero\/","url":"https:\/\/jornalfatosenoticias.com.br\/index.php\/2020\/09\/24\/a-formacao-da-personalidade-do-ser-humano-comeca-no-utero\/","name":"A forma\u00e7\u00e3o da personalidade do ser humano come\u00e7a no \u00fatero - Jornal Fatos e Not\u00edcias","isPartOf":{"@id":"https:\/\/jornalfatosenoticias.com.br\/#website"},"primaryImageOfPage":{"@id":"https:\/\/jornalfatosenoticias.com.br\/index.php\/2020\/09\/24\/a-formacao-da-personalidade-do-ser-humano-comeca-no-utero\/#primaryimage"},"image":{"@id":"https:\/\/jornalfatosenoticias.com.br\/index.php\/2020\/09\/24\/a-formacao-da-personalidade-do-ser-humano-comeca-no-utero\/#primaryimage"},"thumbnailUrl":"https:\/\/jornalfatosenoticias.com.br\/wp-content\/uploads\/2020\/09\/1-2.jpg","datePublished":"2020-09-24T20:39:08+00:00","dateModified":"2020-09-24T20:41:10+00:00","breadcrumb":{"@id":"https:\/\/jornalfatosenoticias.com.br\/index.php\/2020\/09\/24\/a-formacao-da-personalidade-do-ser-humano-comeca-no-utero\/#breadcrumb"},"inLanguage":"pt-BR","potentialAction":[{"@type":"ReadAction","target":["https:\/\/jornalfatosenoticias.com.br\/index.php\/2020\/09\/24\/a-formacao-da-personalidade-do-ser-humano-comeca-no-utero\/"]}]},{"@type":"ImageObject","inLanguage":"pt-BR","@id":"https:\/\/jornalfatosenoticias.com.br\/index.php\/2020\/09\/24\/a-formacao-da-personalidade-do-ser-humano-comeca-no-utero\/#primaryimage","url":"https:\/\/jornalfatosenoticias.com.br\/wp-content\/uploads\/2020\/09\/1-2.jpg","contentUrl":"https:\/\/jornalfatosenoticias.com.br\/wp-content\/uploads\/2020\/09\/1-2.jpg","width":1000,"height":670},{"@type":"BreadcrumbList","@id":"https:\/\/jornalfatosenoticias.com.br\/index.php\/2020\/09\/24\/a-formacao-da-personalidade-do-ser-humano-comeca-no-utero\/#breadcrumb","itemListElement":[{"@type":"ListItem","position":1,"name":"In\u00edcio","item":"https:\/\/jornalfatosenoticias.com.br\/"},{"@type":"ListItem","position":2,"name":"A forma\u00e7\u00e3o da personalidade do ser humano come\u00e7a no \u00fatero"}]},{"@type":"WebSite","@id":"https:\/\/jornalfatosenoticias.com.br\/#website","url":"https:\/\/jornalfatosenoticias.com.br\/","name":"Jornal Fatos e Not\u00edcias","description":"Not\u00edcias em geral","publisher":{"@id":"https:\/\/jornalfatosenoticias.com.br\/#organization"},"potentialAction":[{"@type":"SearchAction","target":{"@type":"EntryPoint","urlTemplate":"https:\/\/jornalfatosenoticias.com.br\/?s={search_term_string}"},"query-input":{"@type":"PropertyValueSpecification","valueRequired":true,"valueName":"search_term_string"}}],"inLanguage":"pt-BR"},{"@type":"Organization","@id":"https:\/\/jornalfatosenoticias.com.br\/#organization","name":"Jornal Fatos e Not\u00edcias","url":"https:\/\/jornalfatosenoticias.com.br\/","logo":{"@type":"ImageObject","inLanguage":"pt-BR","@id":"https:\/\/jornalfatosenoticias.com.br\/#\/schema\/logo\/image\/","url":"https:\/\/jornalfatosenoticias.com.br\/wp-content\/uploads\/2020\/02\/logo120.png","contentUrl":"https:\/\/jornalfatosenoticias.com.br\/wp-content\/uploads\/2020\/02\/logo120.png","width":1227,"height":120,"caption":"Jornal Fatos e Not\u00edcias"},"image":{"@id":"https:\/\/jornalfatosenoticias.com.br\/#\/schema\/logo\/image\/"}},{"@type":"Person","@id":"https:\/\/jornalfatosenoticias.com.br\/#\/schema\/person\/d63837fa13ac8666eb9e74e0985d6f81","name":"Luzimara Fernandes","image":{"@type":"ImageObject","inLanguage":"pt-BR","@id":"https:\/\/jornalfatosenoticias.com.br\/#\/schema\/person\/image\/","url":"https:\/\/jornalfatosenoticias.com.br\/wp-content\/uploads\/2025\/05\/EU_portal.jpg","contentUrl":"https:\/\/jornalfatosenoticias.com.br\/wp-content\/uploads\/2025\/05\/EU_portal.jpg","caption":"Luzimara Fernandes"},"description":"Jornalista MTB 2358-ES","sameAs":["https:\/\/jornalfatosenoticias.com.br"],"url":"https:\/\/jornalfatosenoticias.com.br\/index.php\/author\/luzimara\/"}]}},"cc_featured_image_caption":{"caption_text":" (Foto: www.stockvault.net) ","source_text":"","source_url":""},"jetpack_featured_media_url":"https:\/\/jornalfatosenoticias.com.br\/wp-content\/uploads\/2020\/09\/1-2.jpg","_links":{"self":[{"href":"https:\/\/jornalfatosenoticias.com.br\/index.php\/wp-json\/wp\/v2\/posts\/9264","targetHints":{"allow":["GET"]}}],"collection":[{"href":"https:\/\/jornalfatosenoticias.com.br\/index.php\/wp-json\/wp\/v2\/posts"}],"about":[{"href":"https:\/\/jornalfatosenoticias.com.br\/index.php\/wp-json\/wp\/v2\/types\/post"}],"author":[{"embeddable":true,"href":"https:\/\/jornalfatosenoticias.com.br\/index.php\/wp-json\/wp\/v2\/users\/2"}],"replies":[{"embeddable":true,"href":"https:\/\/jornalfatosenoticias.com.br\/index.php\/wp-json\/wp\/v2\/comments?post=9264"}],"version-history":[{"count":0,"href":"https:\/\/jornalfatosenoticias.com.br\/index.php\/wp-json\/wp\/v2\/posts\/9264\/revisions"}],"wp:featuredmedia":[{"embeddable":true,"href":"https:\/\/jornalfatosenoticias.com.br\/index.php\/wp-json\/wp\/v2\/media\/9266"}],"wp:attachment":[{"href":"https:\/\/jornalfatosenoticias.com.br\/index.php\/wp-json\/wp\/v2\/media?parent=9264"}],"wp:term":[{"taxonomy":"category","embeddable":true,"href":"https:\/\/jornalfatosenoticias.com.br\/index.php\/wp-json\/wp\/v2\/categories?post=9264"},{"taxonomy":"post_tag","embeddable":true,"href":"https:\/\/jornalfatosenoticias.com.br\/index.php\/wp-json\/wp\/v2\/tags?post=9264"}],"curies":[{"name":"wp","href":"https:\/\/api.w.org\/{rel}","templated":true}]}}