{"id":9287,"date":"2020-09-24T18:02:55","date_gmt":"2020-09-24T21:02:55","guid":{"rendered":"https:\/\/jornalfatosenoticias.com.br\/?p=9287"},"modified":"2020-09-24T18:02:57","modified_gmt":"2020-09-24T21:02:57","slug":"brasil-tera-primeiro-pc-com-5g-no-inicio-de-2021-promete-qualcomm","status":"publish","type":"post","link":"https:\/\/jornalfatosenoticias.com.br\/index.php\/2020\/09\/24\/brasil-tera-primeiro-pc-com-5g-no-inicio-de-2021-promete-qualcomm\/","title":{"rendered":"Brasil ter\u00e1 primeiro PC com 5G no in\u00edcio de 2021, promete Qualcomm"},"content":{"rendered":"\n<h6 class=\"wp-block-heading\"><em>Empresa n\u00e3o revelou qual ser\u00e1 a fabricante, mas ressaltou que o 5G ser\u00e1 a pe\u00e7a central para a evolu\u00e7\u00e3o do trabalho e da vida conectada das pessoas<\/em><\/h6>\n\n\n\n<p>Durante o evento Qualcomm Latam Summit, o diretor de vendas da empresa, Alexandre Brunaldi, afirmou que o primeiro computador pessoal com capacidade 5G deve chegar ao Brasil at\u00e9 o fim do primeiro trimestre de 2021. Sem se comprometer com qual ser\u00e1 a fabricante da m\u00e1quina, o executivo aproveitou o ensejo para lembrar das in\u00fameras parcerias da empresa no setor, como Acer, Asus e Samsung.<br>No mesmo evento, o presidente da Qualcomm, Cristiano Amon, procurou posicionar o 5G como o pilar de sustenta\u00e7\u00e3o da vida conectada brasileira nos pr\u00f3ximos anos: \u201c[O 5G] \u00e9 essencial para o futuro do trabalho e para empresas conectadas. O fluxo do trabalho das empresas est\u00e1 caminhando para a nuvem\u201d, disse, tra\u00e7ando um paralelo sobre como a atual pandemia do novo coronav\u00edrus for\u00e7ou empresas, antes tradicionais em suas pr\u00e1ticas tecnol\u00f3gicas, a adotarem medidas de conectividade mais flex\u00edveis.<br>Junto da Intel, a Qualcomm \u00e9 uma das principais empresas americanas a liderar os esfor\u00e7os pela ado\u00e7\u00e3o globalizada do 5G, fazendo frente a outras empresas de tecnologia e telefonia, como a chinesa Huawei e a finlandesa Nokia.<\/p>\n\n\n\n<figure class=\"wp-block-image size-large\"><img loading=\"lazy\" decoding=\"async\" width=\"1000\" height=\"636\" src=\"https:\/\/jornalfatosenoticias.com.br\/wp-content\/uploads\/2020\/09\/amon_5g.jpg\" alt=\"\" class=\"wp-image-9288\" srcset=\"https:\/\/jornalfatosenoticias.com.br\/wp-content\/uploads\/2020\/09\/amon_5g.jpg 1000w, https:\/\/jornalfatosenoticias.com.br\/wp-content\/uploads\/2020\/09\/amon_5g-300x191.jpg 300w, https:\/\/jornalfatosenoticias.com.br\/wp-content\/uploads\/2020\/09\/amon_5g-768x488.jpg 768w\" sizes=\"auto, (max-width: 1000px) 100vw, 1000px\" \/><figcaption><em>Cristiano Amon, presidente da Qualcomm: &#8220;O 5G \u00e9 essencial para o futuro do trabalho e para empresas conectadas&#8221; (Foto: Divulga\u00e7\u00e3o\/Qualcomm)<\/em><\/figcaption><\/figure>\n\n\n\n<p>Segundo o site oficial da empresa, a Qualcomm come\u00e7ou a pesquisar a quinta gera\u00e7\u00e3o de internet no in\u00edcio da d\u00e9cada de 1990, testando conceitos e aplicando medidas de aprimoramento de conectividade, at\u00e9 chegar no quadro atual. Durante o Qualcomm Latam Summit, a empresa ainda aproveitou para ressaltar os dispositivos de realidade diferenciada \u2014 realidade virtual (VR), realidade aumentada (AR) e realidade mista (MR) \u2014 destacando seus mais de 30 equipamentos do tipo dispon\u00edveis comercialmente.<br>Recentemente, a empresa anunciou a plataforma XR2 5G, um conceito que pretende levar n\u00e3o apenas a nova gera\u00e7\u00e3o de conectividade aos headsets VR, mas tamb\u00e9m oferecer visual com 8K de resolu\u00e7\u00e3o e som em tr\u00eas dimens\u00f5es.<\/p>\n\n\n\n<p><strong><em>Fonte: <a href=\"https:\/\/olhardigital.com.br\/noticia\/brasil-tera-primeiro-pc-com-5g-no-inicio-de-2021-promete-qualcomm\/107511#:~:text=Durante%20o%20evento%20Qualcomm%20Latam,do%20primeiro%20trimestre%20de%202021.\">Olhar Digital<\/a><\/em><\/strong><\/p>\n","protected":false},"excerpt":{"rendered":"<p>Empresa n\u00e3o revelou qual ser\u00e1 a fabricante, mas ressaltou que o 5G ser\u00e1 a pe\u00e7a central para a evolu\u00e7\u00e3o do trabalho e da vida conectada das pessoas Durante o evento Qualcomm Latam Summit, o diretor de vendas da empresa, Alexandre Brunaldi, afirmou que o primeiro computador pessoal com capacidade 5G deve chegar ao Brasil at\u00e9 [&hellip;]<\/p>\n","protected":false},"author":2,"featured_media":9289,"comment_status":"open","ping_status":"open","sticky":false,"template":"","format":"standard","meta":{"footnotes":""},"categories":[3],"tags":[1157,5072,5070,5071,2939],"class_list":["post-9287","post","type-post","status-publish","format-standard","has-post-thumbnail","hentry","category-tecnologia","tag-5g","tag-leilao-5g","tag-processadores","tag-qualcomm","tag-rede-5g"],"yoast_head":"<!-- This site is optimized with the Yoast SEO plugin v26.5 - https:\/\/yoast.com\/wordpress\/plugins\/seo\/ -->\n<title>Brasil ter\u00e1 primeiro PC com 5G no in\u00edcio de 2021, promete Qualcomm - Jornal Fatos e Not\u00edcias<\/title>\n<meta name=\"robots\" content=\"index, follow, max-snippet:-1, max-image-preview:large, max-video-preview:-1\" \/>\n<link rel=\"canonical\" href=\"https:\/\/jornalfatosenoticias.com.br\/index.php\/2020\/09\/24\/brasil-tera-primeiro-pc-com-5g-no-inicio-de-2021-promete-qualcomm\/\" \/>\n<meta property=\"og:locale\" content=\"pt_BR\" \/>\n<meta property=\"og:type\" content=\"article\" \/>\n<meta property=\"og:title\" content=\"Brasil ter\u00e1 primeiro PC com 5G no in\u00edcio de 2021, promete Qualcomm - Jornal Fatos e Not\u00edcias\" \/>\n<meta property=\"og:description\" content=\"Empresa n\u00e3o revelou qual ser\u00e1 a fabricante, mas ressaltou que o 5G ser\u00e1 a pe\u00e7a central para a evolu\u00e7\u00e3o do trabalho e da vida conectada das pessoas Durante o evento Qualcomm Latam Summit, o diretor de vendas da empresa, Alexandre Brunaldi, afirmou que o primeiro computador pessoal com capacidade 5G deve chegar ao Brasil at\u00e9 [&hellip;]\" \/>\n<meta property=\"og:url\" content=\"https:\/\/jornalfatosenoticias.com.br\/index.php\/2020\/09\/24\/brasil-tera-primeiro-pc-com-5g-no-inicio-de-2021-promete-qualcomm\/\" \/>\n<meta property=\"og:site_name\" content=\"Jornal Fatos e Not\u00edcias\" \/>\n<meta property=\"article:published_time\" content=\"2020-09-24T21:02:55+00:00\" \/>\n<meta property=\"article:modified_time\" content=\"2020-09-24T21:02:57+00:00\" \/>\n<meta property=\"og:image\" content=\"https:\/\/jornalfatosenoticias.com.br\/wp-content\/uploads\/2020\/09\/5g-em-2021-Brasil.jpg\" \/>\n\t<meta property=\"og:image:width\" content=\"1000\" \/>\n\t<meta property=\"og:image:height\" content=\"628\" \/>\n\t<meta property=\"og:image:type\" content=\"image\/jpeg\" \/>\n<meta name=\"author\" content=\"Luzimara Fernandes\" \/>\n<meta name=\"twitter:card\" content=\"summary_large_image\" \/>\n<meta name=\"twitter:label1\" content=\"Escrito por\" \/>\n\t<meta name=\"twitter:data1\" content=\"Luzimara Fernandes\" \/>\n\t<meta name=\"twitter:label2\" content=\"Est. tempo de leitura\" \/>\n\t<meta name=\"twitter:data2\" content=\"2 minutos\" \/>\n<script type=\"application\/ld+json\" class=\"yoast-schema-graph\">{\"@context\":\"https:\/\/schema.org\",\"@graph\":[{\"@type\":\"Article\",\"@id\":\"https:\/\/jornalfatosenoticias.com.br\/index.php\/2020\/09\/24\/brasil-tera-primeiro-pc-com-5g-no-inicio-de-2021-promete-qualcomm\/#article\",\"isPartOf\":{\"@id\":\"https:\/\/jornalfatosenoticias.com.br\/index.php\/2020\/09\/24\/brasil-tera-primeiro-pc-com-5g-no-inicio-de-2021-promete-qualcomm\/\"},\"author\":{\"name\":\"Luzimara Fernandes\",\"@id\":\"https:\/\/jornalfatosenoticias.com.br\/#\/schema\/person\/d63837fa13ac8666eb9e74e0985d6f81\"},\"headline\":\"Brasil ter\u00e1 primeiro PC com 5G no in\u00edcio de 2021, promete Qualcomm\",\"datePublished\":\"2020-09-24T21:02:55+00:00\",\"dateModified\":\"2020-09-24T21:02:57+00:00\",\"mainEntityOfPage\":{\"@id\":\"https:\/\/jornalfatosenoticias.com.br\/index.php\/2020\/09\/24\/brasil-tera-primeiro-pc-com-5g-no-inicio-de-2021-promete-qualcomm\/\"},\"wordCount\":369,\"commentCount\":0,\"publisher\":{\"@id\":\"https:\/\/jornalfatosenoticias.com.br\/#organization\"},\"image\":{\"@id\":\"https:\/\/jornalfatosenoticias.com.br\/index.php\/2020\/09\/24\/brasil-tera-primeiro-pc-com-5g-no-inicio-de-2021-promete-qualcomm\/#primaryimage\"},\"thumbnailUrl\":\"https:\/\/jornalfatosenoticias.com.br\/wp-content\/uploads\/2020\/09\/5g-em-2021-Brasil.jpg\",\"keywords\":[\"5G\",\"leil\u00e3o 5G\",\"processadores\",\"Qualcomm\",\"rede 5G\"],\"articleSection\":[\"Tecnologia &amp; Inova\u00e7\u00e3o\"],\"inLanguage\":\"pt-BR\",\"potentialAction\":[{\"@type\":\"CommentAction\",\"name\":\"Comment\",\"target\":[\"https:\/\/jornalfatosenoticias.com.br\/index.php\/2020\/09\/24\/brasil-tera-primeiro-pc-com-5g-no-inicio-de-2021-promete-qualcomm\/#respond\"]}]},{\"@type\":\"WebPage\",\"@id\":\"https:\/\/jornalfatosenoticias.com.br\/index.php\/2020\/09\/24\/brasil-tera-primeiro-pc-com-5g-no-inicio-de-2021-promete-qualcomm\/\",\"url\":\"https:\/\/jornalfatosenoticias.com.br\/index.php\/2020\/09\/24\/brasil-tera-primeiro-pc-com-5g-no-inicio-de-2021-promete-qualcomm\/\",\"name\":\"Brasil ter\u00e1 primeiro PC com 5G no in\u00edcio de 2021, promete Qualcomm - Jornal Fatos e Not\u00edcias\",\"isPartOf\":{\"@id\":\"https:\/\/jornalfatosenoticias.com.br\/#website\"},\"primaryImageOfPage\":{\"@id\":\"https:\/\/jornalfatosenoticias.com.br\/index.php\/2020\/09\/24\/brasil-tera-primeiro-pc-com-5g-no-inicio-de-2021-promete-qualcomm\/#primaryimage\"},\"image\":{\"@id\":\"https:\/\/jornalfatosenoticias.com.br\/index.php\/2020\/09\/24\/brasil-tera-primeiro-pc-com-5g-no-inicio-de-2021-promete-qualcomm\/#primaryimage\"},\"thumbnailUrl\":\"https:\/\/jornalfatosenoticias.com.br\/wp-content\/uploads\/2020\/09\/5g-em-2021-Brasil.jpg\",\"datePublished\":\"2020-09-24T21:02:55+00:00\",\"dateModified\":\"2020-09-24T21:02:57+00:00\",\"breadcrumb\":{\"@id\":\"https:\/\/jornalfatosenoticias.com.br\/index.php\/2020\/09\/24\/brasil-tera-primeiro-pc-com-5g-no-inicio-de-2021-promete-qualcomm\/#breadcrumb\"},\"inLanguage\":\"pt-BR\",\"potentialAction\":[{\"@type\":\"ReadAction\",\"target\":[\"https:\/\/jornalfatosenoticias.com.br\/index.php\/2020\/09\/24\/brasil-tera-primeiro-pc-com-5g-no-inicio-de-2021-promete-qualcomm\/\"]}]},{\"@type\":\"ImageObject\",\"inLanguage\":\"pt-BR\",\"@id\":\"https:\/\/jornalfatosenoticias.com.br\/index.php\/2020\/09\/24\/brasil-tera-primeiro-pc-com-5g-no-inicio-de-2021-promete-qualcomm\/#primaryimage\",\"url\":\"https:\/\/jornalfatosenoticias.com.br\/wp-content\/uploads\/2020\/09\/5g-em-2021-Brasil.jpg\",\"contentUrl\":\"https:\/\/jornalfatosenoticias.com.br\/wp-content\/uploads\/2020\/09\/5g-em-2021-Brasil.jpg\",\"width\":1000,\"height\":628},{\"@type\":\"BreadcrumbList\",\"@id\":\"https:\/\/jornalfatosenoticias.com.br\/index.php\/2020\/09\/24\/brasil-tera-primeiro-pc-com-5g-no-inicio-de-2021-promete-qualcomm\/#breadcrumb\",\"itemListElement\":[{\"@type\":\"ListItem\",\"position\":1,\"name\":\"In\u00edcio\",\"item\":\"https:\/\/jornalfatosenoticias.com.br\/\"},{\"@type\":\"ListItem\",\"position\":2,\"name\":\"Brasil ter\u00e1 primeiro PC com 5G no in\u00edcio de 2021, promete Qualcomm\"}]},{\"@type\":\"WebSite\",\"@id\":\"https:\/\/jornalfatosenoticias.com.br\/#website\",\"url\":\"https:\/\/jornalfatosenoticias.com.br\/\",\"name\":\"Jornal Fatos e Not\u00edcias\",\"description\":\"Not\u00edcias em geral\",\"publisher\":{\"@id\":\"https:\/\/jornalfatosenoticias.com.br\/#organization\"},\"potentialAction\":[{\"@type\":\"SearchAction\",\"target\":{\"@type\":\"EntryPoint\",\"urlTemplate\":\"https:\/\/jornalfatosenoticias.com.br\/?s={search_term_string}\"},\"query-input\":{\"@type\":\"PropertyValueSpecification\",\"valueRequired\":true,\"valueName\":\"search_term_string\"}}],\"inLanguage\":\"pt-BR\"},{\"@type\":\"Organization\",\"@id\":\"https:\/\/jornalfatosenoticias.com.br\/#organization\",\"name\":\"Jornal Fatos e Not\u00edcias\",\"url\":\"https:\/\/jornalfatosenoticias.com.br\/\",\"logo\":{\"@type\":\"ImageObject\",\"inLanguage\":\"pt-BR\",\"@id\":\"https:\/\/jornalfatosenoticias.com.br\/#\/schema\/logo\/image\/\",\"url\":\"https:\/\/jornalfatosenoticias.com.br\/wp-content\/uploads\/2020\/02\/logo120.png\",\"contentUrl\":\"https:\/\/jornalfatosenoticias.com.br\/wp-content\/uploads\/2020\/02\/logo120.png\",\"width\":1227,\"height\":120,\"caption\":\"Jornal Fatos e Not\u00edcias\"},\"image\":{\"@id\":\"https:\/\/jornalfatosenoticias.com.br\/#\/schema\/logo\/image\/\"}},{\"@type\":\"Person\",\"@id\":\"https:\/\/jornalfatosenoticias.com.br\/#\/schema\/person\/d63837fa13ac8666eb9e74e0985d6f81\",\"name\":\"Luzimara Fernandes\",\"image\":{\"@type\":\"ImageObject\",\"inLanguage\":\"pt-BR\",\"@id\":\"https:\/\/jornalfatosenoticias.com.br\/#\/schema\/person\/image\/\",\"url\":\"https:\/\/jornalfatosenoticias.com.br\/wp-content\/uploads\/2025\/05\/EU_portal.jpg\",\"contentUrl\":\"https:\/\/jornalfatosenoticias.com.br\/wp-content\/uploads\/2025\/05\/EU_portal.jpg\",\"caption\":\"Luzimara Fernandes\"},\"description\":\"Jornalista MTB 2358-ES\",\"sameAs\":[\"https:\/\/jornalfatosenoticias.com.br\"],\"url\":\"https:\/\/jornalfatosenoticias.com.br\/index.php\/author\/luzimara\/\"}]}<\/script>\n<!-- \/ Yoast SEO plugin. -->","yoast_head_json":{"title":"Brasil ter\u00e1 primeiro PC com 5G no in\u00edcio de 2021, promete Qualcomm - Jornal Fatos e Not\u00edcias","robots":{"index":"index","follow":"follow","max-snippet":"max-snippet:-1","max-image-preview":"max-image-preview:large","max-video-preview":"max-video-preview:-1"},"canonical":"https:\/\/jornalfatosenoticias.com.br\/index.php\/2020\/09\/24\/brasil-tera-primeiro-pc-com-5g-no-inicio-de-2021-promete-qualcomm\/","og_locale":"pt_BR","og_type":"article","og_title":"Brasil ter\u00e1 primeiro PC com 5G no in\u00edcio de 2021, promete Qualcomm - Jornal Fatos e Not\u00edcias","og_description":"Empresa n\u00e3o revelou qual ser\u00e1 a fabricante, mas ressaltou que o 5G ser\u00e1 a pe\u00e7a central para a evolu\u00e7\u00e3o do trabalho e da vida conectada das pessoas Durante o evento Qualcomm Latam Summit, o diretor de vendas da empresa, Alexandre Brunaldi, afirmou que o primeiro computador pessoal com capacidade 5G deve chegar ao Brasil at\u00e9 [&hellip;]","og_url":"https:\/\/jornalfatosenoticias.com.br\/index.php\/2020\/09\/24\/brasil-tera-primeiro-pc-com-5g-no-inicio-de-2021-promete-qualcomm\/","og_site_name":"Jornal Fatos e Not\u00edcias","article_published_time":"2020-09-24T21:02:55+00:00","article_modified_time":"2020-09-24T21:02:57+00:00","og_image":[{"width":1000,"height":628,"url":"https:\/\/jornalfatosenoticias.com.br\/wp-content\/uploads\/2020\/09\/5g-em-2021-Brasil.jpg","type":"image\/jpeg"}],"author":"Luzimara Fernandes","twitter_card":"summary_large_image","twitter_misc":{"Escrito por":"Luzimara Fernandes","Est. tempo de leitura":"2 minutos"},"schema":{"@context":"https:\/\/schema.org","@graph":[{"@type":"Article","@id":"https:\/\/jornalfatosenoticias.com.br\/index.php\/2020\/09\/24\/brasil-tera-primeiro-pc-com-5g-no-inicio-de-2021-promete-qualcomm\/#article","isPartOf":{"@id":"https:\/\/jornalfatosenoticias.com.br\/index.php\/2020\/09\/24\/brasil-tera-primeiro-pc-com-5g-no-inicio-de-2021-promete-qualcomm\/"},"author":{"name":"Luzimara Fernandes","@id":"https:\/\/jornalfatosenoticias.com.br\/#\/schema\/person\/d63837fa13ac8666eb9e74e0985d6f81"},"headline":"Brasil ter\u00e1 primeiro PC com 5G no in\u00edcio de 2021, promete Qualcomm","datePublished":"2020-09-24T21:02:55+00:00","dateModified":"2020-09-24T21:02:57+00:00","mainEntityOfPage":{"@id":"https:\/\/jornalfatosenoticias.com.br\/index.php\/2020\/09\/24\/brasil-tera-primeiro-pc-com-5g-no-inicio-de-2021-promete-qualcomm\/"},"wordCount":369,"commentCount":0,"publisher":{"@id":"https:\/\/jornalfatosenoticias.com.br\/#organization"},"image":{"@id":"https:\/\/jornalfatosenoticias.com.br\/index.php\/2020\/09\/24\/brasil-tera-primeiro-pc-com-5g-no-inicio-de-2021-promete-qualcomm\/#primaryimage"},"thumbnailUrl":"https:\/\/jornalfatosenoticias.com.br\/wp-content\/uploads\/2020\/09\/5g-em-2021-Brasil.jpg","keywords":["5G","leil\u00e3o 5G","processadores","Qualcomm","rede 5G"],"articleSection":["Tecnologia &amp; Inova\u00e7\u00e3o"],"inLanguage":"pt-BR","potentialAction":[{"@type":"CommentAction","name":"Comment","target":["https:\/\/jornalfatosenoticias.com.br\/index.php\/2020\/09\/24\/brasil-tera-primeiro-pc-com-5g-no-inicio-de-2021-promete-qualcomm\/#respond"]}]},{"@type":"WebPage","@id":"https:\/\/jornalfatosenoticias.com.br\/index.php\/2020\/09\/24\/brasil-tera-primeiro-pc-com-5g-no-inicio-de-2021-promete-qualcomm\/","url":"https:\/\/jornalfatosenoticias.com.br\/index.php\/2020\/09\/24\/brasil-tera-primeiro-pc-com-5g-no-inicio-de-2021-promete-qualcomm\/","name":"Brasil ter\u00e1 primeiro PC com 5G no in\u00edcio de 2021, promete Qualcomm - Jornal Fatos e Not\u00edcias","isPartOf":{"@id":"https:\/\/jornalfatosenoticias.com.br\/#website"},"primaryImageOfPage":{"@id":"https:\/\/jornalfatosenoticias.com.br\/index.php\/2020\/09\/24\/brasil-tera-primeiro-pc-com-5g-no-inicio-de-2021-promete-qualcomm\/#primaryimage"},"image":{"@id":"https:\/\/jornalfatosenoticias.com.br\/index.php\/2020\/09\/24\/brasil-tera-primeiro-pc-com-5g-no-inicio-de-2021-promete-qualcomm\/#primaryimage"},"thumbnailUrl":"https:\/\/jornalfatosenoticias.com.br\/wp-content\/uploads\/2020\/09\/5g-em-2021-Brasil.jpg","datePublished":"2020-09-24T21:02:55+00:00","dateModified":"2020-09-24T21:02:57+00:00","breadcrumb":{"@id":"https:\/\/jornalfatosenoticias.com.br\/index.php\/2020\/09\/24\/brasil-tera-primeiro-pc-com-5g-no-inicio-de-2021-promete-qualcomm\/#breadcrumb"},"inLanguage":"pt-BR","potentialAction":[{"@type":"ReadAction","target":["https:\/\/jornalfatosenoticias.com.br\/index.php\/2020\/09\/24\/brasil-tera-primeiro-pc-com-5g-no-inicio-de-2021-promete-qualcomm\/"]}]},{"@type":"ImageObject","inLanguage":"pt-BR","@id":"https:\/\/jornalfatosenoticias.com.br\/index.php\/2020\/09\/24\/brasil-tera-primeiro-pc-com-5g-no-inicio-de-2021-promete-qualcomm\/#primaryimage","url":"https:\/\/jornalfatosenoticias.com.br\/wp-content\/uploads\/2020\/09\/5g-em-2021-Brasil.jpg","contentUrl":"https:\/\/jornalfatosenoticias.com.br\/wp-content\/uploads\/2020\/09\/5g-em-2021-Brasil.jpg","width":1000,"height":628},{"@type":"BreadcrumbList","@id":"https:\/\/jornalfatosenoticias.com.br\/index.php\/2020\/09\/24\/brasil-tera-primeiro-pc-com-5g-no-inicio-de-2021-promete-qualcomm\/#breadcrumb","itemListElement":[{"@type":"ListItem","position":1,"name":"In\u00edcio","item":"https:\/\/jornalfatosenoticias.com.br\/"},{"@type":"ListItem","position":2,"name":"Brasil ter\u00e1 primeiro PC com 5G no in\u00edcio de 2021, promete Qualcomm"}]},{"@type":"WebSite","@id":"https:\/\/jornalfatosenoticias.com.br\/#website","url":"https:\/\/jornalfatosenoticias.com.br\/","name":"Jornal Fatos e Not\u00edcias","description":"Not\u00edcias em geral","publisher":{"@id":"https:\/\/jornalfatosenoticias.com.br\/#organization"},"potentialAction":[{"@type":"SearchAction","target":{"@type":"EntryPoint","urlTemplate":"https:\/\/jornalfatosenoticias.com.br\/?s={search_term_string}"},"query-input":{"@type":"PropertyValueSpecification","valueRequired":true,"valueName":"search_term_string"}}],"inLanguage":"pt-BR"},{"@type":"Organization","@id":"https:\/\/jornalfatosenoticias.com.br\/#organization","name":"Jornal Fatos e Not\u00edcias","url":"https:\/\/jornalfatosenoticias.com.br\/","logo":{"@type":"ImageObject","inLanguage":"pt-BR","@id":"https:\/\/jornalfatosenoticias.com.br\/#\/schema\/logo\/image\/","url":"https:\/\/jornalfatosenoticias.com.br\/wp-content\/uploads\/2020\/02\/logo120.png","contentUrl":"https:\/\/jornalfatosenoticias.com.br\/wp-content\/uploads\/2020\/02\/logo120.png","width":1227,"height":120,"caption":"Jornal Fatos e Not\u00edcias"},"image":{"@id":"https:\/\/jornalfatosenoticias.com.br\/#\/schema\/logo\/image\/"}},{"@type":"Person","@id":"https:\/\/jornalfatosenoticias.com.br\/#\/schema\/person\/d63837fa13ac8666eb9e74e0985d6f81","name":"Luzimara Fernandes","image":{"@type":"ImageObject","inLanguage":"pt-BR","@id":"https:\/\/jornalfatosenoticias.com.br\/#\/schema\/person\/image\/","url":"https:\/\/jornalfatosenoticias.com.br\/wp-content\/uploads\/2025\/05\/EU_portal.jpg","contentUrl":"https:\/\/jornalfatosenoticias.com.br\/wp-content\/uploads\/2025\/05\/EU_portal.jpg","caption":"Luzimara Fernandes"},"description":"Jornalista MTB 2358-ES","sameAs":["https:\/\/jornalfatosenoticias.com.br"],"url":"https:\/\/jornalfatosenoticias.com.br\/index.php\/author\/luzimara\/"}]}},"cc_featured_image_caption":{"caption_text":"5G (Foto: Shutterstock) ","source_text":"","source_url":""},"jetpack_featured_media_url":"https:\/\/jornalfatosenoticias.com.br\/wp-content\/uploads\/2020\/09\/5g-em-2021-Brasil.jpg","_links":{"self":[{"href":"https:\/\/jornalfatosenoticias.com.br\/index.php\/wp-json\/wp\/v2\/posts\/9287","targetHints":{"allow":["GET"]}}],"collection":[{"href":"https:\/\/jornalfatosenoticias.com.br\/index.php\/wp-json\/wp\/v2\/posts"}],"about":[{"href":"https:\/\/jornalfatosenoticias.com.br\/index.php\/wp-json\/wp\/v2\/types\/post"}],"author":[{"embeddable":true,"href":"https:\/\/jornalfatosenoticias.com.br\/index.php\/wp-json\/wp\/v2\/users\/2"}],"replies":[{"embeddable":true,"href":"https:\/\/jornalfatosenoticias.com.br\/index.php\/wp-json\/wp\/v2\/comments?post=9287"}],"version-history":[{"count":0,"href":"https:\/\/jornalfatosenoticias.com.br\/index.php\/wp-json\/wp\/v2\/posts\/9287\/revisions"}],"wp:featuredmedia":[{"embeddable":true,"href":"https:\/\/jornalfatosenoticias.com.br\/index.php\/wp-json\/wp\/v2\/media\/9289"}],"wp:attachment":[{"href":"https:\/\/jornalfatosenoticias.com.br\/index.php\/wp-json\/wp\/v2\/media?parent=9287"}],"wp:term":[{"taxonomy":"category","embeddable":true,"href":"https:\/\/jornalfatosenoticias.com.br\/index.php\/wp-json\/wp\/v2\/categories?post=9287"},{"taxonomy":"post_tag","embeddable":true,"href":"https:\/\/jornalfatosenoticias.com.br\/index.php\/wp-json\/wp\/v2\/tags?post=9287"}],"curies":[{"name":"wp","href":"https:\/\/api.w.org\/{rel}","templated":true}]}}