{"id":9341,"date":"2020-09-25T15:52:33","date_gmt":"2020-09-25T18:52:33","guid":{"rendered":"https:\/\/jornalfatosenoticias.com.br\/?p=9341"},"modified":"2020-09-25T15:53:31","modified_gmt":"2020-09-25T18:53:31","slug":"encontrada-no-ira-masmorra-onde-polimata-persa-avicena-foi-aprisionado","status":"publish","type":"post","link":"https:\/\/jornalfatosenoticias.com.br\/index.php\/2020\/09\/25\/encontrada-no-ira-masmorra-onde-polimata-persa-avicena-foi-aprisionado\/","title":{"rendered":"Encontrada no Ir\u00e3 masmorra onde pol\u00edmata persa Avicena foi aprisionado"},"content":{"rendered":"\n<h6 class=\"wp-block-heading\"><em>No Ir\u00e3, arque\u00f3logos desenterraram parte do antigo templo de fogo, que, segundo pesquisas, durante algum tempo serviu como masmorra para o famoso Avicena<\/em><\/h6>\n\n\n\n<p>No Ir\u00e3, arque\u00f3logos desenterraram parte do antigo templo de fogo, que, segundo pesquisas, durante algum tempo serviu como masmorra para o famoso Avicena. Segundo o jornal Teheran Times, a descoberta foi realizada durante escava\u00e7\u00f5es arqueol\u00f3gicas no vilarejo Fardeqan, na prov\u00edncia de Markazi, na regi\u00e3o central do pa\u00eds persa.<br>No mesmo vilarejo, foram descobertas anteriormente ru\u00ednas de um edif\u00edcio religioso. Arque\u00f3logos sugeriram corresponder a um templo de fogo. Durante a \u00faltima temporada de escava\u00e7\u00f5es, limparam a segunda parte do santu\u00e1rio.<br>&#8220;O plano arquitet\u00f4nico do templo de fogo foi feito em forma de Chartaqi [elemento proeminente da arquitetura iraniana]. Segundo uma s\u00e9rie de estudos e compara\u00e7\u00f5es, o templo de fogo encontrado deve ser o mesmo templo mencionado em documentos hist\u00f3ricos como lugar onde Avicena foi exilado e encarcerado por um tempo&#8221;, declarou o l\u00edder da escava\u00e7\u00e3o Mohsen Karimi.<br>Segundo o arque\u00f3logo, o templo, usado como masmorra, teve entre seus prisioneiros o pr\u00f3prio Avicena, o mais importante fil\u00f3sofo na tradi\u00e7\u00e3o isl\u00e2mica e o fil\u00f3sofo mais influente da era pr\u00e9-moderna.<\/p>\n\n\n\n<figure class=\"wp-block-image size-large\"><img loading=\"lazy\" decoding=\"async\" width=\"1000\" height=\"641\" src=\"https:\/\/jornalfatosenoticias.com.br\/wp-content\/uploads\/2020\/09\/masmorra2.jpg\" alt=\"\" class=\"wp-image-9342\" srcset=\"https:\/\/jornalfatosenoticias.com.br\/wp-content\/uploads\/2020\/09\/masmorra2.jpg 1000w, https:\/\/jornalfatosenoticias.com.br\/wp-content\/uploads\/2020\/09\/masmorra2-300x192.jpg 300w, https:\/\/jornalfatosenoticias.com.br\/wp-content\/uploads\/2020\/09\/masmorra2-768x492.jpg 768w\" sizes=\"auto, (max-width: 1000px) 100vw, 1000px\" \/><figcaption><em>Exemplo de Chartaqi no Ir\u00e3 (Foto: \u00a9CC BY-SA 3.0\/Darafsh\/Chartaqi De Kheirabad)<\/em><\/figcaption><\/figure>\n\n\n\n<p>O lend\u00e1rio personagem \u00e9 conhecido como Avicena no Ocidente. No Oriente, \u00e9 mais conhecido como Avicena. Nasceu em Afshana, no atual Uzbequist\u00e3o, no ano de 980, e morreu em Hamadan, no atual Ir\u00e3, em 1037. Avicena foi o m\u00e9dico de diversas cortes da \u00e9poca.<br>O espectro de suas pesquisas foi amplo. Durante sua vida, Avicena escreveu mais de 450 obras em 29 campos da ci\u00eancia. Por\u00e9m, somente metade de suas obras sobreviveu at\u00e9 os dias de hoje. Apesar de enorme influ\u00eancia e popularidade, Avicena teve que suportar ex\u00edlio e pris\u00e3o.<\/p>\n\n\n\n<p><strong><em>Fonte:<a href=\"https:\/\/br.sputniknews.com\/ciencia_tecnologia\/2020092316111962-encontrada-no-ira-masmorra-onde-polimata-persa-avicena-foi-aprisionado\/#:~:text=No%20Ir%C3%A3%2C%20arque%C3%B3logos%20desenterraram%20parte,masmorra%20para%20o%20famoso%20Avicena.&amp;text=O%20lend%C3%A1rio%20personagem%20%C3%A9%20conhecido%20como%20Avicena%20no%20Ocidente.\"> Sputnik News Brasil<\/a><\/em><\/strong><\/p>\n","protected":false},"excerpt":{"rendered":"<p>No Ir\u00e3, arque\u00f3logos desenterraram parte do antigo templo de fogo, que, segundo pesquisas, durante algum tempo serviu como masmorra para o famoso Avicena No Ir\u00e3, arque\u00f3logos desenterraram parte do antigo templo de fogo, que, segundo pesquisas, durante algum tempo serviu como masmorra para o famoso Avicena. Segundo o jornal Teheran Times, a descoberta foi realizada [&hellip;]<\/p>\n","protected":false},"author":2,"featured_media":9343,"comment_status":"open","ping_status":"open","sticky":false,"template":"","format":"standard","meta":{"footnotes":""},"categories":[2],"tags":[5108,5107,5110,5109,5111],"class_list":["post-9341","post","type-post","status-publish","format-standard","has-post-thumbnail","hentry","category-ciencia","tag-avicena","tag-ira","tag-masmorra","tag-persa","tag-templo"],"yoast_head":"<!-- This site is optimized with the Yoast SEO plugin v26.5 - https:\/\/yoast.com\/wordpress\/plugins\/seo\/ -->\n<title>Encontrada no Ir\u00e3 masmorra onde pol\u00edmata persa Avicena foi aprisionado - Jornal Fatos e Not\u00edcias<\/title>\n<meta name=\"robots\" content=\"index, follow, max-snippet:-1, max-image-preview:large, max-video-preview:-1\" \/>\n<link rel=\"canonical\" href=\"https:\/\/jornalfatosenoticias.com.br\/index.php\/2020\/09\/25\/encontrada-no-ira-masmorra-onde-polimata-persa-avicena-foi-aprisionado\/\" \/>\n<meta property=\"og:locale\" content=\"pt_BR\" \/>\n<meta property=\"og:type\" content=\"article\" \/>\n<meta property=\"og:title\" content=\"Encontrada no Ir\u00e3 masmorra onde pol\u00edmata persa Avicena foi aprisionado - Jornal Fatos e Not\u00edcias\" \/>\n<meta property=\"og:description\" content=\"No Ir\u00e3, arque\u00f3logos desenterraram parte do antigo templo de fogo, que, segundo pesquisas, durante algum tempo serviu como masmorra para o famoso Avicena No Ir\u00e3, arque\u00f3logos desenterraram parte do antigo templo de fogo, que, segundo pesquisas, durante algum tempo serviu como masmorra para o famoso Avicena. Segundo o jornal Teheran Times, a descoberta foi realizada [&hellip;]\" \/>\n<meta property=\"og:url\" content=\"https:\/\/jornalfatosenoticias.com.br\/index.php\/2020\/09\/25\/encontrada-no-ira-masmorra-onde-polimata-persa-avicena-foi-aprisionado\/\" \/>\n<meta property=\"og:site_name\" content=\"Jornal Fatos e Not\u00edcias\" \/>\n<meta property=\"article:published_time\" content=\"2020-09-25T18:52:33+00:00\" \/>\n<meta property=\"article:modified_time\" content=\"2020-09-25T18:53:31+00:00\" \/>\n<meta property=\"og:image\" content=\"https:\/\/jornalfatosenoticias.com.br\/wp-content\/uploads\/2020\/09\/masmorra_Ira.jpg\" \/>\n\t<meta property=\"og:image:width\" content=\"1000\" \/>\n\t<meta property=\"og:image:height\" content=\"541\" \/>\n\t<meta property=\"og:image:type\" content=\"image\/jpeg\" \/>\n<meta name=\"author\" content=\"Luzimara Fernandes\" \/>\n<meta name=\"twitter:card\" content=\"summary_large_image\" \/>\n<meta name=\"twitter:label1\" content=\"Escrito por\" \/>\n\t<meta name=\"twitter:data1\" content=\"Luzimara Fernandes\" \/>\n\t<meta name=\"twitter:label2\" content=\"Est. tempo de leitura\" \/>\n\t<meta name=\"twitter:data2\" content=\"2 minutos\" \/>\n<script type=\"application\/ld+json\" class=\"yoast-schema-graph\">{\"@context\":\"https:\/\/schema.org\",\"@graph\":[{\"@type\":\"Article\",\"@id\":\"https:\/\/jornalfatosenoticias.com.br\/index.php\/2020\/09\/25\/encontrada-no-ira-masmorra-onde-polimata-persa-avicena-foi-aprisionado\/#article\",\"isPartOf\":{\"@id\":\"https:\/\/jornalfatosenoticias.com.br\/index.php\/2020\/09\/25\/encontrada-no-ira-masmorra-onde-polimata-persa-avicena-foi-aprisionado\/\"},\"author\":{\"name\":\"Luzimara Fernandes\",\"@id\":\"https:\/\/jornalfatosenoticias.com.br\/#\/schema\/person\/d63837fa13ac8666eb9e74e0985d6f81\"},\"headline\":\"Encontrada no Ir\u00e3 masmorra onde pol\u00edmata persa Avicena foi aprisionado\",\"datePublished\":\"2020-09-25T18:52:33+00:00\",\"dateModified\":\"2020-09-25T18:53:31+00:00\",\"mainEntityOfPage\":{\"@id\":\"https:\/\/jornalfatosenoticias.com.br\/index.php\/2020\/09\/25\/encontrada-no-ira-masmorra-onde-polimata-persa-avicena-foi-aprisionado\/\"},\"wordCount\":333,\"commentCount\":0,\"publisher\":{\"@id\":\"https:\/\/jornalfatosenoticias.com.br\/#organization\"},\"image\":{\"@id\":\"https:\/\/jornalfatosenoticias.com.br\/index.php\/2020\/09\/25\/encontrada-no-ira-masmorra-onde-polimata-persa-avicena-foi-aprisionado\/#primaryimage\"},\"thumbnailUrl\":\"https:\/\/jornalfatosenoticias.com.br\/wp-content\/uploads\/2020\/09\/masmorra_Ira.jpg\",\"keywords\":[\"Avicena\",\"Ir\u00e3\",\"masmorra\",\"persa\",\"templo\"],\"articleSection\":[\"Ci\u00eancia\"],\"inLanguage\":\"pt-BR\",\"potentialAction\":[{\"@type\":\"CommentAction\",\"name\":\"Comment\",\"target\":[\"https:\/\/jornalfatosenoticias.com.br\/index.php\/2020\/09\/25\/encontrada-no-ira-masmorra-onde-polimata-persa-avicena-foi-aprisionado\/#respond\"]}]},{\"@type\":\"WebPage\",\"@id\":\"https:\/\/jornalfatosenoticias.com.br\/index.php\/2020\/09\/25\/encontrada-no-ira-masmorra-onde-polimata-persa-avicena-foi-aprisionado\/\",\"url\":\"https:\/\/jornalfatosenoticias.com.br\/index.php\/2020\/09\/25\/encontrada-no-ira-masmorra-onde-polimata-persa-avicena-foi-aprisionado\/\",\"name\":\"Encontrada no Ir\u00e3 masmorra onde pol\u00edmata persa Avicena foi aprisionado - Jornal Fatos e Not\u00edcias\",\"isPartOf\":{\"@id\":\"https:\/\/jornalfatosenoticias.com.br\/#website\"},\"primaryImageOfPage\":{\"@id\":\"https:\/\/jornalfatosenoticias.com.br\/index.php\/2020\/09\/25\/encontrada-no-ira-masmorra-onde-polimata-persa-avicena-foi-aprisionado\/#primaryimage\"},\"image\":{\"@id\":\"https:\/\/jornalfatosenoticias.com.br\/index.php\/2020\/09\/25\/encontrada-no-ira-masmorra-onde-polimata-persa-avicena-foi-aprisionado\/#primaryimage\"},\"thumbnailUrl\":\"https:\/\/jornalfatosenoticias.com.br\/wp-content\/uploads\/2020\/09\/masmorra_Ira.jpg\",\"datePublished\":\"2020-09-25T18:52:33+00:00\",\"dateModified\":\"2020-09-25T18:53:31+00:00\",\"breadcrumb\":{\"@id\":\"https:\/\/jornalfatosenoticias.com.br\/index.php\/2020\/09\/25\/encontrada-no-ira-masmorra-onde-polimata-persa-avicena-foi-aprisionado\/#breadcrumb\"},\"inLanguage\":\"pt-BR\",\"potentialAction\":[{\"@type\":\"ReadAction\",\"target\":[\"https:\/\/jornalfatosenoticias.com.br\/index.php\/2020\/09\/25\/encontrada-no-ira-masmorra-onde-polimata-persa-avicena-foi-aprisionado\/\"]}]},{\"@type\":\"ImageObject\",\"inLanguage\":\"pt-BR\",\"@id\":\"https:\/\/jornalfatosenoticias.com.br\/index.php\/2020\/09\/25\/encontrada-no-ira-masmorra-onde-polimata-persa-avicena-foi-aprisionado\/#primaryimage\",\"url\":\"https:\/\/jornalfatosenoticias.com.br\/wp-content\/uploads\/2020\/09\/masmorra_Ira.jpg\",\"contentUrl\":\"https:\/\/jornalfatosenoticias.com.br\/wp-content\/uploads\/2020\/09\/masmorra_Ira.jpg\",\"width\":1000,\"height\":541},{\"@type\":\"BreadcrumbList\",\"@id\":\"https:\/\/jornalfatosenoticias.com.br\/index.php\/2020\/09\/25\/encontrada-no-ira-masmorra-onde-polimata-persa-avicena-foi-aprisionado\/#breadcrumb\",\"itemListElement\":[{\"@type\":\"ListItem\",\"position\":1,\"name\":\"In\u00edcio\",\"item\":\"https:\/\/jornalfatosenoticias.com.br\/\"},{\"@type\":\"ListItem\",\"position\":2,\"name\":\"Encontrada no Ir\u00e3 masmorra onde pol\u00edmata persa Avicena foi aprisionado\"}]},{\"@type\":\"WebSite\",\"@id\":\"https:\/\/jornalfatosenoticias.com.br\/#website\",\"url\":\"https:\/\/jornalfatosenoticias.com.br\/\",\"name\":\"Jornal Fatos e Not\u00edcias\",\"description\":\"Not\u00edcias em geral\",\"publisher\":{\"@id\":\"https:\/\/jornalfatosenoticias.com.br\/#organization\"},\"potentialAction\":[{\"@type\":\"SearchAction\",\"target\":{\"@type\":\"EntryPoint\",\"urlTemplate\":\"https:\/\/jornalfatosenoticias.com.br\/?s={search_term_string}\"},\"query-input\":{\"@type\":\"PropertyValueSpecification\",\"valueRequired\":true,\"valueName\":\"search_term_string\"}}],\"inLanguage\":\"pt-BR\"},{\"@type\":\"Organization\",\"@id\":\"https:\/\/jornalfatosenoticias.com.br\/#organization\",\"name\":\"Jornal Fatos e Not\u00edcias\",\"url\":\"https:\/\/jornalfatosenoticias.com.br\/\",\"logo\":{\"@type\":\"ImageObject\",\"inLanguage\":\"pt-BR\",\"@id\":\"https:\/\/jornalfatosenoticias.com.br\/#\/schema\/logo\/image\/\",\"url\":\"https:\/\/jornalfatosenoticias.com.br\/wp-content\/uploads\/2020\/02\/logo120.png\",\"contentUrl\":\"https:\/\/jornalfatosenoticias.com.br\/wp-content\/uploads\/2020\/02\/logo120.png\",\"width\":1227,\"height\":120,\"caption\":\"Jornal Fatos e Not\u00edcias\"},\"image\":{\"@id\":\"https:\/\/jornalfatosenoticias.com.br\/#\/schema\/logo\/image\/\"}},{\"@type\":\"Person\",\"@id\":\"https:\/\/jornalfatosenoticias.com.br\/#\/schema\/person\/d63837fa13ac8666eb9e74e0985d6f81\",\"name\":\"Luzimara Fernandes\",\"image\":{\"@type\":\"ImageObject\",\"inLanguage\":\"pt-BR\",\"@id\":\"https:\/\/jornalfatosenoticias.com.br\/#\/schema\/person\/image\/\",\"url\":\"https:\/\/jornalfatosenoticias.com.br\/wp-content\/uploads\/2025\/05\/EU_portal.jpg\",\"contentUrl\":\"https:\/\/jornalfatosenoticias.com.br\/wp-content\/uploads\/2025\/05\/EU_portal.jpg\",\"caption\":\"Luzimara Fernandes\"},\"description\":\"Jornalista MTB 2358-ES\",\"sameAs\":[\"https:\/\/jornalfatosenoticias.com.br\"],\"url\":\"https:\/\/jornalfatosenoticias.com.br\/index.php\/author\/luzimara\/\"}]}<\/script>\n<!-- \/ Yoast SEO plugin. -->","yoast_head_json":{"title":"Encontrada no Ir\u00e3 masmorra onde pol\u00edmata persa Avicena foi aprisionado - Jornal Fatos e Not\u00edcias","robots":{"index":"index","follow":"follow","max-snippet":"max-snippet:-1","max-image-preview":"max-image-preview:large","max-video-preview":"max-video-preview:-1"},"canonical":"https:\/\/jornalfatosenoticias.com.br\/index.php\/2020\/09\/25\/encontrada-no-ira-masmorra-onde-polimata-persa-avicena-foi-aprisionado\/","og_locale":"pt_BR","og_type":"article","og_title":"Encontrada no Ir\u00e3 masmorra onde pol\u00edmata persa Avicena foi aprisionado - Jornal Fatos e Not\u00edcias","og_description":"No Ir\u00e3, arque\u00f3logos desenterraram parte do antigo templo de fogo, que, segundo pesquisas, durante algum tempo serviu como masmorra para o famoso Avicena No Ir\u00e3, arque\u00f3logos desenterraram parte do antigo templo de fogo, que, segundo pesquisas, durante algum tempo serviu como masmorra para o famoso Avicena. Segundo o jornal Teheran Times, a descoberta foi realizada [&hellip;]","og_url":"https:\/\/jornalfatosenoticias.com.br\/index.php\/2020\/09\/25\/encontrada-no-ira-masmorra-onde-polimata-persa-avicena-foi-aprisionado\/","og_site_name":"Jornal Fatos e Not\u00edcias","article_published_time":"2020-09-25T18:52:33+00:00","article_modified_time":"2020-09-25T18:53:31+00:00","og_image":[{"width":1000,"height":541,"url":"https:\/\/jornalfatosenoticias.com.br\/wp-content\/uploads\/2020\/09\/masmorra_Ira.jpg","type":"image\/jpeg"}],"author":"Luzimara Fernandes","twitter_card":"summary_large_image","twitter_misc":{"Escrito por":"Luzimara Fernandes","Est. tempo de leitura":"2 minutos"},"schema":{"@context":"https:\/\/schema.org","@graph":[{"@type":"Article","@id":"https:\/\/jornalfatosenoticias.com.br\/index.php\/2020\/09\/25\/encontrada-no-ira-masmorra-onde-polimata-persa-avicena-foi-aprisionado\/#article","isPartOf":{"@id":"https:\/\/jornalfatosenoticias.com.br\/index.php\/2020\/09\/25\/encontrada-no-ira-masmorra-onde-polimata-persa-avicena-foi-aprisionado\/"},"author":{"name":"Luzimara Fernandes","@id":"https:\/\/jornalfatosenoticias.com.br\/#\/schema\/person\/d63837fa13ac8666eb9e74e0985d6f81"},"headline":"Encontrada no Ir\u00e3 masmorra onde pol\u00edmata persa Avicena foi aprisionado","datePublished":"2020-09-25T18:52:33+00:00","dateModified":"2020-09-25T18:53:31+00:00","mainEntityOfPage":{"@id":"https:\/\/jornalfatosenoticias.com.br\/index.php\/2020\/09\/25\/encontrada-no-ira-masmorra-onde-polimata-persa-avicena-foi-aprisionado\/"},"wordCount":333,"commentCount":0,"publisher":{"@id":"https:\/\/jornalfatosenoticias.com.br\/#organization"},"image":{"@id":"https:\/\/jornalfatosenoticias.com.br\/index.php\/2020\/09\/25\/encontrada-no-ira-masmorra-onde-polimata-persa-avicena-foi-aprisionado\/#primaryimage"},"thumbnailUrl":"https:\/\/jornalfatosenoticias.com.br\/wp-content\/uploads\/2020\/09\/masmorra_Ira.jpg","keywords":["Avicena","Ir\u00e3","masmorra","persa","templo"],"articleSection":["Ci\u00eancia"],"inLanguage":"pt-BR","potentialAction":[{"@type":"CommentAction","name":"Comment","target":["https:\/\/jornalfatosenoticias.com.br\/index.php\/2020\/09\/25\/encontrada-no-ira-masmorra-onde-polimata-persa-avicena-foi-aprisionado\/#respond"]}]},{"@type":"WebPage","@id":"https:\/\/jornalfatosenoticias.com.br\/index.php\/2020\/09\/25\/encontrada-no-ira-masmorra-onde-polimata-persa-avicena-foi-aprisionado\/","url":"https:\/\/jornalfatosenoticias.com.br\/index.php\/2020\/09\/25\/encontrada-no-ira-masmorra-onde-polimata-persa-avicena-foi-aprisionado\/","name":"Encontrada no Ir\u00e3 masmorra onde pol\u00edmata persa Avicena foi aprisionado - Jornal Fatos e Not\u00edcias","isPartOf":{"@id":"https:\/\/jornalfatosenoticias.com.br\/#website"},"primaryImageOfPage":{"@id":"https:\/\/jornalfatosenoticias.com.br\/index.php\/2020\/09\/25\/encontrada-no-ira-masmorra-onde-polimata-persa-avicena-foi-aprisionado\/#primaryimage"},"image":{"@id":"https:\/\/jornalfatosenoticias.com.br\/index.php\/2020\/09\/25\/encontrada-no-ira-masmorra-onde-polimata-persa-avicena-foi-aprisionado\/#primaryimage"},"thumbnailUrl":"https:\/\/jornalfatosenoticias.com.br\/wp-content\/uploads\/2020\/09\/masmorra_Ira.jpg","datePublished":"2020-09-25T18:52:33+00:00","dateModified":"2020-09-25T18:53:31+00:00","breadcrumb":{"@id":"https:\/\/jornalfatosenoticias.com.br\/index.php\/2020\/09\/25\/encontrada-no-ira-masmorra-onde-polimata-persa-avicena-foi-aprisionado\/#breadcrumb"},"inLanguage":"pt-BR","potentialAction":[{"@type":"ReadAction","target":["https:\/\/jornalfatosenoticias.com.br\/index.php\/2020\/09\/25\/encontrada-no-ira-masmorra-onde-polimata-persa-avicena-foi-aprisionado\/"]}]},{"@type":"ImageObject","inLanguage":"pt-BR","@id":"https:\/\/jornalfatosenoticias.com.br\/index.php\/2020\/09\/25\/encontrada-no-ira-masmorra-onde-polimata-persa-avicena-foi-aprisionado\/#primaryimage","url":"https:\/\/jornalfatosenoticias.com.br\/wp-content\/uploads\/2020\/09\/masmorra_Ira.jpg","contentUrl":"https:\/\/jornalfatosenoticias.com.br\/wp-content\/uploads\/2020\/09\/masmorra_Ira.jpg","width":1000,"height":541},{"@type":"BreadcrumbList","@id":"https:\/\/jornalfatosenoticias.com.br\/index.php\/2020\/09\/25\/encontrada-no-ira-masmorra-onde-polimata-persa-avicena-foi-aprisionado\/#breadcrumb","itemListElement":[{"@type":"ListItem","position":1,"name":"In\u00edcio","item":"https:\/\/jornalfatosenoticias.com.br\/"},{"@type":"ListItem","position":2,"name":"Encontrada no Ir\u00e3 masmorra onde pol\u00edmata persa Avicena foi aprisionado"}]},{"@type":"WebSite","@id":"https:\/\/jornalfatosenoticias.com.br\/#website","url":"https:\/\/jornalfatosenoticias.com.br\/","name":"Jornal Fatos e Not\u00edcias","description":"Not\u00edcias em geral","publisher":{"@id":"https:\/\/jornalfatosenoticias.com.br\/#organization"},"potentialAction":[{"@type":"SearchAction","target":{"@type":"EntryPoint","urlTemplate":"https:\/\/jornalfatosenoticias.com.br\/?s={search_term_string}"},"query-input":{"@type":"PropertyValueSpecification","valueRequired":true,"valueName":"search_term_string"}}],"inLanguage":"pt-BR"},{"@type":"Organization","@id":"https:\/\/jornalfatosenoticias.com.br\/#organization","name":"Jornal Fatos e Not\u00edcias","url":"https:\/\/jornalfatosenoticias.com.br\/","logo":{"@type":"ImageObject","inLanguage":"pt-BR","@id":"https:\/\/jornalfatosenoticias.com.br\/#\/schema\/logo\/image\/","url":"https:\/\/jornalfatosenoticias.com.br\/wp-content\/uploads\/2020\/02\/logo120.png","contentUrl":"https:\/\/jornalfatosenoticias.com.br\/wp-content\/uploads\/2020\/02\/logo120.png","width":1227,"height":120,"caption":"Jornal Fatos e Not\u00edcias"},"image":{"@id":"https:\/\/jornalfatosenoticias.com.br\/#\/schema\/logo\/image\/"}},{"@type":"Person","@id":"https:\/\/jornalfatosenoticias.com.br\/#\/schema\/person\/d63837fa13ac8666eb9e74e0985d6f81","name":"Luzimara Fernandes","image":{"@type":"ImageObject","inLanguage":"pt-BR","@id":"https:\/\/jornalfatosenoticias.com.br\/#\/schema\/person\/image\/","url":"https:\/\/jornalfatosenoticias.com.br\/wp-content\/uploads\/2025\/05\/EU_portal.jpg","contentUrl":"https:\/\/jornalfatosenoticias.com.br\/wp-content\/uploads\/2025\/05\/EU_portal.jpg","caption":"Luzimara Fernandes"},"description":"Jornalista MTB 2358-ES","sameAs":["https:\/\/jornalfatosenoticias.com.br"],"url":"https:\/\/jornalfatosenoticias.com.br\/index.php\/author\/luzimara\/"}]}},"cc_featured_image_caption":{"caption_text":"(\u00a9AP Photo\/Ebrahim Noroozi) \r\n\r\n","source_text":"","source_url":""},"jetpack_featured_media_url":"https:\/\/jornalfatosenoticias.com.br\/wp-content\/uploads\/2020\/09\/masmorra_Ira.jpg","_links":{"self":[{"href":"https:\/\/jornalfatosenoticias.com.br\/index.php\/wp-json\/wp\/v2\/posts\/9341","targetHints":{"allow":["GET"]}}],"collection":[{"href":"https:\/\/jornalfatosenoticias.com.br\/index.php\/wp-json\/wp\/v2\/posts"}],"about":[{"href":"https:\/\/jornalfatosenoticias.com.br\/index.php\/wp-json\/wp\/v2\/types\/post"}],"author":[{"embeddable":true,"href":"https:\/\/jornalfatosenoticias.com.br\/index.php\/wp-json\/wp\/v2\/users\/2"}],"replies":[{"embeddable":true,"href":"https:\/\/jornalfatosenoticias.com.br\/index.php\/wp-json\/wp\/v2\/comments?post=9341"}],"version-history":[{"count":0,"href":"https:\/\/jornalfatosenoticias.com.br\/index.php\/wp-json\/wp\/v2\/posts\/9341\/revisions"}],"wp:featuredmedia":[{"embeddable":true,"href":"https:\/\/jornalfatosenoticias.com.br\/index.php\/wp-json\/wp\/v2\/media\/9343"}],"wp:attachment":[{"href":"https:\/\/jornalfatosenoticias.com.br\/index.php\/wp-json\/wp\/v2\/media?parent=9341"}],"wp:term":[{"taxonomy":"category","embeddable":true,"href":"https:\/\/jornalfatosenoticias.com.br\/index.php\/wp-json\/wp\/v2\/categories?post=9341"},{"taxonomy":"post_tag","embeddable":true,"href":"https:\/\/jornalfatosenoticias.com.br\/index.php\/wp-json\/wp\/v2\/tags?post=9341"}],"curies":[{"name":"wp","href":"https:\/\/api.w.org\/{rel}","templated":true}]}}