{"id":9355,"date":"2020-09-28T09:37:36","date_gmt":"2020-09-28T12:37:36","guid":{"rendered":"https:\/\/jornalfatosenoticias.com.br\/?p=9355"},"modified":"2020-09-28T09:37:40","modified_gmt":"2020-09-28T12:37:40","slug":"pessoas-estao-envelhecendo-melhor-hoje-do-que-ha-30-anos-diz-pesquisa","status":"publish","type":"post","link":"https:\/\/jornalfatosenoticias.com.br\/index.php\/2020\/09\/28\/pessoas-estao-envelhecendo-melhor-hoje-do-que-ha-30-anos-diz-pesquisa\/","title":{"rendered":"Pessoas est\u00e3o envelhecendo melhor hoje do que h\u00e1 30 anos, diz pesquisa"},"content":{"rendered":"\n<h6 class=\"wp-block-heading\"><em>Aumento da expectativa de vida \u00e9 acompanhado por melhor capacidade funcional em habilidades como mem\u00f3ria, velocidade de caminhada e for\u00e7a muscular<\/em><\/h6>\n\n\n\n<p>Segundo um estudo da Faculdade de Ci\u00eancias do Esporte e da Sa\u00fade da Universidade de Jyv\u00e4skyl\u00e4, na Finl\u00e2ndia, os idosos est\u00e3o ficando mais jovens. Como? A capacidade funcional de pessoas de 75 a 80 anos \u00e9 melhor hoje do que quando comparada com a de idosos com a mesma idade h\u00e1 r\u00eas d\u00e9cadas atr\u00e1s.<br>A for\u00e7a muscular, a velocidade de caminhada, velocidade de rea\u00e7\u00e3o, flu\u00eancia verbal, racioc\u00ednio e mem\u00f3ria de trabalho dos idosos s\u00e3o melhores atualmente. Em testes de fun\u00e7\u00e3o pulmonar, no entanto, n\u00e3o foram observadas diferen\u00e7as entre os indiv\u00edduos.<br>Os dados da primeira parte da pesquisa foram coletados entre 1989 e 1990 e consistiam em 500 pessoas nascidas entre 1910 e 1914. Os dados da segunda parte foram coletados de 2017 a 2018, com 726 pessoas nascidas em 1938 ou 1939 e 1942 ou 1943. Em ambas as coletas de dados, os participantes foram avaliados na idade de 75 ou 80 anos.<\/p>\n\n\n\n<blockquote class=\"wp-block-quote is-layout-flow wp-block-quote-is-layout-flow\"><p>\u201cAs medi\u00e7\u00f5es baseadas no desempenho descrevem como os idosos se comportam em sua vida di\u00e1ria e, ao mesmo tempo, as medi\u00e7\u00f5es refletem a idade funcional de uma pessoa\u201d, diz a professora Taina Rantanen, principal autora do estudo, em nota.<\/p><\/blockquote>\n\n\n\n<p>O estudo foi financiado pela Academia da Finl\u00e2ndia e pelo Conselho Europeu de Pesquisa.<br>Os resultados sugerem que o aumento da expectativa de vida \u00e9 acompanhado por um aumento do n\u00famero de anos vividos com boa capacidade funcional. A observa\u00e7\u00e3o pode ser explicada por uma taxa de mudan\u00e7a mais lenta com o aumento da idade, um tempo de vida maior no desempenho f\u00edsico ou uma combina\u00e7\u00e3o dos dois.<br>Outras mudan\u00e7as favor\u00e1veis, como melhor nutri\u00e7\u00e3o e higiene, melhorias nos cuidados de sa\u00fade e no sistema escolar, melhor acessibilidade \u00e0 educa\u00e7\u00e3o e melhoria da vida profissional tamb\u00e9m fazem parte do estudo.<br>\u201cEssa pesquisa \u00e9 \u00fanica porque existem poucos estudos no mundo que compararam medidas m\u00e1ximas baseadas no desempenho entre pessoas da mesma idade em diferentes tempos hist\u00f3ricos. Os resultados sugerem que nossa compreens\u00e3o da velhice \u00e9 antiquada\u201d, finaliza Rantanen.<\/p>\n\n\n\n<p><strong><em>Fonte: <a href=\"https:\/\/revistagalileu.globo.com\/Ciencia\/Saude\/noticia\/2020\/09\/pessoas-estao-envelhecendo-melhor-hoje-do-que-ha-30-anos-diz-pesquisa.html\">Revista Galileu<\/a><\/em><\/strong><\/p>\n","protected":false},"excerpt":{"rendered":"<p>Aumento da expectativa de vida \u00e9 acompanhado por melhor capacidade funcional em habilidades como mem\u00f3ria, velocidade de caminhada e for\u00e7a muscular Segundo um estudo da Faculdade de Ci\u00eancias do Esporte e da Sa\u00fade da Universidade de Jyv\u00e4skyl\u00e4, na Finl\u00e2ndia, os idosos est\u00e3o ficando mais jovens. Como? A capacidade funcional de pessoas de 75 a 80 [&hellip;]<\/p>\n","protected":false},"author":2,"featured_media":9356,"comment_status":"open","ping_status":"open","sticky":false,"template":"","format":"standard","meta":{"footnotes":""},"categories":[11],"tags":[2586,2339,850,115],"class_list":["post-9355","post","type-post","status-publish","format-standard","has-post-thumbnail","hentry","category-saude","tag-envelhecimento","tag-finlandia","tag-idosos","tag-pesquisa"],"yoast_head":"<!-- This site is optimized with the Yoast SEO plugin v26.5 - https:\/\/yoast.com\/wordpress\/plugins\/seo\/ -->\n<title>Pessoas est\u00e3o envelhecendo melhor hoje do que h\u00e1 30 anos, diz pesquisa - Jornal Fatos e Not\u00edcias<\/title>\n<meta name=\"robots\" content=\"index, follow, max-snippet:-1, max-image-preview:large, max-video-preview:-1\" \/>\n<link rel=\"canonical\" href=\"https:\/\/jornalfatosenoticias.com.br\/index.php\/2020\/09\/28\/pessoas-estao-envelhecendo-melhor-hoje-do-que-ha-30-anos-diz-pesquisa\/\" \/>\n<meta property=\"og:locale\" content=\"pt_BR\" \/>\n<meta property=\"og:type\" content=\"article\" \/>\n<meta property=\"og:title\" content=\"Pessoas est\u00e3o envelhecendo melhor hoje do que h\u00e1 30 anos, diz pesquisa - Jornal Fatos e Not\u00edcias\" \/>\n<meta property=\"og:description\" content=\"Aumento da expectativa de vida \u00e9 acompanhado por melhor capacidade funcional em habilidades como mem\u00f3ria, velocidade de caminhada e for\u00e7a muscular Segundo um estudo da Faculdade de Ci\u00eancias do Esporte e da Sa\u00fade da Universidade de Jyv\u00e4skyl\u00e4, na Finl\u00e2ndia, os idosos est\u00e3o ficando mais jovens. Como? A capacidade funcional de pessoas de 75 a 80 [&hellip;]\" \/>\n<meta property=\"og:url\" content=\"https:\/\/jornalfatosenoticias.com.br\/index.php\/2020\/09\/28\/pessoas-estao-envelhecendo-melhor-hoje-do-que-ha-30-anos-diz-pesquisa\/\" \/>\n<meta property=\"og:site_name\" content=\"Jornal Fatos e Not\u00edcias\" \/>\n<meta property=\"article:published_time\" content=\"2020-09-28T12:37:36+00:00\" \/>\n<meta property=\"article:modified_time\" content=\"2020-09-28T12:37:40+00:00\" \/>\n<meta property=\"og:image\" content=\"https:\/\/jornalfatosenoticias.com.br\/wp-content\/uploads\/2020\/09\/envelhecimento_pexels-edu-carvalho.jpg\" \/>\n\t<meta property=\"og:image:width\" content=\"1000\" \/>\n\t<meta property=\"og:image:height\" content=\"899\" \/>\n\t<meta property=\"og:image:type\" content=\"image\/jpeg\" \/>\n<meta name=\"author\" content=\"Luzimara Fernandes\" \/>\n<meta name=\"twitter:card\" content=\"summary_large_image\" \/>\n<meta name=\"twitter:label1\" content=\"Escrito por\" \/>\n\t<meta name=\"twitter:data1\" content=\"Luzimara Fernandes\" \/>\n\t<meta name=\"twitter:label2\" content=\"Est. tempo de leitura\" \/>\n\t<meta name=\"twitter:data2\" content=\"2 minutos\" \/>\n<script type=\"application\/ld+json\" class=\"yoast-schema-graph\">{\"@context\":\"https:\/\/schema.org\",\"@graph\":[{\"@type\":\"Article\",\"@id\":\"https:\/\/jornalfatosenoticias.com.br\/index.php\/2020\/09\/28\/pessoas-estao-envelhecendo-melhor-hoje-do-que-ha-30-anos-diz-pesquisa\/#article\",\"isPartOf\":{\"@id\":\"https:\/\/jornalfatosenoticias.com.br\/index.php\/2020\/09\/28\/pessoas-estao-envelhecendo-melhor-hoje-do-que-ha-30-anos-diz-pesquisa\/\"},\"author\":{\"name\":\"Luzimara Fernandes\",\"@id\":\"https:\/\/jornalfatosenoticias.com.br\/#\/schema\/person\/d63837fa13ac8666eb9e74e0985d6f81\"},\"headline\":\"Pessoas est\u00e3o envelhecendo melhor hoje do que h\u00e1 30 anos, diz pesquisa\",\"datePublished\":\"2020-09-28T12:37:36+00:00\",\"dateModified\":\"2020-09-28T12:37:40+00:00\",\"mainEntityOfPage\":{\"@id\":\"https:\/\/jornalfatosenoticias.com.br\/index.php\/2020\/09\/28\/pessoas-estao-envelhecendo-melhor-hoje-do-que-ha-30-anos-diz-pesquisa\/\"},\"wordCount\":381,\"commentCount\":0,\"publisher\":{\"@id\":\"https:\/\/jornalfatosenoticias.com.br\/#organization\"},\"image\":{\"@id\":\"https:\/\/jornalfatosenoticias.com.br\/index.php\/2020\/09\/28\/pessoas-estao-envelhecendo-melhor-hoje-do-que-ha-30-anos-diz-pesquisa\/#primaryimage\"},\"thumbnailUrl\":\"https:\/\/jornalfatosenoticias.com.br\/wp-content\/uploads\/2020\/09\/envelhecimento_pexels-edu-carvalho.jpg\",\"keywords\":[\"envelhecimento\",\"Finl\u00e2ndia\",\"idosos\",\"pesquisa\"],\"articleSection\":[\"Sa\u00fade\"],\"inLanguage\":\"pt-BR\",\"potentialAction\":[{\"@type\":\"CommentAction\",\"name\":\"Comment\",\"target\":[\"https:\/\/jornalfatosenoticias.com.br\/index.php\/2020\/09\/28\/pessoas-estao-envelhecendo-melhor-hoje-do-que-ha-30-anos-diz-pesquisa\/#respond\"]}]},{\"@type\":\"WebPage\",\"@id\":\"https:\/\/jornalfatosenoticias.com.br\/index.php\/2020\/09\/28\/pessoas-estao-envelhecendo-melhor-hoje-do-que-ha-30-anos-diz-pesquisa\/\",\"url\":\"https:\/\/jornalfatosenoticias.com.br\/index.php\/2020\/09\/28\/pessoas-estao-envelhecendo-melhor-hoje-do-que-ha-30-anos-diz-pesquisa\/\",\"name\":\"Pessoas est\u00e3o envelhecendo melhor hoje do que h\u00e1 30 anos, diz pesquisa - Jornal Fatos e Not\u00edcias\",\"isPartOf\":{\"@id\":\"https:\/\/jornalfatosenoticias.com.br\/#website\"},\"primaryImageOfPage\":{\"@id\":\"https:\/\/jornalfatosenoticias.com.br\/index.php\/2020\/09\/28\/pessoas-estao-envelhecendo-melhor-hoje-do-que-ha-30-anos-diz-pesquisa\/#primaryimage\"},\"image\":{\"@id\":\"https:\/\/jornalfatosenoticias.com.br\/index.php\/2020\/09\/28\/pessoas-estao-envelhecendo-melhor-hoje-do-que-ha-30-anos-diz-pesquisa\/#primaryimage\"},\"thumbnailUrl\":\"https:\/\/jornalfatosenoticias.com.br\/wp-content\/uploads\/2020\/09\/envelhecimento_pexels-edu-carvalho.jpg\",\"datePublished\":\"2020-09-28T12:37:36+00:00\",\"dateModified\":\"2020-09-28T12:37:40+00:00\",\"breadcrumb\":{\"@id\":\"https:\/\/jornalfatosenoticias.com.br\/index.php\/2020\/09\/28\/pessoas-estao-envelhecendo-melhor-hoje-do-que-ha-30-anos-diz-pesquisa\/#breadcrumb\"},\"inLanguage\":\"pt-BR\",\"potentialAction\":[{\"@type\":\"ReadAction\",\"target\":[\"https:\/\/jornalfatosenoticias.com.br\/index.php\/2020\/09\/28\/pessoas-estao-envelhecendo-melhor-hoje-do-que-ha-30-anos-diz-pesquisa\/\"]}]},{\"@type\":\"ImageObject\",\"inLanguage\":\"pt-BR\",\"@id\":\"https:\/\/jornalfatosenoticias.com.br\/index.php\/2020\/09\/28\/pessoas-estao-envelhecendo-melhor-hoje-do-que-ha-30-anos-diz-pesquisa\/#primaryimage\",\"url\":\"https:\/\/jornalfatosenoticias.com.br\/wp-content\/uploads\/2020\/09\/envelhecimento_pexels-edu-carvalho.jpg\",\"contentUrl\":\"https:\/\/jornalfatosenoticias.com.br\/wp-content\/uploads\/2020\/09\/envelhecimento_pexels-edu-carvalho.jpg\",\"width\":1000,\"height\":899},{\"@type\":\"BreadcrumbList\",\"@id\":\"https:\/\/jornalfatosenoticias.com.br\/index.php\/2020\/09\/28\/pessoas-estao-envelhecendo-melhor-hoje-do-que-ha-30-anos-diz-pesquisa\/#breadcrumb\",\"itemListElement\":[{\"@type\":\"ListItem\",\"position\":1,\"name\":\"In\u00edcio\",\"item\":\"https:\/\/jornalfatosenoticias.com.br\/\"},{\"@type\":\"ListItem\",\"position\":2,\"name\":\"Pessoas est\u00e3o envelhecendo melhor hoje do que h\u00e1 30 anos, diz pesquisa\"}]},{\"@type\":\"WebSite\",\"@id\":\"https:\/\/jornalfatosenoticias.com.br\/#website\",\"url\":\"https:\/\/jornalfatosenoticias.com.br\/\",\"name\":\"Jornal Fatos e Not\u00edcias\",\"description\":\"Not\u00edcias em geral\",\"publisher\":{\"@id\":\"https:\/\/jornalfatosenoticias.com.br\/#organization\"},\"potentialAction\":[{\"@type\":\"SearchAction\",\"target\":{\"@type\":\"EntryPoint\",\"urlTemplate\":\"https:\/\/jornalfatosenoticias.com.br\/?s={search_term_string}\"},\"query-input\":{\"@type\":\"PropertyValueSpecification\",\"valueRequired\":true,\"valueName\":\"search_term_string\"}}],\"inLanguage\":\"pt-BR\"},{\"@type\":\"Organization\",\"@id\":\"https:\/\/jornalfatosenoticias.com.br\/#organization\",\"name\":\"Jornal Fatos e Not\u00edcias\",\"url\":\"https:\/\/jornalfatosenoticias.com.br\/\",\"logo\":{\"@type\":\"ImageObject\",\"inLanguage\":\"pt-BR\",\"@id\":\"https:\/\/jornalfatosenoticias.com.br\/#\/schema\/logo\/image\/\",\"url\":\"https:\/\/jornalfatosenoticias.com.br\/wp-content\/uploads\/2020\/02\/logo120.png\",\"contentUrl\":\"https:\/\/jornalfatosenoticias.com.br\/wp-content\/uploads\/2020\/02\/logo120.png\",\"width\":1227,\"height\":120,\"caption\":\"Jornal Fatos e Not\u00edcias\"},\"image\":{\"@id\":\"https:\/\/jornalfatosenoticias.com.br\/#\/schema\/logo\/image\/\"}},{\"@type\":\"Person\",\"@id\":\"https:\/\/jornalfatosenoticias.com.br\/#\/schema\/person\/d63837fa13ac8666eb9e74e0985d6f81\",\"name\":\"Luzimara Fernandes\",\"image\":{\"@type\":\"ImageObject\",\"inLanguage\":\"pt-BR\",\"@id\":\"https:\/\/jornalfatosenoticias.com.br\/#\/schema\/person\/image\/\",\"url\":\"https:\/\/jornalfatosenoticias.com.br\/wp-content\/uploads\/2025\/05\/EU_portal.jpg\",\"contentUrl\":\"https:\/\/jornalfatosenoticias.com.br\/wp-content\/uploads\/2025\/05\/EU_portal.jpg\",\"caption\":\"Luzimara Fernandes\"},\"description\":\"Jornalista MTB 2358-ES\",\"sameAs\":[\"https:\/\/jornalfatosenoticias.com.br\"],\"url\":\"https:\/\/jornalfatosenoticias.com.br\/index.php\/author\/luzimara\/\"}]}<\/script>\n<!-- \/ Yoast SEO plugin. -->","yoast_head_json":{"title":"Pessoas est\u00e3o envelhecendo melhor hoje do que h\u00e1 30 anos, diz pesquisa - Jornal Fatos e Not\u00edcias","robots":{"index":"index","follow":"follow","max-snippet":"max-snippet:-1","max-image-preview":"max-image-preview:large","max-video-preview":"max-video-preview:-1"},"canonical":"https:\/\/jornalfatosenoticias.com.br\/index.php\/2020\/09\/28\/pessoas-estao-envelhecendo-melhor-hoje-do-que-ha-30-anos-diz-pesquisa\/","og_locale":"pt_BR","og_type":"article","og_title":"Pessoas est\u00e3o envelhecendo melhor hoje do que h\u00e1 30 anos, diz pesquisa - Jornal Fatos e Not\u00edcias","og_description":"Aumento da expectativa de vida \u00e9 acompanhado por melhor capacidade funcional em habilidades como mem\u00f3ria, velocidade de caminhada e for\u00e7a muscular Segundo um estudo da Faculdade de Ci\u00eancias do Esporte e da Sa\u00fade da Universidade de Jyv\u00e4skyl\u00e4, na Finl\u00e2ndia, os idosos est\u00e3o ficando mais jovens. Como? A capacidade funcional de pessoas de 75 a 80 [&hellip;]","og_url":"https:\/\/jornalfatosenoticias.com.br\/index.php\/2020\/09\/28\/pessoas-estao-envelhecendo-melhor-hoje-do-que-ha-30-anos-diz-pesquisa\/","og_site_name":"Jornal Fatos e Not\u00edcias","article_published_time":"2020-09-28T12:37:36+00:00","article_modified_time":"2020-09-28T12:37:40+00:00","og_image":[{"width":1000,"height":899,"url":"https:\/\/jornalfatosenoticias.com.br\/wp-content\/uploads\/2020\/09\/envelhecimento_pexels-edu-carvalho.jpg","type":"image\/jpeg"}],"author":"Luzimara Fernandes","twitter_card":"summary_large_image","twitter_misc":{"Escrito por":"Luzimara Fernandes","Est. tempo de leitura":"2 minutos"},"schema":{"@context":"https:\/\/schema.org","@graph":[{"@type":"Article","@id":"https:\/\/jornalfatosenoticias.com.br\/index.php\/2020\/09\/28\/pessoas-estao-envelhecendo-melhor-hoje-do-que-ha-30-anos-diz-pesquisa\/#article","isPartOf":{"@id":"https:\/\/jornalfatosenoticias.com.br\/index.php\/2020\/09\/28\/pessoas-estao-envelhecendo-melhor-hoje-do-que-ha-30-anos-diz-pesquisa\/"},"author":{"name":"Luzimara Fernandes","@id":"https:\/\/jornalfatosenoticias.com.br\/#\/schema\/person\/d63837fa13ac8666eb9e74e0985d6f81"},"headline":"Pessoas est\u00e3o envelhecendo melhor hoje do que h\u00e1 30 anos, diz pesquisa","datePublished":"2020-09-28T12:37:36+00:00","dateModified":"2020-09-28T12:37:40+00:00","mainEntityOfPage":{"@id":"https:\/\/jornalfatosenoticias.com.br\/index.php\/2020\/09\/28\/pessoas-estao-envelhecendo-melhor-hoje-do-que-ha-30-anos-diz-pesquisa\/"},"wordCount":381,"commentCount":0,"publisher":{"@id":"https:\/\/jornalfatosenoticias.com.br\/#organization"},"image":{"@id":"https:\/\/jornalfatosenoticias.com.br\/index.php\/2020\/09\/28\/pessoas-estao-envelhecendo-melhor-hoje-do-que-ha-30-anos-diz-pesquisa\/#primaryimage"},"thumbnailUrl":"https:\/\/jornalfatosenoticias.com.br\/wp-content\/uploads\/2020\/09\/envelhecimento_pexels-edu-carvalho.jpg","keywords":["envelhecimento","Finl\u00e2ndia","idosos","pesquisa"],"articleSection":["Sa\u00fade"],"inLanguage":"pt-BR","potentialAction":[{"@type":"CommentAction","name":"Comment","target":["https:\/\/jornalfatosenoticias.com.br\/index.php\/2020\/09\/28\/pessoas-estao-envelhecendo-melhor-hoje-do-que-ha-30-anos-diz-pesquisa\/#respond"]}]},{"@type":"WebPage","@id":"https:\/\/jornalfatosenoticias.com.br\/index.php\/2020\/09\/28\/pessoas-estao-envelhecendo-melhor-hoje-do-que-ha-30-anos-diz-pesquisa\/","url":"https:\/\/jornalfatosenoticias.com.br\/index.php\/2020\/09\/28\/pessoas-estao-envelhecendo-melhor-hoje-do-que-ha-30-anos-diz-pesquisa\/","name":"Pessoas est\u00e3o envelhecendo melhor hoje do que h\u00e1 30 anos, diz pesquisa - Jornal Fatos e Not\u00edcias","isPartOf":{"@id":"https:\/\/jornalfatosenoticias.com.br\/#website"},"primaryImageOfPage":{"@id":"https:\/\/jornalfatosenoticias.com.br\/index.php\/2020\/09\/28\/pessoas-estao-envelhecendo-melhor-hoje-do-que-ha-30-anos-diz-pesquisa\/#primaryimage"},"image":{"@id":"https:\/\/jornalfatosenoticias.com.br\/index.php\/2020\/09\/28\/pessoas-estao-envelhecendo-melhor-hoje-do-que-ha-30-anos-diz-pesquisa\/#primaryimage"},"thumbnailUrl":"https:\/\/jornalfatosenoticias.com.br\/wp-content\/uploads\/2020\/09\/envelhecimento_pexels-edu-carvalho.jpg","datePublished":"2020-09-28T12:37:36+00:00","dateModified":"2020-09-28T12:37:40+00:00","breadcrumb":{"@id":"https:\/\/jornalfatosenoticias.com.br\/index.php\/2020\/09\/28\/pessoas-estao-envelhecendo-melhor-hoje-do-que-ha-30-anos-diz-pesquisa\/#breadcrumb"},"inLanguage":"pt-BR","potentialAction":[{"@type":"ReadAction","target":["https:\/\/jornalfatosenoticias.com.br\/index.php\/2020\/09\/28\/pessoas-estao-envelhecendo-melhor-hoje-do-que-ha-30-anos-diz-pesquisa\/"]}]},{"@type":"ImageObject","inLanguage":"pt-BR","@id":"https:\/\/jornalfatosenoticias.com.br\/index.php\/2020\/09\/28\/pessoas-estao-envelhecendo-melhor-hoje-do-que-ha-30-anos-diz-pesquisa\/#primaryimage","url":"https:\/\/jornalfatosenoticias.com.br\/wp-content\/uploads\/2020\/09\/envelhecimento_pexels-edu-carvalho.jpg","contentUrl":"https:\/\/jornalfatosenoticias.com.br\/wp-content\/uploads\/2020\/09\/envelhecimento_pexels-edu-carvalho.jpg","width":1000,"height":899},{"@type":"BreadcrumbList","@id":"https:\/\/jornalfatosenoticias.com.br\/index.php\/2020\/09\/28\/pessoas-estao-envelhecendo-melhor-hoje-do-que-ha-30-anos-diz-pesquisa\/#breadcrumb","itemListElement":[{"@type":"ListItem","position":1,"name":"In\u00edcio","item":"https:\/\/jornalfatosenoticias.com.br\/"},{"@type":"ListItem","position":2,"name":"Pessoas est\u00e3o envelhecendo melhor hoje do que h\u00e1 30 anos, diz pesquisa"}]},{"@type":"WebSite","@id":"https:\/\/jornalfatosenoticias.com.br\/#website","url":"https:\/\/jornalfatosenoticias.com.br\/","name":"Jornal Fatos e Not\u00edcias","description":"Not\u00edcias em geral","publisher":{"@id":"https:\/\/jornalfatosenoticias.com.br\/#organization"},"potentialAction":[{"@type":"SearchAction","target":{"@type":"EntryPoint","urlTemplate":"https:\/\/jornalfatosenoticias.com.br\/?s={search_term_string}"},"query-input":{"@type":"PropertyValueSpecification","valueRequired":true,"valueName":"search_term_string"}}],"inLanguage":"pt-BR"},{"@type":"Organization","@id":"https:\/\/jornalfatosenoticias.com.br\/#organization","name":"Jornal Fatos e Not\u00edcias","url":"https:\/\/jornalfatosenoticias.com.br\/","logo":{"@type":"ImageObject","inLanguage":"pt-BR","@id":"https:\/\/jornalfatosenoticias.com.br\/#\/schema\/logo\/image\/","url":"https:\/\/jornalfatosenoticias.com.br\/wp-content\/uploads\/2020\/02\/logo120.png","contentUrl":"https:\/\/jornalfatosenoticias.com.br\/wp-content\/uploads\/2020\/02\/logo120.png","width":1227,"height":120,"caption":"Jornal Fatos e Not\u00edcias"},"image":{"@id":"https:\/\/jornalfatosenoticias.com.br\/#\/schema\/logo\/image\/"}},{"@type":"Person","@id":"https:\/\/jornalfatosenoticias.com.br\/#\/schema\/person\/d63837fa13ac8666eb9e74e0985d6f81","name":"Luzimara Fernandes","image":{"@type":"ImageObject","inLanguage":"pt-BR","@id":"https:\/\/jornalfatosenoticias.com.br\/#\/schema\/person\/image\/","url":"https:\/\/jornalfatosenoticias.com.br\/wp-content\/uploads\/2025\/05\/EU_portal.jpg","contentUrl":"https:\/\/jornalfatosenoticias.com.br\/wp-content\/uploads\/2025\/05\/EU_portal.jpg","caption":"Luzimara Fernandes"},"description":"Jornalista MTB 2358-ES","sameAs":["https:\/\/jornalfatosenoticias.com.br"],"url":"https:\/\/jornalfatosenoticias.com.br\/index.php\/author\/luzimara\/"}]}},"cc_featured_image_caption":{"caption_text":"(Foto: Edu Carvalho\/Pexels)","source_text":"","source_url":""},"jetpack_featured_media_url":"https:\/\/jornalfatosenoticias.com.br\/wp-content\/uploads\/2020\/09\/envelhecimento_pexels-edu-carvalho.jpg","_links":{"self":[{"href":"https:\/\/jornalfatosenoticias.com.br\/index.php\/wp-json\/wp\/v2\/posts\/9355","targetHints":{"allow":["GET"]}}],"collection":[{"href":"https:\/\/jornalfatosenoticias.com.br\/index.php\/wp-json\/wp\/v2\/posts"}],"about":[{"href":"https:\/\/jornalfatosenoticias.com.br\/index.php\/wp-json\/wp\/v2\/types\/post"}],"author":[{"embeddable":true,"href":"https:\/\/jornalfatosenoticias.com.br\/index.php\/wp-json\/wp\/v2\/users\/2"}],"replies":[{"embeddable":true,"href":"https:\/\/jornalfatosenoticias.com.br\/index.php\/wp-json\/wp\/v2\/comments?post=9355"}],"version-history":[{"count":0,"href":"https:\/\/jornalfatosenoticias.com.br\/index.php\/wp-json\/wp\/v2\/posts\/9355\/revisions"}],"wp:featuredmedia":[{"embeddable":true,"href":"https:\/\/jornalfatosenoticias.com.br\/index.php\/wp-json\/wp\/v2\/media\/9356"}],"wp:attachment":[{"href":"https:\/\/jornalfatosenoticias.com.br\/index.php\/wp-json\/wp\/v2\/media?parent=9355"}],"wp:term":[{"taxonomy":"category","embeddable":true,"href":"https:\/\/jornalfatosenoticias.com.br\/index.php\/wp-json\/wp\/v2\/categories?post=9355"},{"taxonomy":"post_tag","embeddable":true,"href":"https:\/\/jornalfatosenoticias.com.br\/index.php\/wp-json\/wp\/v2\/tags?post=9355"}],"curies":[{"name":"wp","href":"https:\/\/api.w.org\/{rel}","templated":true}]}}