{"id":9358,"date":"2020-09-28T09:54:15","date_gmt":"2020-09-28T12:54:15","guid":{"rendered":"https:\/\/jornalfatosenoticias.com.br\/?p=9358"},"modified":"2020-09-28T09:54:21","modified_gmt":"2020-09-28T12:54:21","slug":"encontrado-par-de-estrelas-massivas-envolto-por-vapor-de-agua-salgada","status":"publish","type":"post","link":"https:\/\/jornalfatosenoticias.com.br\/index.php\/2020\/09\/28\/encontrado-par-de-estrelas-massivas-envolto-por-vapor-de-agua-salgada\/","title":{"rendered":"Encontrado par de estrelas massivas envolto por vapor de \u00e1gua salgada"},"content":{"rendered":"\n<h6 class=\"wp-block-heading\"><em>Astr\u00f4nomos identificaram mol\u00e9culas de cloreto de s\u00f3dio e \u00e1gua aquecida no disco de forma\u00e7\u00e3o das estrelas IRAS 16547-4247, localizadas a 9,5 mil anos-luz da Terra<\/em><\/h6>\n\n\n\n<p>Usando o radiotelesc\u00f3pio Atacama Large Millimeter\/submillimeter Array (Alma), uma equipe internacional de astr\u00f4nomos avistou um par de jovens estrelas massivas circundado por um disco gasoso que inclui mol\u00e9culas de cloreto de s\u00f3dio (o famoso sal de cozinha) e vapor de \u00e1gua aquecida. Esta \u00e9 a segunda vez que cloreto de s\u00f3dio \u00e9 detectado em torno de estrelas jovens, indicando que, apesar de rara no Universo, a subst\u00e2ncia pode ser um importante marcador para identificar regi\u00f5es onde estrelas gigantes nascem.<br>&#8220;O primeiro exemplo [de detec\u00e7\u00e3o de cloreto de s\u00f3dio ao redor de estrelas gigantes] foi em torno da Fonte I da Orion KL, mas essa \u00e9 uma fonte t\u00e3o peculiar que n\u00e3o t\u00ednhamos certeza se o sal \u00e9 adequado para ver discos de g\u00e1s ao redor de estrelas massivas&#8221;, explica Kei Tanaka, l\u00edder do estudo e pesquisador do Observat\u00f3rio Astron\u00f4mico Nacional do Jap\u00e3o, em nota \u00e0 imprensa. &#8220;Nossos resultados confirmaram que o sal \u00e9 realmente um bom marcador\u201d.<br>Segundo os pesquisadores, a presen\u00e7a de vapor d&#8217;\u00e1gua aquecida e cloreto de s\u00f3dio se deve ao processo de destrui\u00e7\u00e3o de part\u00edculas de poeira durante a forma\u00e7\u00e3o das estrelas. Esse fen\u00f4meno tamb\u00e9m sugere a natureza quente e din\u00e2mica dos discos que circundam jovens estrelas massivas.<br>O estudo, publicado em agosto na The Astrophysical Journal Letters, d\u00e1 novas pistas sobre o processo de forma\u00e7\u00e3o de estrelas massivas, como s\u00e3o chamados os astros que s\u00e3o mais de 10 vezes maiores do que o nosso Sol. Em geral, esses &#8220;ber\u00e7\u00e1rios&#8221; estelares s\u00e3o de dif\u00edcil observa\u00e7\u00e3o por estarem muito distantes da Terra e tamb\u00e9m por serem cercados por nuvens massivas com estruturas complexas. Atrav\u00e9s de emiss\u00f5es de r\u00e1dio, por\u00e9m, os cientistas conseguiram identificar uma grande variedade de mol\u00e9culas vindas de IRAS 16547-4247.<\/p>\n\n\n\n<figure class=\"wp-block-image size-large\"><img loading=\"lazy\" decoding=\"async\" width=\"1000\" height=\"823\" src=\"https:\/\/jornalfatosenoticias.com.br\/wp-content\/uploads\/2020\/09\/iras16547_alma_combined_insets3.jpg\" alt=\"\" class=\"wp-image-9359\" srcset=\"https:\/\/jornalfatosenoticias.com.br\/wp-content\/uploads\/2020\/09\/iras16547_alma_combined_insets3.jpg 1000w, https:\/\/jornalfatosenoticias.com.br\/wp-content\/uploads\/2020\/09\/iras16547_alma_combined_insets3-300x247.jpg 300w, https:\/\/jornalfatosenoticias.com.br\/wp-content\/uploads\/2020\/09\/iras16547_alma_combined_insets3-768x632.jpg 768w\" sizes=\"auto, (max-width: 1000px) 100vw, 1000px\" \/><figcaption><em>Encontrado par de estrelas massivas envolto por vapor de \u00e1gua salgada (Foto: Alma (ESO\/NAOJ\/NRAO))<\/em><\/figcaption><\/figure>\n\n\n\n<p>Al\u00e9m da presen\u00e7a de cloreto de s\u00f3dio (NaCl) e \u00e1gua aquecida (H2O), eles tamb\u00e9m detectaram acetonitrila (CH3CN) em partes mais distantes das estrelas bin\u00e1rias, que s\u00e3o chamadas de IRAS 16547-4247 e est\u00e3o localizadas a 9,5 mil anos-luz de n\u00f3s, na constela\u00e7\u00e3o de Escorpi\u00e3o. Estima-se que elas tenham a massa de 25 s\u00f3is, enquanto a nuvem que est\u00e1 ao seu redor \u00e9 10 mil vezes mais massiva que o Sol.<br>Outra curiosidade sobre a dupla estelar \u00e9 que seus discos de forma\u00e7\u00e3o rotacionam em dire\u00e7\u00f5es opostas. De acordo com os especialistas, isso pode indicar que elas n\u00e3o se formaram ao mesmo tempo, como se fossem &#8220;g\u00eameas&#8221;, mas sim separadamente, em nuvens distintas, e se aproximaram mais tarde. Futuras pesquisas devem explicar a origem dessa forma\u00e7\u00e3o. Com a nova gera\u00e7\u00e3o do Very Large Array, ainda em desenvolvimento, astr\u00f4nomos poder\u00e3o rastrear melhor as mol\u00e9culas liberadas no processo de forma\u00e7\u00e3o de estrelas massivas e at\u00e9 obter pistas para compreender a forma\u00e7\u00e3o do nosso pr\u00f3prio Sistema Solar.<\/p>\n\n\n\n<p><strong><em>Fonte: <a href=\"https:\/\/revistagalileu.globo.com\/Ciencia\/Espaco\/noticia\/2020\/09\/encontrado-par-de-estrelas-massivas-envolto-por-vapor-de-agua-salgada.html\">Revista Galileu<\/a><\/em><\/strong><\/p>\n","protected":false},"excerpt":{"rendered":"<p>Astr\u00f4nomos identificaram mol\u00e9culas de cloreto de s\u00f3dio e \u00e1gua aquecida no disco de forma\u00e7\u00e3o das estrelas IRAS 16547-4247, localizadas a 9,5 mil anos-luz da Terra Usando o radiotelesc\u00f3pio Atacama Large Millimeter\/submillimeter Array (Alma), uma equipe internacional de astr\u00f4nomos avistou um par de jovens estrelas massivas circundado por um disco gasoso que inclui mol\u00e9culas de cloreto [&hellip;]<\/p>\n","protected":false},"author":2,"featured_media":9360,"comment_status":"open","ping_status":"open","sticky":false,"template":"","format":"standard","meta":{"footnotes":""},"categories":[2],"tags":[5120,790,5118,5119,469,466],"class_list":["post-9358","post","type-post","status-publish","format-standard","has-post-thumbnail","hentry","category-ciencia","tag-constelacao-de-escorpiao","tag-estrelas","tag-estrelas-gigantes","tag-estrelas-massivas","tag-sistema-solar","tag-sol"],"yoast_head":"<!-- This site is optimized with the Yoast SEO plugin v26.5 - https:\/\/yoast.com\/wordpress\/plugins\/seo\/ -->\n<title>Encontrado par de estrelas massivas envolto por vapor de \u00e1gua salgada - Jornal Fatos e Not\u00edcias<\/title>\n<meta name=\"robots\" content=\"index, follow, max-snippet:-1, max-image-preview:large, max-video-preview:-1\" \/>\n<link rel=\"canonical\" href=\"https:\/\/jornalfatosenoticias.com.br\/index.php\/2020\/09\/28\/encontrado-par-de-estrelas-massivas-envolto-por-vapor-de-agua-salgada\/\" \/>\n<meta property=\"og:locale\" content=\"pt_BR\" \/>\n<meta property=\"og:type\" content=\"article\" \/>\n<meta property=\"og:title\" content=\"Encontrado par de estrelas massivas envolto por vapor de \u00e1gua salgada - Jornal Fatos e Not\u00edcias\" \/>\n<meta property=\"og:description\" content=\"Astr\u00f4nomos identificaram mol\u00e9culas de cloreto de s\u00f3dio e \u00e1gua aquecida no disco de forma\u00e7\u00e3o das estrelas IRAS 16547-4247, localizadas a 9,5 mil anos-luz da Terra Usando o radiotelesc\u00f3pio Atacama Large Millimeter\/submillimeter Array (Alma), uma equipe internacional de astr\u00f4nomos avistou um par de jovens estrelas massivas circundado por um disco gasoso que inclui mol\u00e9culas de cloreto [&hellip;]\" \/>\n<meta property=\"og:url\" content=\"https:\/\/jornalfatosenoticias.com.br\/index.php\/2020\/09\/28\/encontrado-par-de-estrelas-massivas-envolto-por-vapor-de-agua-salgada\/\" \/>\n<meta property=\"og:site_name\" content=\"Jornal Fatos e Not\u00edcias\" \/>\n<meta property=\"article:published_time\" content=\"2020-09-28T12:54:15+00:00\" \/>\n<meta property=\"article:modified_time\" content=\"2020-09-28T12:54:21+00:00\" \/>\n<meta property=\"og:image\" content=\"https:\/\/jornalfatosenoticias.com.br\/wp-content\/uploads\/2020\/09\/ESTRELAS-VAPOR-DE-AGUA-SALGADA_tanaka_iras16547_illustration-scaled-1.jpg\" \/>\n\t<meta property=\"og:image:width\" content=\"1000\" \/>\n\t<meta property=\"og:image:height\" content=\"1119\" \/>\n\t<meta property=\"og:image:type\" content=\"image\/jpeg\" \/>\n<meta name=\"author\" content=\"Luzimara Fernandes\" \/>\n<meta name=\"twitter:card\" content=\"summary_large_image\" \/>\n<meta name=\"twitter:label1\" content=\"Escrito por\" \/>\n\t<meta name=\"twitter:data1\" content=\"Luzimara Fernandes\" \/>\n\t<meta name=\"twitter:label2\" content=\"Est. tempo de leitura\" \/>\n\t<meta name=\"twitter:data2\" content=\"3 minutos\" \/>\n<script type=\"application\/ld+json\" class=\"yoast-schema-graph\">{\"@context\":\"https:\/\/schema.org\",\"@graph\":[{\"@type\":\"Article\",\"@id\":\"https:\/\/jornalfatosenoticias.com.br\/index.php\/2020\/09\/28\/encontrado-par-de-estrelas-massivas-envolto-por-vapor-de-agua-salgada\/#article\",\"isPartOf\":{\"@id\":\"https:\/\/jornalfatosenoticias.com.br\/index.php\/2020\/09\/28\/encontrado-par-de-estrelas-massivas-envolto-por-vapor-de-agua-salgada\/\"},\"author\":{\"name\":\"Luzimara Fernandes\",\"@id\":\"https:\/\/jornalfatosenoticias.com.br\/#\/schema\/person\/d63837fa13ac8666eb9e74e0985d6f81\"},\"headline\":\"Encontrado par de estrelas massivas envolto por vapor de \u00e1gua salgada\",\"datePublished\":\"2020-09-28T12:54:15+00:00\",\"dateModified\":\"2020-09-28T12:54:21+00:00\",\"mainEntityOfPage\":{\"@id\":\"https:\/\/jornalfatosenoticias.com.br\/index.php\/2020\/09\/28\/encontrado-par-de-estrelas-massivas-envolto-por-vapor-de-agua-salgada\/\"},\"wordCount\":557,\"commentCount\":0,\"publisher\":{\"@id\":\"https:\/\/jornalfatosenoticias.com.br\/#organization\"},\"image\":{\"@id\":\"https:\/\/jornalfatosenoticias.com.br\/index.php\/2020\/09\/28\/encontrado-par-de-estrelas-massivas-envolto-por-vapor-de-agua-salgada\/#primaryimage\"},\"thumbnailUrl\":\"https:\/\/jornalfatosenoticias.com.br\/wp-content\/uploads\/2020\/09\/ESTRELAS-VAPOR-DE-AGUA-SALGADA_tanaka_iras16547_illustration-scaled-1.jpg\",\"keywords\":[\"constela\u00e7\u00e3o de Escorpi\u00e3o\",\"estrelas\",\"estrelas gigantes\",\"estrelas massivas\",\"sistema solar\",\"Sol\"],\"articleSection\":[\"Ci\u00eancia\"],\"inLanguage\":\"pt-BR\",\"potentialAction\":[{\"@type\":\"CommentAction\",\"name\":\"Comment\",\"target\":[\"https:\/\/jornalfatosenoticias.com.br\/index.php\/2020\/09\/28\/encontrado-par-de-estrelas-massivas-envolto-por-vapor-de-agua-salgada\/#respond\"]}]},{\"@type\":\"WebPage\",\"@id\":\"https:\/\/jornalfatosenoticias.com.br\/index.php\/2020\/09\/28\/encontrado-par-de-estrelas-massivas-envolto-por-vapor-de-agua-salgada\/\",\"url\":\"https:\/\/jornalfatosenoticias.com.br\/index.php\/2020\/09\/28\/encontrado-par-de-estrelas-massivas-envolto-por-vapor-de-agua-salgada\/\",\"name\":\"Encontrado par de estrelas massivas envolto por vapor de \u00e1gua salgada - Jornal Fatos e Not\u00edcias\",\"isPartOf\":{\"@id\":\"https:\/\/jornalfatosenoticias.com.br\/#website\"},\"primaryImageOfPage\":{\"@id\":\"https:\/\/jornalfatosenoticias.com.br\/index.php\/2020\/09\/28\/encontrado-par-de-estrelas-massivas-envolto-por-vapor-de-agua-salgada\/#primaryimage\"},\"image\":{\"@id\":\"https:\/\/jornalfatosenoticias.com.br\/index.php\/2020\/09\/28\/encontrado-par-de-estrelas-massivas-envolto-por-vapor-de-agua-salgada\/#primaryimage\"},\"thumbnailUrl\":\"https:\/\/jornalfatosenoticias.com.br\/wp-content\/uploads\/2020\/09\/ESTRELAS-VAPOR-DE-AGUA-SALGADA_tanaka_iras16547_illustration-scaled-1.jpg\",\"datePublished\":\"2020-09-28T12:54:15+00:00\",\"dateModified\":\"2020-09-28T12:54:21+00:00\",\"breadcrumb\":{\"@id\":\"https:\/\/jornalfatosenoticias.com.br\/index.php\/2020\/09\/28\/encontrado-par-de-estrelas-massivas-envolto-por-vapor-de-agua-salgada\/#breadcrumb\"},\"inLanguage\":\"pt-BR\",\"potentialAction\":[{\"@type\":\"ReadAction\",\"target\":[\"https:\/\/jornalfatosenoticias.com.br\/index.php\/2020\/09\/28\/encontrado-par-de-estrelas-massivas-envolto-por-vapor-de-agua-salgada\/\"]}]},{\"@type\":\"ImageObject\",\"inLanguage\":\"pt-BR\",\"@id\":\"https:\/\/jornalfatosenoticias.com.br\/index.php\/2020\/09\/28\/encontrado-par-de-estrelas-massivas-envolto-por-vapor-de-agua-salgada\/#primaryimage\",\"url\":\"https:\/\/jornalfatosenoticias.com.br\/wp-content\/uploads\/2020\/09\/ESTRELAS-VAPOR-DE-AGUA-SALGADA_tanaka_iras16547_illustration-scaled-1.jpg\",\"contentUrl\":\"https:\/\/jornalfatosenoticias.com.br\/wp-content\/uploads\/2020\/09\/ESTRELAS-VAPOR-DE-AGUA-SALGADA_tanaka_iras16547_illustration-scaled-1.jpg\",\"width\":1000,\"height\":1119},{\"@type\":\"BreadcrumbList\",\"@id\":\"https:\/\/jornalfatosenoticias.com.br\/index.php\/2020\/09\/28\/encontrado-par-de-estrelas-massivas-envolto-por-vapor-de-agua-salgada\/#breadcrumb\",\"itemListElement\":[{\"@type\":\"ListItem\",\"position\":1,\"name\":\"In\u00edcio\",\"item\":\"https:\/\/jornalfatosenoticias.com.br\/\"},{\"@type\":\"ListItem\",\"position\":2,\"name\":\"Encontrado par de estrelas massivas envolto por vapor de \u00e1gua salgada\"}]},{\"@type\":\"WebSite\",\"@id\":\"https:\/\/jornalfatosenoticias.com.br\/#website\",\"url\":\"https:\/\/jornalfatosenoticias.com.br\/\",\"name\":\"Jornal Fatos e Not\u00edcias\",\"description\":\"Not\u00edcias em geral\",\"publisher\":{\"@id\":\"https:\/\/jornalfatosenoticias.com.br\/#organization\"},\"potentialAction\":[{\"@type\":\"SearchAction\",\"target\":{\"@type\":\"EntryPoint\",\"urlTemplate\":\"https:\/\/jornalfatosenoticias.com.br\/?s={search_term_string}\"},\"query-input\":{\"@type\":\"PropertyValueSpecification\",\"valueRequired\":true,\"valueName\":\"search_term_string\"}}],\"inLanguage\":\"pt-BR\"},{\"@type\":\"Organization\",\"@id\":\"https:\/\/jornalfatosenoticias.com.br\/#organization\",\"name\":\"Jornal Fatos e Not\u00edcias\",\"url\":\"https:\/\/jornalfatosenoticias.com.br\/\",\"logo\":{\"@type\":\"ImageObject\",\"inLanguage\":\"pt-BR\",\"@id\":\"https:\/\/jornalfatosenoticias.com.br\/#\/schema\/logo\/image\/\",\"url\":\"https:\/\/jornalfatosenoticias.com.br\/wp-content\/uploads\/2020\/02\/logo120.png\",\"contentUrl\":\"https:\/\/jornalfatosenoticias.com.br\/wp-content\/uploads\/2020\/02\/logo120.png\",\"width\":1227,\"height\":120,\"caption\":\"Jornal Fatos e Not\u00edcias\"},\"image\":{\"@id\":\"https:\/\/jornalfatosenoticias.com.br\/#\/schema\/logo\/image\/\"}},{\"@type\":\"Person\",\"@id\":\"https:\/\/jornalfatosenoticias.com.br\/#\/schema\/person\/d63837fa13ac8666eb9e74e0985d6f81\",\"name\":\"Luzimara Fernandes\",\"image\":{\"@type\":\"ImageObject\",\"inLanguage\":\"pt-BR\",\"@id\":\"https:\/\/jornalfatosenoticias.com.br\/#\/schema\/person\/image\/\",\"url\":\"https:\/\/jornalfatosenoticias.com.br\/wp-content\/uploads\/2025\/05\/EU_portal.jpg\",\"contentUrl\":\"https:\/\/jornalfatosenoticias.com.br\/wp-content\/uploads\/2025\/05\/EU_portal.jpg\",\"caption\":\"Luzimara Fernandes\"},\"description\":\"Jornalista MTB 2358-ES\",\"sameAs\":[\"https:\/\/jornalfatosenoticias.com.br\"],\"url\":\"https:\/\/jornalfatosenoticias.com.br\/index.php\/author\/luzimara\/\"}]}<\/script>\n<!-- \/ Yoast SEO plugin. -->","yoast_head_json":{"title":"Encontrado par de estrelas massivas envolto por vapor de \u00e1gua salgada - Jornal Fatos e Not\u00edcias","robots":{"index":"index","follow":"follow","max-snippet":"max-snippet:-1","max-image-preview":"max-image-preview:large","max-video-preview":"max-video-preview:-1"},"canonical":"https:\/\/jornalfatosenoticias.com.br\/index.php\/2020\/09\/28\/encontrado-par-de-estrelas-massivas-envolto-por-vapor-de-agua-salgada\/","og_locale":"pt_BR","og_type":"article","og_title":"Encontrado par de estrelas massivas envolto por vapor de \u00e1gua salgada - Jornal Fatos e Not\u00edcias","og_description":"Astr\u00f4nomos identificaram mol\u00e9culas de cloreto de s\u00f3dio e \u00e1gua aquecida no disco de forma\u00e7\u00e3o das estrelas IRAS 16547-4247, localizadas a 9,5 mil anos-luz da Terra Usando o radiotelesc\u00f3pio Atacama Large Millimeter\/submillimeter Array (Alma), uma equipe internacional de astr\u00f4nomos avistou um par de jovens estrelas massivas circundado por um disco gasoso que inclui mol\u00e9culas de cloreto [&hellip;]","og_url":"https:\/\/jornalfatosenoticias.com.br\/index.php\/2020\/09\/28\/encontrado-par-de-estrelas-massivas-envolto-por-vapor-de-agua-salgada\/","og_site_name":"Jornal Fatos e Not\u00edcias","article_published_time":"2020-09-28T12:54:15+00:00","article_modified_time":"2020-09-28T12:54:21+00:00","og_image":[{"width":1000,"height":1119,"url":"https:\/\/jornalfatosenoticias.com.br\/wp-content\/uploads\/2020\/09\/ESTRELAS-VAPOR-DE-AGUA-SALGADA_tanaka_iras16547_illustration-scaled-1.jpg","type":"image\/jpeg"}],"author":"Luzimara Fernandes","twitter_card":"summary_large_image","twitter_misc":{"Escrito por":"Luzimara Fernandes","Est. tempo de leitura":"3 minutos"},"schema":{"@context":"https:\/\/schema.org","@graph":[{"@type":"Article","@id":"https:\/\/jornalfatosenoticias.com.br\/index.php\/2020\/09\/28\/encontrado-par-de-estrelas-massivas-envolto-por-vapor-de-agua-salgada\/#article","isPartOf":{"@id":"https:\/\/jornalfatosenoticias.com.br\/index.php\/2020\/09\/28\/encontrado-par-de-estrelas-massivas-envolto-por-vapor-de-agua-salgada\/"},"author":{"name":"Luzimara Fernandes","@id":"https:\/\/jornalfatosenoticias.com.br\/#\/schema\/person\/d63837fa13ac8666eb9e74e0985d6f81"},"headline":"Encontrado par de estrelas massivas envolto por vapor de \u00e1gua salgada","datePublished":"2020-09-28T12:54:15+00:00","dateModified":"2020-09-28T12:54:21+00:00","mainEntityOfPage":{"@id":"https:\/\/jornalfatosenoticias.com.br\/index.php\/2020\/09\/28\/encontrado-par-de-estrelas-massivas-envolto-por-vapor-de-agua-salgada\/"},"wordCount":557,"commentCount":0,"publisher":{"@id":"https:\/\/jornalfatosenoticias.com.br\/#organization"},"image":{"@id":"https:\/\/jornalfatosenoticias.com.br\/index.php\/2020\/09\/28\/encontrado-par-de-estrelas-massivas-envolto-por-vapor-de-agua-salgada\/#primaryimage"},"thumbnailUrl":"https:\/\/jornalfatosenoticias.com.br\/wp-content\/uploads\/2020\/09\/ESTRELAS-VAPOR-DE-AGUA-SALGADA_tanaka_iras16547_illustration-scaled-1.jpg","keywords":["constela\u00e7\u00e3o de Escorpi\u00e3o","estrelas","estrelas gigantes","estrelas massivas","sistema solar","Sol"],"articleSection":["Ci\u00eancia"],"inLanguage":"pt-BR","potentialAction":[{"@type":"CommentAction","name":"Comment","target":["https:\/\/jornalfatosenoticias.com.br\/index.php\/2020\/09\/28\/encontrado-par-de-estrelas-massivas-envolto-por-vapor-de-agua-salgada\/#respond"]}]},{"@type":"WebPage","@id":"https:\/\/jornalfatosenoticias.com.br\/index.php\/2020\/09\/28\/encontrado-par-de-estrelas-massivas-envolto-por-vapor-de-agua-salgada\/","url":"https:\/\/jornalfatosenoticias.com.br\/index.php\/2020\/09\/28\/encontrado-par-de-estrelas-massivas-envolto-por-vapor-de-agua-salgada\/","name":"Encontrado par de estrelas massivas envolto por vapor de \u00e1gua salgada - Jornal Fatos e Not\u00edcias","isPartOf":{"@id":"https:\/\/jornalfatosenoticias.com.br\/#website"},"primaryImageOfPage":{"@id":"https:\/\/jornalfatosenoticias.com.br\/index.php\/2020\/09\/28\/encontrado-par-de-estrelas-massivas-envolto-por-vapor-de-agua-salgada\/#primaryimage"},"image":{"@id":"https:\/\/jornalfatosenoticias.com.br\/index.php\/2020\/09\/28\/encontrado-par-de-estrelas-massivas-envolto-por-vapor-de-agua-salgada\/#primaryimage"},"thumbnailUrl":"https:\/\/jornalfatosenoticias.com.br\/wp-content\/uploads\/2020\/09\/ESTRELAS-VAPOR-DE-AGUA-SALGADA_tanaka_iras16547_illustration-scaled-1.jpg","datePublished":"2020-09-28T12:54:15+00:00","dateModified":"2020-09-28T12:54:21+00:00","breadcrumb":{"@id":"https:\/\/jornalfatosenoticias.com.br\/index.php\/2020\/09\/28\/encontrado-par-de-estrelas-massivas-envolto-por-vapor-de-agua-salgada\/#breadcrumb"},"inLanguage":"pt-BR","potentialAction":[{"@type":"ReadAction","target":["https:\/\/jornalfatosenoticias.com.br\/index.php\/2020\/09\/28\/encontrado-par-de-estrelas-massivas-envolto-por-vapor-de-agua-salgada\/"]}]},{"@type":"ImageObject","inLanguage":"pt-BR","@id":"https:\/\/jornalfatosenoticias.com.br\/index.php\/2020\/09\/28\/encontrado-par-de-estrelas-massivas-envolto-por-vapor-de-agua-salgada\/#primaryimage","url":"https:\/\/jornalfatosenoticias.com.br\/wp-content\/uploads\/2020\/09\/ESTRELAS-VAPOR-DE-AGUA-SALGADA_tanaka_iras16547_illustration-scaled-1.jpg","contentUrl":"https:\/\/jornalfatosenoticias.com.br\/wp-content\/uploads\/2020\/09\/ESTRELAS-VAPOR-DE-AGUA-SALGADA_tanaka_iras16547_illustration-scaled-1.jpg","width":1000,"height":1119},{"@type":"BreadcrumbList","@id":"https:\/\/jornalfatosenoticias.com.br\/index.php\/2020\/09\/28\/encontrado-par-de-estrelas-massivas-envolto-por-vapor-de-agua-salgada\/#breadcrumb","itemListElement":[{"@type":"ListItem","position":1,"name":"In\u00edcio","item":"https:\/\/jornalfatosenoticias.com.br\/"},{"@type":"ListItem","position":2,"name":"Encontrado par de estrelas massivas envolto por vapor de \u00e1gua salgada"}]},{"@type":"WebSite","@id":"https:\/\/jornalfatosenoticias.com.br\/#website","url":"https:\/\/jornalfatosenoticias.com.br\/","name":"Jornal Fatos e Not\u00edcias","description":"Not\u00edcias em geral","publisher":{"@id":"https:\/\/jornalfatosenoticias.com.br\/#organization"},"potentialAction":[{"@type":"SearchAction","target":{"@type":"EntryPoint","urlTemplate":"https:\/\/jornalfatosenoticias.com.br\/?s={search_term_string}"},"query-input":{"@type":"PropertyValueSpecification","valueRequired":true,"valueName":"search_term_string"}}],"inLanguage":"pt-BR"},{"@type":"Organization","@id":"https:\/\/jornalfatosenoticias.com.br\/#organization","name":"Jornal Fatos e Not\u00edcias","url":"https:\/\/jornalfatosenoticias.com.br\/","logo":{"@type":"ImageObject","inLanguage":"pt-BR","@id":"https:\/\/jornalfatosenoticias.com.br\/#\/schema\/logo\/image\/","url":"https:\/\/jornalfatosenoticias.com.br\/wp-content\/uploads\/2020\/02\/logo120.png","contentUrl":"https:\/\/jornalfatosenoticias.com.br\/wp-content\/uploads\/2020\/02\/logo120.png","width":1227,"height":120,"caption":"Jornal Fatos e Not\u00edcias"},"image":{"@id":"https:\/\/jornalfatosenoticias.com.br\/#\/schema\/logo\/image\/"}},{"@type":"Person","@id":"https:\/\/jornalfatosenoticias.com.br\/#\/schema\/person\/d63837fa13ac8666eb9e74e0985d6f81","name":"Luzimara Fernandes","image":{"@type":"ImageObject","inLanguage":"pt-BR","@id":"https:\/\/jornalfatosenoticias.com.br\/#\/schema\/person\/image\/","url":"https:\/\/jornalfatosenoticias.com.br\/wp-content\/uploads\/2025\/05\/EU_portal.jpg","contentUrl":"https:\/\/jornalfatosenoticias.com.br\/wp-content\/uploads\/2025\/05\/EU_portal.jpg","caption":"Luzimara Fernandes"},"description":"Jornalista MTB 2358-ES","sameAs":["https:\/\/jornalfatosenoticias.com.br"],"url":"https:\/\/jornalfatosenoticias.com.br\/index.php\/author\/luzimara\/"}]}},"cc_featured_image_caption":{"caption_text":"(Foto: Alma (ESO\/NAOJ\/NRAO))","source_text":"","source_url":""},"jetpack_featured_media_url":"https:\/\/jornalfatosenoticias.com.br\/wp-content\/uploads\/2020\/09\/ESTRELAS-VAPOR-DE-AGUA-SALGADA_tanaka_iras16547_illustration-scaled-1.jpg","_links":{"self":[{"href":"https:\/\/jornalfatosenoticias.com.br\/index.php\/wp-json\/wp\/v2\/posts\/9358","targetHints":{"allow":["GET"]}}],"collection":[{"href":"https:\/\/jornalfatosenoticias.com.br\/index.php\/wp-json\/wp\/v2\/posts"}],"about":[{"href":"https:\/\/jornalfatosenoticias.com.br\/index.php\/wp-json\/wp\/v2\/types\/post"}],"author":[{"embeddable":true,"href":"https:\/\/jornalfatosenoticias.com.br\/index.php\/wp-json\/wp\/v2\/users\/2"}],"replies":[{"embeddable":true,"href":"https:\/\/jornalfatosenoticias.com.br\/index.php\/wp-json\/wp\/v2\/comments?post=9358"}],"version-history":[{"count":0,"href":"https:\/\/jornalfatosenoticias.com.br\/index.php\/wp-json\/wp\/v2\/posts\/9358\/revisions"}],"wp:featuredmedia":[{"embeddable":true,"href":"https:\/\/jornalfatosenoticias.com.br\/index.php\/wp-json\/wp\/v2\/media\/9360"}],"wp:attachment":[{"href":"https:\/\/jornalfatosenoticias.com.br\/index.php\/wp-json\/wp\/v2\/media?parent=9358"}],"wp:term":[{"taxonomy":"category","embeddable":true,"href":"https:\/\/jornalfatosenoticias.com.br\/index.php\/wp-json\/wp\/v2\/categories?post=9358"},{"taxonomy":"post_tag","embeddable":true,"href":"https:\/\/jornalfatosenoticias.com.br\/index.php\/wp-json\/wp\/v2\/tags?post=9358"}],"curies":[{"name":"wp","href":"https:\/\/api.w.org\/{rel}","templated":true}]}}