{"id":9397,"date":"2020-09-28T11:40:39","date_gmt":"2020-09-28T14:40:39","guid":{"rendered":"https:\/\/jornalfatosenoticias.com.br\/?p=9397"},"modified":"2020-09-28T11:40:43","modified_gmt":"2020-09-28T14:40:43","slug":"aviao-de-passageiros-movido-a-hidrogenio-conclui-voo-inaugural","status":"publish","type":"post","link":"https:\/\/jornalfatosenoticias.com.br\/index.php\/2020\/09\/28\/aviao-de-passageiros-movido-a-hidrogenio-conclui-voo-inaugural\/","title":{"rendered":"Avi\u00e3o de passageiros movido a hidrog\u00eanio conclui voo inaugural"},"content":{"rendered":"\n<h6 class=\"wp-block-heading\"><em>Aeronave de seis lugares realizou viagem na Inglaterra; pr\u00f3ximo passo \u00e9 completar um trajeto de pelo menos 460 quil\u00f4metros<\/em><\/h6>\n\n\n\n<p>Na \u00faltima quinta-feira (24), um avi\u00e3o de passageiros movido a hidrog\u00eanio completou seu voo inaugural com sucesso \u2014 modelo fez uma manobra na pista, decolou, completou um circuito e aterrissou. A aeronave Piper classe M da ZeroAvia foi adaptada com um dispositivo que combina hidrog\u00eanio e oxig\u00eanio para produzir eletricidade.<br>Segundo a ZeroAvia, o \u201cvoo de uma aeronave comercial movida a c\u00e9lula de combust\u00edvel de hidrog\u00eanio \u00e9 uma inova\u00e7\u00e3o mundial\u201d. No entanto, esse n\u00e3o \u00e9 o primeiro avi\u00e3o movido a hidrog\u00eanio a voar. Em 2016, um HY4, com capacidade para quatro pessoas, fez sua primeira viagem em Stuttgart, na Alemanha.<br>J\u00e1 o voo da \u00faltima semana foi realizado em um local de pesquisa e desenvolvimento da ZeroAvia, no aeroporto de Cranfield, na Inglaterra.<\/p>\n\n\n\n<blockquote class=\"wp-block-quote is-layout-flow wp-block-quote-is-layout-flow\"><p>\u201cEmbora algumas aeronaves experimentais tenham voado usando c\u00e9lulas de combust\u00edvel de energia, o tamanho desta aeronave mostra que passageiros pagantes podem embarcar em um voo de emiss\u00e3o verdadeiramente zero muito em breve\u201d, destacou Val Miftakhov, CEO da empresa.<\/p><\/blockquote>\n\n\n\n<h4 class=\"wp-block-heading\">Projeto HyFlyer<\/h4>\n\n\n\n<p>A ZeroVia lidera um programa chamado HyFlyer, com parceiros dos projetos Intelligent Energy e European Marine Energy Center (EMEC). Para o EMEC, o programa tem como objetivo \u201cdescarbonizar aeronaves de pequeno porte de m\u00e9dio alcance\u201d. Isso mostraria que a tecnologia pode substituir os motores convencionais em aeronaves a h\u00e9lice.<br>O pr\u00f3ximo passo do HyFlyer ser\u00e1 realizar um trajeto entre 460 e 555 quil\u00f4metros de dist\u00e2ncia. O avi\u00e3o vai decolar das Ilhas Orkney, um arquip\u00e9lago na costa norte da Esc\u00f3cia. A inten\u00e7\u00e3o \u00e9 que o teste, que contar\u00e1 com c\u00e9lulas de combust\u00edveis movidas unicamente por hidrog\u00eanio, aconte\u00e7a ainda em 2020.<\/p>\n\n\n\n<figure class=\"wp-block-image size-large\"><img loading=\"lazy\" decoding=\"async\" width=\"1000\" height=\"618\" src=\"https:\/\/jornalfatosenoticias.com.br\/wp-content\/uploads\/2020\/09\/aerotec.jpg\" alt=\"\" class=\"wp-image-9398\" srcset=\"https:\/\/jornalfatosenoticias.com.br\/wp-content\/uploads\/2020\/09\/aerotec.jpg 1000w, https:\/\/jornalfatosenoticias.com.br\/wp-content\/uploads\/2020\/09\/aerotec-300x185.jpg 300w, https:\/\/jornalfatosenoticias.com.br\/wp-content\/uploads\/2020\/09\/aerotec-768x475.jpg 768w\" sizes=\"auto, (max-width: 1000px) 100vw, 1000px\" \/><figcaption><em>Avi\u00f5es movidos a hidrog\u00eanio e eletricidade podem revolucionar a avia\u00e7\u00e3o de pequenos trajetos (Foto: Aerotec)<\/em><\/figcaption><\/figure>\n\n\n\n<h4 class=\"wp-block-heading\">Avi\u00f5es da Airbus movidos a hidrog\u00eanio<\/h4>\n\n\n\n<p>Esta n\u00e3o foi a \u00fanica novidade do setor na semana. Na \u00faltima segunda-feira (21), a Airbus apresentou tr\u00eas conceitos de aeronaves de passageiros movidas a hidrog\u00eanio. Elas s\u00e3o parte da iniciativa ZEROe, que visa construir a primeira aeronave comercial com impacto zero sobre nosso clima.<br>Segundo a empresa, os conceitos representam diferentes abordagens rumo a este objetivo, explorando v\u00e1rios caminhos tecnol\u00f3gicos e configura\u00e7\u00f5es aerodin\u00e2micas para ajudara empresa a &#8220;liderar o caminho para a descarboniza\u00e7\u00e3o da ind\u00fastria da avia\u00e7\u00e3o&#8221;.<\/p>\n\n\n\n<p><strong><em>Fonte: <a href=\"https:\/\/olhardigital.com.br\/noticia\/aviao-de-passageiros-movido-a-hidrogenio-conclui-voo-inaugural\/107761\">Olhar Digital<\/a><\/em><\/strong><\/p>\n","protected":false},"excerpt":{"rendered":"<p>Aeronave de seis lugares realizou viagem na Inglaterra; pr\u00f3ximo passo \u00e9 completar um trajeto de pelo menos 460 quil\u00f4metros Na \u00faltima quinta-feira (24), um avi\u00e3o de passageiros movido a hidrog\u00eanio completou seu voo inaugural com sucesso \u2014 modelo fez uma manobra na pista, decolou, completou um circuito e aterrissou. A aeronave Piper classe M da [&hellip;]<\/p>\n","protected":false},"author":2,"featured_media":9399,"comment_status":"open","ping_status":"open","sticky":false,"template":"","format":"standard","meta":{"footnotes":""},"categories":[3],"tags":[3048,2752,2430,5028,457],"class_list":["post-9397","post","type-post","status-publish","format-standard","has-post-thumbnail","hentry","category-tecnologia","tag-aviacao","tag-aviao","tag-emissao-de-carbono","tag-hidrogenio","tag-inglaterra"],"yoast_head":"<!-- This site is optimized with the Yoast SEO plugin v26.5 - https:\/\/yoast.com\/wordpress\/plugins\/seo\/ -->\n<title>Avi\u00e3o de passageiros movido a hidrog\u00eanio conclui voo inaugural - Jornal Fatos e Not\u00edcias<\/title>\n<meta name=\"robots\" content=\"index, follow, max-snippet:-1, max-image-preview:large, max-video-preview:-1\" \/>\n<link rel=\"canonical\" href=\"https:\/\/jornalfatosenoticias.com.br\/index.php\/2020\/09\/28\/aviao-de-passageiros-movido-a-hidrogenio-conclui-voo-inaugural\/\" \/>\n<meta property=\"og:locale\" content=\"pt_BR\" \/>\n<meta property=\"og:type\" content=\"article\" \/>\n<meta property=\"og:title\" content=\"Avi\u00e3o de passageiros movido a hidrog\u00eanio conclui voo inaugural - Jornal Fatos e Not\u00edcias\" \/>\n<meta property=\"og:description\" content=\"Aeronave de seis lugares realizou viagem na Inglaterra; pr\u00f3ximo passo \u00e9 completar um trajeto de pelo menos 460 quil\u00f4metros Na \u00faltima quinta-feira (24), um avi\u00e3o de passageiros movido a hidrog\u00eanio completou seu voo inaugural com sucesso \u2014 modelo fez uma manobra na pista, decolou, completou um circuito e aterrissou. A aeronave Piper classe M da [&hellip;]\" \/>\n<meta property=\"og:url\" content=\"https:\/\/jornalfatosenoticias.com.br\/index.php\/2020\/09\/28\/aviao-de-passageiros-movido-a-hidrogenio-conclui-voo-inaugural\/\" \/>\n<meta property=\"og:site_name\" content=\"Jornal Fatos e Not\u00edcias\" \/>\n<meta property=\"article:published_time\" content=\"2020-09-28T14:40:39+00:00\" \/>\n<meta property=\"article:modified_time\" content=\"2020-09-28T14:40:43+00:00\" \/>\n<meta property=\"og:image\" content=\"https:\/\/jornalfatosenoticias.com.br\/wp-content\/uploads\/2020\/09\/aviao_movido_a_hidrogenio.jpg\" \/>\n\t<meta property=\"og:image:width\" content=\"1000\" \/>\n\t<meta property=\"og:image:height\" content=\"495\" \/>\n\t<meta property=\"og:image:type\" content=\"image\/jpeg\" \/>\n<meta name=\"author\" content=\"Luzimara Fernandes\" \/>\n<meta name=\"twitter:card\" content=\"summary_large_image\" \/>\n<meta name=\"twitter:label1\" content=\"Escrito por\" \/>\n\t<meta name=\"twitter:data1\" content=\"Luzimara Fernandes\" \/>\n\t<meta name=\"twitter:label2\" content=\"Est. tempo de leitura\" \/>\n\t<meta name=\"twitter:data2\" content=\"2 minutos\" \/>\n<script type=\"application\/ld+json\" class=\"yoast-schema-graph\">{\"@context\":\"https:\/\/schema.org\",\"@graph\":[{\"@type\":\"Article\",\"@id\":\"https:\/\/jornalfatosenoticias.com.br\/index.php\/2020\/09\/28\/aviao-de-passageiros-movido-a-hidrogenio-conclui-voo-inaugural\/#article\",\"isPartOf\":{\"@id\":\"https:\/\/jornalfatosenoticias.com.br\/index.php\/2020\/09\/28\/aviao-de-passageiros-movido-a-hidrogenio-conclui-voo-inaugural\/\"},\"author\":{\"name\":\"Luzimara Fernandes\",\"@id\":\"https:\/\/jornalfatosenoticias.com.br\/#\/schema\/person\/d63837fa13ac8666eb9e74e0985d6f81\"},\"headline\":\"Avi\u00e3o de passageiros movido a hidrog\u00eanio conclui voo inaugural\",\"datePublished\":\"2020-09-28T14:40:39+00:00\",\"dateModified\":\"2020-09-28T14:40:43+00:00\",\"mainEntityOfPage\":{\"@id\":\"https:\/\/jornalfatosenoticias.com.br\/index.php\/2020\/09\/28\/aviao-de-passageiros-movido-a-hidrogenio-conclui-voo-inaugural\/\"},\"wordCount\":427,\"commentCount\":0,\"publisher\":{\"@id\":\"https:\/\/jornalfatosenoticias.com.br\/#organization\"},\"image\":{\"@id\":\"https:\/\/jornalfatosenoticias.com.br\/index.php\/2020\/09\/28\/aviao-de-passageiros-movido-a-hidrogenio-conclui-voo-inaugural\/#primaryimage\"},\"thumbnailUrl\":\"https:\/\/jornalfatosenoticias.com.br\/wp-content\/uploads\/2020\/09\/aviao_movido_a_hidrogenio.jpg\",\"keywords\":[\"avia\u00e7\u00e3o\",\"avi\u00e3o\",\"emiss\u00e3o de carbono\",\"hidrog\u00eanio\",\"Inglaterra\"],\"articleSection\":[\"Tecnologia &amp; Inova\u00e7\u00e3o\"],\"inLanguage\":\"pt-BR\",\"potentialAction\":[{\"@type\":\"CommentAction\",\"name\":\"Comment\",\"target\":[\"https:\/\/jornalfatosenoticias.com.br\/index.php\/2020\/09\/28\/aviao-de-passageiros-movido-a-hidrogenio-conclui-voo-inaugural\/#respond\"]}]},{\"@type\":\"WebPage\",\"@id\":\"https:\/\/jornalfatosenoticias.com.br\/index.php\/2020\/09\/28\/aviao-de-passageiros-movido-a-hidrogenio-conclui-voo-inaugural\/\",\"url\":\"https:\/\/jornalfatosenoticias.com.br\/index.php\/2020\/09\/28\/aviao-de-passageiros-movido-a-hidrogenio-conclui-voo-inaugural\/\",\"name\":\"Avi\u00e3o de passageiros movido a hidrog\u00eanio conclui voo inaugural - Jornal Fatos e Not\u00edcias\",\"isPartOf\":{\"@id\":\"https:\/\/jornalfatosenoticias.com.br\/#website\"},\"primaryImageOfPage\":{\"@id\":\"https:\/\/jornalfatosenoticias.com.br\/index.php\/2020\/09\/28\/aviao-de-passageiros-movido-a-hidrogenio-conclui-voo-inaugural\/#primaryimage\"},\"image\":{\"@id\":\"https:\/\/jornalfatosenoticias.com.br\/index.php\/2020\/09\/28\/aviao-de-passageiros-movido-a-hidrogenio-conclui-voo-inaugural\/#primaryimage\"},\"thumbnailUrl\":\"https:\/\/jornalfatosenoticias.com.br\/wp-content\/uploads\/2020\/09\/aviao_movido_a_hidrogenio.jpg\",\"datePublished\":\"2020-09-28T14:40:39+00:00\",\"dateModified\":\"2020-09-28T14:40:43+00:00\",\"breadcrumb\":{\"@id\":\"https:\/\/jornalfatosenoticias.com.br\/index.php\/2020\/09\/28\/aviao-de-passageiros-movido-a-hidrogenio-conclui-voo-inaugural\/#breadcrumb\"},\"inLanguage\":\"pt-BR\",\"potentialAction\":[{\"@type\":\"ReadAction\",\"target\":[\"https:\/\/jornalfatosenoticias.com.br\/index.php\/2020\/09\/28\/aviao-de-passageiros-movido-a-hidrogenio-conclui-voo-inaugural\/\"]}]},{\"@type\":\"ImageObject\",\"inLanguage\":\"pt-BR\",\"@id\":\"https:\/\/jornalfatosenoticias.com.br\/index.php\/2020\/09\/28\/aviao-de-passageiros-movido-a-hidrogenio-conclui-voo-inaugural\/#primaryimage\",\"url\":\"https:\/\/jornalfatosenoticias.com.br\/wp-content\/uploads\/2020\/09\/aviao_movido_a_hidrogenio.jpg\",\"contentUrl\":\"https:\/\/jornalfatosenoticias.com.br\/wp-content\/uploads\/2020\/09\/aviao_movido_a_hidrogenio.jpg\",\"width\":1000,\"height\":495},{\"@type\":\"BreadcrumbList\",\"@id\":\"https:\/\/jornalfatosenoticias.com.br\/index.php\/2020\/09\/28\/aviao-de-passageiros-movido-a-hidrogenio-conclui-voo-inaugural\/#breadcrumb\",\"itemListElement\":[{\"@type\":\"ListItem\",\"position\":1,\"name\":\"In\u00edcio\",\"item\":\"https:\/\/jornalfatosenoticias.com.br\/\"},{\"@type\":\"ListItem\",\"position\":2,\"name\":\"Avi\u00e3o de passageiros movido a hidrog\u00eanio conclui voo inaugural\"}]},{\"@type\":\"WebSite\",\"@id\":\"https:\/\/jornalfatosenoticias.com.br\/#website\",\"url\":\"https:\/\/jornalfatosenoticias.com.br\/\",\"name\":\"Jornal Fatos e Not\u00edcias\",\"description\":\"Not\u00edcias em geral\",\"publisher\":{\"@id\":\"https:\/\/jornalfatosenoticias.com.br\/#organization\"},\"potentialAction\":[{\"@type\":\"SearchAction\",\"target\":{\"@type\":\"EntryPoint\",\"urlTemplate\":\"https:\/\/jornalfatosenoticias.com.br\/?s={search_term_string}\"},\"query-input\":{\"@type\":\"PropertyValueSpecification\",\"valueRequired\":true,\"valueName\":\"search_term_string\"}}],\"inLanguage\":\"pt-BR\"},{\"@type\":\"Organization\",\"@id\":\"https:\/\/jornalfatosenoticias.com.br\/#organization\",\"name\":\"Jornal Fatos e Not\u00edcias\",\"url\":\"https:\/\/jornalfatosenoticias.com.br\/\",\"logo\":{\"@type\":\"ImageObject\",\"inLanguage\":\"pt-BR\",\"@id\":\"https:\/\/jornalfatosenoticias.com.br\/#\/schema\/logo\/image\/\",\"url\":\"https:\/\/jornalfatosenoticias.com.br\/wp-content\/uploads\/2020\/02\/logo120.png\",\"contentUrl\":\"https:\/\/jornalfatosenoticias.com.br\/wp-content\/uploads\/2020\/02\/logo120.png\",\"width\":1227,\"height\":120,\"caption\":\"Jornal Fatos e Not\u00edcias\"},\"image\":{\"@id\":\"https:\/\/jornalfatosenoticias.com.br\/#\/schema\/logo\/image\/\"}},{\"@type\":\"Person\",\"@id\":\"https:\/\/jornalfatosenoticias.com.br\/#\/schema\/person\/d63837fa13ac8666eb9e74e0985d6f81\",\"name\":\"Luzimara Fernandes\",\"image\":{\"@type\":\"ImageObject\",\"inLanguage\":\"pt-BR\",\"@id\":\"https:\/\/jornalfatosenoticias.com.br\/#\/schema\/person\/image\/\",\"url\":\"https:\/\/jornalfatosenoticias.com.br\/wp-content\/uploads\/2025\/05\/EU_portal.jpg\",\"contentUrl\":\"https:\/\/jornalfatosenoticias.com.br\/wp-content\/uploads\/2025\/05\/EU_portal.jpg\",\"caption\":\"Luzimara Fernandes\"},\"description\":\"Jornalista MTB 2358-ES\",\"sameAs\":[\"https:\/\/jornalfatosenoticias.com.br\"],\"url\":\"https:\/\/jornalfatosenoticias.com.br\/index.php\/author\/luzimara\/\"}]}<\/script>\n<!-- \/ Yoast SEO plugin. -->","yoast_head_json":{"title":"Avi\u00e3o de passageiros movido a hidrog\u00eanio conclui voo inaugural - Jornal Fatos e Not\u00edcias","robots":{"index":"index","follow":"follow","max-snippet":"max-snippet:-1","max-image-preview":"max-image-preview:large","max-video-preview":"max-video-preview:-1"},"canonical":"https:\/\/jornalfatosenoticias.com.br\/index.php\/2020\/09\/28\/aviao-de-passageiros-movido-a-hidrogenio-conclui-voo-inaugural\/","og_locale":"pt_BR","og_type":"article","og_title":"Avi\u00e3o de passageiros movido a hidrog\u00eanio conclui voo inaugural - Jornal Fatos e Not\u00edcias","og_description":"Aeronave de seis lugares realizou viagem na Inglaterra; pr\u00f3ximo passo \u00e9 completar um trajeto de pelo menos 460 quil\u00f4metros Na \u00faltima quinta-feira (24), um avi\u00e3o de passageiros movido a hidrog\u00eanio completou seu voo inaugural com sucesso \u2014 modelo fez uma manobra na pista, decolou, completou um circuito e aterrissou. A aeronave Piper classe M da [&hellip;]","og_url":"https:\/\/jornalfatosenoticias.com.br\/index.php\/2020\/09\/28\/aviao-de-passageiros-movido-a-hidrogenio-conclui-voo-inaugural\/","og_site_name":"Jornal Fatos e Not\u00edcias","article_published_time":"2020-09-28T14:40:39+00:00","article_modified_time":"2020-09-28T14:40:43+00:00","og_image":[{"width":1000,"height":495,"url":"https:\/\/jornalfatosenoticias.com.br\/wp-content\/uploads\/2020\/09\/aviao_movido_a_hidrogenio.jpg","type":"image\/jpeg"}],"author":"Luzimara Fernandes","twitter_card":"summary_large_image","twitter_misc":{"Escrito por":"Luzimara Fernandes","Est. tempo de leitura":"2 minutos"},"schema":{"@context":"https:\/\/schema.org","@graph":[{"@type":"Article","@id":"https:\/\/jornalfatosenoticias.com.br\/index.php\/2020\/09\/28\/aviao-de-passageiros-movido-a-hidrogenio-conclui-voo-inaugural\/#article","isPartOf":{"@id":"https:\/\/jornalfatosenoticias.com.br\/index.php\/2020\/09\/28\/aviao-de-passageiros-movido-a-hidrogenio-conclui-voo-inaugural\/"},"author":{"name":"Luzimara Fernandes","@id":"https:\/\/jornalfatosenoticias.com.br\/#\/schema\/person\/d63837fa13ac8666eb9e74e0985d6f81"},"headline":"Avi\u00e3o de passageiros movido a hidrog\u00eanio conclui voo inaugural","datePublished":"2020-09-28T14:40:39+00:00","dateModified":"2020-09-28T14:40:43+00:00","mainEntityOfPage":{"@id":"https:\/\/jornalfatosenoticias.com.br\/index.php\/2020\/09\/28\/aviao-de-passageiros-movido-a-hidrogenio-conclui-voo-inaugural\/"},"wordCount":427,"commentCount":0,"publisher":{"@id":"https:\/\/jornalfatosenoticias.com.br\/#organization"},"image":{"@id":"https:\/\/jornalfatosenoticias.com.br\/index.php\/2020\/09\/28\/aviao-de-passageiros-movido-a-hidrogenio-conclui-voo-inaugural\/#primaryimage"},"thumbnailUrl":"https:\/\/jornalfatosenoticias.com.br\/wp-content\/uploads\/2020\/09\/aviao_movido_a_hidrogenio.jpg","keywords":["avia\u00e7\u00e3o","avi\u00e3o","emiss\u00e3o de carbono","hidrog\u00eanio","Inglaterra"],"articleSection":["Tecnologia &amp; Inova\u00e7\u00e3o"],"inLanguage":"pt-BR","potentialAction":[{"@type":"CommentAction","name":"Comment","target":["https:\/\/jornalfatosenoticias.com.br\/index.php\/2020\/09\/28\/aviao-de-passageiros-movido-a-hidrogenio-conclui-voo-inaugural\/#respond"]}]},{"@type":"WebPage","@id":"https:\/\/jornalfatosenoticias.com.br\/index.php\/2020\/09\/28\/aviao-de-passageiros-movido-a-hidrogenio-conclui-voo-inaugural\/","url":"https:\/\/jornalfatosenoticias.com.br\/index.php\/2020\/09\/28\/aviao-de-passageiros-movido-a-hidrogenio-conclui-voo-inaugural\/","name":"Avi\u00e3o de passageiros movido a hidrog\u00eanio conclui voo inaugural - Jornal Fatos e Not\u00edcias","isPartOf":{"@id":"https:\/\/jornalfatosenoticias.com.br\/#website"},"primaryImageOfPage":{"@id":"https:\/\/jornalfatosenoticias.com.br\/index.php\/2020\/09\/28\/aviao-de-passageiros-movido-a-hidrogenio-conclui-voo-inaugural\/#primaryimage"},"image":{"@id":"https:\/\/jornalfatosenoticias.com.br\/index.php\/2020\/09\/28\/aviao-de-passageiros-movido-a-hidrogenio-conclui-voo-inaugural\/#primaryimage"},"thumbnailUrl":"https:\/\/jornalfatosenoticias.com.br\/wp-content\/uploads\/2020\/09\/aviao_movido_a_hidrogenio.jpg","datePublished":"2020-09-28T14:40:39+00:00","dateModified":"2020-09-28T14:40:43+00:00","breadcrumb":{"@id":"https:\/\/jornalfatosenoticias.com.br\/index.php\/2020\/09\/28\/aviao-de-passageiros-movido-a-hidrogenio-conclui-voo-inaugural\/#breadcrumb"},"inLanguage":"pt-BR","potentialAction":[{"@type":"ReadAction","target":["https:\/\/jornalfatosenoticias.com.br\/index.php\/2020\/09\/28\/aviao-de-passageiros-movido-a-hidrogenio-conclui-voo-inaugural\/"]}]},{"@type":"ImageObject","inLanguage":"pt-BR","@id":"https:\/\/jornalfatosenoticias.com.br\/index.php\/2020\/09\/28\/aviao-de-passageiros-movido-a-hidrogenio-conclui-voo-inaugural\/#primaryimage","url":"https:\/\/jornalfatosenoticias.com.br\/wp-content\/uploads\/2020\/09\/aviao_movido_a_hidrogenio.jpg","contentUrl":"https:\/\/jornalfatosenoticias.com.br\/wp-content\/uploads\/2020\/09\/aviao_movido_a_hidrogenio.jpg","width":1000,"height":495},{"@type":"BreadcrumbList","@id":"https:\/\/jornalfatosenoticias.com.br\/index.php\/2020\/09\/28\/aviao-de-passageiros-movido-a-hidrogenio-conclui-voo-inaugural\/#breadcrumb","itemListElement":[{"@type":"ListItem","position":1,"name":"In\u00edcio","item":"https:\/\/jornalfatosenoticias.com.br\/"},{"@type":"ListItem","position":2,"name":"Avi\u00e3o de passageiros movido a hidrog\u00eanio conclui voo inaugural"}]},{"@type":"WebSite","@id":"https:\/\/jornalfatosenoticias.com.br\/#website","url":"https:\/\/jornalfatosenoticias.com.br\/","name":"Jornal Fatos e Not\u00edcias","description":"Not\u00edcias em geral","publisher":{"@id":"https:\/\/jornalfatosenoticias.com.br\/#organization"},"potentialAction":[{"@type":"SearchAction","target":{"@type":"EntryPoint","urlTemplate":"https:\/\/jornalfatosenoticias.com.br\/?s={search_term_string}"},"query-input":{"@type":"PropertyValueSpecification","valueRequired":true,"valueName":"search_term_string"}}],"inLanguage":"pt-BR"},{"@type":"Organization","@id":"https:\/\/jornalfatosenoticias.com.br\/#organization","name":"Jornal Fatos e Not\u00edcias","url":"https:\/\/jornalfatosenoticias.com.br\/","logo":{"@type":"ImageObject","inLanguage":"pt-BR","@id":"https:\/\/jornalfatosenoticias.com.br\/#\/schema\/logo\/image\/","url":"https:\/\/jornalfatosenoticias.com.br\/wp-content\/uploads\/2020\/02\/logo120.png","contentUrl":"https:\/\/jornalfatosenoticias.com.br\/wp-content\/uploads\/2020\/02\/logo120.png","width":1227,"height":120,"caption":"Jornal Fatos e Not\u00edcias"},"image":{"@id":"https:\/\/jornalfatosenoticias.com.br\/#\/schema\/logo\/image\/"}},{"@type":"Person","@id":"https:\/\/jornalfatosenoticias.com.br\/#\/schema\/person\/d63837fa13ac8666eb9e74e0985d6f81","name":"Luzimara Fernandes","image":{"@type":"ImageObject","inLanguage":"pt-BR","@id":"https:\/\/jornalfatosenoticias.com.br\/#\/schema\/person\/image\/","url":"https:\/\/jornalfatosenoticias.com.br\/wp-content\/uploads\/2025\/05\/EU_portal.jpg","contentUrl":"https:\/\/jornalfatosenoticias.com.br\/wp-content\/uploads\/2025\/05\/EU_portal.jpg","caption":"Luzimara Fernandes"},"description":"Jornalista MTB 2358-ES","sameAs":["https:\/\/jornalfatosenoticias.com.br"],"url":"https:\/\/jornalfatosenoticias.com.br\/index.php\/author\/luzimara\/"}]}},"cc_featured_image_caption":{"caption_text":"(Foto: ZeroAvia)","source_text":"","source_url":""},"jetpack_featured_media_url":"https:\/\/jornalfatosenoticias.com.br\/wp-content\/uploads\/2020\/09\/aviao_movido_a_hidrogenio.jpg","_links":{"self":[{"href":"https:\/\/jornalfatosenoticias.com.br\/index.php\/wp-json\/wp\/v2\/posts\/9397","targetHints":{"allow":["GET"]}}],"collection":[{"href":"https:\/\/jornalfatosenoticias.com.br\/index.php\/wp-json\/wp\/v2\/posts"}],"about":[{"href":"https:\/\/jornalfatosenoticias.com.br\/index.php\/wp-json\/wp\/v2\/types\/post"}],"author":[{"embeddable":true,"href":"https:\/\/jornalfatosenoticias.com.br\/index.php\/wp-json\/wp\/v2\/users\/2"}],"replies":[{"embeddable":true,"href":"https:\/\/jornalfatosenoticias.com.br\/index.php\/wp-json\/wp\/v2\/comments?post=9397"}],"version-history":[{"count":0,"href":"https:\/\/jornalfatosenoticias.com.br\/index.php\/wp-json\/wp\/v2\/posts\/9397\/revisions"}],"wp:featuredmedia":[{"embeddable":true,"href":"https:\/\/jornalfatosenoticias.com.br\/index.php\/wp-json\/wp\/v2\/media\/9399"}],"wp:attachment":[{"href":"https:\/\/jornalfatosenoticias.com.br\/index.php\/wp-json\/wp\/v2\/media?parent=9397"}],"wp:term":[{"taxonomy":"category","embeddable":true,"href":"https:\/\/jornalfatosenoticias.com.br\/index.php\/wp-json\/wp\/v2\/categories?post=9397"},{"taxonomy":"post_tag","embeddable":true,"href":"https:\/\/jornalfatosenoticias.com.br\/index.php\/wp-json\/wp\/v2\/tags?post=9397"}],"curies":[{"name":"wp","href":"https:\/\/api.w.org\/{rel}","templated":true}]}}