{"id":9417,"date":"2020-09-29T19:01:29","date_gmt":"2020-09-29T22:01:29","guid":{"rendered":"https:\/\/jornalfatosenoticias.com.br\/?p=9417"},"modified":"2020-09-29T19:01:33","modified_gmt":"2020-09-29T22:01:33","slug":"parkinson-nao-e-uma-mas-duas-doencas-sugere-estudo","status":"publish","type":"post","link":"https:\/\/jornalfatosenoticias.com.br\/index.php\/2020\/09\/29\/parkinson-nao-e-uma-mas-duas-doencas-sugere-estudo\/","title":{"rendered":"Parkinson n\u00e3o \u00e9 uma, mas duas doen\u00e7as, sugere estudo"},"content":{"rendered":"\n<h6 class=\"wp-block-heading\"><em>Cientistas da Universidade de Aarhus, na Dinamarca, identificaram evid\u00eancias de que o mal pode come\u00e7ar no c\u00e9rebro ou nos intestinos e no cora\u00e7\u00e3o. Equipe espera contribuir para cria\u00e7\u00e3o de tratamentos personalizados para a doen\u00e7a<\/em><\/h6>\n\n\n\n<p>Cientistas da Universidade de Aarhus, na Dinamarca, publicaram um artigo no peri\u00f3dico Brain em que defendem que o mal de Parkinson n\u00e3o \u00e9 uma, mas, sim, duas doen\u00e7as. Para eles, isso explica por que os sintomas variam tanto de pessoa para pessoa e destaca a import\u00e2ncia da medicina personalizada.<br>A doen\u00e7a de Parkinson \u00e9 caracterizada pela lenta deteriora\u00e7\u00e3o do c\u00e9rebro devido ao ac\u00famulo de alfa-sinucle\u00edna, uma prote\u00edna que danifica os neur\u00f4nios. Isso leva a movimentos lentos e r\u00edgidos (tremores) que muitas pessoas associam \u00e0 doen\u00e7a.<br>No estudo, os pesquisadores usaram t\u00e9cnicas avan\u00e7adas de PET Scan e resson\u00e2ncia magn\u00e9tica para examinar pacientes com a condi\u00e7\u00e3o e pessoas que apresentam alto risco de desenvolv\u00ea-la. Segundo os cientistas, a an\u00e1lise indicou que, em alguns casos, o Parkinson atingiu o c\u00e9rebro antes dos intestinos e do cora\u00e7\u00e3o, enquanto em outros pacientes ocorreu o processo inverso.<br>&#8220;At\u00e9 agora, muitas pessoas consideravam a doen\u00e7a relativamente homog\u00eanea e a definiam com base nos dist\u00farbios cl\u00e1ssicos do movimento. Mas, ao mesmo tempo, ficamos intrigados sobre o porqu\u00ea de existir uma diferen\u00e7a t\u00e3o grande entre os sintomas dos pacientes\u201d, disse Per Borghammer, um dos pesquisadores, em comunicado. \u201cCom esse novo conhecimento, os diferentes sintomas fazem mais sentido e \u00e9 tamb\u00e9m nessa perspectiva que as pesquisas futuras devem ser vistas\u201d.<br>Os cientistas se referem aos dois tipos da doen\u00e7a como \u201ccorpo primeiro\u201d e \u201cc\u00e9rebro primeiro\u201d. No caso do corpo, pode ser particularmente interessante estudar a composi\u00e7\u00e3o das bact\u00e9rias nos intestinos, pois j\u00e1 foi demonstrado que pacientes com Parkinson t\u00eam microbiota diferente em compara\u00e7\u00e3o com pessoas que n\u00e3o t\u00eam.<br>&#8220;Agora que somos capazes de identificar os dois tipos de doen\u00e7a de Parkinson, podemos examinar os fatores de risco e fatores gen\u00e9ticos que podem ser diferentes para os dois tipos\u201d, observou Borghammer. \u201cA pr\u00f3xima etapa \u00e9 examinar se, por exemplo, a doen\u00e7a de Parkinson pode ser tratada cuidando dos intestinos com transplante de fezes ou de outras maneiras que afetem o microbioma\u201d.<br>J\u00e1 nos casos em que o c\u00e9rebro \u00e9 afetado primeiro, os cientistas esperam encontrar um desafio maior, pois essa variante da doen\u00e7a \u00e9 relativamente livre de sintomas at\u00e9 que os ind\u00edcios motores apare\u00e7am. De acordo com os pesquisadores, a essa altura, o paciente j\u00e1 perdeu mais da metade do sistema de dopamina, o que dificulta diagnosticar o mal com anteced\u00eancia suficiente para retardar sua evolu\u00e7\u00e3o.<br>Os cientistas esperam que o estudo forne\u00e7a mais pistas para a cria\u00e7\u00e3o de tratamentos mais personalizados e, portanto, mais eficazes. &#8220;Agora temos conhecimentos que oferecem esperan\u00e7a para um tratamento melhor e mais direcionado \u00e0s pessoas que ser\u00e3o afetadas pela doen\u00e7a de Parkinson no futuro\u201d, pontuou Borghammer.<\/p>\n\n\n\n<p><strong><em>Fonte: <a href=\"https:\/\/revistagalileu.globo.com\/Ciencia\/Saude\/noticia\/2020\/09\/parkinson-nao-e-uma-mas-duas-doencas-sugere-estudo.html\">Revista Galileu<\/a><\/em><\/strong><\/p>\n","protected":false},"excerpt":{"rendered":"<p>Cientistas da Universidade de Aarhus, na Dinamarca, identificaram evid\u00eancias de que o mal pode come\u00e7ar no c\u00e9rebro ou nos intestinos e no cora\u00e7\u00e3o. Equipe espera contribuir para cria\u00e7\u00e3o de tratamentos personalizados para a doen\u00e7a Cientistas da Universidade de Aarhus, na Dinamarca, publicaram um artigo no peri\u00f3dico Brain em que defendem que o mal de Parkinson [&hellip;]<\/p>\n","protected":false},"author":2,"featured_media":9418,"comment_status":"open","ping_status":"open","sticky":false,"template":"","format":"standard","meta":{"footnotes":""},"categories":[11],"tags":[2422,394,3709],"class_list":["post-9417","post","type-post","status-publish","format-standard","has-post-thumbnail","hentry","category-saude","tag-dinamarca","tag-doenca","tag-parkinson"],"yoast_head":"<!-- This site is optimized with the Yoast SEO plugin v26.5 - https:\/\/yoast.com\/wordpress\/plugins\/seo\/ -->\n<title>Parkinson n\u00e3o \u00e9 uma, mas duas doen\u00e7as, sugere estudo - Jornal Fatos e Not\u00edcias<\/title>\n<meta name=\"robots\" content=\"index, follow, max-snippet:-1, max-image-preview:large, max-video-preview:-1\" \/>\n<link rel=\"canonical\" href=\"https:\/\/jornalfatosenoticias.com.br\/index.php\/2020\/09\/29\/parkinson-nao-e-uma-mas-duas-doencas-sugere-estudo\/\" \/>\n<meta property=\"og:locale\" content=\"pt_BR\" \/>\n<meta property=\"og:type\" content=\"article\" \/>\n<meta property=\"og:title\" content=\"Parkinson n\u00e3o \u00e9 uma, mas duas doen\u00e7as, sugere estudo - Jornal Fatos e Not\u00edcias\" \/>\n<meta property=\"og:description\" content=\"Cientistas da Universidade de Aarhus, na Dinamarca, identificaram evid\u00eancias de que o mal pode come\u00e7ar no c\u00e9rebro ou nos intestinos e no cora\u00e7\u00e3o. Equipe espera contribuir para cria\u00e7\u00e3o de tratamentos personalizados para a doen\u00e7a Cientistas da Universidade de Aarhus, na Dinamarca, publicaram um artigo no peri\u00f3dico Brain em que defendem que o mal de Parkinson [&hellip;]\" \/>\n<meta property=\"og:url\" content=\"https:\/\/jornalfatosenoticias.com.br\/index.php\/2020\/09\/29\/parkinson-nao-e-uma-mas-duas-doencas-sugere-estudo\/\" \/>\n<meta property=\"og:site_name\" content=\"Jornal Fatos e Not\u00edcias\" \/>\n<meta property=\"article:published_time\" content=\"2020-09-29T22:01:29+00:00\" \/>\n<meta property=\"article:modified_time\" content=\"2020-09-29T22:01:33+00:00\" \/>\n<meta property=\"og:image\" content=\"https:\/\/jornalfatosenoticias.com.br\/wp-content\/uploads\/2020\/09\/Parkinsosn_pexels-pixabay.jpg\" \/>\n\t<meta property=\"og:image:width\" content=\"1000\" \/>\n\t<meta property=\"og:image:height\" content=\"666\" \/>\n\t<meta property=\"og:image:type\" content=\"image\/jpeg\" \/>\n<meta name=\"author\" content=\"Luzimara Fernandes\" \/>\n<meta name=\"twitter:card\" content=\"summary_large_image\" \/>\n<meta name=\"twitter:label1\" content=\"Escrito por\" \/>\n\t<meta name=\"twitter:data1\" content=\"Luzimara Fernandes\" \/>\n\t<meta name=\"twitter:label2\" content=\"Est. tempo de leitura\" \/>\n\t<meta name=\"twitter:data2\" content=\"3 minutos\" \/>\n<script type=\"application\/ld+json\" class=\"yoast-schema-graph\">{\"@context\":\"https:\/\/schema.org\",\"@graph\":[{\"@type\":\"Article\",\"@id\":\"https:\/\/jornalfatosenoticias.com.br\/index.php\/2020\/09\/29\/parkinson-nao-e-uma-mas-duas-doencas-sugere-estudo\/#article\",\"isPartOf\":{\"@id\":\"https:\/\/jornalfatosenoticias.com.br\/index.php\/2020\/09\/29\/parkinson-nao-e-uma-mas-duas-doencas-sugere-estudo\/\"},\"author\":{\"name\":\"Luzimara Fernandes\",\"@id\":\"https:\/\/jornalfatosenoticias.com.br\/#\/schema\/person\/d63837fa13ac8666eb9e74e0985d6f81\"},\"headline\":\"Parkinson n\u00e3o \u00e9 uma, mas duas doen\u00e7as, sugere estudo\",\"datePublished\":\"2020-09-29T22:01:29+00:00\",\"dateModified\":\"2020-09-29T22:01:33+00:00\",\"mainEntityOfPage\":{\"@id\":\"https:\/\/jornalfatosenoticias.com.br\/index.php\/2020\/09\/29\/parkinson-nao-e-uma-mas-duas-doencas-sugere-estudo\/\"},\"wordCount\":529,\"commentCount\":0,\"publisher\":{\"@id\":\"https:\/\/jornalfatosenoticias.com.br\/#organization\"},\"image\":{\"@id\":\"https:\/\/jornalfatosenoticias.com.br\/index.php\/2020\/09\/29\/parkinson-nao-e-uma-mas-duas-doencas-sugere-estudo\/#primaryimage\"},\"thumbnailUrl\":\"https:\/\/jornalfatosenoticias.com.br\/wp-content\/uploads\/2020\/09\/Parkinsosn_pexels-pixabay.jpg\",\"keywords\":[\"Dinamarca\",\"doen\u00e7a\",\"Parkinson\"],\"articleSection\":[\"Sa\u00fade\"],\"inLanguage\":\"pt-BR\",\"potentialAction\":[{\"@type\":\"CommentAction\",\"name\":\"Comment\",\"target\":[\"https:\/\/jornalfatosenoticias.com.br\/index.php\/2020\/09\/29\/parkinson-nao-e-uma-mas-duas-doencas-sugere-estudo\/#respond\"]}]},{\"@type\":\"WebPage\",\"@id\":\"https:\/\/jornalfatosenoticias.com.br\/index.php\/2020\/09\/29\/parkinson-nao-e-uma-mas-duas-doencas-sugere-estudo\/\",\"url\":\"https:\/\/jornalfatosenoticias.com.br\/index.php\/2020\/09\/29\/parkinson-nao-e-uma-mas-duas-doencas-sugere-estudo\/\",\"name\":\"Parkinson n\u00e3o \u00e9 uma, mas duas doen\u00e7as, sugere estudo - Jornal Fatos e Not\u00edcias\",\"isPartOf\":{\"@id\":\"https:\/\/jornalfatosenoticias.com.br\/#website\"},\"primaryImageOfPage\":{\"@id\":\"https:\/\/jornalfatosenoticias.com.br\/index.php\/2020\/09\/29\/parkinson-nao-e-uma-mas-duas-doencas-sugere-estudo\/#primaryimage\"},\"image\":{\"@id\":\"https:\/\/jornalfatosenoticias.com.br\/index.php\/2020\/09\/29\/parkinson-nao-e-uma-mas-duas-doencas-sugere-estudo\/#primaryimage\"},\"thumbnailUrl\":\"https:\/\/jornalfatosenoticias.com.br\/wp-content\/uploads\/2020\/09\/Parkinsosn_pexels-pixabay.jpg\",\"datePublished\":\"2020-09-29T22:01:29+00:00\",\"dateModified\":\"2020-09-29T22:01:33+00:00\",\"breadcrumb\":{\"@id\":\"https:\/\/jornalfatosenoticias.com.br\/index.php\/2020\/09\/29\/parkinson-nao-e-uma-mas-duas-doencas-sugere-estudo\/#breadcrumb\"},\"inLanguage\":\"pt-BR\",\"potentialAction\":[{\"@type\":\"ReadAction\",\"target\":[\"https:\/\/jornalfatosenoticias.com.br\/index.php\/2020\/09\/29\/parkinson-nao-e-uma-mas-duas-doencas-sugere-estudo\/\"]}]},{\"@type\":\"ImageObject\",\"inLanguage\":\"pt-BR\",\"@id\":\"https:\/\/jornalfatosenoticias.com.br\/index.php\/2020\/09\/29\/parkinson-nao-e-uma-mas-duas-doencas-sugere-estudo\/#primaryimage\",\"url\":\"https:\/\/jornalfatosenoticias.com.br\/wp-content\/uploads\/2020\/09\/Parkinsosn_pexels-pixabay.jpg\",\"contentUrl\":\"https:\/\/jornalfatosenoticias.com.br\/wp-content\/uploads\/2020\/09\/Parkinsosn_pexels-pixabay.jpg\",\"width\":1000,\"height\":666},{\"@type\":\"BreadcrumbList\",\"@id\":\"https:\/\/jornalfatosenoticias.com.br\/index.php\/2020\/09\/29\/parkinson-nao-e-uma-mas-duas-doencas-sugere-estudo\/#breadcrumb\",\"itemListElement\":[{\"@type\":\"ListItem\",\"position\":1,\"name\":\"In\u00edcio\",\"item\":\"https:\/\/jornalfatosenoticias.com.br\/\"},{\"@type\":\"ListItem\",\"position\":2,\"name\":\"Parkinson n\u00e3o \u00e9 uma, mas duas doen\u00e7as, sugere estudo\"}]},{\"@type\":\"WebSite\",\"@id\":\"https:\/\/jornalfatosenoticias.com.br\/#website\",\"url\":\"https:\/\/jornalfatosenoticias.com.br\/\",\"name\":\"Jornal Fatos e Not\u00edcias\",\"description\":\"Not\u00edcias em geral\",\"publisher\":{\"@id\":\"https:\/\/jornalfatosenoticias.com.br\/#organization\"},\"potentialAction\":[{\"@type\":\"SearchAction\",\"target\":{\"@type\":\"EntryPoint\",\"urlTemplate\":\"https:\/\/jornalfatosenoticias.com.br\/?s={search_term_string}\"},\"query-input\":{\"@type\":\"PropertyValueSpecification\",\"valueRequired\":true,\"valueName\":\"search_term_string\"}}],\"inLanguage\":\"pt-BR\"},{\"@type\":\"Organization\",\"@id\":\"https:\/\/jornalfatosenoticias.com.br\/#organization\",\"name\":\"Jornal Fatos e Not\u00edcias\",\"url\":\"https:\/\/jornalfatosenoticias.com.br\/\",\"logo\":{\"@type\":\"ImageObject\",\"inLanguage\":\"pt-BR\",\"@id\":\"https:\/\/jornalfatosenoticias.com.br\/#\/schema\/logo\/image\/\",\"url\":\"https:\/\/jornalfatosenoticias.com.br\/wp-content\/uploads\/2020\/02\/logo120.png\",\"contentUrl\":\"https:\/\/jornalfatosenoticias.com.br\/wp-content\/uploads\/2020\/02\/logo120.png\",\"width\":1227,\"height\":120,\"caption\":\"Jornal Fatos e Not\u00edcias\"},\"image\":{\"@id\":\"https:\/\/jornalfatosenoticias.com.br\/#\/schema\/logo\/image\/\"}},{\"@type\":\"Person\",\"@id\":\"https:\/\/jornalfatosenoticias.com.br\/#\/schema\/person\/d63837fa13ac8666eb9e74e0985d6f81\",\"name\":\"Luzimara Fernandes\",\"image\":{\"@type\":\"ImageObject\",\"inLanguage\":\"pt-BR\",\"@id\":\"https:\/\/jornalfatosenoticias.com.br\/#\/schema\/person\/image\/\",\"url\":\"https:\/\/jornalfatosenoticias.com.br\/wp-content\/uploads\/2025\/05\/EU_portal.jpg\",\"contentUrl\":\"https:\/\/jornalfatosenoticias.com.br\/wp-content\/uploads\/2025\/05\/EU_portal.jpg\",\"caption\":\"Luzimara Fernandes\"},\"description\":\"Jornalista MTB 2358-ES\",\"sameAs\":[\"https:\/\/jornalfatosenoticias.com.br\"],\"url\":\"https:\/\/jornalfatosenoticias.com.br\/index.php\/author\/luzimara\/\"}]}<\/script>\n<!-- \/ Yoast SEO plugin. -->","yoast_head_json":{"title":"Parkinson n\u00e3o \u00e9 uma, mas duas doen\u00e7as, sugere estudo - Jornal Fatos e Not\u00edcias","robots":{"index":"index","follow":"follow","max-snippet":"max-snippet:-1","max-image-preview":"max-image-preview:large","max-video-preview":"max-video-preview:-1"},"canonical":"https:\/\/jornalfatosenoticias.com.br\/index.php\/2020\/09\/29\/parkinson-nao-e-uma-mas-duas-doencas-sugere-estudo\/","og_locale":"pt_BR","og_type":"article","og_title":"Parkinson n\u00e3o \u00e9 uma, mas duas doen\u00e7as, sugere estudo - Jornal Fatos e Not\u00edcias","og_description":"Cientistas da Universidade de Aarhus, na Dinamarca, identificaram evid\u00eancias de que o mal pode come\u00e7ar no c\u00e9rebro ou nos intestinos e no cora\u00e7\u00e3o. Equipe espera contribuir para cria\u00e7\u00e3o de tratamentos personalizados para a doen\u00e7a Cientistas da Universidade de Aarhus, na Dinamarca, publicaram um artigo no peri\u00f3dico Brain em que defendem que o mal de Parkinson [&hellip;]","og_url":"https:\/\/jornalfatosenoticias.com.br\/index.php\/2020\/09\/29\/parkinson-nao-e-uma-mas-duas-doencas-sugere-estudo\/","og_site_name":"Jornal Fatos e Not\u00edcias","article_published_time":"2020-09-29T22:01:29+00:00","article_modified_time":"2020-09-29T22:01:33+00:00","og_image":[{"width":1000,"height":666,"url":"https:\/\/jornalfatosenoticias.com.br\/wp-content\/uploads\/2020\/09\/Parkinsosn_pexels-pixabay.jpg","type":"image\/jpeg"}],"author":"Luzimara Fernandes","twitter_card":"summary_large_image","twitter_misc":{"Escrito por":"Luzimara Fernandes","Est. tempo de leitura":"3 minutos"},"schema":{"@context":"https:\/\/schema.org","@graph":[{"@type":"Article","@id":"https:\/\/jornalfatosenoticias.com.br\/index.php\/2020\/09\/29\/parkinson-nao-e-uma-mas-duas-doencas-sugere-estudo\/#article","isPartOf":{"@id":"https:\/\/jornalfatosenoticias.com.br\/index.php\/2020\/09\/29\/parkinson-nao-e-uma-mas-duas-doencas-sugere-estudo\/"},"author":{"name":"Luzimara Fernandes","@id":"https:\/\/jornalfatosenoticias.com.br\/#\/schema\/person\/d63837fa13ac8666eb9e74e0985d6f81"},"headline":"Parkinson n\u00e3o \u00e9 uma, mas duas doen\u00e7as, sugere estudo","datePublished":"2020-09-29T22:01:29+00:00","dateModified":"2020-09-29T22:01:33+00:00","mainEntityOfPage":{"@id":"https:\/\/jornalfatosenoticias.com.br\/index.php\/2020\/09\/29\/parkinson-nao-e-uma-mas-duas-doencas-sugere-estudo\/"},"wordCount":529,"commentCount":0,"publisher":{"@id":"https:\/\/jornalfatosenoticias.com.br\/#organization"},"image":{"@id":"https:\/\/jornalfatosenoticias.com.br\/index.php\/2020\/09\/29\/parkinson-nao-e-uma-mas-duas-doencas-sugere-estudo\/#primaryimage"},"thumbnailUrl":"https:\/\/jornalfatosenoticias.com.br\/wp-content\/uploads\/2020\/09\/Parkinsosn_pexels-pixabay.jpg","keywords":["Dinamarca","doen\u00e7a","Parkinson"],"articleSection":["Sa\u00fade"],"inLanguage":"pt-BR","potentialAction":[{"@type":"CommentAction","name":"Comment","target":["https:\/\/jornalfatosenoticias.com.br\/index.php\/2020\/09\/29\/parkinson-nao-e-uma-mas-duas-doencas-sugere-estudo\/#respond"]}]},{"@type":"WebPage","@id":"https:\/\/jornalfatosenoticias.com.br\/index.php\/2020\/09\/29\/parkinson-nao-e-uma-mas-duas-doencas-sugere-estudo\/","url":"https:\/\/jornalfatosenoticias.com.br\/index.php\/2020\/09\/29\/parkinson-nao-e-uma-mas-duas-doencas-sugere-estudo\/","name":"Parkinson n\u00e3o \u00e9 uma, mas duas doen\u00e7as, sugere estudo - Jornal Fatos e Not\u00edcias","isPartOf":{"@id":"https:\/\/jornalfatosenoticias.com.br\/#website"},"primaryImageOfPage":{"@id":"https:\/\/jornalfatosenoticias.com.br\/index.php\/2020\/09\/29\/parkinson-nao-e-uma-mas-duas-doencas-sugere-estudo\/#primaryimage"},"image":{"@id":"https:\/\/jornalfatosenoticias.com.br\/index.php\/2020\/09\/29\/parkinson-nao-e-uma-mas-duas-doencas-sugere-estudo\/#primaryimage"},"thumbnailUrl":"https:\/\/jornalfatosenoticias.com.br\/wp-content\/uploads\/2020\/09\/Parkinsosn_pexels-pixabay.jpg","datePublished":"2020-09-29T22:01:29+00:00","dateModified":"2020-09-29T22:01:33+00:00","breadcrumb":{"@id":"https:\/\/jornalfatosenoticias.com.br\/index.php\/2020\/09\/29\/parkinson-nao-e-uma-mas-duas-doencas-sugere-estudo\/#breadcrumb"},"inLanguage":"pt-BR","potentialAction":[{"@type":"ReadAction","target":["https:\/\/jornalfatosenoticias.com.br\/index.php\/2020\/09\/29\/parkinson-nao-e-uma-mas-duas-doencas-sugere-estudo\/"]}]},{"@type":"ImageObject","inLanguage":"pt-BR","@id":"https:\/\/jornalfatosenoticias.com.br\/index.php\/2020\/09\/29\/parkinson-nao-e-uma-mas-duas-doencas-sugere-estudo\/#primaryimage","url":"https:\/\/jornalfatosenoticias.com.br\/wp-content\/uploads\/2020\/09\/Parkinsosn_pexels-pixabay.jpg","contentUrl":"https:\/\/jornalfatosenoticias.com.br\/wp-content\/uploads\/2020\/09\/Parkinsosn_pexels-pixabay.jpg","width":1000,"height":666},{"@type":"BreadcrumbList","@id":"https:\/\/jornalfatosenoticias.com.br\/index.php\/2020\/09\/29\/parkinson-nao-e-uma-mas-duas-doencas-sugere-estudo\/#breadcrumb","itemListElement":[{"@type":"ListItem","position":1,"name":"In\u00edcio","item":"https:\/\/jornalfatosenoticias.com.br\/"},{"@type":"ListItem","position":2,"name":"Parkinson n\u00e3o \u00e9 uma, mas duas doen\u00e7as, sugere estudo"}]},{"@type":"WebSite","@id":"https:\/\/jornalfatosenoticias.com.br\/#website","url":"https:\/\/jornalfatosenoticias.com.br\/","name":"Jornal Fatos e Not\u00edcias","description":"Not\u00edcias em geral","publisher":{"@id":"https:\/\/jornalfatosenoticias.com.br\/#organization"},"potentialAction":[{"@type":"SearchAction","target":{"@type":"EntryPoint","urlTemplate":"https:\/\/jornalfatosenoticias.com.br\/?s={search_term_string}"},"query-input":{"@type":"PropertyValueSpecification","valueRequired":true,"valueName":"search_term_string"}}],"inLanguage":"pt-BR"},{"@type":"Organization","@id":"https:\/\/jornalfatosenoticias.com.br\/#organization","name":"Jornal Fatos e Not\u00edcias","url":"https:\/\/jornalfatosenoticias.com.br\/","logo":{"@type":"ImageObject","inLanguage":"pt-BR","@id":"https:\/\/jornalfatosenoticias.com.br\/#\/schema\/logo\/image\/","url":"https:\/\/jornalfatosenoticias.com.br\/wp-content\/uploads\/2020\/02\/logo120.png","contentUrl":"https:\/\/jornalfatosenoticias.com.br\/wp-content\/uploads\/2020\/02\/logo120.png","width":1227,"height":120,"caption":"Jornal Fatos e Not\u00edcias"},"image":{"@id":"https:\/\/jornalfatosenoticias.com.br\/#\/schema\/logo\/image\/"}},{"@type":"Person","@id":"https:\/\/jornalfatosenoticias.com.br\/#\/schema\/person\/d63837fa13ac8666eb9e74e0985d6f81","name":"Luzimara Fernandes","image":{"@type":"ImageObject","inLanguage":"pt-BR","@id":"https:\/\/jornalfatosenoticias.com.br\/#\/schema\/person\/image\/","url":"https:\/\/jornalfatosenoticias.com.br\/wp-content\/uploads\/2025\/05\/EU_portal.jpg","contentUrl":"https:\/\/jornalfatosenoticias.com.br\/wp-content\/uploads\/2025\/05\/EU_portal.jpg","caption":"Luzimara Fernandes"},"description":"Jornalista MTB 2358-ES","sameAs":["https:\/\/jornalfatosenoticias.com.br"],"url":"https:\/\/jornalfatosenoticias.com.br\/index.php\/author\/luzimara\/"}]}},"cc_featured_image_caption":{"caption_text":"(Foto: Pexels\/Pixabay) ","source_text":"","source_url":""},"jetpack_featured_media_url":"https:\/\/jornalfatosenoticias.com.br\/wp-content\/uploads\/2020\/09\/Parkinsosn_pexels-pixabay.jpg","_links":{"self":[{"href":"https:\/\/jornalfatosenoticias.com.br\/index.php\/wp-json\/wp\/v2\/posts\/9417","targetHints":{"allow":["GET"]}}],"collection":[{"href":"https:\/\/jornalfatosenoticias.com.br\/index.php\/wp-json\/wp\/v2\/posts"}],"about":[{"href":"https:\/\/jornalfatosenoticias.com.br\/index.php\/wp-json\/wp\/v2\/types\/post"}],"author":[{"embeddable":true,"href":"https:\/\/jornalfatosenoticias.com.br\/index.php\/wp-json\/wp\/v2\/users\/2"}],"replies":[{"embeddable":true,"href":"https:\/\/jornalfatosenoticias.com.br\/index.php\/wp-json\/wp\/v2\/comments?post=9417"}],"version-history":[{"count":0,"href":"https:\/\/jornalfatosenoticias.com.br\/index.php\/wp-json\/wp\/v2\/posts\/9417\/revisions"}],"wp:featuredmedia":[{"embeddable":true,"href":"https:\/\/jornalfatosenoticias.com.br\/index.php\/wp-json\/wp\/v2\/media\/9418"}],"wp:attachment":[{"href":"https:\/\/jornalfatosenoticias.com.br\/index.php\/wp-json\/wp\/v2\/media?parent=9417"}],"wp:term":[{"taxonomy":"category","embeddable":true,"href":"https:\/\/jornalfatosenoticias.com.br\/index.php\/wp-json\/wp\/v2\/categories?post=9417"},{"taxonomy":"post_tag","embeddable":true,"href":"https:\/\/jornalfatosenoticias.com.br\/index.php\/wp-json\/wp\/v2\/tags?post=9417"}],"curies":[{"name":"wp","href":"https:\/\/api.w.org\/{rel}","templated":true}]}}