{"id":9463,"date":"2020-09-30T10:35:44","date_gmt":"2020-09-30T13:35:44","guid":{"rendered":"https:\/\/jornalfatosenoticias.com.br\/?p=9463"},"modified":"2020-09-30T10:35:48","modified_gmt":"2020-09-30T13:35:48","slug":"brasil-tem-resultado-historico-na-olimpiada-internacional-de-matematica","status":"publish","type":"post","link":"https:\/\/jornalfatosenoticias.com.br\/index.php\/2020\/09\/30\/brasil-tem-resultado-historico-na-olimpiada-internacional-de-matematica\/","title":{"rendered":"Brasil tem resultado hist\u00f3rico na Olimp\u00edada Internacional de Matem\u00e1tica"},"content":{"rendered":"\n<h6 class=\"wp-block-heading\"><em>Com uma medalha de ouro e cinco de prata, equipe brasileira alcan\u00e7ou a 10\u00aa posi\u00e7\u00e3o, ficando \u00e0 frente de pa\u00edses como Jap\u00e3o, Fran\u00e7a, Canad\u00e1 e Alemanha<\/em><\/h6>\n\n\n\n<p>Pela primeira vez, o Brasil ficou entre os 10 melhores pa\u00edses na Olimp\u00edada Internacional de Matem\u00e1tica (IMO, na sigla ingl\u00eas). O time, formado por seis jovens de quatro estados, conquistou uma medalha de ouro e cinco de prata. O ouro brasileiro foi conquistado pelo pernambucano Pedro Gomes Cabral, de 17 anos, atualmente aluno de um col\u00e9gio de Fortaleza\/CE.<br>Pedro fez 32 pontos para conseguir a medalha e o primeiro lugar no p\u00f3dio. As medalhas de prata ficaram com Bernardo Peruzzo Trevizan, Francisco Moreira Machado Neto, Gabriel Ribeiro Paiva, Guilherme Zeus Dantas e Moura e Pablo Andrade Carvalho Barros. Com 142 medalhas, o Brasil \u00e9 o pa\u00eds latino-americano com maior n\u00famero de premia\u00e7\u00f5es na competi\u00e7\u00e3o.<\/p>\n\n\n\n<figure class=\"wp-block-image size-large\"><img loading=\"lazy\" decoding=\"async\" width=\"980\" height=\"705\" src=\"https:\/\/jornalfatosenoticias.com.br\/wp-content\/uploads\/2020\/09\/pedro-gomes-cabral.jpg\" alt=\"\" class=\"wp-image-9465\" srcset=\"https:\/\/jornalfatosenoticias.com.br\/wp-content\/uploads\/2020\/09\/pedro-gomes-cabral.jpg 980w, https:\/\/jornalfatosenoticias.com.br\/wp-content\/uploads\/2020\/09\/pedro-gomes-cabral-300x216.jpg 300w, https:\/\/jornalfatosenoticias.com.br\/wp-content\/uploads\/2020\/09\/pedro-gomes-cabral-768x552.jpg 768w\" sizes=\"auto, (max-width: 980px) 100vw, 980px\" \/><figcaption><em>Pedro Gomes de Cabral, ao voltar de uma outra olimp\u00edada, tamb\u00e9m medalhista (Foto: Reprodu\u00e7\u00e3o\/Internet)<\/em><\/figcaption><\/figure>\n\n\n\n<p>O pernambucano havia sido medalhista de prata na edi\u00e7\u00e3o do ano passado da IMO, e Bernardo e Guilherme tinham conquistado o bronze.<br>A 61\u00aa edi\u00e7\u00e3o da IMO, que teve 105 pa\u00edses participantes, aconteceria em S\u00e3o Petersburgo, na R\u00fassia, mas foi realizada remotamente devido \u00e0 pandemia da Covid-19. As provas foram aplicadas em 21 e 22 de setembro, e o resultado foi divulgado no domingo (27).<br>Os seis, todos estudantes do ensino m\u00e9dio, com idades entre 14 e 19 anos, foram medalhistas da 41\u00aa OBM, a Olimp\u00edada Brasileira de Matem\u00e1tica, passaram por tr\u00eas testes seletivos e um treinamento at\u00e9 a IMO.<br>O melhor resultado da hist\u00f3ria do Brasil na competi\u00e7\u00e3o deixou o Pa\u00eds \u00e0 frente de Jap\u00e3o, Singapura, Alemanha, Canad\u00e1, Rom\u00eania, Fran\u00e7a e todos os pa\u00edses n\u00f3rdicos \u2014 refer\u00eancias na competi\u00e7\u00e3o.<\/p>\n\n\n\n<p><strong><em>Fonte: <a href=\"https:\/\/www.folhape.com.br\/noticias\/brasil-tem-melhor-resultado-da-historia-na-olimpiada-internacional-de\/156406\/\">Folha de Pernambuco<\/a><\/em><\/strong><\/p>\n","protected":false},"excerpt":{"rendered":"<p>Com uma medalha de ouro e cinco de prata, equipe brasileira alcan\u00e7ou a 10\u00aa posi\u00e7\u00e3o, ficando \u00e0 frente de pa\u00edses como Jap\u00e3o, Fran\u00e7a, Canad\u00e1 e Alemanha Pela primeira vez, o Brasil ficou entre os 10 melhores pa\u00edses na Olimp\u00edada Internacional de Matem\u00e1tica (IMO, na sigla ingl\u00eas). O time, formado por seis jovens de quatro estados, [&hellip;]<\/p>\n","protected":false},"author":2,"featured_media":9464,"comment_status":"open","ping_status":"open","sticky":false,"template":"","format":"standard","meta":{"footnotes":""},"categories":[7],"tags":[597,5169,5168],"class_list":["post-9463","post","type-post","status-publish","format-standard","has-post-thumbnail","hentry","category-educacao","tag-brasil","tag-destaque","tag-olimpiada-internacional-de-matematica"],"yoast_head":"<!-- This site is optimized with the Yoast SEO plugin v26.5 - https:\/\/yoast.com\/wordpress\/plugins\/seo\/ -->\n<title>Brasil tem resultado hist\u00f3rico na Olimp\u00edada Internacional de Matem\u00e1tica - Jornal Fatos e Not\u00edcias<\/title>\n<meta name=\"robots\" content=\"index, follow, max-snippet:-1, max-image-preview:large, max-video-preview:-1\" \/>\n<link rel=\"canonical\" href=\"https:\/\/jornalfatosenoticias.com.br\/index.php\/2020\/09\/30\/brasil-tem-resultado-historico-na-olimpiada-internacional-de-matematica\/\" \/>\n<meta property=\"og:locale\" content=\"pt_BR\" \/>\n<meta property=\"og:type\" content=\"article\" \/>\n<meta property=\"og:title\" content=\"Brasil tem resultado hist\u00f3rico na Olimp\u00edada Internacional de Matem\u00e1tica - Jornal Fatos e Not\u00edcias\" \/>\n<meta property=\"og:description\" content=\"Com uma medalha de ouro e cinco de prata, equipe brasileira alcan\u00e7ou a 10\u00aa posi\u00e7\u00e3o, ficando \u00e0 frente de pa\u00edses como Jap\u00e3o, Fran\u00e7a, Canad\u00e1 e Alemanha Pela primeira vez, o Brasil ficou entre os 10 melhores pa\u00edses na Olimp\u00edada Internacional de Matem\u00e1tica (IMO, na sigla ingl\u00eas). O time, formado por seis jovens de quatro estados, [&hellip;]\" \/>\n<meta property=\"og:url\" content=\"https:\/\/jornalfatosenoticias.com.br\/index.php\/2020\/09\/30\/brasil-tem-resultado-historico-na-olimpiada-internacional-de-matematica\/\" \/>\n<meta property=\"og:site_name\" content=\"Jornal Fatos e Not\u00edcias\" \/>\n<meta property=\"article:published_time\" content=\"2020-09-30T13:35:44+00:00\" \/>\n<meta property=\"article:modified_time\" content=\"2020-09-30T13:35:48+00:00\" \/>\n<meta property=\"og:image\" content=\"https:\/\/jornalfatosenoticias.com.br\/wp-content\/uploads\/2020\/09\/olimpiada-de-matematica.jpg\" \/>\n\t<meta property=\"og:image:width\" content=\"1000\" \/>\n\t<meta property=\"og:image:height\" content=\"690\" \/>\n\t<meta property=\"og:image:type\" content=\"image\/jpeg\" \/>\n<meta name=\"author\" content=\"Luzimara Fernandes\" \/>\n<meta name=\"twitter:card\" content=\"summary_large_image\" \/>\n<meta name=\"twitter:label1\" content=\"Escrito por\" \/>\n\t<meta name=\"twitter:data1\" content=\"Luzimara Fernandes\" \/>\n\t<meta name=\"twitter:label2\" content=\"Est. tempo de leitura\" \/>\n\t<meta name=\"twitter:data2\" content=\"2 minutos\" \/>\n<script type=\"application\/ld+json\" class=\"yoast-schema-graph\">{\"@context\":\"https:\/\/schema.org\",\"@graph\":[{\"@type\":\"Article\",\"@id\":\"https:\/\/jornalfatosenoticias.com.br\/index.php\/2020\/09\/30\/brasil-tem-resultado-historico-na-olimpiada-internacional-de-matematica\/#article\",\"isPartOf\":{\"@id\":\"https:\/\/jornalfatosenoticias.com.br\/index.php\/2020\/09\/30\/brasil-tem-resultado-historico-na-olimpiada-internacional-de-matematica\/\"},\"author\":{\"name\":\"Luzimara Fernandes\",\"@id\":\"https:\/\/jornalfatosenoticias.com.br\/#\/schema\/person\/d63837fa13ac8666eb9e74e0985d6f81\"},\"headline\":\"Brasil tem resultado hist\u00f3rico na Olimp\u00edada Internacional de Matem\u00e1tica\",\"datePublished\":\"2020-09-30T13:35:44+00:00\",\"dateModified\":\"2020-09-30T13:35:48+00:00\",\"mainEntityOfPage\":{\"@id\":\"https:\/\/jornalfatosenoticias.com.br\/index.php\/2020\/09\/30\/brasil-tem-resultado-historico-na-olimpiada-internacional-de-matematica\/\"},\"wordCount\":321,\"commentCount\":0,\"publisher\":{\"@id\":\"https:\/\/jornalfatosenoticias.com.br\/#organization\"},\"image\":{\"@id\":\"https:\/\/jornalfatosenoticias.com.br\/index.php\/2020\/09\/30\/brasil-tem-resultado-historico-na-olimpiada-internacional-de-matematica\/#primaryimage\"},\"thumbnailUrl\":\"https:\/\/jornalfatosenoticias.com.br\/wp-content\/uploads\/2020\/09\/olimpiada-de-matematica.jpg\",\"keywords\":[\"Brasil\",\"destaque\",\"Olimp\u00edada Internacional de Matem\u00e1tica\"],\"articleSection\":[\"Educa\u00e7\u00e3o\"],\"inLanguage\":\"pt-BR\",\"potentialAction\":[{\"@type\":\"CommentAction\",\"name\":\"Comment\",\"target\":[\"https:\/\/jornalfatosenoticias.com.br\/index.php\/2020\/09\/30\/brasil-tem-resultado-historico-na-olimpiada-internacional-de-matematica\/#respond\"]}]},{\"@type\":\"WebPage\",\"@id\":\"https:\/\/jornalfatosenoticias.com.br\/index.php\/2020\/09\/30\/brasil-tem-resultado-historico-na-olimpiada-internacional-de-matematica\/\",\"url\":\"https:\/\/jornalfatosenoticias.com.br\/index.php\/2020\/09\/30\/brasil-tem-resultado-historico-na-olimpiada-internacional-de-matematica\/\",\"name\":\"Brasil tem resultado hist\u00f3rico na Olimp\u00edada Internacional de Matem\u00e1tica - Jornal Fatos e Not\u00edcias\",\"isPartOf\":{\"@id\":\"https:\/\/jornalfatosenoticias.com.br\/#website\"},\"primaryImageOfPage\":{\"@id\":\"https:\/\/jornalfatosenoticias.com.br\/index.php\/2020\/09\/30\/brasil-tem-resultado-historico-na-olimpiada-internacional-de-matematica\/#primaryimage\"},\"image\":{\"@id\":\"https:\/\/jornalfatosenoticias.com.br\/index.php\/2020\/09\/30\/brasil-tem-resultado-historico-na-olimpiada-internacional-de-matematica\/#primaryimage\"},\"thumbnailUrl\":\"https:\/\/jornalfatosenoticias.com.br\/wp-content\/uploads\/2020\/09\/olimpiada-de-matematica.jpg\",\"datePublished\":\"2020-09-30T13:35:44+00:00\",\"dateModified\":\"2020-09-30T13:35:48+00:00\",\"breadcrumb\":{\"@id\":\"https:\/\/jornalfatosenoticias.com.br\/index.php\/2020\/09\/30\/brasil-tem-resultado-historico-na-olimpiada-internacional-de-matematica\/#breadcrumb\"},\"inLanguage\":\"pt-BR\",\"potentialAction\":[{\"@type\":\"ReadAction\",\"target\":[\"https:\/\/jornalfatosenoticias.com.br\/index.php\/2020\/09\/30\/brasil-tem-resultado-historico-na-olimpiada-internacional-de-matematica\/\"]}]},{\"@type\":\"ImageObject\",\"inLanguage\":\"pt-BR\",\"@id\":\"https:\/\/jornalfatosenoticias.com.br\/index.php\/2020\/09\/30\/brasil-tem-resultado-historico-na-olimpiada-internacional-de-matematica\/#primaryimage\",\"url\":\"https:\/\/jornalfatosenoticias.com.br\/wp-content\/uploads\/2020\/09\/olimpiada-de-matematica.jpg\",\"contentUrl\":\"https:\/\/jornalfatosenoticias.com.br\/wp-content\/uploads\/2020\/09\/olimpiada-de-matematica.jpg\",\"width\":1000,\"height\":690},{\"@type\":\"BreadcrumbList\",\"@id\":\"https:\/\/jornalfatosenoticias.com.br\/index.php\/2020\/09\/30\/brasil-tem-resultado-historico-na-olimpiada-internacional-de-matematica\/#breadcrumb\",\"itemListElement\":[{\"@type\":\"ListItem\",\"position\":1,\"name\":\"In\u00edcio\",\"item\":\"https:\/\/jornalfatosenoticias.com.br\/\"},{\"@type\":\"ListItem\",\"position\":2,\"name\":\"Brasil tem resultado hist\u00f3rico na Olimp\u00edada Internacional de Matem\u00e1tica\"}]},{\"@type\":\"WebSite\",\"@id\":\"https:\/\/jornalfatosenoticias.com.br\/#website\",\"url\":\"https:\/\/jornalfatosenoticias.com.br\/\",\"name\":\"Jornal Fatos e Not\u00edcias\",\"description\":\"Not\u00edcias em geral\",\"publisher\":{\"@id\":\"https:\/\/jornalfatosenoticias.com.br\/#organization\"},\"potentialAction\":[{\"@type\":\"SearchAction\",\"target\":{\"@type\":\"EntryPoint\",\"urlTemplate\":\"https:\/\/jornalfatosenoticias.com.br\/?s={search_term_string}\"},\"query-input\":{\"@type\":\"PropertyValueSpecification\",\"valueRequired\":true,\"valueName\":\"search_term_string\"}}],\"inLanguage\":\"pt-BR\"},{\"@type\":\"Organization\",\"@id\":\"https:\/\/jornalfatosenoticias.com.br\/#organization\",\"name\":\"Jornal Fatos e Not\u00edcias\",\"url\":\"https:\/\/jornalfatosenoticias.com.br\/\",\"logo\":{\"@type\":\"ImageObject\",\"inLanguage\":\"pt-BR\",\"@id\":\"https:\/\/jornalfatosenoticias.com.br\/#\/schema\/logo\/image\/\",\"url\":\"https:\/\/jornalfatosenoticias.com.br\/wp-content\/uploads\/2020\/02\/logo120.png\",\"contentUrl\":\"https:\/\/jornalfatosenoticias.com.br\/wp-content\/uploads\/2020\/02\/logo120.png\",\"width\":1227,\"height\":120,\"caption\":\"Jornal Fatos e Not\u00edcias\"},\"image\":{\"@id\":\"https:\/\/jornalfatosenoticias.com.br\/#\/schema\/logo\/image\/\"}},{\"@type\":\"Person\",\"@id\":\"https:\/\/jornalfatosenoticias.com.br\/#\/schema\/person\/d63837fa13ac8666eb9e74e0985d6f81\",\"name\":\"Luzimara Fernandes\",\"image\":{\"@type\":\"ImageObject\",\"inLanguage\":\"pt-BR\",\"@id\":\"https:\/\/jornalfatosenoticias.com.br\/#\/schema\/person\/image\/\",\"url\":\"https:\/\/jornalfatosenoticias.com.br\/wp-content\/uploads\/2025\/05\/EU_portal.jpg\",\"contentUrl\":\"https:\/\/jornalfatosenoticias.com.br\/wp-content\/uploads\/2025\/05\/EU_portal.jpg\",\"caption\":\"Luzimara Fernandes\"},\"description\":\"Jornalista MTB 2358-ES\",\"sameAs\":[\"https:\/\/jornalfatosenoticias.com.br\"],\"url\":\"https:\/\/jornalfatosenoticias.com.br\/index.php\/author\/luzimara\/\"}]}<\/script>\n<!-- \/ Yoast SEO plugin. -->","yoast_head_json":{"title":"Brasil tem resultado hist\u00f3rico na Olimp\u00edada Internacional de Matem\u00e1tica - Jornal Fatos e Not\u00edcias","robots":{"index":"index","follow":"follow","max-snippet":"max-snippet:-1","max-image-preview":"max-image-preview:large","max-video-preview":"max-video-preview:-1"},"canonical":"https:\/\/jornalfatosenoticias.com.br\/index.php\/2020\/09\/30\/brasil-tem-resultado-historico-na-olimpiada-internacional-de-matematica\/","og_locale":"pt_BR","og_type":"article","og_title":"Brasil tem resultado hist\u00f3rico na Olimp\u00edada Internacional de Matem\u00e1tica - Jornal Fatos e Not\u00edcias","og_description":"Com uma medalha de ouro e cinco de prata, equipe brasileira alcan\u00e7ou a 10\u00aa posi\u00e7\u00e3o, ficando \u00e0 frente de pa\u00edses como Jap\u00e3o, Fran\u00e7a, Canad\u00e1 e Alemanha Pela primeira vez, o Brasil ficou entre os 10 melhores pa\u00edses na Olimp\u00edada Internacional de Matem\u00e1tica (IMO, na sigla ingl\u00eas). O time, formado por seis jovens de quatro estados, [&hellip;]","og_url":"https:\/\/jornalfatosenoticias.com.br\/index.php\/2020\/09\/30\/brasil-tem-resultado-historico-na-olimpiada-internacional-de-matematica\/","og_site_name":"Jornal Fatos e Not\u00edcias","article_published_time":"2020-09-30T13:35:44+00:00","article_modified_time":"2020-09-30T13:35:48+00:00","og_image":[{"width":1000,"height":690,"url":"https:\/\/jornalfatosenoticias.com.br\/wp-content\/uploads\/2020\/09\/olimpiada-de-matematica.jpg","type":"image\/jpeg"}],"author":"Luzimara Fernandes","twitter_card":"summary_large_image","twitter_misc":{"Escrito por":"Luzimara Fernandes","Est. tempo de leitura":"2 minutos"},"schema":{"@context":"https:\/\/schema.org","@graph":[{"@type":"Article","@id":"https:\/\/jornalfatosenoticias.com.br\/index.php\/2020\/09\/30\/brasil-tem-resultado-historico-na-olimpiada-internacional-de-matematica\/#article","isPartOf":{"@id":"https:\/\/jornalfatosenoticias.com.br\/index.php\/2020\/09\/30\/brasil-tem-resultado-historico-na-olimpiada-internacional-de-matematica\/"},"author":{"name":"Luzimara Fernandes","@id":"https:\/\/jornalfatosenoticias.com.br\/#\/schema\/person\/d63837fa13ac8666eb9e74e0985d6f81"},"headline":"Brasil tem resultado hist\u00f3rico na Olimp\u00edada Internacional de Matem\u00e1tica","datePublished":"2020-09-30T13:35:44+00:00","dateModified":"2020-09-30T13:35:48+00:00","mainEntityOfPage":{"@id":"https:\/\/jornalfatosenoticias.com.br\/index.php\/2020\/09\/30\/brasil-tem-resultado-historico-na-olimpiada-internacional-de-matematica\/"},"wordCount":321,"commentCount":0,"publisher":{"@id":"https:\/\/jornalfatosenoticias.com.br\/#organization"},"image":{"@id":"https:\/\/jornalfatosenoticias.com.br\/index.php\/2020\/09\/30\/brasil-tem-resultado-historico-na-olimpiada-internacional-de-matematica\/#primaryimage"},"thumbnailUrl":"https:\/\/jornalfatosenoticias.com.br\/wp-content\/uploads\/2020\/09\/olimpiada-de-matematica.jpg","keywords":["Brasil","destaque","Olimp\u00edada Internacional de Matem\u00e1tica"],"articleSection":["Educa\u00e7\u00e3o"],"inLanguage":"pt-BR","potentialAction":[{"@type":"CommentAction","name":"Comment","target":["https:\/\/jornalfatosenoticias.com.br\/index.php\/2020\/09\/30\/brasil-tem-resultado-historico-na-olimpiada-internacional-de-matematica\/#respond"]}]},{"@type":"WebPage","@id":"https:\/\/jornalfatosenoticias.com.br\/index.php\/2020\/09\/30\/brasil-tem-resultado-historico-na-olimpiada-internacional-de-matematica\/","url":"https:\/\/jornalfatosenoticias.com.br\/index.php\/2020\/09\/30\/brasil-tem-resultado-historico-na-olimpiada-internacional-de-matematica\/","name":"Brasil tem resultado hist\u00f3rico na Olimp\u00edada Internacional de Matem\u00e1tica - Jornal Fatos e Not\u00edcias","isPartOf":{"@id":"https:\/\/jornalfatosenoticias.com.br\/#website"},"primaryImageOfPage":{"@id":"https:\/\/jornalfatosenoticias.com.br\/index.php\/2020\/09\/30\/brasil-tem-resultado-historico-na-olimpiada-internacional-de-matematica\/#primaryimage"},"image":{"@id":"https:\/\/jornalfatosenoticias.com.br\/index.php\/2020\/09\/30\/brasil-tem-resultado-historico-na-olimpiada-internacional-de-matematica\/#primaryimage"},"thumbnailUrl":"https:\/\/jornalfatosenoticias.com.br\/wp-content\/uploads\/2020\/09\/olimpiada-de-matematica.jpg","datePublished":"2020-09-30T13:35:44+00:00","dateModified":"2020-09-30T13:35:48+00:00","breadcrumb":{"@id":"https:\/\/jornalfatosenoticias.com.br\/index.php\/2020\/09\/30\/brasil-tem-resultado-historico-na-olimpiada-internacional-de-matematica\/#breadcrumb"},"inLanguage":"pt-BR","potentialAction":[{"@type":"ReadAction","target":["https:\/\/jornalfatosenoticias.com.br\/index.php\/2020\/09\/30\/brasil-tem-resultado-historico-na-olimpiada-internacional-de-matematica\/"]}]},{"@type":"ImageObject","inLanguage":"pt-BR","@id":"https:\/\/jornalfatosenoticias.com.br\/index.php\/2020\/09\/30\/brasil-tem-resultado-historico-na-olimpiada-internacional-de-matematica\/#primaryimage","url":"https:\/\/jornalfatosenoticias.com.br\/wp-content\/uploads\/2020\/09\/olimpiada-de-matematica.jpg","contentUrl":"https:\/\/jornalfatosenoticias.com.br\/wp-content\/uploads\/2020\/09\/olimpiada-de-matematica.jpg","width":1000,"height":690},{"@type":"BreadcrumbList","@id":"https:\/\/jornalfatosenoticias.com.br\/index.php\/2020\/09\/30\/brasil-tem-resultado-historico-na-olimpiada-internacional-de-matematica\/#breadcrumb","itemListElement":[{"@type":"ListItem","position":1,"name":"In\u00edcio","item":"https:\/\/jornalfatosenoticias.com.br\/"},{"@type":"ListItem","position":2,"name":"Brasil tem resultado hist\u00f3rico na Olimp\u00edada Internacional de Matem\u00e1tica"}]},{"@type":"WebSite","@id":"https:\/\/jornalfatosenoticias.com.br\/#website","url":"https:\/\/jornalfatosenoticias.com.br\/","name":"Jornal Fatos e Not\u00edcias","description":"Not\u00edcias em geral","publisher":{"@id":"https:\/\/jornalfatosenoticias.com.br\/#organization"},"potentialAction":[{"@type":"SearchAction","target":{"@type":"EntryPoint","urlTemplate":"https:\/\/jornalfatosenoticias.com.br\/?s={search_term_string}"},"query-input":{"@type":"PropertyValueSpecification","valueRequired":true,"valueName":"search_term_string"}}],"inLanguage":"pt-BR"},{"@type":"Organization","@id":"https:\/\/jornalfatosenoticias.com.br\/#organization","name":"Jornal Fatos e Not\u00edcias","url":"https:\/\/jornalfatosenoticias.com.br\/","logo":{"@type":"ImageObject","inLanguage":"pt-BR","@id":"https:\/\/jornalfatosenoticias.com.br\/#\/schema\/logo\/image\/","url":"https:\/\/jornalfatosenoticias.com.br\/wp-content\/uploads\/2020\/02\/logo120.png","contentUrl":"https:\/\/jornalfatosenoticias.com.br\/wp-content\/uploads\/2020\/02\/logo120.png","width":1227,"height":120,"caption":"Jornal Fatos e Not\u00edcias"},"image":{"@id":"https:\/\/jornalfatosenoticias.com.br\/#\/schema\/logo\/image\/"}},{"@type":"Person","@id":"https:\/\/jornalfatosenoticias.com.br\/#\/schema\/person\/d63837fa13ac8666eb9e74e0985d6f81","name":"Luzimara Fernandes","image":{"@type":"ImageObject","inLanguage":"pt-BR","@id":"https:\/\/jornalfatosenoticias.com.br\/#\/schema\/person\/image\/","url":"https:\/\/jornalfatosenoticias.com.br\/wp-content\/uploads\/2025\/05\/EU_portal.jpg","contentUrl":"https:\/\/jornalfatosenoticias.com.br\/wp-content\/uploads\/2025\/05\/EU_portal.jpg","caption":"Luzimara Fernandes"},"description":"Jornalista MTB 2358-ES","sameAs":["https:\/\/jornalfatosenoticias.com.br"],"url":"https:\/\/jornalfatosenoticias.com.br\/index.php\/author\/luzimara\/"}]}},"cc_featured_image_caption":{"caption_text":"(Foto: Impa)","source_text":"","source_url":""},"jetpack_featured_media_url":"https:\/\/jornalfatosenoticias.com.br\/wp-content\/uploads\/2020\/09\/olimpiada-de-matematica.jpg","_links":{"self":[{"href":"https:\/\/jornalfatosenoticias.com.br\/index.php\/wp-json\/wp\/v2\/posts\/9463","targetHints":{"allow":["GET"]}}],"collection":[{"href":"https:\/\/jornalfatosenoticias.com.br\/index.php\/wp-json\/wp\/v2\/posts"}],"about":[{"href":"https:\/\/jornalfatosenoticias.com.br\/index.php\/wp-json\/wp\/v2\/types\/post"}],"author":[{"embeddable":true,"href":"https:\/\/jornalfatosenoticias.com.br\/index.php\/wp-json\/wp\/v2\/users\/2"}],"replies":[{"embeddable":true,"href":"https:\/\/jornalfatosenoticias.com.br\/index.php\/wp-json\/wp\/v2\/comments?post=9463"}],"version-history":[{"count":0,"href":"https:\/\/jornalfatosenoticias.com.br\/index.php\/wp-json\/wp\/v2\/posts\/9463\/revisions"}],"wp:featuredmedia":[{"embeddable":true,"href":"https:\/\/jornalfatosenoticias.com.br\/index.php\/wp-json\/wp\/v2\/media\/9464"}],"wp:attachment":[{"href":"https:\/\/jornalfatosenoticias.com.br\/index.php\/wp-json\/wp\/v2\/media?parent=9463"}],"wp:term":[{"taxonomy":"category","embeddable":true,"href":"https:\/\/jornalfatosenoticias.com.br\/index.php\/wp-json\/wp\/v2\/categories?post=9463"},{"taxonomy":"post_tag","embeddable":true,"href":"https:\/\/jornalfatosenoticias.com.br\/index.php\/wp-json\/wp\/v2\/tags?post=9463"}],"curies":[{"name":"wp","href":"https:\/\/api.w.org\/{rel}","templated":true}]}}