{"id":9486,"date":"2020-09-30T14:01:33","date_gmt":"2020-09-30T17:01:33","guid":{"rendered":"https:\/\/jornalfatosenoticias.com.br\/?p=9486"},"modified":"2020-09-30T14:01:35","modified_gmt":"2020-09-30T17:01:35","slug":"justica-suspende-decisao-do-conama-que-ameaca-restingas-e-manguezais","status":"publish","type":"post","link":"https:\/\/jornalfatosenoticias.com.br\/index.php\/2020\/09\/30\/justica-suspende-decisao-do-conama-que-ameaca-restingas-e-manguezais\/","title":{"rendered":"Justi\u00e7a suspende decis\u00e3o do Conama que amea\u00e7a restingas e manguezais"},"content":{"rendered":"\n<h6 class=\"wp-block-heading\"><em>A decis\u00e3o foi movida por a\u00e7\u00e3o popular. Parecer de ju\u00edza federal destacou o risco de danos irrecuper\u00e1veis ao meio ambiente<\/em><\/h6>\n\n\n\n<p>A Justi\u00e7a Federal do Rio de Janeiro suspendeu, na noite de ontem (29), a 135\u00aa reuni\u00e3o do Conselho Nacional do Meio Ambiente (Conama) que revogou duas resolu\u00e7\u00f5es que delimitavam faixas de prote\u00e7\u00e3o permanente em \u00e1reas de vegeta\u00e7\u00e3o do litoral brasileiro e ao redor de represas. A liminar foi deferida pela ju\u00edza Maria Am\u00e9lia Almeida Senos de Carvalho, da 23\u00aa Vara Federal, em a\u00e7\u00e3o popular.<br>Na decis\u00e3o ela destaca o \u201cevidente risco de danos irrecuper\u00e1veis ao meio ambiente\u201d, caso as decis\u00f5es do Conama sejam mantidas. As normas revogadas fixam par\u00e2metros de prote\u00e7\u00e3o para \u00c1reas de Preserva\u00e7\u00e3o Permanente, tais como restingas, manguezais e outros ecossistemas sens\u00edveis, com o objetivo de impedir a ocupa\u00e7\u00e3o e o desmatamento. As regras valiam desde 2002.<br>Em nota, a Advocacia-Geral da Uni\u00e3o informou que adotar\u00e1 as medidas processuais cab\u00edveis assim que for notificada.<br>A revoga\u00e7\u00e3o foi aprovada na reuni\u00e3o da \u00faltima segunda-feira (28) por maioria, com o voto favor\u00e1vel dos oito representantes do governo federal no Conama, que \u00e9 presidido pelo ministro do Meio Ambiente, Ricardo Salles. Para isso foi apresentado um parecer jur\u00eddico do Minist\u00e9rio do Meio Ambiente, segundo o qual as normas se tornaram incompat\u00edveis com a legisla\u00e7\u00e3o ambiental aprovada posteriormente, em especial com o C\u00f3digo Florestal.<\/p>\n\n\n\n<figure class=\"wp-block-image size-large\"><img loading=\"lazy\" decoding=\"async\" width=\"1000\" height=\"666\" src=\"https:\/\/jornalfatosenoticias.com.br\/wp-content\/uploads\/2020\/09\/passaro.jpg\" alt=\"\" class=\"wp-image-9487\" srcset=\"https:\/\/jornalfatosenoticias.com.br\/wp-content\/uploads\/2020\/09\/passaro.jpg 1000w, https:\/\/jornalfatosenoticias.com.br\/wp-content\/uploads\/2020\/09\/passaro-300x200.jpg 300w, https:\/\/jornalfatosenoticias.com.br\/wp-content\/uploads\/2020\/09\/passaro-768x511.jpg 768w\" sizes=\"auto, (max-width: 1000px) 100vw, 1000px\" \/><figcaption><em>(Foto: Drakuliren\/iStock)<\/em><\/figcaption><\/figure>\n\n\n\n<p>Para os autores da a\u00e7\u00e3o, entretanto, \u201ca revoga\u00e7\u00e3o de tais normas viola o direito constitucional a um meio ambiente ecologicamente equilibrado\u201d.<br>Representantes de entidades ambientalistas com assento no Conama votaram contra a revoga\u00e7\u00e3o das resolu\u00e7\u00f5es por entender n\u00e3o ter havido discuss\u00e3o adequada diante do regime de urg\u00eancia em que foi realizada a vota\u00e7\u00e3o. Sem direito a voto, a representante do Minist\u00e9rio P\u00fablico Federal (MPF) no Conama, a procuradora da Rep\u00fablica F\u00e1tima Borghi, disse que o \u00f3rg\u00e3o tamb\u00e9m acionaria a Justi\u00e7a contra as revoga\u00e7\u00f5es e ressaltou que o processo adotado pelo Conama e as mudan\u00e7as feitas s\u00e3o inconstitucionais.<br>Na mesma reuni\u00e3o, o Conama tamb\u00e9m revogou uma terceira resolu\u00e7\u00e3o que discriminava os projetos de irriga\u00e7\u00e3o em tr\u00eas categorias e exigia o licenciamento ambiental para tais empreendimentos. O \u00f3rg\u00e3o ainda aprovou uma nova resolu\u00e7\u00e3o para permitir e regulamentar a queima de diversos tipos de res\u00edduos em fornos de produ\u00e7\u00e3o de cimento, no chamado coprocessamento.<br>O Conama \u00e9 o \u00f3rg\u00e3o consultivo oficial do Sistema Nacional do Meio Ambiente e respons\u00e1vel, entre outros, por estabelecer normas e crit\u00e9rios para licenciamento ambiental e para o controle e a manuten\u00e7\u00e3o da qualidade do meio ambiente.<\/p>\n\n\n\n<figure class=\"wp-block-image size-large\"><img loading=\"lazy\" decoding=\"async\" width=\"1000\" height=\"590\" src=\"https:\/\/jornalfatosenoticias.com.br\/wp-content\/uploads\/2020\/09\/Restinga_Praia_Grande_Fundao.jpg\" alt=\"\" class=\"wp-image-9488\" srcset=\"https:\/\/jornalfatosenoticias.com.br\/wp-content\/uploads\/2020\/09\/Restinga_Praia_Grande_Fundao.jpg 1000w, https:\/\/jornalfatosenoticias.com.br\/wp-content\/uploads\/2020\/09\/Restinga_Praia_Grande_Fundao-300x177.jpg 300w, https:\/\/jornalfatosenoticias.com.br\/wp-content\/uploads\/2020\/09\/Restinga_Praia_Grande_Fundao-768x453.jpg 768w\" sizes=\"auto, (max-width: 1000px) 100vw, 1000px\" \/><figcaption><em>Vegeta\u00e7\u00e3o de restinga em Praia Grande, Fund\u00e3o (Foto: <a href=\"https:\/\/commons.wikimedia.org\/wiki\/File:Restinga_Praia_Grande_Fund%C3%A3o.JPG\" target=\"_blank\" rel=\"noreferrer noopener\">Denis Rizzoli<\/a>\/CC 3.0)<\/em><\/figcaption><\/figure>\n\n\n\n<p>No ano passado, o governo reduziu a composi\u00e7\u00e3o do Conama de 96 para 23 integrantes, dentre os quais dez s\u00e3o representantes fixos do governo federal e 13 s\u00e3o representantes rotativos que s\u00e3o sorteados \u2014 cinco de estados, dois de munic\u00edpios, dois do setor empresarial e quatro de entidades ambientalistas.<\/p>\n\n\n\n<p><strong><em>Fonte: <a href=\"https:\/\/ciclovivo.com.br\/planeta\/meio-ambiente\/justica-suspende-conama-restingas-e-manguezais\/\">CicloVivo<\/a><\/em><\/strong><\/p>\n","protected":false},"excerpt":{"rendered":"<p>A decis\u00e3o foi movida por a\u00e7\u00e3o popular. Parecer de ju\u00edza federal destacou o risco de danos irrecuper\u00e1veis ao meio ambiente A Justi\u00e7a Federal do Rio de Janeiro suspendeu, na noite de ontem (29), a 135\u00aa reuni\u00e3o do Conselho Nacional do Meio Ambiente (Conama) que revogou duas resolu\u00e7\u00f5es que delimitavam faixas de prote\u00e7\u00e3o permanente em \u00e1reas [&hellip;]<\/p>\n","protected":false},"author":2,"featured_media":9489,"comment_status":"open","ping_status":"open","sticky":false,"template":"","format":"standard","meta":{"footnotes":""},"categories":[8],"tags":[5159,5174,5175,5176,5177],"class_list":["post-9486","post","type-post","status-publish","format-standard","has-post-thumbnail","hentry","category-meio-ambiente","tag-ameaca","tag-conama","tag-decisao","tag-manguezais","tag-restinga"],"yoast_head":"<!-- This site is optimized with the Yoast SEO plugin v26.5 - https:\/\/yoast.com\/wordpress\/plugins\/seo\/ -->\n<title>Justi\u00e7a suspende decis\u00e3o do Conama que amea\u00e7a restingas e manguezais - Jornal Fatos e Not\u00edcias<\/title>\n<meta name=\"robots\" content=\"index, follow, max-snippet:-1, max-image-preview:large, max-video-preview:-1\" \/>\n<link rel=\"canonical\" href=\"https:\/\/jornalfatosenoticias.com.br\/index.php\/2020\/09\/30\/justica-suspende-decisao-do-conama-que-ameaca-restingas-e-manguezais\/\" \/>\n<meta property=\"og:locale\" content=\"pt_BR\" \/>\n<meta property=\"og:type\" content=\"article\" \/>\n<meta property=\"og:title\" content=\"Justi\u00e7a suspende decis\u00e3o do Conama que amea\u00e7a restingas e manguezais - Jornal Fatos e Not\u00edcias\" \/>\n<meta property=\"og:description\" content=\"A decis\u00e3o foi movida por a\u00e7\u00e3o popular. Parecer de ju\u00edza federal destacou o risco de danos irrecuper\u00e1veis ao meio ambiente A Justi\u00e7a Federal do Rio de Janeiro suspendeu, na noite de ontem (29), a 135\u00aa reuni\u00e3o do Conselho Nacional do Meio Ambiente (Conama) que revogou duas resolu\u00e7\u00f5es que delimitavam faixas de prote\u00e7\u00e3o permanente em \u00e1reas [&hellip;]\" \/>\n<meta property=\"og:url\" content=\"https:\/\/jornalfatosenoticias.com.br\/index.php\/2020\/09\/30\/justica-suspende-decisao-do-conama-que-ameaca-restingas-e-manguezais\/\" \/>\n<meta property=\"og:site_name\" content=\"Jornal Fatos e Not\u00edcias\" \/>\n<meta property=\"article:published_time\" content=\"2020-09-30T17:01:33+00:00\" \/>\n<meta property=\"article:modified_time\" content=\"2020-09-30T17:01:35+00:00\" \/>\n<meta property=\"og:image\" content=\"https:\/\/jornalfatosenoticias.com.br\/wp-content\/uploads\/2020\/09\/Mangue_iStock.jpg\" \/>\n\t<meta property=\"og:image:width\" content=\"1000\" \/>\n\t<meta property=\"og:image:height\" content=\"664\" \/>\n\t<meta property=\"og:image:type\" content=\"image\/jpeg\" \/>\n<meta name=\"author\" content=\"Luzimara Fernandes\" \/>\n<meta name=\"twitter:card\" content=\"summary_large_image\" \/>\n<meta name=\"twitter:label1\" content=\"Escrito por\" \/>\n\t<meta name=\"twitter:data1\" content=\"Luzimara Fernandes\" \/>\n\t<meta name=\"twitter:label2\" content=\"Est. tempo de leitura\" \/>\n\t<meta name=\"twitter:data2\" content=\"3 minutos\" \/>\n<script type=\"application\/ld+json\" class=\"yoast-schema-graph\">{\"@context\":\"https:\/\/schema.org\",\"@graph\":[{\"@type\":\"Article\",\"@id\":\"https:\/\/jornalfatosenoticias.com.br\/index.php\/2020\/09\/30\/justica-suspende-decisao-do-conama-que-ameaca-restingas-e-manguezais\/#article\",\"isPartOf\":{\"@id\":\"https:\/\/jornalfatosenoticias.com.br\/index.php\/2020\/09\/30\/justica-suspende-decisao-do-conama-que-ameaca-restingas-e-manguezais\/\"},\"author\":{\"name\":\"Luzimara Fernandes\",\"@id\":\"https:\/\/jornalfatosenoticias.com.br\/#\/schema\/person\/d63837fa13ac8666eb9e74e0985d6f81\"},\"headline\":\"Justi\u00e7a suspende decis\u00e3o do Conama que amea\u00e7a restingas e manguezais\",\"datePublished\":\"2020-09-30T17:01:33+00:00\",\"dateModified\":\"2020-09-30T17:01:35+00:00\",\"mainEntityOfPage\":{\"@id\":\"https:\/\/jornalfatosenoticias.com.br\/index.php\/2020\/09\/30\/justica-suspende-decisao-do-conama-que-ameaca-restingas-e-manguezais\/\"},\"wordCount\":545,\"commentCount\":0,\"publisher\":{\"@id\":\"https:\/\/jornalfatosenoticias.com.br\/#organization\"},\"image\":{\"@id\":\"https:\/\/jornalfatosenoticias.com.br\/index.php\/2020\/09\/30\/justica-suspende-decisao-do-conama-que-ameaca-restingas-e-manguezais\/#primaryimage\"},\"thumbnailUrl\":\"https:\/\/jornalfatosenoticias.com.br\/wp-content\/uploads\/2020\/09\/Mangue_iStock.jpg\",\"keywords\":[\"amea\u00e7a\",\"Conama\",\"decis\u00e3o\",\"manguezais\",\"restinga\"],\"articleSection\":[\"Meio ambiente\"],\"inLanguage\":\"pt-BR\",\"potentialAction\":[{\"@type\":\"CommentAction\",\"name\":\"Comment\",\"target\":[\"https:\/\/jornalfatosenoticias.com.br\/index.php\/2020\/09\/30\/justica-suspende-decisao-do-conama-que-ameaca-restingas-e-manguezais\/#respond\"]}]},{\"@type\":\"WebPage\",\"@id\":\"https:\/\/jornalfatosenoticias.com.br\/index.php\/2020\/09\/30\/justica-suspende-decisao-do-conama-que-ameaca-restingas-e-manguezais\/\",\"url\":\"https:\/\/jornalfatosenoticias.com.br\/index.php\/2020\/09\/30\/justica-suspende-decisao-do-conama-que-ameaca-restingas-e-manguezais\/\",\"name\":\"Justi\u00e7a suspende decis\u00e3o do Conama que amea\u00e7a restingas e manguezais - Jornal Fatos e Not\u00edcias\",\"isPartOf\":{\"@id\":\"https:\/\/jornalfatosenoticias.com.br\/#website\"},\"primaryImageOfPage\":{\"@id\":\"https:\/\/jornalfatosenoticias.com.br\/index.php\/2020\/09\/30\/justica-suspende-decisao-do-conama-que-ameaca-restingas-e-manguezais\/#primaryimage\"},\"image\":{\"@id\":\"https:\/\/jornalfatosenoticias.com.br\/index.php\/2020\/09\/30\/justica-suspende-decisao-do-conama-que-ameaca-restingas-e-manguezais\/#primaryimage\"},\"thumbnailUrl\":\"https:\/\/jornalfatosenoticias.com.br\/wp-content\/uploads\/2020\/09\/Mangue_iStock.jpg\",\"datePublished\":\"2020-09-30T17:01:33+00:00\",\"dateModified\":\"2020-09-30T17:01:35+00:00\",\"breadcrumb\":{\"@id\":\"https:\/\/jornalfatosenoticias.com.br\/index.php\/2020\/09\/30\/justica-suspende-decisao-do-conama-que-ameaca-restingas-e-manguezais\/#breadcrumb\"},\"inLanguage\":\"pt-BR\",\"potentialAction\":[{\"@type\":\"ReadAction\",\"target\":[\"https:\/\/jornalfatosenoticias.com.br\/index.php\/2020\/09\/30\/justica-suspende-decisao-do-conama-que-ameaca-restingas-e-manguezais\/\"]}]},{\"@type\":\"ImageObject\",\"inLanguage\":\"pt-BR\",\"@id\":\"https:\/\/jornalfatosenoticias.com.br\/index.php\/2020\/09\/30\/justica-suspende-decisao-do-conama-que-ameaca-restingas-e-manguezais\/#primaryimage\",\"url\":\"https:\/\/jornalfatosenoticias.com.br\/wp-content\/uploads\/2020\/09\/Mangue_iStock.jpg\",\"contentUrl\":\"https:\/\/jornalfatosenoticias.com.br\/wp-content\/uploads\/2020\/09\/Mangue_iStock.jpg\",\"width\":1000,\"height\":664},{\"@type\":\"BreadcrumbList\",\"@id\":\"https:\/\/jornalfatosenoticias.com.br\/index.php\/2020\/09\/30\/justica-suspende-decisao-do-conama-que-ameaca-restingas-e-manguezais\/#breadcrumb\",\"itemListElement\":[{\"@type\":\"ListItem\",\"position\":1,\"name\":\"In\u00edcio\",\"item\":\"https:\/\/jornalfatosenoticias.com.br\/\"},{\"@type\":\"ListItem\",\"position\":2,\"name\":\"Justi\u00e7a suspende decis\u00e3o do Conama que amea\u00e7a restingas e manguezais\"}]},{\"@type\":\"WebSite\",\"@id\":\"https:\/\/jornalfatosenoticias.com.br\/#website\",\"url\":\"https:\/\/jornalfatosenoticias.com.br\/\",\"name\":\"Jornal Fatos e Not\u00edcias\",\"description\":\"Not\u00edcias em geral\",\"publisher\":{\"@id\":\"https:\/\/jornalfatosenoticias.com.br\/#organization\"},\"potentialAction\":[{\"@type\":\"SearchAction\",\"target\":{\"@type\":\"EntryPoint\",\"urlTemplate\":\"https:\/\/jornalfatosenoticias.com.br\/?s={search_term_string}\"},\"query-input\":{\"@type\":\"PropertyValueSpecification\",\"valueRequired\":true,\"valueName\":\"search_term_string\"}}],\"inLanguage\":\"pt-BR\"},{\"@type\":\"Organization\",\"@id\":\"https:\/\/jornalfatosenoticias.com.br\/#organization\",\"name\":\"Jornal Fatos e Not\u00edcias\",\"url\":\"https:\/\/jornalfatosenoticias.com.br\/\",\"logo\":{\"@type\":\"ImageObject\",\"inLanguage\":\"pt-BR\",\"@id\":\"https:\/\/jornalfatosenoticias.com.br\/#\/schema\/logo\/image\/\",\"url\":\"https:\/\/jornalfatosenoticias.com.br\/wp-content\/uploads\/2020\/02\/logo120.png\",\"contentUrl\":\"https:\/\/jornalfatosenoticias.com.br\/wp-content\/uploads\/2020\/02\/logo120.png\",\"width\":1227,\"height\":120,\"caption\":\"Jornal Fatos e Not\u00edcias\"},\"image\":{\"@id\":\"https:\/\/jornalfatosenoticias.com.br\/#\/schema\/logo\/image\/\"}},{\"@type\":\"Person\",\"@id\":\"https:\/\/jornalfatosenoticias.com.br\/#\/schema\/person\/d63837fa13ac8666eb9e74e0985d6f81\",\"name\":\"Luzimara Fernandes\",\"image\":{\"@type\":\"ImageObject\",\"inLanguage\":\"pt-BR\",\"@id\":\"https:\/\/jornalfatosenoticias.com.br\/#\/schema\/person\/image\/\",\"url\":\"https:\/\/jornalfatosenoticias.com.br\/wp-content\/uploads\/2025\/05\/EU_portal.jpg\",\"contentUrl\":\"https:\/\/jornalfatosenoticias.com.br\/wp-content\/uploads\/2025\/05\/EU_portal.jpg\",\"caption\":\"Luzimara Fernandes\"},\"description\":\"Jornalista MTB 2358-ES\",\"sameAs\":[\"https:\/\/jornalfatosenoticias.com.br\"],\"url\":\"https:\/\/jornalfatosenoticias.com.br\/index.php\/author\/luzimara\/\"}]}<\/script>\n<!-- \/ Yoast SEO plugin. -->","yoast_head_json":{"title":"Justi\u00e7a suspende decis\u00e3o do Conama que amea\u00e7a restingas e manguezais - Jornal Fatos e Not\u00edcias","robots":{"index":"index","follow":"follow","max-snippet":"max-snippet:-1","max-image-preview":"max-image-preview:large","max-video-preview":"max-video-preview:-1"},"canonical":"https:\/\/jornalfatosenoticias.com.br\/index.php\/2020\/09\/30\/justica-suspende-decisao-do-conama-que-ameaca-restingas-e-manguezais\/","og_locale":"pt_BR","og_type":"article","og_title":"Justi\u00e7a suspende decis\u00e3o do Conama que amea\u00e7a restingas e manguezais - Jornal Fatos e Not\u00edcias","og_description":"A decis\u00e3o foi movida por a\u00e7\u00e3o popular. Parecer de ju\u00edza federal destacou o risco de danos irrecuper\u00e1veis ao meio ambiente A Justi\u00e7a Federal do Rio de Janeiro suspendeu, na noite de ontem (29), a 135\u00aa reuni\u00e3o do Conselho Nacional do Meio Ambiente (Conama) que revogou duas resolu\u00e7\u00f5es que delimitavam faixas de prote\u00e7\u00e3o permanente em \u00e1reas [&hellip;]","og_url":"https:\/\/jornalfatosenoticias.com.br\/index.php\/2020\/09\/30\/justica-suspende-decisao-do-conama-que-ameaca-restingas-e-manguezais\/","og_site_name":"Jornal Fatos e Not\u00edcias","article_published_time":"2020-09-30T17:01:33+00:00","article_modified_time":"2020-09-30T17:01:35+00:00","og_image":[{"width":1000,"height":664,"url":"https:\/\/jornalfatosenoticias.com.br\/wp-content\/uploads\/2020\/09\/Mangue_iStock.jpg","type":"image\/jpeg"}],"author":"Luzimara Fernandes","twitter_card":"summary_large_image","twitter_misc":{"Escrito por":"Luzimara Fernandes","Est. tempo de leitura":"3 minutos"},"schema":{"@context":"https:\/\/schema.org","@graph":[{"@type":"Article","@id":"https:\/\/jornalfatosenoticias.com.br\/index.php\/2020\/09\/30\/justica-suspende-decisao-do-conama-que-ameaca-restingas-e-manguezais\/#article","isPartOf":{"@id":"https:\/\/jornalfatosenoticias.com.br\/index.php\/2020\/09\/30\/justica-suspende-decisao-do-conama-que-ameaca-restingas-e-manguezais\/"},"author":{"name":"Luzimara Fernandes","@id":"https:\/\/jornalfatosenoticias.com.br\/#\/schema\/person\/d63837fa13ac8666eb9e74e0985d6f81"},"headline":"Justi\u00e7a suspende decis\u00e3o do Conama que amea\u00e7a restingas e manguezais","datePublished":"2020-09-30T17:01:33+00:00","dateModified":"2020-09-30T17:01:35+00:00","mainEntityOfPage":{"@id":"https:\/\/jornalfatosenoticias.com.br\/index.php\/2020\/09\/30\/justica-suspende-decisao-do-conama-que-ameaca-restingas-e-manguezais\/"},"wordCount":545,"commentCount":0,"publisher":{"@id":"https:\/\/jornalfatosenoticias.com.br\/#organization"},"image":{"@id":"https:\/\/jornalfatosenoticias.com.br\/index.php\/2020\/09\/30\/justica-suspende-decisao-do-conama-que-ameaca-restingas-e-manguezais\/#primaryimage"},"thumbnailUrl":"https:\/\/jornalfatosenoticias.com.br\/wp-content\/uploads\/2020\/09\/Mangue_iStock.jpg","keywords":["amea\u00e7a","Conama","decis\u00e3o","manguezais","restinga"],"articleSection":["Meio ambiente"],"inLanguage":"pt-BR","potentialAction":[{"@type":"CommentAction","name":"Comment","target":["https:\/\/jornalfatosenoticias.com.br\/index.php\/2020\/09\/30\/justica-suspende-decisao-do-conama-que-ameaca-restingas-e-manguezais\/#respond"]}]},{"@type":"WebPage","@id":"https:\/\/jornalfatosenoticias.com.br\/index.php\/2020\/09\/30\/justica-suspende-decisao-do-conama-que-ameaca-restingas-e-manguezais\/","url":"https:\/\/jornalfatosenoticias.com.br\/index.php\/2020\/09\/30\/justica-suspende-decisao-do-conama-que-ameaca-restingas-e-manguezais\/","name":"Justi\u00e7a suspende decis\u00e3o do Conama que amea\u00e7a restingas e manguezais - Jornal Fatos e Not\u00edcias","isPartOf":{"@id":"https:\/\/jornalfatosenoticias.com.br\/#website"},"primaryImageOfPage":{"@id":"https:\/\/jornalfatosenoticias.com.br\/index.php\/2020\/09\/30\/justica-suspende-decisao-do-conama-que-ameaca-restingas-e-manguezais\/#primaryimage"},"image":{"@id":"https:\/\/jornalfatosenoticias.com.br\/index.php\/2020\/09\/30\/justica-suspende-decisao-do-conama-que-ameaca-restingas-e-manguezais\/#primaryimage"},"thumbnailUrl":"https:\/\/jornalfatosenoticias.com.br\/wp-content\/uploads\/2020\/09\/Mangue_iStock.jpg","datePublished":"2020-09-30T17:01:33+00:00","dateModified":"2020-09-30T17:01:35+00:00","breadcrumb":{"@id":"https:\/\/jornalfatosenoticias.com.br\/index.php\/2020\/09\/30\/justica-suspende-decisao-do-conama-que-ameaca-restingas-e-manguezais\/#breadcrumb"},"inLanguage":"pt-BR","potentialAction":[{"@type":"ReadAction","target":["https:\/\/jornalfatosenoticias.com.br\/index.php\/2020\/09\/30\/justica-suspende-decisao-do-conama-que-ameaca-restingas-e-manguezais\/"]}]},{"@type":"ImageObject","inLanguage":"pt-BR","@id":"https:\/\/jornalfatosenoticias.com.br\/index.php\/2020\/09\/30\/justica-suspende-decisao-do-conama-que-ameaca-restingas-e-manguezais\/#primaryimage","url":"https:\/\/jornalfatosenoticias.com.br\/wp-content\/uploads\/2020\/09\/Mangue_iStock.jpg","contentUrl":"https:\/\/jornalfatosenoticias.com.br\/wp-content\/uploads\/2020\/09\/Mangue_iStock.jpg","width":1000,"height":664},{"@type":"BreadcrumbList","@id":"https:\/\/jornalfatosenoticias.com.br\/index.php\/2020\/09\/30\/justica-suspende-decisao-do-conama-que-ameaca-restingas-e-manguezais\/#breadcrumb","itemListElement":[{"@type":"ListItem","position":1,"name":"In\u00edcio","item":"https:\/\/jornalfatosenoticias.com.br\/"},{"@type":"ListItem","position":2,"name":"Justi\u00e7a suspende decis\u00e3o do Conama que amea\u00e7a restingas e manguezais"}]},{"@type":"WebSite","@id":"https:\/\/jornalfatosenoticias.com.br\/#website","url":"https:\/\/jornalfatosenoticias.com.br\/","name":"Jornal Fatos e Not\u00edcias","description":"Not\u00edcias em geral","publisher":{"@id":"https:\/\/jornalfatosenoticias.com.br\/#organization"},"potentialAction":[{"@type":"SearchAction","target":{"@type":"EntryPoint","urlTemplate":"https:\/\/jornalfatosenoticias.com.br\/?s={search_term_string}"},"query-input":{"@type":"PropertyValueSpecification","valueRequired":true,"valueName":"search_term_string"}}],"inLanguage":"pt-BR"},{"@type":"Organization","@id":"https:\/\/jornalfatosenoticias.com.br\/#organization","name":"Jornal Fatos e Not\u00edcias","url":"https:\/\/jornalfatosenoticias.com.br\/","logo":{"@type":"ImageObject","inLanguage":"pt-BR","@id":"https:\/\/jornalfatosenoticias.com.br\/#\/schema\/logo\/image\/","url":"https:\/\/jornalfatosenoticias.com.br\/wp-content\/uploads\/2020\/02\/logo120.png","contentUrl":"https:\/\/jornalfatosenoticias.com.br\/wp-content\/uploads\/2020\/02\/logo120.png","width":1227,"height":120,"caption":"Jornal Fatos e Not\u00edcias"},"image":{"@id":"https:\/\/jornalfatosenoticias.com.br\/#\/schema\/logo\/image\/"}},{"@type":"Person","@id":"https:\/\/jornalfatosenoticias.com.br\/#\/schema\/person\/d63837fa13ac8666eb9e74e0985d6f81","name":"Luzimara Fernandes","image":{"@type":"ImageObject","inLanguage":"pt-BR","@id":"https:\/\/jornalfatosenoticias.com.br\/#\/schema\/person\/image\/","url":"https:\/\/jornalfatosenoticias.com.br\/wp-content\/uploads\/2025\/05\/EU_portal.jpg","contentUrl":"https:\/\/jornalfatosenoticias.com.br\/wp-content\/uploads\/2025\/05\/EU_portal.jpg","caption":"Luzimara Fernandes"},"description":"Jornalista MTB 2358-ES","sameAs":["https:\/\/jornalfatosenoticias.com.br"],"url":"https:\/\/jornalfatosenoticias.com.br\/index.php\/author\/luzimara\/"}]}},"cc_featured_image_caption":{"caption_text":"Mangue (Foto: iStock) ","source_text":"","source_url":""},"jetpack_featured_media_url":"https:\/\/jornalfatosenoticias.com.br\/wp-content\/uploads\/2020\/09\/Mangue_iStock.jpg","_links":{"self":[{"href":"https:\/\/jornalfatosenoticias.com.br\/index.php\/wp-json\/wp\/v2\/posts\/9486","targetHints":{"allow":["GET"]}}],"collection":[{"href":"https:\/\/jornalfatosenoticias.com.br\/index.php\/wp-json\/wp\/v2\/posts"}],"about":[{"href":"https:\/\/jornalfatosenoticias.com.br\/index.php\/wp-json\/wp\/v2\/types\/post"}],"author":[{"embeddable":true,"href":"https:\/\/jornalfatosenoticias.com.br\/index.php\/wp-json\/wp\/v2\/users\/2"}],"replies":[{"embeddable":true,"href":"https:\/\/jornalfatosenoticias.com.br\/index.php\/wp-json\/wp\/v2\/comments?post=9486"}],"version-history":[{"count":0,"href":"https:\/\/jornalfatosenoticias.com.br\/index.php\/wp-json\/wp\/v2\/posts\/9486\/revisions"}],"wp:featuredmedia":[{"embeddable":true,"href":"https:\/\/jornalfatosenoticias.com.br\/index.php\/wp-json\/wp\/v2\/media\/9489"}],"wp:attachment":[{"href":"https:\/\/jornalfatosenoticias.com.br\/index.php\/wp-json\/wp\/v2\/media?parent=9486"}],"wp:term":[{"taxonomy":"category","embeddable":true,"href":"https:\/\/jornalfatosenoticias.com.br\/index.php\/wp-json\/wp\/v2\/categories?post=9486"},{"taxonomy":"post_tag","embeddable":true,"href":"https:\/\/jornalfatosenoticias.com.br\/index.php\/wp-json\/wp\/v2\/tags?post=9486"}],"curies":[{"name":"wp","href":"https:\/\/api.w.org\/{rel}","templated":true}]}}