{"id":9551,"date":"2020-10-02T17:26:59","date_gmt":"2020-10-02T20:26:59","guid":{"rendered":"https:\/\/jornalfatosenoticias.com.br\/?p=9551"},"modified":"2020-10-02T17:27:04","modified_gmt":"2020-10-02T20:27:04","slug":"dispositivo-vestivel-consegue-prever-convulsoes-epilepticas-2","status":"publish","type":"post","link":"https:\/\/jornalfatosenoticias.com.br\/index.php\/2020\/10\/02\/dispositivo-vestivel-consegue-prever-convulsoes-epilepticas-2\/","title":{"rendered":"Dispositivo vest\u00edvel consegue prever convuls\u00f5es epil\u00e9pticas"},"content":{"rendered":"\n<h6 class=\"wp-block-heading\"><em>Sistema baseado em algoritmos de aprendizado de m\u00e1quina analisa sinais do c\u00e9rebro para prever convuls\u00f5es futuras com at\u00e9 uma hora de anteced\u00eancia<\/em><\/h6>\n\n\n\n<p>Uma doen\u00e7a neural altamente invasiva, a epilepsia pode ser tamb\u00e9m debilitante. At\u00e9 30% dos pacientes n\u00e3o respondem adequadamente aos medicamentos antiepil\u00e9pticos e vivem sob o medo constante de convuls\u00f5es iminentes. Mas pesquisadores israelenses desenvolveram um dispositivo que pode alertar seu usu\u00e1rio sobre crises at\u00e9 uma hora antes de seu in\u00edcio.<br>O Epiness foi criado na Universidade Ben-Gurion de Negev (BGU) e usa aprendizado de m\u00e1quina para criar um algoritmo que alimenta um dispositivo vest\u00edvel. O sistema envia um alerta para o smartphone do usu\u00e1rio para ajudar a evitar les\u00f5es relacionadas \u00e0s convuls\u00f5es.<br>&#8220;As convuls\u00f5es epil\u00e9pticas exp\u00f5em os pacientes a v\u00e1rios riscos evit\u00e1veis, incluindo quedas, queimaduras e outros ferimentos&#8221;, explica Oren Shriki, pesquisador do Departamento de Ci\u00eancias Cognitivas e do C\u00e9rebro da BGU. &#8220;Infelizmente, atualmente n\u00e3o h\u00e1 dispositivos de previs\u00e3o de convuls\u00f5es que possam alertar os pacientes e permitir que eles se preparem \u2014 s\u00f3 alertas para crises em tempo real&#8221;, completa.<br>O Epiness \u00e9 baseado em uma combina\u00e7\u00e3o de monitoramento da atividade cerebral por meio de eletroencefalografia (EEG), junto com algoritmos propriet\u00e1rios de aprendizado de m\u00e1quina. O sistema \u00e9 projetado para filtrar ru\u00eddos n\u00e3o relacionados \u00e0 atividade cerebral, extrair medidas informativas da din\u00e2mica cerebral subjacente e distinguir entre a atividade cerebral antes de uma crise epil\u00e9ptica esperada e a atividade cerebral quando n\u00e3o se espera que ocorra uma convuls\u00e3o.<br>&#8220;Nossos algoritmos tamb\u00e9m permitem uma redu\u00e7\u00e3o significativa no n\u00famero de eletrodos de EEG necess\u00e1rios. O dispositivo que estamos desenvolvendo \u00e9 preciso e f\u00e1cil de usar. No momento, estamos desenvolvendo um prot\u00f3tipo que ser\u00e1 avaliado em ensaios cl\u00ednicos posteriormente neste ano&#8221;, conta Shriki.<\/p>\n\n\n\n<figure class=\"wp-block-image size-large\"><img loading=\"lazy\" decoding=\"async\" width=\"1000\" height=\"666\" src=\"https:\/\/jornalfatosenoticias.com.br\/wp-content\/uploads\/2020\/10\/cerebro_convulsoes2.jpg\" alt=\"\" class=\"wp-image-9552\" srcset=\"https:\/\/jornalfatosenoticias.com.br\/wp-content\/uploads\/2020\/10\/cerebro_convulsoes2.jpg 1000w, https:\/\/jornalfatosenoticias.com.br\/wp-content\/uploads\/2020\/10\/cerebro_convulsoes2-300x200.jpg 300w, https:\/\/jornalfatosenoticias.com.br\/wp-content\/uploads\/2020\/10\/cerebro_convulsoes2-768x511.jpg 768w\" sizes=\"auto, (max-width: 1000px) 100vw, 1000px\" \/><figcaption><em>Oren Shriki, pesquisador do Departamento de Ci\u00eancias Cognitivas e do C\u00e9rebro da Universidade Ben-Gurion (Foto: Dani Machlis\/BGU)<\/em><\/figcaption><\/figure>\n\n\n\n<p>O sistema foi licenciado para posterior desenvolvimento e comercializa\u00e7\u00e3o pela NeuroHelp, uma startup fundada pela BGN Technologies, a empresa de transfer\u00eancia de tecnologia da BGU. &#8220;Os dispositivos de alerta de convuls\u00f5es atuais podem detectar convuls\u00f5es enquanto elas acontecem, e a maioria delas depende de mudan\u00e7as no movimento, como espasmos musculares ou quedas. O Epiness \u00e9 o \u00fanico que pode prever uma convuls\u00e3o iminente e permitir que os pacientes e seus cuidadores tomem a\u00e7\u00f5es de precau\u00e7\u00e3o e preven\u00e7\u00e3o de les\u00f5es&#8221;, afirma Hadar Ron, presidente da NeuroHelp.<br>O algoritmo foi desenvolvido e testado usando dados de EEG de um grande conjunto de pessoas com epilepsia que foram monitoradas por v\u00e1rios dias antes da cirurgia. O melhor desempenho de predi\u00e7\u00e3o atingiu um n\u00edvel de 97% de acuracidade, com desempenho pr\u00f3ximo ao \u00f3timo mantido (95%) mesmo com poucos eletrodos.<\/p>\n\n\n\n<p><strong><em>Fonte: <a href=\"https:\/\/olhardigital.com.br\/noticia\/dispositivo-vestivel-consegue-prever-convulsoes-epilepticas\/107884\">Olhar Digital<\/a><\/em><\/strong><\/p>\n","protected":false},"excerpt":{"rendered":"<p>Sistema baseado em algoritmos de aprendizado de m\u00e1quina analisa sinais do c\u00e9rebro para prever convuls\u00f5es futuras com at\u00e9 uma hora de anteced\u00eancia Uma doen\u00e7a neural altamente invasiva, a epilepsia pode ser tamb\u00e9m debilitante. At\u00e9 30% dos pacientes n\u00e3o respondem adequadamente aos medicamentos antiepil\u00e9pticos e vivem sob o medo constante de convuls\u00f5es iminentes. Mas pesquisadores israelenses [&hellip;]<\/p>\n","protected":false},"author":2,"featured_media":9553,"comment_status":"open","ping_status":"open","sticky":false,"template":"","format":"standard","meta":{"footnotes":""},"categories":[11],"tags":[2336,2148,2888,74],"class_list":["post-9551","post","type-post","status-publish","format-standard","has-post-thumbnail","hentry","category-saude","tag-cerebro","tag-medicina","tag-neuronio","tag-saude"],"yoast_head":"<!-- This site is optimized with the Yoast SEO plugin v26.5 - https:\/\/yoast.com\/wordpress\/plugins\/seo\/ -->\n<title>Dispositivo vest\u00edvel consegue prever convuls\u00f5es epil\u00e9pticas - Jornal Fatos e Not\u00edcias<\/title>\n<meta name=\"robots\" content=\"index, follow, max-snippet:-1, max-image-preview:large, max-video-preview:-1\" \/>\n<link rel=\"canonical\" href=\"https:\/\/jornalfatosenoticias.com.br\/index.php\/2020\/10\/02\/dispositivo-vestivel-consegue-prever-convulsoes-epilepticas-2\/\" \/>\n<meta property=\"og:locale\" content=\"pt_BR\" \/>\n<meta property=\"og:type\" content=\"article\" \/>\n<meta property=\"og:title\" content=\"Dispositivo vest\u00edvel consegue prever convuls\u00f5es epil\u00e9pticas - Jornal Fatos e Not\u00edcias\" \/>\n<meta property=\"og:description\" content=\"Sistema baseado em algoritmos de aprendizado de m\u00e1quina analisa sinais do c\u00e9rebro para prever convuls\u00f5es futuras com at\u00e9 uma hora de anteced\u00eancia Uma doen\u00e7a neural altamente invasiva, a epilepsia pode ser tamb\u00e9m debilitante. At\u00e9 30% dos pacientes n\u00e3o respondem adequadamente aos medicamentos antiepil\u00e9pticos e vivem sob o medo constante de convuls\u00f5es iminentes. Mas pesquisadores israelenses [&hellip;]\" \/>\n<meta property=\"og:url\" content=\"https:\/\/jornalfatosenoticias.com.br\/index.php\/2020\/10\/02\/dispositivo-vestivel-consegue-prever-convulsoes-epilepticas-2\/\" \/>\n<meta property=\"og:site_name\" content=\"Jornal Fatos e Not\u00edcias\" \/>\n<meta property=\"article:published_time\" content=\"2020-10-02T20:26:59+00:00\" \/>\n<meta property=\"article:modified_time\" content=\"2020-10-02T20:27:04+00:00\" \/>\n<meta property=\"og:image\" content=\"https:\/\/jornalfatosenoticias.com.br\/wp-content\/uploads\/2020\/10\/cerebro_convulsoes.jpg\" \/>\n\t<meta property=\"og:image:width\" content=\"1000\" \/>\n\t<meta property=\"og:image:height\" content=\"561\" \/>\n\t<meta property=\"og:image:type\" content=\"image\/jpeg\" \/>\n<meta name=\"author\" content=\"Luzimara Fernandes\" \/>\n<meta name=\"twitter:card\" content=\"summary_large_image\" \/>\n<meta name=\"twitter:label1\" content=\"Escrito por\" \/>\n\t<meta name=\"twitter:data1\" content=\"Luzimara Fernandes\" \/>\n\t<meta name=\"twitter:label2\" content=\"Est. tempo de leitura\" \/>\n\t<meta name=\"twitter:data2\" content=\"2 minutos\" \/>\n<script type=\"application\/ld+json\" class=\"yoast-schema-graph\">{\"@context\":\"https:\/\/schema.org\",\"@graph\":[{\"@type\":\"Article\",\"@id\":\"https:\/\/jornalfatosenoticias.com.br\/index.php\/2020\/10\/02\/dispositivo-vestivel-consegue-prever-convulsoes-epilepticas-2\/#article\",\"isPartOf\":{\"@id\":\"https:\/\/jornalfatosenoticias.com.br\/index.php\/2020\/10\/02\/dispositivo-vestivel-consegue-prever-convulsoes-epilepticas-2\/\"},\"author\":{\"name\":\"Luzimara Fernandes\",\"@id\":\"https:\/\/jornalfatosenoticias.com.br\/#\/schema\/person\/d63837fa13ac8666eb9e74e0985d6f81\"},\"headline\":\"Dispositivo vest\u00edvel consegue prever convuls\u00f5es epil\u00e9pticas\",\"datePublished\":\"2020-10-02T20:26:59+00:00\",\"dateModified\":\"2020-10-02T20:27:04+00:00\",\"mainEntityOfPage\":{\"@id\":\"https:\/\/jornalfatosenoticias.com.br\/index.php\/2020\/10\/02\/dispositivo-vestivel-consegue-prever-convulsoes-epilepticas-2\/\"},\"wordCount\":497,\"commentCount\":0,\"publisher\":{\"@id\":\"https:\/\/jornalfatosenoticias.com.br\/#organization\"},\"image\":{\"@id\":\"https:\/\/jornalfatosenoticias.com.br\/index.php\/2020\/10\/02\/dispositivo-vestivel-consegue-prever-convulsoes-epilepticas-2\/#primaryimage\"},\"thumbnailUrl\":\"https:\/\/jornalfatosenoticias.com.br\/wp-content\/uploads\/2020\/10\/cerebro_convulsoes.jpg\",\"keywords\":[\"c\u00e9rebro\",\"medicina\",\"neur\u00f4nio\",\"sa\u00fade\"],\"articleSection\":[\"Sa\u00fade\"],\"inLanguage\":\"pt-BR\",\"potentialAction\":[{\"@type\":\"CommentAction\",\"name\":\"Comment\",\"target\":[\"https:\/\/jornalfatosenoticias.com.br\/index.php\/2020\/10\/02\/dispositivo-vestivel-consegue-prever-convulsoes-epilepticas-2\/#respond\"]}]},{\"@type\":\"WebPage\",\"@id\":\"https:\/\/jornalfatosenoticias.com.br\/index.php\/2020\/10\/02\/dispositivo-vestivel-consegue-prever-convulsoes-epilepticas-2\/\",\"url\":\"https:\/\/jornalfatosenoticias.com.br\/index.php\/2020\/10\/02\/dispositivo-vestivel-consegue-prever-convulsoes-epilepticas-2\/\",\"name\":\"Dispositivo vest\u00edvel consegue prever convuls\u00f5es epil\u00e9pticas - Jornal Fatos e Not\u00edcias\",\"isPartOf\":{\"@id\":\"https:\/\/jornalfatosenoticias.com.br\/#website\"},\"primaryImageOfPage\":{\"@id\":\"https:\/\/jornalfatosenoticias.com.br\/index.php\/2020\/10\/02\/dispositivo-vestivel-consegue-prever-convulsoes-epilepticas-2\/#primaryimage\"},\"image\":{\"@id\":\"https:\/\/jornalfatosenoticias.com.br\/index.php\/2020\/10\/02\/dispositivo-vestivel-consegue-prever-convulsoes-epilepticas-2\/#primaryimage\"},\"thumbnailUrl\":\"https:\/\/jornalfatosenoticias.com.br\/wp-content\/uploads\/2020\/10\/cerebro_convulsoes.jpg\",\"datePublished\":\"2020-10-02T20:26:59+00:00\",\"dateModified\":\"2020-10-02T20:27:04+00:00\",\"breadcrumb\":{\"@id\":\"https:\/\/jornalfatosenoticias.com.br\/index.php\/2020\/10\/02\/dispositivo-vestivel-consegue-prever-convulsoes-epilepticas-2\/#breadcrumb\"},\"inLanguage\":\"pt-BR\",\"potentialAction\":[{\"@type\":\"ReadAction\",\"target\":[\"https:\/\/jornalfatosenoticias.com.br\/index.php\/2020\/10\/02\/dispositivo-vestivel-consegue-prever-convulsoes-epilepticas-2\/\"]}]},{\"@type\":\"ImageObject\",\"inLanguage\":\"pt-BR\",\"@id\":\"https:\/\/jornalfatosenoticias.com.br\/index.php\/2020\/10\/02\/dispositivo-vestivel-consegue-prever-convulsoes-epilepticas-2\/#primaryimage\",\"url\":\"https:\/\/jornalfatosenoticias.com.br\/wp-content\/uploads\/2020\/10\/cerebro_convulsoes.jpg\",\"contentUrl\":\"https:\/\/jornalfatosenoticias.com.br\/wp-content\/uploads\/2020\/10\/cerebro_convulsoes.jpg\",\"width\":1000,\"height\":561},{\"@type\":\"BreadcrumbList\",\"@id\":\"https:\/\/jornalfatosenoticias.com.br\/index.php\/2020\/10\/02\/dispositivo-vestivel-consegue-prever-convulsoes-epilepticas-2\/#breadcrumb\",\"itemListElement\":[{\"@type\":\"ListItem\",\"position\":1,\"name\":\"In\u00edcio\",\"item\":\"https:\/\/jornalfatosenoticias.com.br\/\"},{\"@type\":\"ListItem\",\"position\":2,\"name\":\"Dispositivo vest\u00edvel consegue prever convuls\u00f5es epil\u00e9pticas\"}]},{\"@type\":\"WebSite\",\"@id\":\"https:\/\/jornalfatosenoticias.com.br\/#website\",\"url\":\"https:\/\/jornalfatosenoticias.com.br\/\",\"name\":\"Jornal Fatos e Not\u00edcias\",\"description\":\"Not\u00edcias em geral\",\"publisher\":{\"@id\":\"https:\/\/jornalfatosenoticias.com.br\/#organization\"},\"potentialAction\":[{\"@type\":\"SearchAction\",\"target\":{\"@type\":\"EntryPoint\",\"urlTemplate\":\"https:\/\/jornalfatosenoticias.com.br\/?s={search_term_string}\"},\"query-input\":{\"@type\":\"PropertyValueSpecification\",\"valueRequired\":true,\"valueName\":\"search_term_string\"}}],\"inLanguage\":\"pt-BR\"},{\"@type\":\"Organization\",\"@id\":\"https:\/\/jornalfatosenoticias.com.br\/#organization\",\"name\":\"Jornal Fatos e Not\u00edcias\",\"url\":\"https:\/\/jornalfatosenoticias.com.br\/\",\"logo\":{\"@type\":\"ImageObject\",\"inLanguage\":\"pt-BR\",\"@id\":\"https:\/\/jornalfatosenoticias.com.br\/#\/schema\/logo\/image\/\",\"url\":\"https:\/\/jornalfatosenoticias.com.br\/wp-content\/uploads\/2020\/02\/logo120.png\",\"contentUrl\":\"https:\/\/jornalfatosenoticias.com.br\/wp-content\/uploads\/2020\/02\/logo120.png\",\"width\":1227,\"height\":120,\"caption\":\"Jornal Fatos e Not\u00edcias\"},\"image\":{\"@id\":\"https:\/\/jornalfatosenoticias.com.br\/#\/schema\/logo\/image\/\"}},{\"@type\":\"Person\",\"@id\":\"https:\/\/jornalfatosenoticias.com.br\/#\/schema\/person\/d63837fa13ac8666eb9e74e0985d6f81\",\"name\":\"Luzimara Fernandes\",\"image\":{\"@type\":\"ImageObject\",\"inLanguage\":\"pt-BR\",\"@id\":\"https:\/\/jornalfatosenoticias.com.br\/#\/schema\/person\/image\/\",\"url\":\"https:\/\/jornalfatosenoticias.com.br\/wp-content\/uploads\/2025\/05\/EU_portal.jpg\",\"contentUrl\":\"https:\/\/jornalfatosenoticias.com.br\/wp-content\/uploads\/2025\/05\/EU_portal.jpg\",\"caption\":\"Luzimara Fernandes\"},\"description\":\"Jornalista MTB 2358-ES\",\"sameAs\":[\"https:\/\/jornalfatosenoticias.com.br\"],\"url\":\"https:\/\/jornalfatosenoticias.com.br\/index.php\/author\/luzimara\/\"}]}<\/script>\n<!-- \/ Yoast SEO plugin. -->","yoast_head_json":{"title":"Dispositivo vest\u00edvel consegue prever convuls\u00f5es epil\u00e9pticas - Jornal Fatos e Not\u00edcias","robots":{"index":"index","follow":"follow","max-snippet":"max-snippet:-1","max-image-preview":"max-image-preview:large","max-video-preview":"max-video-preview:-1"},"canonical":"https:\/\/jornalfatosenoticias.com.br\/index.php\/2020\/10\/02\/dispositivo-vestivel-consegue-prever-convulsoes-epilepticas-2\/","og_locale":"pt_BR","og_type":"article","og_title":"Dispositivo vest\u00edvel consegue prever convuls\u00f5es epil\u00e9pticas - Jornal Fatos e Not\u00edcias","og_description":"Sistema baseado em algoritmos de aprendizado de m\u00e1quina analisa sinais do c\u00e9rebro para prever convuls\u00f5es futuras com at\u00e9 uma hora de anteced\u00eancia Uma doen\u00e7a neural altamente invasiva, a epilepsia pode ser tamb\u00e9m debilitante. At\u00e9 30% dos pacientes n\u00e3o respondem adequadamente aos medicamentos antiepil\u00e9pticos e vivem sob o medo constante de convuls\u00f5es iminentes. Mas pesquisadores israelenses [&hellip;]","og_url":"https:\/\/jornalfatosenoticias.com.br\/index.php\/2020\/10\/02\/dispositivo-vestivel-consegue-prever-convulsoes-epilepticas-2\/","og_site_name":"Jornal Fatos e Not\u00edcias","article_published_time":"2020-10-02T20:26:59+00:00","article_modified_time":"2020-10-02T20:27:04+00:00","og_image":[{"width":1000,"height":561,"url":"https:\/\/jornalfatosenoticias.com.br\/wp-content\/uploads\/2020\/10\/cerebro_convulsoes.jpg","type":"image\/jpeg"}],"author":"Luzimara Fernandes","twitter_card":"summary_large_image","twitter_misc":{"Escrito por":"Luzimara Fernandes","Est. tempo de leitura":"2 minutos"},"schema":{"@context":"https:\/\/schema.org","@graph":[{"@type":"Article","@id":"https:\/\/jornalfatosenoticias.com.br\/index.php\/2020\/10\/02\/dispositivo-vestivel-consegue-prever-convulsoes-epilepticas-2\/#article","isPartOf":{"@id":"https:\/\/jornalfatosenoticias.com.br\/index.php\/2020\/10\/02\/dispositivo-vestivel-consegue-prever-convulsoes-epilepticas-2\/"},"author":{"name":"Luzimara Fernandes","@id":"https:\/\/jornalfatosenoticias.com.br\/#\/schema\/person\/d63837fa13ac8666eb9e74e0985d6f81"},"headline":"Dispositivo vest\u00edvel consegue prever convuls\u00f5es epil\u00e9pticas","datePublished":"2020-10-02T20:26:59+00:00","dateModified":"2020-10-02T20:27:04+00:00","mainEntityOfPage":{"@id":"https:\/\/jornalfatosenoticias.com.br\/index.php\/2020\/10\/02\/dispositivo-vestivel-consegue-prever-convulsoes-epilepticas-2\/"},"wordCount":497,"commentCount":0,"publisher":{"@id":"https:\/\/jornalfatosenoticias.com.br\/#organization"},"image":{"@id":"https:\/\/jornalfatosenoticias.com.br\/index.php\/2020\/10\/02\/dispositivo-vestivel-consegue-prever-convulsoes-epilepticas-2\/#primaryimage"},"thumbnailUrl":"https:\/\/jornalfatosenoticias.com.br\/wp-content\/uploads\/2020\/10\/cerebro_convulsoes.jpg","keywords":["c\u00e9rebro","medicina","neur\u00f4nio","sa\u00fade"],"articleSection":["Sa\u00fade"],"inLanguage":"pt-BR","potentialAction":[{"@type":"CommentAction","name":"Comment","target":["https:\/\/jornalfatosenoticias.com.br\/index.php\/2020\/10\/02\/dispositivo-vestivel-consegue-prever-convulsoes-epilepticas-2\/#respond"]}]},{"@type":"WebPage","@id":"https:\/\/jornalfatosenoticias.com.br\/index.php\/2020\/10\/02\/dispositivo-vestivel-consegue-prever-convulsoes-epilepticas-2\/","url":"https:\/\/jornalfatosenoticias.com.br\/index.php\/2020\/10\/02\/dispositivo-vestivel-consegue-prever-convulsoes-epilepticas-2\/","name":"Dispositivo vest\u00edvel consegue prever convuls\u00f5es epil\u00e9pticas - Jornal Fatos e Not\u00edcias","isPartOf":{"@id":"https:\/\/jornalfatosenoticias.com.br\/#website"},"primaryImageOfPage":{"@id":"https:\/\/jornalfatosenoticias.com.br\/index.php\/2020\/10\/02\/dispositivo-vestivel-consegue-prever-convulsoes-epilepticas-2\/#primaryimage"},"image":{"@id":"https:\/\/jornalfatosenoticias.com.br\/index.php\/2020\/10\/02\/dispositivo-vestivel-consegue-prever-convulsoes-epilepticas-2\/#primaryimage"},"thumbnailUrl":"https:\/\/jornalfatosenoticias.com.br\/wp-content\/uploads\/2020\/10\/cerebro_convulsoes.jpg","datePublished":"2020-10-02T20:26:59+00:00","dateModified":"2020-10-02T20:27:04+00:00","breadcrumb":{"@id":"https:\/\/jornalfatosenoticias.com.br\/index.php\/2020\/10\/02\/dispositivo-vestivel-consegue-prever-convulsoes-epilepticas-2\/#breadcrumb"},"inLanguage":"pt-BR","potentialAction":[{"@type":"ReadAction","target":["https:\/\/jornalfatosenoticias.com.br\/index.php\/2020\/10\/02\/dispositivo-vestivel-consegue-prever-convulsoes-epilepticas-2\/"]}]},{"@type":"ImageObject","inLanguage":"pt-BR","@id":"https:\/\/jornalfatosenoticias.com.br\/index.php\/2020\/10\/02\/dispositivo-vestivel-consegue-prever-convulsoes-epilepticas-2\/#primaryimage","url":"https:\/\/jornalfatosenoticias.com.br\/wp-content\/uploads\/2020\/10\/cerebro_convulsoes.jpg","contentUrl":"https:\/\/jornalfatosenoticias.com.br\/wp-content\/uploads\/2020\/10\/cerebro_convulsoes.jpg","width":1000,"height":561},{"@type":"BreadcrumbList","@id":"https:\/\/jornalfatosenoticias.com.br\/index.php\/2020\/10\/02\/dispositivo-vestivel-consegue-prever-convulsoes-epilepticas-2\/#breadcrumb","itemListElement":[{"@type":"ListItem","position":1,"name":"In\u00edcio","item":"https:\/\/jornalfatosenoticias.com.br\/"},{"@type":"ListItem","position":2,"name":"Dispositivo vest\u00edvel consegue prever convuls\u00f5es epil\u00e9pticas"}]},{"@type":"WebSite","@id":"https:\/\/jornalfatosenoticias.com.br\/#website","url":"https:\/\/jornalfatosenoticias.com.br\/","name":"Jornal Fatos e Not\u00edcias","description":"Not\u00edcias em geral","publisher":{"@id":"https:\/\/jornalfatosenoticias.com.br\/#organization"},"potentialAction":[{"@type":"SearchAction","target":{"@type":"EntryPoint","urlTemplate":"https:\/\/jornalfatosenoticias.com.br\/?s={search_term_string}"},"query-input":{"@type":"PropertyValueSpecification","valueRequired":true,"valueName":"search_term_string"}}],"inLanguage":"pt-BR"},{"@type":"Organization","@id":"https:\/\/jornalfatosenoticias.com.br\/#organization","name":"Jornal Fatos e Not\u00edcias","url":"https:\/\/jornalfatosenoticias.com.br\/","logo":{"@type":"ImageObject","inLanguage":"pt-BR","@id":"https:\/\/jornalfatosenoticias.com.br\/#\/schema\/logo\/image\/","url":"https:\/\/jornalfatosenoticias.com.br\/wp-content\/uploads\/2020\/02\/logo120.png","contentUrl":"https:\/\/jornalfatosenoticias.com.br\/wp-content\/uploads\/2020\/02\/logo120.png","width":1227,"height":120,"caption":"Jornal Fatos e Not\u00edcias"},"image":{"@id":"https:\/\/jornalfatosenoticias.com.br\/#\/schema\/logo\/image\/"}},{"@type":"Person","@id":"https:\/\/jornalfatosenoticias.com.br\/#\/schema\/person\/d63837fa13ac8666eb9e74e0985d6f81","name":"Luzimara Fernandes","image":{"@type":"ImageObject","inLanguage":"pt-BR","@id":"https:\/\/jornalfatosenoticias.com.br\/#\/schema\/person\/image\/","url":"https:\/\/jornalfatosenoticias.com.br\/wp-content\/uploads\/2025\/05\/EU_portal.jpg","contentUrl":"https:\/\/jornalfatosenoticias.com.br\/wp-content\/uploads\/2025\/05\/EU_portal.jpg","caption":"Luzimara Fernandes"},"description":"Jornalista MTB 2358-ES","sameAs":["https:\/\/jornalfatosenoticias.com.br"],"url":"https:\/\/jornalfatosenoticias.com.br\/index.php\/author\/luzimara\/"}]}},"cc_featured_image_caption":{"caption_text":"(Kateryna Kon\/Shutterstock)\r\n","source_text":"","source_url":""},"jetpack_featured_media_url":"https:\/\/jornalfatosenoticias.com.br\/wp-content\/uploads\/2020\/10\/cerebro_convulsoes.jpg","_links":{"self":[{"href":"https:\/\/jornalfatosenoticias.com.br\/index.php\/wp-json\/wp\/v2\/posts\/9551","targetHints":{"allow":["GET"]}}],"collection":[{"href":"https:\/\/jornalfatosenoticias.com.br\/index.php\/wp-json\/wp\/v2\/posts"}],"about":[{"href":"https:\/\/jornalfatosenoticias.com.br\/index.php\/wp-json\/wp\/v2\/types\/post"}],"author":[{"embeddable":true,"href":"https:\/\/jornalfatosenoticias.com.br\/index.php\/wp-json\/wp\/v2\/users\/2"}],"replies":[{"embeddable":true,"href":"https:\/\/jornalfatosenoticias.com.br\/index.php\/wp-json\/wp\/v2\/comments?post=9551"}],"version-history":[{"count":0,"href":"https:\/\/jornalfatosenoticias.com.br\/index.php\/wp-json\/wp\/v2\/posts\/9551\/revisions"}],"wp:featuredmedia":[{"embeddable":true,"href":"https:\/\/jornalfatosenoticias.com.br\/index.php\/wp-json\/wp\/v2\/media\/9553"}],"wp:attachment":[{"href":"https:\/\/jornalfatosenoticias.com.br\/index.php\/wp-json\/wp\/v2\/media?parent=9551"}],"wp:term":[{"taxonomy":"category","embeddable":true,"href":"https:\/\/jornalfatosenoticias.com.br\/index.php\/wp-json\/wp\/v2\/categories?post=9551"},{"taxonomy":"post_tag","embeddable":true,"href":"https:\/\/jornalfatosenoticias.com.br\/index.php\/wp-json\/wp\/v2\/tags?post=9551"}],"curies":[{"name":"wp","href":"https:\/\/api.w.org\/{rel}","templated":true}]}}