{"id":9561,"date":"2020-10-02T17:46:24","date_gmt":"2020-10-02T20:46:24","guid":{"rendered":"https:\/\/jornalfatosenoticias.com.br\/?p=9561"},"modified":"2020-10-02T17:46:27","modified_gmt":"2020-10-02T20:46:27","slug":"o-lado-obscuro-das-pessoas-de-grande-carater-e-autocontrole","status":"publish","type":"post","link":"https:\/\/jornalfatosenoticias.com.br\/index.php\/2020\/10\/02\/o-lado-obscuro-das-pessoas-de-grande-carater-e-autocontrole\/","title":{"rendered":"O lado obscuro das pessoas de grande car\u00e1ter e autocontrole"},"content":{"rendered":"\n<h6 class=\"wp-block-heading\"><em>Pessoas com grande for\u00e7a de vontade costumam ser exaltadas em rela\u00e7\u00e3o \u00e0queles com menor autocontrole. Mas estudos recentes t\u00eam mostrado que, quando o jogo muda, o comportamento moral tamb\u00e9m muda<\/em><\/h6>\n\n\n\n<p>H\u00e1 alguns anos, 80 pessoas na Fran\u00e7a participaram de um jogo experimental no que parecia ser um programa-piloto de TV chamado La Zone Xtr\u00eame.<br>Inicialmente, os participantes foram informados apenas que seriam organizados em pares \u2014 um sendo o &#8220;interrogador&#8221; e o outro, o &#8220;concorrente&#8221;.<br>Mas assim que as luzes se acenderam e todas as regras foram explicadas, o rumo foi sombrio. Os interrogadores foram informados de que teriam que punir os concorrentes com choques el\u00e9tricos para cada resposta errada.<br>Tamb\u00e9m seria preciso aumentar a intensidade do castigo a cada erro, at\u00e9 chegar a 460 volts \u2014 mais do que o dobro da voltagem de uma tomada europeia. Se a dupla passasse de 27 rodadas, venceria o jogo.<br>Cada concorrente foi ent\u00e3o levado para uma sala trancada e amarrado em uma cadeira. J\u00e1 o interrogador se sentou no centro do palco. O jogo come\u00e7ou. Como se tratava apenas de um programa-piloto, os participantes foram informados de que n\u00e3o haveria um pr\u00eamio em dinheiro ao fim.<br>Mesmo assim, a grande maioria dos interrogadores continuou aplicando choques, mesmo depois de ouvir gritos de dor vindos da sala. Felizmente, os gritos eram apenas uma atua\u00e7\u00e3o \u2014 ningu\u00e9m foi realmente eletrocutado. Os interrogadores estavam participando, sem saber, de um experimento elaborado para explorar como v\u00e1rios tra\u00e7os de personalidade podem influenciar o comportamento moral.<br>Embora se pudesse esperar que os mais perversos fossem pessoas impulsivas e antissociais, ou pouco persistentes, cientistas franceses descobriram exatamente o oposto. Os participantes que estavam dispostos a dar mais e maiores choques eram justamente aqueles associados a um comportamento cuidadoso, disciplinado e moral. &#8220;Pessoas acostumadas a serem organizadas e d\u00f3ceis, com boa integra\u00e7\u00e3o social, t\u00eam mais dificuldade em desobedecer&#8221;, explica Laurent B\u00e8gue, psic\u00f3logo e pesquisador da Universidade de Grenoble-Alpes que analisou o comportamento dos participantes.<br>Essa descoberta se soma a uma s\u00e9rie de estudos que j\u00e1 mostraram que pessoas com alto autocontrole e disciplina t\u00eam um lado obscuro surpreendente. E este ac\u00famulo de evid\u00eancias pode nos ajudar a entender por que cidad\u00e3os exemplares \u00e0s vezes se tornam t\u00f3xicos, e tamb\u00e9m a compreender comportamentos anti\u00e9ticos em nossos locais de trabalho e al\u00e9m.<br>Por d\u00e9cadas, o autocontrole foi visto como algo exclusivamente positivo e vantajoso. Essa qualidade pode ser avaliada de v\u00e1rias maneiras, desde question\u00e1rios que &#8220;medem&#8221; nosso n\u00edvel de autodisciplina e organiza\u00e7\u00e3o at\u00e9 experimentos sobre for\u00e7a de vontade, como o famoso &#8220;teste do marshmallow&#8221;. Nesses casos, pessoas com alto autocontrole apresentaram melhor desempenho na escola e no trabalho e adotaram estilos de vida mais saud\u00e1veis, pois eram menos propensas a comer demais ou a usar drogas, e mais propensas a praticar exerc\u00edcios. Pesquisas tamb\u00e9m descobriram que a capacidade de superar os impulsos mais b\u00e1sicos tamb\u00e9m significava fazia aqueles com maior autocontrole ter menos propens\u00e3o a agir de forma agressiva ou criminal. Assim, por muito tempo se acreditou que o autocontrole representa o car\u00e1ter de algu\u00e9m. Alguns estudiosos chegaram a comparar isto a um &#8220;m\u00fasculo moral&#8221; que determinaria nossa capacidade de agir com \u00e9tica.<\/p>\n\n\n\n<p><strong><em>Fonte: <a href=\"https:\/\/www.uol.com.br\/vivabem\/noticias\/bbc\/2020\/09\/30\/o-lado-obscuro-das-pessoas-de-grande-carater-e-autocontrole.htm\">UOL<\/a><\/em><\/strong><\/p>\n","protected":false},"excerpt":{"rendered":"<p>Pessoas com grande for\u00e7a de vontade costumam ser exaltadas em rela\u00e7\u00e3o \u00e0queles com menor autocontrole. Mas estudos recentes t\u00eam mostrado que, quando o jogo muda, o comportamento moral tamb\u00e9m muda H\u00e1 alguns anos, 80 pessoas na Fran\u00e7a participaram de um jogo experimental no que parecia ser um programa-piloto de TV chamado La Zone Xtr\u00eame.Inicialmente, os [&hellip;]<\/p>\n","protected":false},"author":2,"featured_media":9562,"comment_status":"open","ping_status":"open","sticky":false,"template":"","format":"standard","meta":{"footnotes":""},"categories":[2522],"tags":[5214,5213,3400],"class_list":["post-9561","post","type-post","status-publish","format-standard","has-post-thumbnail","hentry","category-comportamento","tag-autocontrole","tag-lado-obscuro","tag-personalidade"],"yoast_head":"<!-- This site is optimized with the Yoast SEO plugin v26.5 - https:\/\/yoast.com\/wordpress\/plugins\/seo\/ -->\n<title>O lado obscuro das pessoas de grande car\u00e1ter e autocontrole - Jornal Fatos e Not\u00edcias<\/title>\n<meta name=\"robots\" content=\"index, follow, max-snippet:-1, max-image-preview:large, max-video-preview:-1\" \/>\n<link rel=\"canonical\" href=\"https:\/\/jornalfatosenoticias.com.br\/index.php\/2020\/10\/02\/o-lado-obscuro-das-pessoas-de-grande-carater-e-autocontrole\/\" \/>\n<meta property=\"og:locale\" content=\"pt_BR\" \/>\n<meta property=\"og:type\" content=\"article\" \/>\n<meta property=\"og:title\" content=\"O lado obscuro das pessoas de grande car\u00e1ter e autocontrole - Jornal Fatos e Not\u00edcias\" \/>\n<meta property=\"og:description\" content=\"Pessoas com grande for\u00e7a de vontade costumam ser exaltadas em rela\u00e7\u00e3o \u00e0queles com menor autocontrole. Mas estudos recentes t\u00eam mostrado que, quando o jogo muda, o comportamento moral tamb\u00e9m muda H\u00e1 alguns anos, 80 pessoas na Fran\u00e7a participaram de um jogo experimental no que parecia ser um programa-piloto de TV chamado La Zone Xtr\u00eame.Inicialmente, os [&hellip;]\" \/>\n<meta property=\"og:url\" content=\"https:\/\/jornalfatosenoticias.com.br\/index.php\/2020\/10\/02\/o-lado-obscuro-das-pessoas-de-grande-carater-e-autocontrole\/\" \/>\n<meta property=\"og:site_name\" content=\"Jornal Fatos e Not\u00edcias\" \/>\n<meta property=\"article:published_time\" content=\"2020-10-02T20:46:24+00:00\" \/>\n<meta property=\"article:modified_time\" content=\"2020-10-02T20:46:27+00:00\" \/>\n<meta property=\"og:image\" content=\"https:\/\/jornalfatosenoticias.com.br\/wp-content\/uploads\/2020\/10\/O-LADO-OBSCURO-DAS-PESSOAS-DE-GRANDE-CARATER_pexels-pixabay.jpg\" \/>\n\t<meta property=\"og:image:width\" content=\"1000\" \/>\n\t<meta property=\"og:image:height\" content=\"561\" \/>\n\t<meta property=\"og:image:type\" content=\"image\/jpeg\" \/>\n<meta name=\"author\" content=\"Luzimara Fernandes\" \/>\n<meta name=\"twitter:card\" content=\"summary_large_image\" \/>\n<meta name=\"twitter:label1\" content=\"Escrito por\" \/>\n\t<meta name=\"twitter:data1\" content=\"Luzimara Fernandes\" \/>\n\t<meta name=\"twitter:label2\" content=\"Est. tempo de leitura\" \/>\n\t<meta name=\"twitter:data2\" content=\"3 minutos\" \/>\n<script type=\"application\/ld+json\" class=\"yoast-schema-graph\">{\"@context\":\"https:\/\/schema.org\",\"@graph\":[{\"@type\":\"Article\",\"@id\":\"https:\/\/jornalfatosenoticias.com.br\/index.php\/2020\/10\/02\/o-lado-obscuro-das-pessoas-de-grande-carater-e-autocontrole\/#article\",\"isPartOf\":{\"@id\":\"https:\/\/jornalfatosenoticias.com.br\/index.php\/2020\/10\/02\/o-lado-obscuro-das-pessoas-de-grande-carater-e-autocontrole\/\"},\"author\":{\"name\":\"Luzimara Fernandes\",\"@id\":\"https:\/\/jornalfatosenoticias.com.br\/#\/schema\/person\/d63837fa13ac8666eb9e74e0985d6f81\"},\"headline\":\"O lado obscuro das pessoas de grande car\u00e1ter e autocontrole\",\"datePublished\":\"2020-10-02T20:46:24+00:00\",\"dateModified\":\"2020-10-02T20:46:27+00:00\",\"mainEntityOfPage\":{\"@id\":\"https:\/\/jornalfatosenoticias.com.br\/index.php\/2020\/10\/02\/o-lado-obscuro-das-pessoas-de-grande-carater-e-autocontrole\/\"},\"wordCount\":574,\"commentCount\":0,\"publisher\":{\"@id\":\"https:\/\/jornalfatosenoticias.com.br\/#organization\"},\"image\":{\"@id\":\"https:\/\/jornalfatosenoticias.com.br\/index.php\/2020\/10\/02\/o-lado-obscuro-das-pessoas-de-grande-carater-e-autocontrole\/#primaryimage\"},\"thumbnailUrl\":\"https:\/\/jornalfatosenoticias.com.br\/wp-content\/uploads\/2020\/10\/O-LADO-OBSCURO-DAS-PESSOAS-DE-GRANDE-CARATER_pexels-pixabay.jpg\",\"keywords\":[\"autocontrole\",\"lado obscuro\",\"personalidade\"],\"articleSection\":[\"Comportamento &amp; Equil\u00edbrio\"],\"inLanguage\":\"pt-BR\",\"potentialAction\":[{\"@type\":\"CommentAction\",\"name\":\"Comment\",\"target\":[\"https:\/\/jornalfatosenoticias.com.br\/index.php\/2020\/10\/02\/o-lado-obscuro-das-pessoas-de-grande-carater-e-autocontrole\/#respond\"]}]},{\"@type\":\"WebPage\",\"@id\":\"https:\/\/jornalfatosenoticias.com.br\/index.php\/2020\/10\/02\/o-lado-obscuro-das-pessoas-de-grande-carater-e-autocontrole\/\",\"url\":\"https:\/\/jornalfatosenoticias.com.br\/index.php\/2020\/10\/02\/o-lado-obscuro-das-pessoas-de-grande-carater-e-autocontrole\/\",\"name\":\"O lado obscuro das pessoas de grande car\u00e1ter e autocontrole - Jornal Fatos e Not\u00edcias\",\"isPartOf\":{\"@id\":\"https:\/\/jornalfatosenoticias.com.br\/#website\"},\"primaryImageOfPage\":{\"@id\":\"https:\/\/jornalfatosenoticias.com.br\/index.php\/2020\/10\/02\/o-lado-obscuro-das-pessoas-de-grande-carater-e-autocontrole\/#primaryimage\"},\"image\":{\"@id\":\"https:\/\/jornalfatosenoticias.com.br\/index.php\/2020\/10\/02\/o-lado-obscuro-das-pessoas-de-grande-carater-e-autocontrole\/#primaryimage\"},\"thumbnailUrl\":\"https:\/\/jornalfatosenoticias.com.br\/wp-content\/uploads\/2020\/10\/O-LADO-OBSCURO-DAS-PESSOAS-DE-GRANDE-CARATER_pexels-pixabay.jpg\",\"datePublished\":\"2020-10-02T20:46:24+00:00\",\"dateModified\":\"2020-10-02T20:46:27+00:00\",\"breadcrumb\":{\"@id\":\"https:\/\/jornalfatosenoticias.com.br\/index.php\/2020\/10\/02\/o-lado-obscuro-das-pessoas-de-grande-carater-e-autocontrole\/#breadcrumb\"},\"inLanguage\":\"pt-BR\",\"potentialAction\":[{\"@type\":\"ReadAction\",\"target\":[\"https:\/\/jornalfatosenoticias.com.br\/index.php\/2020\/10\/02\/o-lado-obscuro-das-pessoas-de-grande-carater-e-autocontrole\/\"]}]},{\"@type\":\"ImageObject\",\"inLanguage\":\"pt-BR\",\"@id\":\"https:\/\/jornalfatosenoticias.com.br\/index.php\/2020\/10\/02\/o-lado-obscuro-das-pessoas-de-grande-carater-e-autocontrole\/#primaryimage\",\"url\":\"https:\/\/jornalfatosenoticias.com.br\/wp-content\/uploads\/2020\/10\/O-LADO-OBSCURO-DAS-PESSOAS-DE-GRANDE-CARATER_pexels-pixabay.jpg\",\"contentUrl\":\"https:\/\/jornalfatosenoticias.com.br\/wp-content\/uploads\/2020\/10\/O-LADO-OBSCURO-DAS-PESSOAS-DE-GRANDE-CARATER_pexels-pixabay.jpg\",\"width\":1000,\"height\":561},{\"@type\":\"BreadcrumbList\",\"@id\":\"https:\/\/jornalfatosenoticias.com.br\/index.php\/2020\/10\/02\/o-lado-obscuro-das-pessoas-de-grande-carater-e-autocontrole\/#breadcrumb\",\"itemListElement\":[{\"@type\":\"ListItem\",\"position\":1,\"name\":\"In\u00edcio\",\"item\":\"https:\/\/jornalfatosenoticias.com.br\/\"},{\"@type\":\"ListItem\",\"position\":2,\"name\":\"O lado obscuro das pessoas de grande car\u00e1ter e autocontrole\"}]},{\"@type\":\"WebSite\",\"@id\":\"https:\/\/jornalfatosenoticias.com.br\/#website\",\"url\":\"https:\/\/jornalfatosenoticias.com.br\/\",\"name\":\"Jornal Fatos e Not\u00edcias\",\"description\":\"Not\u00edcias em geral\",\"publisher\":{\"@id\":\"https:\/\/jornalfatosenoticias.com.br\/#organization\"},\"potentialAction\":[{\"@type\":\"SearchAction\",\"target\":{\"@type\":\"EntryPoint\",\"urlTemplate\":\"https:\/\/jornalfatosenoticias.com.br\/?s={search_term_string}\"},\"query-input\":{\"@type\":\"PropertyValueSpecification\",\"valueRequired\":true,\"valueName\":\"search_term_string\"}}],\"inLanguage\":\"pt-BR\"},{\"@type\":\"Organization\",\"@id\":\"https:\/\/jornalfatosenoticias.com.br\/#organization\",\"name\":\"Jornal Fatos e Not\u00edcias\",\"url\":\"https:\/\/jornalfatosenoticias.com.br\/\",\"logo\":{\"@type\":\"ImageObject\",\"inLanguage\":\"pt-BR\",\"@id\":\"https:\/\/jornalfatosenoticias.com.br\/#\/schema\/logo\/image\/\",\"url\":\"https:\/\/jornalfatosenoticias.com.br\/wp-content\/uploads\/2020\/02\/logo120.png\",\"contentUrl\":\"https:\/\/jornalfatosenoticias.com.br\/wp-content\/uploads\/2020\/02\/logo120.png\",\"width\":1227,\"height\":120,\"caption\":\"Jornal Fatos e Not\u00edcias\"},\"image\":{\"@id\":\"https:\/\/jornalfatosenoticias.com.br\/#\/schema\/logo\/image\/\"}},{\"@type\":\"Person\",\"@id\":\"https:\/\/jornalfatosenoticias.com.br\/#\/schema\/person\/d63837fa13ac8666eb9e74e0985d6f81\",\"name\":\"Luzimara Fernandes\",\"image\":{\"@type\":\"ImageObject\",\"inLanguage\":\"pt-BR\",\"@id\":\"https:\/\/jornalfatosenoticias.com.br\/#\/schema\/person\/image\/\",\"url\":\"https:\/\/jornalfatosenoticias.com.br\/wp-content\/uploads\/2025\/05\/EU_portal.jpg\",\"contentUrl\":\"https:\/\/jornalfatosenoticias.com.br\/wp-content\/uploads\/2025\/05\/EU_portal.jpg\",\"caption\":\"Luzimara Fernandes\"},\"description\":\"Jornalista MTB 2358-ES\",\"sameAs\":[\"https:\/\/jornalfatosenoticias.com.br\"],\"url\":\"https:\/\/jornalfatosenoticias.com.br\/index.php\/author\/luzimara\/\"}]}<\/script>\n<!-- \/ Yoast SEO plugin. -->","yoast_head_json":{"title":"O lado obscuro das pessoas de grande car\u00e1ter e autocontrole - Jornal Fatos e Not\u00edcias","robots":{"index":"index","follow":"follow","max-snippet":"max-snippet:-1","max-image-preview":"max-image-preview:large","max-video-preview":"max-video-preview:-1"},"canonical":"https:\/\/jornalfatosenoticias.com.br\/index.php\/2020\/10\/02\/o-lado-obscuro-das-pessoas-de-grande-carater-e-autocontrole\/","og_locale":"pt_BR","og_type":"article","og_title":"O lado obscuro das pessoas de grande car\u00e1ter e autocontrole - Jornal Fatos e Not\u00edcias","og_description":"Pessoas com grande for\u00e7a de vontade costumam ser exaltadas em rela\u00e7\u00e3o \u00e0queles com menor autocontrole. Mas estudos recentes t\u00eam mostrado que, quando o jogo muda, o comportamento moral tamb\u00e9m muda H\u00e1 alguns anos, 80 pessoas na Fran\u00e7a participaram de um jogo experimental no que parecia ser um programa-piloto de TV chamado La Zone Xtr\u00eame.Inicialmente, os [&hellip;]","og_url":"https:\/\/jornalfatosenoticias.com.br\/index.php\/2020\/10\/02\/o-lado-obscuro-das-pessoas-de-grande-carater-e-autocontrole\/","og_site_name":"Jornal Fatos e Not\u00edcias","article_published_time":"2020-10-02T20:46:24+00:00","article_modified_time":"2020-10-02T20:46:27+00:00","og_image":[{"width":1000,"height":561,"url":"https:\/\/jornalfatosenoticias.com.br\/wp-content\/uploads\/2020\/10\/O-LADO-OBSCURO-DAS-PESSOAS-DE-GRANDE-CARATER_pexels-pixabay.jpg","type":"image\/jpeg"}],"author":"Luzimara Fernandes","twitter_card":"summary_large_image","twitter_misc":{"Escrito por":"Luzimara Fernandes","Est. tempo de leitura":"3 minutos"},"schema":{"@context":"https:\/\/schema.org","@graph":[{"@type":"Article","@id":"https:\/\/jornalfatosenoticias.com.br\/index.php\/2020\/10\/02\/o-lado-obscuro-das-pessoas-de-grande-carater-e-autocontrole\/#article","isPartOf":{"@id":"https:\/\/jornalfatosenoticias.com.br\/index.php\/2020\/10\/02\/o-lado-obscuro-das-pessoas-de-grande-carater-e-autocontrole\/"},"author":{"name":"Luzimara Fernandes","@id":"https:\/\/jornalfatosenoticias.com.br\/#\/schema\/person\/d63837fa13ac8666eb9e74e0985d6f81"},"headline":"O lado obscuro das pessoas de grande car\u00e1ter e autocontrole","datePublished":"2020-10-02T20:46:24+00:00","dateModified":"2020-10-02T20:46:27+00:00","mainEntityOfPage":{"@id":"https:\/\/jornalfatosenoticias.com.br\/index.php\/2020\/10\/02\/o-lado-obscuro-das-pessoas-de-grande-carater-e-autocontrole\/"},"wordCount":574,"commentCount":0,"publisher":{"@id":"https:\/\/jornalfatosenoticias.com.br\/#organization"},"image":{"@id":"https:\/\/jornalfatosenoticias.com.br\/index.php\/2020\/10\/02\/o-lado-obscuro-das-pessoas-de-grande-carater-e-autocontrole\/#primaryimage"},"thumbnailUrl":"https:\/\/jornalfatosenoticias.com.br\/wp-content\/uploads\/2020\/10\/O-LADO-OBSCURO-DAS-PESSOAS-DE-GRANDE-CARATER_pexels-pixabay.jpg","keywords":["autocontrole","lado obscuro","personalidade"],"articleSection":["Comportamento &amp; Equil\u00edbrio"],"inLanguage":"pt-BR","potentialAction":[{"@type":"CommentAction","name":"Comment","target":["https:\/\/jornalfatosenoticias.com.br\/index.php\/2020\/10\/02\/o-lado-obscuro-das-pessoas-de-grande-carater-e-autocontrole\/#respond"]}]},{"@type":"WebPage","@id":"https:\/\/jornalfatosenoticias.com.br\/index.php\/2020\/10\/02\/o-lado-obscuro-das-pessoas-de-grande-carater-e-autocontrole\/","url":"https:\/\/jornalfatosenoticias.com.br\/index.php\/2020\/10\/02\/o-lado-obscuro-das-pessoas-de-grande-carater-e-autocontrole\/","name":"O lado obscuro das pessoas de grande car\u00e1ter e autocontrole - Jornal Fatos e Not\u00edcias","isPartOf":{"@id":"https:\/\/jornalfatosenoticias.com.br\/#website"},"primaryImageOfPage":{"@id":"https:\/\/jornalfatosenoticias.com.br\/index.php\/2020\/10\/02\/o-lado-obscuro-das-pessoas-de-grande-carater-e-autocontrole\/#primaryimage"},"image":{"@id":"https:\/\/jornalfatosenoticias.com.br\/index.php\/2020\/10\/02\/o-lado-obscuro-das-pessoas-de-grande-carater-e-autocontrole\/#primaryimage"},"thumbnailUrl":"https:\/\/jornalfatosenoticias.com.br\/wp-content\/uploads\/2020\/10\/O-LADO-OBSCURO-DAS-PESSOAS-DE-GRANDE-CARATER_pexels-pixabay.jpg","datePublished":"2020-10-02T20:46:24+00:00","dateModified":"2020-10-02T20:46:27+00:00","breadcrumb":{"@id":"https:\/\/jornalfatosenoticias.com.br\/index.php\/2020\/10\/02\/o-lado-obscuro-das-pessoas-de-grande-carater-e-autocontrole\/#breadcrumb"},"inLanguage":"pt-BR","potentialAction":[{"@type":"ReadAction","target":["https:\/\/jornalfatosenoticias.com.br\/index.php\/2020\/10\/02\/o-lado-obscuro-das-pessoas-de-grande-carater-e-autocontrole\/"]}]},{"@type":"ImageObject","inLanguage":"pt-BR","@id":"https:\/\/jornalfatosenoticias.com.br\/index.php\/2020\/10\/02\/o-lado-obscuro-das-pessoas-de-grande-carater-e-autocontrole\/#primaryimage","url":"https:\/\/jornalfatosenoticias.com.br\/wp-content\/uploads\/2020\/10\/O-LADO-OBSCURO-DAS-PESSOAS-DE-GRANDE-CARATER_pexels-pixabay.jpg","contentUrl":"https:\/\/jornalfatosenoticias.com.br\/wp-content\/uploads\/2020\/10\/O-LADO-OBSCURO-DAS-PESSOAS-DE-GRANDE-CARATER_pexels-pixabay.jpg","width":1000,"height":561},{"@type":"BreadcrumbList","@id":"https:\/\/jornalfatosenoticias.com.br\/index.php\/2020\/10\/02\/o-lado-obscuro-das-pessoas-de-grande-carater-e-autocontrole\/#breadcrumb","itemListElement":[{"@type":"ListItem","position":1,"name":"In\u00edcio","item":"https:\/\/jornalfatosenoticias.com.br\/"},{"@type":"ListItem","position":2,"name":"O lado obscuro das pessoas de grande car\u00e1ter e autocontrole"}]},{"@type":"WebSite","@id":"https:\/\/jornalfatosenoticias.com.br\/#website","url":"https:\/\/jornalfatosenoticias.com.br\/","name":"Jornal Fatos e Not\u00edcias","description":"Not\u00edcias em geral","publisher":{"@id":"https:\/\/jornalfatosenoticias.com.br\/#organization"},"potentialAction":[{"@type":"SearchAction","target":{"@type":"EntryPoint","urlTemplate":"https:\/\/jornalfatosenoticias.com.br\/?s={search_term_string}"},"query-input":{"@type":"PropertyValueSpecification","valueRequired":true,"valueName":"search_term_string"}}],"inLanguage":"pt-BR"},{"@type":"Organization","@id":"https:\/\/jornalfatosenoticias.com.br\/#organization","name":"Jornal Fatos e Not\u00edcias","url":"https:\/\/jornalfatosenoticias.com.br\/","logo":{"@type":"ImageObject","inLanguage":"pt-BR","@id":"https:\/\/jornalfatosenoticias.com.br\/#\/schema\/logo\/image\/","url":"https:\/\/jornalfatosenoticias.com.br\/wp-content\/uploads\/2020\/02\/logo120.png","contentUrl":"https:\/\/jornalfatosenoticias.com.br\/wp-content\/uploads\/2020\/02\/logo120.png","width":1227,"height":120,"caption":"Jornal Fatos e Not\u00edcias"},"image":{"@id":"https:\/\/jornalfatosenoticias.com.br\/#\/schema\/logo\/image\/"}},{"@type":"Person","@id":"https:\/\/jornalfatosenoticias.com.br\/#\/schema\/person\/d63837fa13ac8666eb9e74e0985d6f81","name":"Luzimara Fernandes","image":{"@type":"ImageObject","inLanguage":"pt-BR","@id":"https:\/\/jornalfatosenoticias.com.br\/#\/schema\/person\/image\/","url":"https:\/\/jornalfatosenoticias.com.br\/wp-content\/uploads\/2025\/05\/EU_portal.jpg","contentUrl":"https:\/\/jornalfatosenoticias.com.br\/wp-content\/uploads\/2025\/05\/EU_portal.jpg","caption":"Luzimara Fernandes"},"description":"Jornalista MTB 2358-ES","sameAs":["https:\/\/jornalfatosenoticias.com.br"],"url":"https:\/\/jornalfatosenoticias.com.br\/index.php\/author\/luzimara\/"}]}},"cc_featured_image_caption":{"caption_text":"(Foto: Pexels\/Pixabay) \r\n","source_text":"","source_url":""},"jetpack_featured_media_url":"https:\/\/jornalfatosenoticias.com.br\/wp-content\/uploads\/2020\/10\/O-LADO-OBSCURO-DAS-PESSOAS-DE-GRANDE-CARATER_pexels-pixabay.jpg","_links":{"self":[{"href":"https:\/\/jornalfatosenoticias.com.br\/index.php\/wp-json\/wp\/v2\/posts\/9561","targetHints":{"allow":["GET"]}}],"collection":[{"href":"https:\/\/jornalfatosenoticias.com.br\/index.php\/wp-json\/wp\/v2\/posts"}],"about":[{"href":"https:\/\/jornalfatosenoticias.com.br\/index.php\/wp-json\/wp\/v2\/types\/post"}],"author":[{"embeddable":true,"href":"https:\/\/jornalfatosenoticias.com.br\/index.php\/wp-json\/wp\/v2\/users\/2"}],"replies":[{"embeddable":true,"href":"https:\/\/jornalfatosenoticias.com.br\/index.php\/wp-json\/wp\/v2\/comments?post=9561"}],"version-history":[{"count":0,"href":"https:\/\/jornalfatosenoticias.com.br\/index.php\/wp-json\/wp\/v2\/posts\/9561\/revisions"}],"wp:featuredmedia":[{"embeddable":true,"href":"https:\/\/jornalfatosenoticias.com.br\/index.php\/wp-json\/wp\/v2\/media\/9562"}],"wp:attachment":[{"href":"https:\/\/jornalfatosenoticias.com.br\/index.php\/wp-json\/wp\/v2\/media?parent=9561"}],"wp:term":[{"taxonomy":"category","embeddable":true,"href":"https:\/\/jornalfatosenoticias.com.br\/index.php\/wp-json\/wp\/v2\/categories?post=9561"},{"taxonomy":"post_tag","embeddable":true,"href":"https:\/\/jornalfatosenoticias.com.br\/index.php\/wp-json\/wp\/v2\/tags?post=9561"}],"curies":[{"name":"wp","href":"https:\/\/api.w.org\/{rel}","templated":true}]}}