{"id":9582,"date":"2020-10-02T18:11:10","date_gmt":"2020-10-02T21:11:10","guid":{"rendered":"https:\/\/jornalfatosenoticias.com.br\/?p=9582"},"modified":"2020-10-02T18:11:16","modified_gmt":"2020-10-02T21:11:16","slug":"trf2-derruba-liminar-que-suspendia-revogacao-de-resolucoes-do-conama","status":"publish","type":"post","link":"https:\/\/jornalfatosenoticias.com.br\/index.php\/2020\/10\/02\/trf2-derruba-liminar-que-suspendia-revogacao-de-resolucoes-do-conama\/","title":{"rendered":"TRF2 derruba liminar que suspendia revoga\u00e7\u00e3o de resolu\u00e7\u00f5es do Conama"},"content":{"rendered":"\n<h6 class=\"wp-block-heading\"><em>Volta a valer decis\u00e3o que suspende prote\u00e7\u00e3o permanente no litoral<\/em><\/h6>\n\n\n\n<p>O desembargador Marcelo Pereira da Silva, do Tribunal Regional Federal da 2\u00aa Regi\u00e3o (TRF2), derrubou hoje (2) a liminar (decis\u00e3o provis\u00f3ria) que havia suspendido a revoga\u00e7\u00e3o pelo Conselho Nacional do Meio Ambiente (Conama) de duas resolu\u00e7\u00f5es que delimitavam \u00e1reas de prote\u00e7\u00e3o permanente no litoral e ao redor de represas.<br>O magistrado atendeu a pedido da Advocacia-Geral da Uni\u00e3o (AGU), que entre outros argumentos sustentou que as resolu\u00e7\u00f5es, editadas em 2002, perderam a efic\u00e1cia ap\u00f3s a san\u00e7\u00e3o do C\u00f3digo Florestal, de 2012.<br>Com a derrubada da liminar, voltam a perder efic\u00e1cia as resolu\u00e7\u00f5es que estabeleciam faixas de prote\u00e7\u00e3o ao redor de reservat\u00f3rios e de restingas e manguezais.<br>A mesma raz\u00e3o havia sido apresentada pelo Minist\u00e9rio do Meio Ambiente (MMA) no Conama para a derrubada das normas, em reuni\u00e3o realizada na \u00faltima segunda-feira (28).<br>Para o desembargador, com a aprova\u00e7\u00e3o de um novo C\u00f3digo Florestal, houve uma revoga\u00e7\u00e3o t\u00e1cita de normas administrativas editadas \u00e0 luz do c\u00f3digo anterior, motivo pelo qual n\u00e3o haveria de se falar em retrocesso ambiental com a revoga\u00e7\u00e3o de resolu\u00e7\u00f5es antigas do Conama.<br>A liminar que havia <strong><a href=\"https:\/\/agenciabrasil.ebc.com.br\/geral\/noticia\/2020-09\/justica-suspende-decisao-do-conama-que-revogou-resolucoes-ambientais\" target=\"_blank\" rel=\"noreferrer noopener\">suspendido<\/a><\/strong> a revoga\u00e7\u00e3o das resolu\u00e7\u00f5es havia sido deferida pela ju\u00edza Maria Am\u00e9lia Almeida Senos de Carvalho, da 23\u00aa Vara Federal do Rio de Janeiro, em a\u00e7\u00e3o popular.<br>Em sua decis\u00e3o, a ju\u00edza havia escrito haver \u201cevidente risco de danos irrecuper\u00e1veis ao meio ambiente\u201d, caso as decis\u00f5es do Conama sejam mantidas. As normas revogadas <strong><a href=\"https:\/\/agenciabrasil.ebc.com.br\/geral\/noticia\/2020-09\/conama-revoga-normas-que-delimitam-areas-de-protecao-permanente\" target=\"_blank\" rel=\"noreferrer noopener\">fixam par\u00e2metros de prote\u00e7\u00e3o<\/a><\/strong> para \u00c1reas de Preserva\u00e7\u00e3o Permanente, tais como restingas, manguezais e outros ecossistemas sens\u00edveis, com o objetivo de impedir a ocupa\u00e7\u00e3o e o desmatamento.<br>A revoga\u00e7\u00e3o das resolu\u00e7\u00f5es \u00e9 tamb\u00e9m contestada pelo PT no Supremo Tribunal Federal (STF). O partido pediu uma liminar por entender haver risco de retrocesso ambiental, o que \u00e9 vedado pela Constitui\u00e7\u00e3o. Ontem (1\u00ba), a relatora, ministra Rosa Weber, pediu informa\u00e7\u00f5es ao MMA no prazo de 48h.<\/p>\n\n\n\n<p><strong><em>Fonte: <a href=\"https:\/\/agenciabrasil.ebc.com.br\/justica\/noticia\/2020-10\/trf2-derruba-liminar-que-suspendia-revogacao-de-resolucoes-do-conama\">Ag\u00eancia Brasil<\/a><\/em><\/strong><\/p>\n","protected":false},"excerpt":{"rendered":"<p>Volta a valer decis\u00e3o que suspende prote\u00e7\u00e3o permanente no litoral O desembargador Marcelo Pereira da Silva, do Tribunal Regional Federal da 2\u00aa Regi\u00e3o (TRF2), derrubou hoje (2) a liminar (decis\u00e3o provis\u00f3ria) que havia suspendido a revoga\u00e7\u00e3o pelo Conselho Nacional do Meio Ambiente (Conama) de duas resolu\u00e7\u00f5es que delimitavam \u00e1reas de prote\u00e7\u00e3o permanente no litoral e [&hellip;]<\/p>\n","protected":false},"author":2,"featured_media":9583,"comment_status":"open","ping_status":"open","sticky":false,"template":"","format":"standard","meta":{"footnotes":""},"categories":[8],"tags":[5174,5221,5176,5222,5223,5224],"class_list":["post-9582","post","type-post","status-publish","format-standard","has-post-thumbnail","hentry","category-meio-ambiente","tag-conama","tag-liminar","tag-manguezais","tag-resolucao","tag-restingas","tag-trf2"],"yoast_head":"<!-- This site is optimized with the Yoast SEO plugin v26.5 - https:\/\/yoast.com\/wordpress\/plugins\/seo\/ -->\n<title>TRF2 derruba liminar que suspendia revoga\u00e7\u00e3o de resolu\u00e7\u00f5es do Conama - Jornal Fatos e Not\u00edcias<\/title>\n<meta name=\"robots\" content=\"index, follow, max-snippet:-1, max-image-preview:large, max-video-preview:-1\" \/>\n<link rel=\"canonical\" href=\"https:\/\/jornalfatosenoticias.com.br\/index.php\/2020\/10\/02\/trf2-derruba-liminar-que-suspendia-revogacao-de-resolucoes-do-conama\/\" \/>\n<meta property=\"og:locale\" content=\"pt_BR\" \/>\n<meta property=\"og:type\" content=\"article\" \/>\n<meta property=\"og:title\" content=\"TRF2 derruba liminar que suspendia revoga\u00e7\u00e3o de resolu\u00e7\u00f5es do Conama - Jornal Fatos e Not\u00edcias\" \/>\n<meta property=\"og:description\" content=\"Volta a valer decis\u00e3o que suspende prote\u00e7\u00e3o permanente no litoral O desembargador Marcelo Pereira da Silva, do Tribunal Regional Federal da 2\u00aa Regi\u00e3o (TRF2), derrubou hoje (2) a liminar (decis\u00e3o provis\u00f3ria) que havia suspendido a revoga\u00e7\u00e3o pelo Conselho Nacional do Meio Ambiente (Conama) de duas resolu\u00e7\u00f5es que delimitavam \u00e1reas de prote\u00e7\u00e3o permanente no litoral e [&hellip;]\" \/>\n<meta property=\"og:url\" content=\"https:\/\/jornalfatosenoticias.com.br\/index.php\/2020\/10\/02\/trf2-derruba-liminar-que-suspendia-revogacao-de-resolucoes-do-conama\/\" \/>\n<meta property=\"og:site_name\" content=\"Jornal Fatos e Not\u00edcias\" \/>\n<meta property=\"article:published_time\" content=\"2020-10-02T21:11:10+00:00\" \/>\n<meta property=\"article:modified_time\" content=\"2020-10-02T21:11:16+00:00\" \/>\n<meta property=\"og:image\" content=\"https:\/\/jornalfatosenoticias.com.br\/wp-content\/uploads\/2020\/10\/flamingo.jpg\" \/>\n\t<meta property=\"og:image:width\" content=\"1000\" \/>\n\t<meta property=\"og:image:height\" content=\"598\" \/>\n\t<meta property=\"og:image:type\" content=\"image\/jpeg\" \/>\n<meta name=\"author\" content=\"Luzimara Fernandes\" \/>\n<meta name=\"twitter:card\" content=\"summary_large_image\" \/>\n<meta name=\"twitter:label1\" content=\"Escrito por\" \/>\n\t<meta name=\"twitter:data1\" content=\"Luzimara Fernandes\" \/>\n\t<meta name=\"twitter:label2\" content=\"Est. tempo de leitura\" \/>\n\t<meta name=\"twitter:data2\" content=\"2 minutos\" \/>\n<script type=\"application\/ld+json\" class=\"yoast-schema-graph\">{\"@context\":\"https:\/\/schema.org\",\"@graph\":[{\"@type\":\"Article\",\"@id\":\"https:\/\/jornalfatosenoticias.com.br\/index.php\/2020\/10\/02\/trf2-derruba-liminar-que-suspendia-revogacao-de-resolucoes-do-conama\/#article\",\"isPartOf\":{\"@id\":\"https:\/\/jornalfatosenoticias.com.br\/index.php\/2020\/10\/02\/trf2-derruba-liminar-que-suspendia-revogacao-de-resolucoes-do-conama\/\"},\"author\":{\"name\":\"Luzimara Fernandes\",\"@id\":\"https:\/\/jornalfatosenoticias.com.br\/#\/schema\/person\/d63837fa13ac8666eb9e74e0985d6f81\"},\"headline\":\"TRF2 derruba liminar que suspendia revoga\u00e7\u00e3o de resolu\u00e7\u00f5es do Conama\",\"datePublished\":\"2020-10-02T21:11:10+00:00\",\"dateModified\":\"2020-10-02T21:11:16+00:00\",\"mainEntityOfPage\":{\"@id\":\"https:\/\/jornalfatosenoticias.com.br\/index.php\/2020\/10\/02\/trf2-derruba-liminar-que-suspendia-revogacao-de-resolucoes-do-conama\/\"},\"wordCount\":370,\"commentCount\":0,\"publisher\":{\"@id\":\"https:\/\/jornalfatosenoticias.com.br\/#organization\"},\"image\":{\"@id\":\"https:\/\/jornalfatosenoticias.com.br\/index.php\/2020\/10\/02\/trf2-derruba-liminar-que-suspendia-revogacao-de-resolucoes-do-conama\/#primaryimage\"},\"thumbnailUrl\":\"https:\/\/jornalfatosenoticias.com.br\/wp-content\/uploads\/2020\/10\/flamingo.jpg\",\"keywords\":[\"Conama\",\"liminar\",\"manguezais\",\"resolu\u00e7\u00e3o\",\"restingas\",\"TRF2\"],\"articleSection\":[\"Meio ambiente\"],\"inLanguage\":\"pt-BR\",\"potentialAction\":[{\"@type\":\"CommentAction\",\"name\":\"Comment\",\"target\":[\"https:\/\/jornalfatosenoticias.com.br\/index.php\/2020\/10\/02\/trf2-derruba-liminar-que-suspendia-revogacao-de-resolucoes-do-conama\/#respond\"]}]},{\"@type\":\"WebPage\",\"@id\":\"https:\/\/jornalfatosenoticias.com.br\/index.php\/2020\/10\/02\/trf2-derruba-liminar-que-suspendia-revogacao-de-resolucoes-do-conama\/\",\"url\":\"https:\/\/jornalfatosenoticias.com.br\/index.php\/2020\/10\/02\/trf2-derruba-liminar-que-suspendia-revogacao-de-resolucoes-do-conama\/\",\"name\":\"TRF2 derruba liminar que suspendia revoga\u00e7\u00e3o de resolu\u00e7\u00f5es do Conama - Jornal Fatos e Not\u00edcias\",\"isPartOf\":{\"@id\":\"https:\/\/jornalfatosenoticias.com.br\/#website\"},\"primaryImageOfPage\":{\"@id\":\"https:\/\/jornalfatosenoticias.com.br\/index.php\/2020\/10\/02\/trf2-derruba-liminar-que-suspendia-revogacao-de-resolucoes-do-conama\/#primaryimage\"},\"image\":{\"@id\":\"https:\/\/jornalfatosenoticias.com.br\/index.php\/2020\/10\/02\/trf2-derruba-liminar-que-suspendia-revogacao-de-resolucoes-do-conama\/#primaryimage\"},\"thumbnailUrl\":\"https:\/\/jornalfatosenoticias.com.br\/wp-content\/uploads\/2020\/10\/flamingo.jpg\",\"datePublished\":\"2020-10-02T21:11:10+00:00\",\"dateModified\":\"2020-10-02T21:11:16+00:00\",\"breadcrumb\":{\"@id\":\"https:\/\/jornalfatosenoticias.com.br\/index.php\/2020\/10\/02\/trf2-derruba-liminar-que-suspendia-revogacao-de-resolucoes-do-conama\/#breadcrumb\"},\"inLanguage\":\"pt-BR\",\"potentialAction\":[{\"@type\":\"ReadAction\",\"target\":[\"https:\/\/jornalfatosenoticias.com.br\/index.php\/2020\/10\/02\/trf2-derruba-liminar-que-suspendia-revogacao-de-resolucoes-do-conama\/\"]}]},{\"@type\":\"ImageObject\",\"inLanguage\":\"pt-BR\",\"@id\":\"https:\/\/jornalfatosenoticias.com.br\/index.php\/2020\/10\/02\/trf2-derruba-liminar-que-suspendia-revogacao-de-resolucoes-do-conama\/#primaryimage\",\"url\":\"https:\/\/jornalfatosenoticias.com.br\/wp-content\/uploads\/2020\/10\/flamingo.jpg\",\"contentUrl\":\"https:\/\/jornalfatosenoticias.com.br\/wp-content\/uploads\/2020\/10\/flamingo.jpg\",\"width\":1000,\"height\":598,\"caption\":\"Manguezais da \u00c1rea de Prote\u00e7\u00e3o Ambianetal(APA) de Guapi-Mirim e Esta\u00e7\u00e3o Ecol\u00f3gica da Guanabara, regi\u00e3o hidrogr\u00e1fica da Ba\u00eda de Guanabara. Na foto o colhereiro, uma das esp\u00e9cies de aves encontradas na \u00e1rea de prote\u00e7\u00e3o.\"},{\"@type\":\"BreadcrumbList\",\"@id\":\"https:\/\/jornalfatosenoticias.com.br\/index.php\/2020\/10\/02\/trf2-derruba-liminar-que-suspendia-revogacao-de-resolucoes-do-conama\/#breadcrumb\",\"itemListElement\":[{\"@type\":\"ListItem\",\"position\":1,\"name\":\"In\u00edcio\",\"item\":\"https:\/\/jornalfatosenoticias.com.br\/\"},{\"@type\":\"ListItem\",\"position\":2,\"name\":\"TRF2 derruba liminar que suspendia revoga\u00e7\u00e3o de resolu\u00e7\u00f5es do Conama\"}]},{\"@type\":\"WebSite\",\"@id\":\"https:\/\/jornalfatosenoticias.com.br\/#website\",\"url\":\"https:\/\/jornalfatosenoticias.com.br\/\",\"name\":\"Jornal Fatos e Not\u00edcias\",\"description\":\"Not\u00edcias em geral\",\"publisher\":{\"@id\":\"https:\/\/jornalfatosenoticias.com.br\/#organization\"},\"potentialAction\":[{\"@type\":\"SearchAction\",\"target\":{\"@type\":\"EntryPoint\",\"urlTemplate\":\"https:\/\/jornalfatosenoticias.com.br\/?s={search_term_string}\"},\"query-input\":{\"@type\":\"PropertyValueSpecification\",\"valueRequired\":true,\"valueName\":\"search_term_string\"}}],\"inLanguage\":\"pt-BR\"},{\"@type\":\"Organization\",\"@id\":\"https:\/\/jornalfatosenoticias.com.br\/#organization\",\"name\":\"Jornal Fatos e Not\u00edcias\",\"url\":\"https:\/\/jornalfatosenoticias.com.br\/\",\"logo\":{\"@type\":\"ImageObject\",\"inLanguage\":\"pt-BR\",\"@id\":\"https:\/\/jornalfatosenoticias.com.br\/#\/schema\/logo\/image\/\",\"url\":\"https:\/\/jornalfatosenoticias.com.br\/wp-content\/uploads\/2020\/02\/logo120.png\",\"contentUrl\":\"https:\/\/jornalfatosenoticias.com.br\/wp-content\/uploads\/2020\/02\/logo120.png\",\"width\":1227,\"height\":120,\"caption\":\"Jornal Fatos e Not\u00edcias\"},\"image\":{\"@id\":\"https:\/\/jornalfatosenoticias.com.br\/#\/schema\/logo\/image\/\"}},{\"@type\":\"Person\",\"@id\":\"https:\/\/jornalfatosenoticias.com.br\/#\/schema\/person\/d63837fa13ac8666eb9e74e0985d6f81\",\"name\":\"Luzimara Fernandes\",\"image\":{\"@type\":\"ImageObject\",\"inLanguage\":\"pt-BR\",\"@id\":\"https:\/\/jornalfatosenoticias.com.br\/#\/schema\/person\/image\/\",\"url\":\"https:\/\/jornalfatosenoticias.com.br\/wp-content\/uploads\/2025\/05\/EU_portal.jpg\",\"contentUrl\":\"https:\/\/jornalfatosenoticias.com.br\/wp-content\/uploads\/2025\/05\/EU_portal.jpg\",\"caption\":\"Luzimara Fernandes\"},\"description\":\"Jornalista MTB 2358-ES\",\"sameAs\":[\"https:\/\/jornalfatosenoticias.com.br\"],\"url\":\"https:\/\/jornalfatosenoticias.com.br\/index.php\/author\/luzimara\/\"}]}<\/script>\n<!-- \/ Yoast SEO plugin. -->","yoast_head_json":{"title":"TRF2 derruba liminar que suspendia revoga\u00e7\u00e3o de resolu\u00e7\u00f5es do Conama - Jornal Fatos e Not\u00edcias","robots":{"index":"index","follow":"follow","max-snippet":"max-snippet:-1","max-image-preview":"max-image-preview:large","max-video-preview":"max-video-preview:-1"},"canonical":"https:\/\/jornalfatosenoticias.com.br\/index.php\/2020\/10\/02\/trf2-derruba-liminar-que-suspendia-revogacao-de-resolucoes-do-conama\/","og_locale":"pt_BR","og_type":"article","og_title":"TRF2 derruba liminar que suspendia revoga\u00e7\u00e3o de resolu\u00e7\u00f5es do Conama - Jornal Fatos e Not\u00edcias","og_description":"Volta a valer decis\u00e3o que suspende prote\u00e7\u00e3o permanente no litoral O desembargador Marcelo Pereira da Silva, do Tribunal Regional Federal da 2\u00aa Regi\u00e3o (TRF2), derrubou hoje (2) a liminar (decis\u00e3o provis\u00f3ria) que havia suspendido a revoga\u00e7\u00e3o pelo Conselho Nacional do Meio Ambiente (Conama) de duas resolu\u00e7\u00f5es que delimitavam \u00e1reas de prote\u00e7\u00e3o permanente no litoral e [&hellip;]","og_url":"https:\/\/jornalfatosenoticias.com.br\/index.php\/2020\/10\/02\/trf2-derruba-liminar-que-suspendia-revogacao-de-resolucoes-do-conama\/","og_site_name":"Jornal Fatos e Not\u00edcias","article_published_time":"2020-10-02T21:11:10+00:00","article_modified_time":"2020-10-02T21:11:16+00:00","og_image":[{"width":1000,"height":598,"url":"https:\/\/jornalfatosenoticias.com.br\/wp-content\/uploads\/2020\/10\/flamingo.jpg","type":"image\/jpeg"}],"author":"Luzimara Fernandes","twitter_card":"summary_large_image","twitter_misc":{"Escrito por":"Luzimara Fernandes","Est. tempo de leitura":"2 minutos"},"schema":{"@context":"https:\/\/schema.org","@graph":[{"@type":"Article","@id":"https:\/\/jornalfatosenoticias.com.br\/index.php\/2020\/10\/02\/trf2-derruba-liminar-que-suspendia-revogacao-de-resolucoes-do-conama\/#article","isPartOf":{"@id":"https:\/\/jornalfatosenoticias.com.br\/index.php\/2020\/10\/02\/trf2-derruba-liminar-que-suspendia-revogacao-de-resolucoes-do-conama\/"},"author":{"name":"Luzimara Fernandes","@id":"https:\/\/jornalfatosenoticias.com.br\/#\/schema\/person\/d63837fa13ac8666eb9e74e0985d6f81"},"headline":"TRF2 derruba liminar que suspendia revoga\u00e7\u00e3o de resolu\u00e7\u00f5es do Conama","datePublished":"2020-10-02T21:11:10+00:00","dateModified":"2020-10-02T21:11:16+00:00","mainEntityOfPage":{"@id":"https:\/\/jornalfatosenoticias.com.br\/index.php\/2020\/10\/02\/trf2-derruba-liminar-que-suspendia-revogacao-de-resolucoes-do-conama\/"},"wordCount":370,"commentCount":0,"publisher":{"@id":"https:\/\/jornalfatosenoticias.com.br\/#organization"},"image":{"@id":"https:\/\/jornalfatosenoticias.com.br\/index.php\/2020\/10\/02\/trf2-derruba-liminar-que-suspendia-revogacao-de-resolucoes-do-conama\/#primaryimage"},"thumbnailUrl":"https:\/\/jornalfatosenoticias.com.br\/wp-content\/uploads\/2020\/10\/flamingo.jpg","keywords":["Conama","liminar","manguezais","resolu\u00e7\u00e3o","restingas","TRF2"],"articleSection":["Meio ambiente"],"inLanguage":"pt-BR","potentialAction":[{"@type":"CommentAction","name":"Comment","target":["https:\/\/jornalfatosenoticias.com.br\/index.php\/2020\/10\/02\/trf2-derruba-liminar-que-suspendia-revogacao-de-resolucoes-do-conama\/#respond"]}]},{"@type":"WebPage","@id":"https:\/\/jornalfatosenoticias.com.br\/index.php\/2020\/10\/02\/trf2-derruba-liminar-que-suspendia-revogacao-de-resolucoes-do-conama\/","url":"https:\/\/jornalfatosenoticias.com.br\/index.php\/2020\/10\/02\/trf2-derruba-liminar-que-suspendia-revogacao-de-resolucoes-do-conama\/","name":"TRF2 derruba liminar que suspendia revoga\u00e7\u00e3o de resolu\u00e7\u00f5es do Conama - Jornal Fatos e Not\u00edcias","isPartOf":{"@id":"https:\/\/jornalfatosenoticias.com.br\/#website"},"primaryImageOfPage":{"@id":"https:\/\/jornalfatosenoticias.com.br\/index.php\/2020\/10\/02\/trf2-derruba-liminar-que-suspendia-revogacao-de-resolucoes-do-conama\/#primaryimage"},"image":{"@id":"https:\/\/jornalfatosenoticias.com.br\/index.php\/2020\/10\/02\/trf2-derruba-liminar-que-suspendia-revogacao-de-resolucoes-do-conama\/#primaryimage"},"thumbnailUrl":"https:\/\/jornalfatosenoticias.com.br\/wp-content\/uploads\/2020\/10\/flamingo.jpg","datePublished":"2020-10-02T21:11:10+00:00","dateModified":"2020-10-02T21:11:16+00:00","breadcrumb":{"@id":"https:\/\/jornalfatosenoticias.com.br\/index.php\/2020\/10\/02\/trf2-derruba-liminar-que-suspendia-revogacao-de-resolucoes-do-conama\/#breadcrumb"},"inLanguage":"pt-BR","potentialAction":[{"@type":"ReadAction","target":["https:\/\/jornalfatosenoticias.com.br\/index.php\/2020\/10\/02\/trf2-derruba-liminar-que-suspendia-revogacao-de-resolucoes-do-conama\/"]}]},{"@type":"ImageObject","inLanguage":"pt-BR","@id":"https:\/\/jornalfatosenoticias.com.br\/index.php\/2020\/10\/02\/trf2-derruba-liminar-que-suspendia-revogacao-de-resolucoes-do-conama\/#primaryimage","url":"https:\/\/jornalfatosenoticias.com.br\/wp-content\/uploads\/2020\/10\/flamingo.jpg","contentUrl":"https:\/\/jornalfatosenoticias.com.br\/wp-content\/uploads\/2020\/10\/flamingo.jpg","width":1000,"height":598,"caption":"Manguezais da \u00c1rea de Prote\u00e7\u00e3o Ambianetal(APA) de Guapi-Mirim e Esta\u00e7\u00e3o Ecol\u00f3gica da Guanabara, regi\u00e3o hidrogr\u00e1fica da Ba\u00eda de Guanabara. Na foto o colhereiro, uma das esp\u00e9cies de aves encontradas na \u00e1rea de prote\u00e7\u00e3o."},{"@type":"BreadcrumbList","@id":"https:\/\/jornalfatosenoticias.com.br\/index.php\/2020\/10\/02\/trf2-derruba-liminar-que-suspendia-revogacao-de-resolucoes-do-conama\/#breadcrumb","itemListElement":[{"@type":"ListItem","position":1,"name":"In\u00edcio","item":"https:\/\/jornalfatosenoticias.com.br\/"},{"@type":"ListItem","position":2,"name":"TRF2 derruba liminar que suspendia revoga\u00e7\u00e3o de resolu\u00e7\u00f5es do Conama"}]},{"@type":"WebSite","@id":"https:\/\/jornalfatosenoticias.com.br\/#website","url":"https:\/\/jornalfatosenoticias.com.br\/","name":"Jornal Fatos e Not\u00edcias","description":"Not\u00edcias em geral","publisher":{"@id":"https:\/\/jornalfatosenoticias.com.br\/#organization"},"potentialAction":[{"@type":"SearchAction","target":{"@type":"EntryPoint","urlTemplate":"https:\/\/jornalfatosenoticias.com.br\/?s={search_term_string}"},"query-input":{"@type":"PropertyValueSpecification","valueRequired":true,"valueName":"search_term_string"}}],"inLanguage":"pt-BR"},{"@type":"Organization","@id":"https:\/\/jornalfatosenoticias.com.br\/#organization","name":"Jornal Fatos e Not\u00edcias","url":"https:\/\/jornalfatosenoticias.com.br\/","logo":{"@type":"ImageObject","inLanguage":"pt-BR","@id":"https:\/\/jornalfatosenoticias.com.br\/#\/schema\/logo\/image\/","url":"https:\/\/jornalfatosenoticias.com.br\/wp-content\/uploads\/2020\/02\/logo120.png","contentUrl":"https:\/\/jornalfatosenoticias.com.br\/wp-content\/uploads\/2020\/02\/logo120.png","width":1227,"height":120,"caption":"Jornal Fatos e Not\u00edcias"},"image":{"@id":"https:\/\/jornalfatosenoticias.com.br\/#\/schema\/logo\/image\/"}},{"@type":"Person","@id":"https:\/\/jornalfatosenoticias.com.br\/#\/schema\/person\/d63837fa13ac8666eb9e74e0985d6f81","name":"Luzimara Fernandes","image":{"@type":"ImageObject","inLanguage":"pt-BR","@id":"https:\/\/jornalfatosenoticias.com.br\/#\/schema\/person\/image\/","url":"https:\/\/jornalfatosenoticias.com.br\/wp-content\/uploads\/2025\/05\/EU_portal.jpg","contentUrl":"https:\/\/jornalfatosenoticias.com.br\/wp-content\/uploads\/2025\/05\/EU_portal.jpg","caption":"Luzimara Fernandes"},"description":"Jornalista MTB 2358-ES","sameAs":["https:\/\/jornalfatosenoticias.com.br"],"url":"https:\/\/jornalfatosenoticias.com.br\/index.php\/author\/luzimara\/"}]}},"cc_featured_image_caption":{"caption_text":"(Foto: T\u00e2nia R\u00eago\/Ag\u00eancia Brasil)","source_text":"","source_url":""},"jetpack_featured_media_url":"https:\/\/jornalfatosenoticias.com.br\/wp-content\/uploads\/2020\/10\/flamingo.jpg","_links":{"self":[{"href":"https:\/\/jornalfatosenoticias.com.br\/index.php\/wp-json\/wp\/v2\/posts\/9582","targetHints":{"allow":["GET"]}}],"collection":[{"href":"https:\/\/jornalfatosenoticias.com.br\/index.php\/wp-json\/wp\/v2\/posts"}],"about":[{"href":"https:\/\/jornalfatosenoticias.com.br\/index.php\/wp-json\/wp\/v2\/types\/post"}],"author":[{"embeddable":true,"href":"https:\/\/jornalfatosenoticias.com.br\/index.php\/wp-json\/wp\/v2\/users\/2"}],"replies":[{"embeddable":true,"href":"https:\/\/jornalfatosenoticias.com.br\/index.php\/wp-json\/wp\/v2\/comments?post=9582"}],"version-history":[{"count":0,"href":"https:\/\/jornalfatosenoticias.com.br\/index.php\/wp-json\/wp\/v2\/posts\/9582\/revisions"}],"wp:featuredmedia":[{"embeddable":true,"href":"https:\/\/jornalfatosenoticias.com.br\/index.php\/wp-json\/wp\/v2\/media\/9583"}],"wp:attachment":[{"href":"https:\/\/jornalfatosenoticias.com.br\/index.php\/wp-json\/wp\/v2\/media?parent=9582"}],"wp:term":[{"taxonomy":"category","embeddable":true,"href":"https:\/\/jornalfatosenoticias.com.br\/index.php\/wp-json\/wp\/v2\/categories?post=9582"},{"taxonomy":"post_tag","embeddable":true,"href":"https:\/\/jornalfatosenoticias.com.br\/index.php\/wp-json\/wp\/v2\/tags?post=9582"}],"curies":[{"name":"wp","href":"https:\/\/api.w.org\/{rel}","templated":true}]}}