{"id":9612,"date":"2020-10-05T15:22:05","date_gmt":"2020-10-05T18:22:05","guid":{"rendered":"https:\/\/jornalfatosenoticias.com.br\/?p=9612"},"modified":"2020-10-05T15:22:09","modified_gmt":"2020-10-05T18:22:09","slug":"cerebro-que-virou-vidro-apos-erupcao-do-vesuvio-preserva-neuronios","status":"publish","type":"post","link":"https:\/\/jornalfatosenoticias.com.br\/index.php\/2020\/10\/05\/cerebro-que-virou-vidro-apos-erupcao-do-vesuvio-preserva-neuronios\/","title":{"rendered":"C\u00e9rebro que virou vidro ap\u00f3s erup\u00e7\u00e3o do Ves\u00favio preserva neur\u00f4nios"},"content":{"rendered":"\n<h6 class=\"wp-block-heading\"><em>Novas an\u00e1lises indicam que tecido cerebral vitrificado ainda cont\u00e9m estruturas neuronais, quase dois mil anos ap\u00f3s a morte da v\u00edtima da erup\u00e7\u00e3o<\/em><\/h6>\n\n\n\n<p>Em janeiro de 2020, um estudo publicado no peri\u00f3dico The New England Journal of Medicine revelou que o c\u00e9rebro de uma v\u00edtima da erup\u00e7\u00e3o que aconteceu em Ves\u00favio, na It\u00e1lia, em 79 d.C., havia se transformado em vidro. Na \u00faltima sexta-feira (2), uma nova pesquisa, divulgada na revista cient\u00edfica PLOS ONE, indica que as c\u00e9lulas cerebrais do homem ainda est\u00e3o preservadas.<\/p>\n\n\n\n<blockquote class=\"wp-block-quote is-layout-flow wp-block-quote-is-layout-flow\"><p>\u201cNossos resultados mostram que o processo \u00fanico de vitrifica\u00e7\u00e3o que aconteceu em Herculano congelou estruturas neuronais dessa v\u00edtima, mantendo-as intactas at\u00e9 hoje\u201d, disse, em comunicado, Pier Paolo Petrone, l\u00edder do estudo e antrop\u00f3logo forense da Universidade Federico II de N\u00e1poles, tamb\u00e9m na It\u00e1lia.<\/p><\/blockquote>\n\n\n\n<p>H\u00e1 quase dois mil anos, a erup\u00e7\u00e3o do Ves\u00favio atingiu a antiga cidade de Herculano, pr\u00f3ximo a Pompeia. Apesar das mortes e destrui\u00e7\u00f5es, a alta temperatura \u2014 que ultrapassou 500\u00b0C \u2014 fez com que o material org\u00e2nico cerebral fosse preservado, ainda que em forma de vidro.<\/p>\n\n\n\n<figure class=\"wp-block-image size-large is-resized\"><img loading=\"lazy\" decoding=\"async\" src=\"https:\/\/jornalfatosenoticias.com.br\/wp-content\/uploads\/2020\/10\/cerebro-vitrificado2.jpg\" alt=\"\" class=\"wp-image-9613\" width=\"532\" height=\"385\" srcset=\"https:\/\/jornalfatosenoticias.com.br\/wp-content\/uploads\/2020\/10\/cerebro-vitrificado2.jpg 1000w, https:\/\/jornalfatosenoticias.com.br\/wp-content\/uploads\/2020\/10\/cerebro-vitrificado2-300x218.jpg 300w, https:\/\/jornalfatosenoticias.com.br\/wp-content\/uploads\/2020\/10\/cerebro-vitrificado2-768x557.jpg 768w\" sizes=\"auto, (max-width: 532px) 100vw, 532px\" \/><figcaption><em>C\u00e9rebro de v\u00edtima se transformou em vidro ap\u00f3s erup\u00e7\u00e3o do Ves\u00favio, em 79 d.C. (Foto: The New England Journal of Medicine)<\/em><\/figcaption><\/figure>\n\n\n\n<p>Segundo o portal Live Science, nas novas investiga\u00e7\u00f5es, os cientistas utilizaram microscopia eletr\u00f4nica para analisar detalhes do c\u00e9rebro. Foi a\u00ed que observaram estruturas esf\u00e9ricas min\u00fasculas e outras maiores e tubulares, o que se parece exatamente como neur\u00f4nios e ax\u00f4nios, \u201ccabos\u201d respons\u00e1veis por conduzir os impulsos el\u00e9tricos. As estruturas esf\u00e9ricas ainda parecem conter membranas celulares, al\u00e9m de filamentos internos e pequenas ves\u00edculas, que ajudam a transportar prote\u00ednas para a c\u00e9lula.<br>Os estudiosos tamb\u00e9m viram que o material \u00e9 rico em carbono e oxig\u00eanio, indicando que era, de fato, org\u00e2nico. De acordo com o Live Science, os pesquisadores tamb\u00e9m confirmaram que as prote\u00ednas identificadas fazem parte do tecido cerebral humano.<br>Petrone e seus colegas suspeitam que podem ter descoberto parte da medula espinhal e do cerebelo do homem, uma estrutura cerebral na base do cr\u00e2nio que est\u00e1 envolvida no movimento e na coordena\u00e7\u00e3o.<\/p>\n\n\n\n<p><em><strong>Cr\u00e9dito da foto de capa: <\/strong>Foto: \u00a9Pier Paolo Petrone\/Universidade Federico II de N\u00e1poles, It\u00e1lia<\/em><\/p>\n\n\n\n<p><strong><em>Fonte: <a href=\"https:\/\/revistagalileu.globo.com\/Ciencia\/noticia\/2020\/10\/cerebro-que-virou-vidro-apos-erupcao-do-vesuvio-preserva-neuronios.html\">Revista Galileu<\/a><\/em><\/strong><\/p>\n","protected":false},"excerpt":{"rendered":"<p>Novas an\u00e1lises indicam que tecido cerebral vitrificado ainda cont\u00e9m estruturas neuronais, quase dois mil anos ap\u00f3s a morte da v\u00edtima da erup\u00e7\u00e3o Em janeiro de 2020, um estudo publicado no peri\u00f3dico The New England Journal of Medicine revelou que o c\u00e9rebro de uma v\u00edtima da erup\u00e7\u00e3o que aconteceu em Ves\u00favio, na It\u00e1lia, em 79 d.C., [&hellip;]<\/p>\n","protected":false},"author":2,"featured_media":9614,"comment_status":"open","ping_status":"open","sticky":false,"template":"","format":"standard","meta":{"footnotes":""},"categories":[2],"tags":[2336,124,2699,5238,5237],"class_list":["post-9612","post","type-post","status-publish","format-standard","has-post-thumbnail","hentry","category-ciencia","tag-cerebro","tag-italia","tag-neuronios","tag-pompeia","tag-vesuvio"],"yoast_head":"<!-- This site is optimized with the Yoast SEO plugin v26.5 - https:\/\/yoast.com\/wordpress\/plugins\/seo\/ -->\n<title>C\u00e9rebro que virou vidro ap\u00f3s erup\u00e7\u00e3o do Ves\u00favio preserva neur\u00f4nios - Jornal Fatos e Not\u00edcias<\/title>\n<meta name=\"robots\" content=\"index, follow, max-snippet:-1, max-image-preview:large, max-video-preview:-1\" \/>\n<link rel=\"canonical\" href=\"https:\/\/jornalfatosenoticias.com.br\/index.php\/2020\/10\/05\/cerebro-que-virou-vidro-apos-erupcao-do-vesuvio-preserva-neuronios\/\" \/>\n<meta property=\"og:locale\" content=\"pt_BR\" \/>\n<meta property=\"og:type\" content=\"article\" \/>\n<meta property=\"og:title\" content=\"C\u00e9rebro que virou vidro ap\u00f3s erup\u00e7\u00e3o do Ves\u00favio preserva neur\u00f4nios - Jornal Fatos e Not\u00edcias\" \/>\n<meta property=\"og:description\" content=\"Novas an\u00e1lises indicam que tecido cerebral vitrificado ainda cont\u00e9m estruturas neuronais, quase dois mil anos ap\u00f3s a morte da v\u00edtima da erup\u00e7\u00e3o Em janeiro de 2020, um estudo publicado no peri\u00f3dico The New England Journal of Medicine revelou que o c\u00e9rebro de uma v\u00edtima da erup\u00e7\u00e3o que aconteceu em Ves\u00favio, na It\u00e1lia, em 79 d.C., [&hellip;]\" \/>\n<meta property=\"og:url\" content=\"https:\/\/jornalfatosenoticias.com.br\/index.php\/2020\/10\/05\/cerebro-que-virou-vidro-apos-erupcao-do-vesuvio-preserva-neuronios\/\" \/>\n<meta property=\"og:site_name\" content=\"Jornal Fatos e Not\u00edcias\" \/>\n<meta property=\"article:published_time\" content=\"2020-10-05T18:22:05+00:00\" \/>\n<meta property=\"article:modified_time\" content=\"2020-10-05T18:22:09+00:00\" \/>\n<meta property=\"og:image\" content=\"https:\/\/jornalfatosenoticias.com.br\/wp-content\/uploads\/2020\/10\/cerebro-vitrificado.jpg\" \/>\n\t<meta property=\"og:image:width\" content=\"1000\" \/>\n\t<meta property=\"og:image:height\" content=\"562\" \/>\n\t<meta property=\"og:image:type\" content=\"image\/jpeg\" \/>\n<meta name=\"author\" content=\"Luzimara Fernandes\" \/>\n<meta name=\"twitter:card\" content=\"summary_large_image\" \/>\n<meta name=\"twitter:label1\" content=\"Escrito por\" \/>\n\t<meta name=\"twitter:data1\" content=\"Luzimara Fernandes\" \/>\n\t<meta name=\"twitter:label2\" content=\"Est. tempo de leitura\" \/>\n\t<meta name=\"twitter:data2\" content=\"2 minutos\" \/>\n<script type=\"application\/ld+json\" class=\"yoast-schema-graph\">{\"@context\":\"https:\/\/schema.org\",\"@graph\":[{\"@type\":\"Article\",\"@id\":\"https:\/\/jornalfatosenoticias.com.br\/index.php\/2020\/10\/05\/cerebro-que-virou-vidro-apos-erupcao-do-vesuvio-preserva-neuronios\/#article\",\"isPartOf\":{\"@id\":\"https:\/\/jornalfatosenoticias.com.br\/index.php\/2020\/10\/05\/cerebro-que-virou-vidro-apos-erupcao-do-vesuvio-preserva-neuronios\/\"},\"author\":{\"name\":\"Luzimara Fernandes\",\"@id\":\"https:\/\/jornalfatosenoticias.com.br\/#\/schema\/person\/d63837fa13ac8666eb9e74e0985d6f81\"},\"headline\":\"C\u00e9rebro que virou vidro ap\u00f3s erup\u00e7\u00e3o do Ves\u00favio preserva neur\u00f4nios\",\"datePublished\":\"2020-10-05T18:22:05+00:00\",\"dateModified\":\"2020-10-05T18:22:09+00:00\",\"mainEntityOfPage\":{\"@id\":\"https:\/\/jornalfatosenoticias.com.br\/index.php\/2020\/10\/05\/cerebro-que-virou-vidro-apos-erupcao-do-vesuvio-preserva-neuronios\/\"},\"wordCount\":417,\"commentCount\":0,\"publisher\":{\"@id\":\"https:\/\/jornalfatosenoticias.com.br\/#organization\"},\"image\":{\"@id\":\"https:\/\/jornalfatosenoticias.com.br\/index.php\/2020\/10\/05\/cerebro-que-virou-vidro-apos-erupcao-do-vesuvio-preserva-neuronios\/#primaryimage\"},\"thumbnailUrl\":\"https:\/\/jornalfatosenoticias.com.br\/wp-content\/uploads\/2020\/10\/cerebro-vitrificado.jpg\",\"keywords\":[\"c\u00e9rebro\",\"It\u00e1lia\",\"neur\u00f4nios\",\"Pompeia\",\"Ves\u00favio\"],\"articleSection\":[\"Ci\u00eancia\"],\"inLanguage\":\"pt-BR\",\"potentialAction\":[{\"@type\":\"CommentAction\",\"name\":\"Comment\",\"target\":[\"https:\/\/jornalfatosenoticias.com.br\/index.php\/2020\/10\/05\/cerebro-que-virou-vidro-apos-erupcao-do-vesuvio-preserva-neuronios\/#respond\"]}]},{\"@type\":\"WebPage\",\"@id\":\"https:\/\/jornalfatosenoticias.com.br\/index.php\/2020\/10\/05\/cerebro-que-virou-vidro-apos-erupcao-do-vesuvio-preserva-neuronios\/\",\"url\":\"https:\/\/jornalfatosenoticias.com.br\/index.php\/2020\/10\/05\/cerebro-que-virou-vidro-apos-erupcao-do-vesuvio-preserva-neuronios\/\",\"name\":\"C\u00e9rebro que virou vidro ap\u00f3s erup\u00e7\u00e3o do Ves\u00favio preserva neur\u00f4nios - Jornal Fatos e Not\u00edcias\",\"isPartOf\":{\"@id\":\"https:\/\/jornalfatosenoticias.com.br\/#website\"},\"primaryImageOfPage\":{\"@id\":\"https:\/\/jornalfatosenoticias.com.br\/index.php\/2020\/10\/05\/cerebro-que-virou-vidro-apos-erupcao-do-vesuvio-preserva-neuronios\/#primaryimage\"},\"image\":{\"@id\":\"https:\/\/jornalfatosenoticias.com.br\/index.php\/2020\/10\/05\/cerebro-que-virou-vidro-apos-erupcao-do-vesuvio-preserva-neuronios\/#primaryimage\"},\"thumbnailUrl\":\"https:\/\/jornalfatosenoticias.com.br\/wp-content\/uploads\/2020\/10\/cerebro-vitrificado.jpg\",\"datePublished\":\"2020-10-05T18:22:05+00:00\",\"dateModified\":\"2020-10-05T18:22:09+00:00\",\"breadcrumb\":{\"@id\":\"https:\/\/jornalfatosenoticias.com.br\/index.php\/2020\/10\/05\/cerebro-que-virou-vidro-apos-erupcao-do-vesuvio-preserva-neuronios\/#breadcrumb\"},\"inLanguage\":\"pt-BR\",\"potentialAction\":[{\"@type\":\"ReadAction\",\"target\":[\"https:\/\/jornalfatosenoticias.com.br\/index.php\/2020\/10\/05\/cerebro-que-virou-vidro-apos-erupcao-do-vesuvio-preserva-neuronios\/\"]}]},{\"@type\":\"ImageObject\",\"inLanguage\":\"pt-BR\",\"@id\":\"https:\/\/jornalfatosenoticias.com.br\/index.php\/2020\/10\/05\/cerebro-que-virou-vidro-apos-erupcao-do-vesuvio-preserva-neuronios\/#primaryimage\",\"url\":\"https:\/\/jornalfatosenoticias.com.br\/wp-content\/uploads\/2020\/10\/cerebro-vitrificado.jpg\",\"contentUrl\":\"https:\/\/jornalfatosenoticias.com.br\/wp-content\/uploads\/2020\/10\/cerebro-vitrificado.jpg\",\"width\":1000,\"height\":562},{\"@type\":\"BreadcrumbList\",\"@id\":\"https:\/\/jornalfatosenoticias.com.br\/index.php\/2020\/10\/05\/cerebro-que-virou-vidro-apos-erupcao-do-vesuvio-preserva-neuronios\/#breadcrumb\",\"itemListElement\":[{\"@type\":\"ListItem\",\"position\":1,\"name\":\"In\u00edcio\",\"item\":\"https:\/\/jornalfatosenoticias.com.br\/\"},{\"@type\":\"ListItem\",\"position\":2,\"name\":\"C\u00e9rebro que virou vidro ap\u00f3s erup\u00e7\u00e3o do Ves\u00favio preserva neur\u00f4nios\"}]},{\"@type\":\"WebSite\",\"@id\":\"https:\/\/jornalfatosenoticias.com.br\/#website\",\"url\":\"https:\/\/jornalfatosenoticias.com.br\/\",\"name\":\"Jornal Fatos e Not\u00edcias\",\"description\":\"Not\u00edcias em geral\",\"publisher\":{\"@id\":\"https:\/\/jornalfatosenoticias.com.br\/#organization\"},\"potentialAction\":[{\"@type\":\"SearchAction\",\"target\":{\"@type\":\"EntryPoint\",\"urlTemplate\":\"https:\/\/jornalfatosenoticias.com.br\/?s={search_term_string}\"},\"query-input\":{\"@type\":\"PropertyValueSpecification\",\"valueRequired\":true,\"valueName\":\"search_term_string\"}}],\"inLanguage\":\"pt-BR\"},{\"@type\":\"Organization\",\"@id\":\"https:\/\/jornalfatosenoticias.com.br\/#organization\",\"name\":\"Jornal Fatos e Not\u00edcias\",\"url\":\"https:\/\/jornalfatosenoticias.com.br\/\",\"logo\":{\"@type\":\"ImageObject\",\"inLanguage\":\"pt-BR\",\"@id\":\"https:\/\/jornalfatosenoticias.com.br\/#\/schema\/logo\/image\/\",\"url\":\"https:\/\/jornalfatosenoticias.com.br\/wp-content\/uploads\/2020\/02\/logo120.png\",\"contentUrl\":\"https:\/\/jornalfatosenoticias.com.br\/wp-content\/uploads\/2020\/02\/logo120.png\",\"width\":1227,\"height\":120,\"caption\":\"Jornal Fatos e Not\u00edcias\"},\"image\":{\"@id\":\"https:\/\/jornalfatosenoticias.com.br\/#\/schema\/logo\/image\/\"}},{\"@type\":\"Person\",\"@id\":\"https:\/\/jornalfatosenoticias.com.br\/#\/schema\/person\/d63837fa13ac8666eb9e74e0985d6f81\",\"name\":\"Luzimara Fernandes\",\"image\":{\"@type\":\"ImageObject\",\"inLanguage\":\"pt-BR\",\"@id\":\"https:\/\/jornalfatosenoticias.com.br\/#\/schema\/person\/image\/\",\"url\":\"https:\/\/jornalfatosenoticias.com.br\/wp-content\/uploads\/2025\/05\/EU_portal.jpg\",\"contentUrl\":\"https:\/\/jornalfatosenoticias.com.br\/wp-content\/uploads\/2025\/05\/EU_portal.jpg\",\"caption\":\"Luzimara Fernandes\"},\"description\":\"Jornalista MTB 2358-ES\",\"sameAs\":[\"https:\/\/jornalfatosenoticias.com.br\"],\"url\":\"https:\/\/jornalfatosenoticias.com.br\/index.php\/author\/luzimara\/\"}]}<\/script>\n<!-- \/ Yoast SEO plugin. -->","yoast_head_json":{"title":"C\u00e9rebro que virou vidro ap\u00f3s erup\u00e7\u00e3o do Ves\u00favio preserva neur\u00f4nios - Jornal Fatos e Not\u00edcias","robots":{"index":"index","follow":"follow","max-snippet":"max-snippet:-1","max-image-preview":"max-image-preview:large","max-video-preview":"max-video-preview:-1"},"canonical":"https:\/\/jornalfatosenoticias.com.br\/index.php\/2020\/10\/05\/cerebro-que-virou-vidro-apos-erupcao-do-vesuvio-preserva-neuronios\/","og_locale":"pt_BR","og_type":"article","og_title":"C\u00e9rebro que virou vidro ap\u00f3s erup\u00e7\u00e3o do Ves\u00favio preserva neur\u00f4nios - Jornal Fatos e Not\u00edcias","og_description":"Novas an\u00e1lises indicam que tecido cerebral vitrificado ainda cont\u00e9m estruturas neuronais, quase dois mil anos ap\u00f3s a morte da v\u00edtima da erup\u00e7\u00e3o Em janeiro de 2020, um estudo publicado no peri\u00f3dico The New England Journal of Medicine revelou que o c\u00e9rebro de uma v\u00edtima da erup\u00e7\u00e3o que aconteceu em Ves\u00favio, na It\u00e1lia, em 79 d.C., [&hellip;]","og_url":"https:\/\/jornalfatosenoticias.com.br\/index.php\/2020\/10\/05\/cerebro-que-virou-vidro-apos-erupcao-do-vesuvio-preserva-neuronios\/","og_site_name":"Jornal Fatos e Not\u00edcias","article_published_time":"2020-10-05T18:22:05+00:00","article_modified_time":"2020-10-05T18:22:09+00:00","og_image":[{"width":1000,"height":562,"url":"https:\/\/jornalfatosenoticias.com.br\/wp-content\/uploads\/2020\/10\/cerebro-vitrificado.jpg","type":"image\/jpeg"}],"author":"Luzimara Fernandes","twitter_card":"summary_large_image","twitter_misc":{"Escrito por":"Luzimara Fernandes","Est. tempo de leitura":"2 minutos"},"schema":{"@context":"https:\/\/schema.org","@graph":[{"@type":"Article","@id":"https:\/\/jornalfatosenoticias.com.br\/index.php\/2020\/10\/05\/cerebro-que-virou-vidro-apos-erupcao-do-vesuvio-preserva-neuronios\/#article","isPartOf":{"@id":"https:\/\/jornalfatosenoticias.com.br\/index.php\/2020\/10\/05\/cerebro-que-virou-vidro-apos-erupcao-do-vesuvio-preserva-neuronios\/"},"author":{"name":"Luzimara Fernandes","@id":"https:\/\/jornalfatosenoticias.com.br\/#\/schema\/person\/d63837fa13ac8666eb9e74e0985d6f81"},"headline":"C\u00e9rebro que virou vidro ap\u00f3s erup\u00e7\u00e3o do Ves\u00favio preserva neur\u00f4nios","datePublished":"2020-10-05T18:22:05+00:00","dateModified":"2020-10-05T18:22:09+00:00","mainEntityOfPage":{"@id":"https:\/\/jornalfatosenoticias.com.br\/index.php\/2020\/10\/05\/cerebro-que-virou-vidro-apos-erupcao-do-vesuvio-preserva-neuronios\/"},"wordCount":417,"commentCount":0,"publisher":{"@id":"https:\/\/jornalfatosenoticias.com.br\/#organization"},"image":{"@id":"https:\/\/jornalfatosenoticias.com.br\/index.php\/2020\/10\/05\/cerebro-que-virou-vidro-apos-erupcao-do-vesuvio-preserva-neuronios\/#primaryimage"},"thumbnailUrl":"https:\/\/jornalfatosenoticias.com.br\/wp-content\/uploads\/2020\/10\/cerebro-vitrificado.jpg","keywords":["c\u00e9rebro","It\u00e1lia","neur\u00f4nios","Pompeia","Ves\u00favio"],"articleSection":["Ci\u00eancia"],"inLanguage":"pt-BR","potentialAction":[{"@type":"CommentAction","name":"Comment","target":["https:\/\/jornalfatosenoticias.com.br\/index.php\/2020\/10\/05\/cerebro-que-virou-vidro-apos-erupcao-do-vesuvio-preserva-neuronios\/#respond"]}]},{"@type":"WebPage","@id":"https:\/\/jornalfatosenoticias.com.br\/index.php\/2020\/10\/05\/cerebro-que-virou-vidro-apos-erupcao-do-vesuvio-preserva-neuronios\/","url":"https:\/\/jornalfatosenoticias.com.br\/index.php\/2020\/10\/05\/cerebro-que-virou-vidro-apos-erupcao-do-vesuvio-preserva-neuronios\/","name":"C\u00e9rebro que virou vidro ap\u00f3s erup\u00e7\u00e3o do Ves\u00favio preserva neur\u00f4nios - Jornal Fatos e Not\u00edcias","isPartOf":{"@id":"https:\/\/jornalfatosenoticias.com.br\/#website"},"primaryImageOfPage":{"@id":"https:\/\/jornalfatosenoticias.com.br\/index.php\/2020\/10\/05\/cerebro-que-virou-vidro-apos-erupcao-do-vesuvio-preserva-neuronios\/#primaryimage"},"image":{"@id":"https:\/\/jornalfatosenoticias.com.br\/index.php\/2020\/10\/05\/cerebro-que-virou-vidro-apos-erupcao-do-vesuvio-preserva-neuronios\/#primaryimage"},"thumbnailUrl":"https:\/\/jornalfatosenoticias.com.br\/wp-content\/uploads\/2020\/10\/cerebro-vitrificado.jpg","datePublished":"2020-10-05T18:22:05+00:00","dateModified":"2020-10-05T18:22:09+00:00","breadcrumb":{"@id":"https:\/\/jornalfatosenoticias.com.br\/index.php\/2020\/10\/05\/cerebro-que-virou-vidro-apos-erupcao-do-vesuvio-preserva-neuronios\/#breadcrumb"},"inLanguage":"pt-BR","potentialAction":[{"@type":"ReadAction","target":["https:\/\/jornalfatosenoticias.com.br\/index.php\/2020\/10\/05\/cerebro-que-virou-vidro-apos-erupcao-do-vesuvio-preserva-neuronios\/"]}]},{"@type":"ImageObject","inLanguage":"pt-BR","@id":"https:\/\/jornalfatosenoticias.com.br\/index.php\/2020\/10\/05\/cerebro-que-virou-vidro-apos-erupcao-do-vesuvio-preserva-neuronios\/#primaryimage","url":"https:\/\/jornalfatosenoticias.com.br\/wp-content\/uploads\/2020\/10\/cerebro-vitrificado.jpg","contentUrl":"https:\/\/jornalfatosenoticias.com.br\/wp-content\/uploads\/2020\/10\/cerebro-vitrificado.jpg","width":1000,"height":562},{"@type":"BreadcrumbList","@id":"https:\/\/jornalfatosenoticias.com.br\/index.php\/2020\/10\/05\/cerebro-que-virou-vidro-apos-erupcao-do-vesuvio-preserva-neuronios\/#breadcrumb","itemListElement":[{"@type":"ListItem","position":1,"name":"In\u00edcio","item":"https:\/\/jornalfatosenoticias.com.br\/"},{"@type":"ListItem","position":2,"name":"C\u00e9rebro que virou vidro ap\u00f3s erup\u00e7\u00e3o do Ves\u00favio preserva neur\u00f4nios"}]},{"@type":"WebSite","@id":"https:\/\/jornalfatosenoticias.com.br\/#website","url":"https:\/\/jornalfatosenoticias.com.br\/","name":"Jornal Fatos e Not\u00edcias","description":"Not\u00edcias em geral","publisher":{"@id":"https:\/\/jornalfatosenoticias.com.br\/#organization"},"potentialAction":[{"@type":"SearchAction","target":{"@type":"EntryPoint","urlTemplate":"https:\/\/jornalfatosenoticias.com.br\/?s={search_term_string}"},"query-input":{"@type":"PropertyValueSpecification","valueRequired":true,"valueName":"search_term_string"}}],"inLanguage":"pt-BR"},{"@type":"Organization","@id":"https:\/\/jornalfatosenoticias.com.br\/#organization","name":"Jornal Fatos e Not\u00edcias","url":"https:\/\/jornalfatosenoticias.com.br\/","logo":{"@type":"ImageObject","inLanguage":"pt-BR","@id":"https:\/\/jornalfatosenoticias.com.br\/#\/schema\/logo\/image\/","url":"https:\/\/jornalfatosenoticias.com.br\/wp-content\/uploads\/2020\/02\/logo120.png","contentUrl":"https:\/\/jornalfatosenoticias.com.br\/wp-content\/uploads\/2020\/02\/logo120.png","width":1227,"height":120,"caption":"Jornal Fatos e Not\u00edcias"},"image":{"@id":"https:\/\/jornalfatosenoticias.com.br\/#\/schema\/logo\/image\/"}},{"@type":"Person","@id":"https:\/\/jornalfatosenoticias.com.br\/#\/schema\/person\/d63837fa13ac8666eb9e74e0985d6f81","name":"Luzimara Fernandes","image":{"@type":"ImageObject","inLanguage":"pt-BR","@id":"https:\/\/jornalfatosenoticias.com.br\/#\/schema\/person\/image\/","url":"https:\/\/jornalfatosenoticias.com.br\/wp-content\/uploads\/2025\/05\/EU_portal.jpg","contentUrl":"https:\/\/jornalfatosenoticias.com.br\/wp-content\/uploads\/2025\/05\/EU_portal.jpg","caption":"Luzimara Fernandes"},"description":"Jornalista MTB 2358-ES","sameAs":["https:\/\/jornalfatosenoticias.com.br"],"url":"https:\/\/jornalfatosenoticias.com.br\/index.php\/author\/luzimara\/"}]}},"cc_featured_image_caption":{"caption_text":"","source_text":"","source_url":""},"jetpack_featured_media_url":"https:\/\/jornalfatosenoticias.com.br\/wp-content\/uploads\/2020\/10\/cerebro-vitrificado.jpg","_links":{"self":[{"href":"https:\/\/jornalfatosenoticias.com.br\/index.php\/wp-json\/wp\/v2\/posts\/9612","targetHints":{"allow":["GET"]}}],"collection":[{"href":"https:\/\/jornalfatosenoticias.com.br\/index.php\/wp-json\/wp\/v2\/posts"}],"about":[{"href":"https:\/\/jornalfatosenoticias.com.br\/index.php\/wp-json\/wp\/v2\/types\/post"}],"author":[{"embeddable":true,"href":"https:\/\/jornalfatosenoticias.com.br\/index.php\/wp-json\/wp\/v2\/users\/2"}],"replies":[{"embeddable":true,"href":"https:\/\/jornalfatosenoticias.com.br\/index.php\/wp-json\/wp\/v2\/comments?post=9612"}],"version-history":[{"count":0,"href":"https:\/\/jornalfatosenoticias.com.br\/index.php\/wp-json\/wp\/v2\/posts\/9612\/revisions"}],"wp:featuredmedia":[{"embeddable":true,"href":"https:\/\/jornalfatosenoticias.com.br\/index.php\/wp-json\/wp\/v2\/media\/9614"}],"wp:attachment":[{"href":"https:\/\/jornalfatosenoticias.com.br\/index.php\/wp-json\/wp\/v2\/media?parent=9612"}],"wp:term":[{"taxonomy":"category","embeddable":true,"href":"https:\/\/jornalfatosenoticias.com.br\/index.php\/wp-json\/wp\/v2\/categories?post=9612"},{"taxonomy":"post_tag","embeddable":true,"href":"https:\/\/jornalfatosenoticias.com.br\/index.php\/wp-json\/wp\/v2\/tags?post=9612"}],"curies":[{"name":"wp","href":"https:\/\/api.w.org\/{rel}","templated":true}]}}