{"id":9692,"date":"2020-10-07T09:35:09","date_gmt":"2020-10-07T12:35:09","guid":{"rendered":"https:\/\/jornalfatosenoticias.com.br\/?p=9692"},"modified":"2020-10-07T09:35:13","modified_gmt":"2020-10-07T12:35:13","slug":"mel-de-cenoura-ajuda-o-crescimento-capilar","status":"publish","type":"post","link":"https:\/\/jornalfatosenoticias.com.br\/index.php\/2020\/10\/07\/mel-de-cenoura-ajuda-o-crescimento-capilar\/","title":{"rendered":"Mel de cenoura ajuda o crescimento capilar"},"content":{"rendered":"\n<h6 class=\"wp-block-heading\"><em>Cenoura aliada ao a\u00e7\u00facar ajuda a nutrir os fios e previne o envelhecimento capilar<\/em><\/h6>\n\n\n\n<p>A cenoura \u00e9 um vegetal importante e essencial para a sa\u00fade no nosso corpo. Rica em vitaminas A, E, B e C, essenciais para a sa\u00fade dos fios, essas propriedades podem ajudar no crescimento saud\u00e1vel do cabelo, al\u00e9m de prevenir o envelhecimento capilar. Segundo Joana D&#8217;arc Diniz, m\u00e9dica e diretora cient\u00edfica da Sociedade Brasileira de Medicina Est\u00e9tica (RJ) e da Sociedade Brasileira do Cabelo, o resultado das propriedades da cenoura no cabelo s\u00e3o fios com mais brilho, for\u00e7a e resist\u00eancia.<br>&#8220;A hidrata\u00e7\u00e3o com o mel de cenoura atua como uma alternativa para quebra acentuada do fio, assim como fios desidratados, ajudando a nutrir e remover as impurezas da fibra capilar&#8221;, explica a m\u00e9dica.<br>Al\u00e9m disso, a hidrata\u00e7\u00e3o com mel de cenoura tamb\u00e9m protege os fios da a\u00e7\u00e3o de agentes externos, como sol, vento e polui\u00e7\u00e3o. No entanto, a m\u00e9dica esclarece que isso n\u00e3o quer dizer que o mel de cenoura seja uma f\u00f3rmula que pode acelerar o crescimento das madeixas.<br>A cenoura \u00e9 capaz de repor a \u00e1gua e os nutrientes perdidos diariamente por causa da a\u00e7\u00e3o negativa de poluentes e danos externos. E ainda, devido \u00e0s suas propriedades antioxidantes e ao betacaroteno em abund\u00e2ncia na sua composi\u00e7\u00e3o, a cenoura tamb\u00e9m ir\u00e1 atuar no combate ao envelhecimento do fio, al\u00e9m de ajudar a nutrir a fibra capilar.<br>J\u00e1 o a\u00e7\u00facar \u00e9 um poderoso umectante, que fornece brilho para o cabelo e pode contribuir para o alinhamento dos fios, selando cut\u00edculas e diminuindo o frizz. A consequ\u00eancia dessas a\u00e7\u00f5es \u00e9 justamente a sa\u00fade dos fios de dentro para fora, o que propiciar\u00e1 o crescimento do cabelo, conforme explica Joana.<br>&#8220;\u00c9 preciso a a\u00e7\u00e3o em conjunto com os benef\u00edcios da cenoura. Um bulbo capilar bem nutrido tem como resultado o crescimento do cabelo&#8221;.<br>Para a receita, ser\u00e3o necess\u00e1rios uma cenoura inteira e a\u00e7\u00facar (o suficiente para cobrir a cenoura no recipiente). O preparo do mel de cenoura \u00e9 bem simples: corte a cenoura em rodelas e, em um recipiente, alterne uma camada de cenoura e outra de a\u00e7\u00facar, at\u00e9 finalizar todas as rodelas de cenoura. Deixe o conte\u00fado descansar por 24 horas e depois coe a cenoura, deixando s\u00f3 o &#8220;mel&#8221;.<br>O mel de cenoura deve ser misturado a uma m\u00e1scara de hidrata\u00e7\u00e3o capilar e aplicado na extens\u00e3o dos fios, de prefer\u00eancia limpos e ainda umedecidos, evitando contato com o couro cabeludo. Siga o tempo de a\u00e7\u00e3o da m\u00e1scara de hidrata\u00e7\u00e3o conforme indicado na embalagem do produto. Em seguida, enxague o cabelo e finalize como o habitual. A hidrata\u00e7\u00e3o com mel de cenoura pode ser inserida nas etapas do seu cronograma capilar.<\/p>\n\n\n\n<figure class=\"wp-block-image size-large\"><img loading=\"lazy\" decoding=\"async\" width=\"1000\" height=\"1000\" src=\"https:\/\/jornalfatosenoticias.com.br\/wp-content\/uploads\/2020\/10\/mel-de-cenoura2.jpg\" alt=\"\" class=\"wp-image-9693\" srcset=\"https:\/\/jornalfatosenoticias.com.br\/wp-content\/uploads\/2020\/10\/mel-de-cenoura2.jpg 1000w, https:\/\/jornalfatosenoticias.com.br\/wp-content\/uploads\/2020\/10\/mel-de-cenoura2-300x300.jpg 300w, https:\/\/jornalfatosenoticias.com.br\/wp-content\/uploads\/2020\/10\/mel-de-cenoura2-150x150.jpg 150w, https:\/\/jornalfatosenoticias.com.br\/wp-content\/uploads\/2020\/10\/mel-de-cenoura2-768x768.jpg 768w\" sizes=\"auto, (max-width: 1000px) 100vw, 1000px\" \/><figcaption><em>(Foto: Pinterest)<\/em><\/figcaption><\/figure>\n\n\n\n<p>A hidrata\u00e7\u00e3o com o mel de cenoura pode ser feita em todos os tipos de cabelo, sem contraindica\u00e7\u00f5es. Contudo, conforme orienta Joana D&#8217;arc Diniz, o mel de cenoura \u00e9 particularmente mais recomendado para fios mistos ou desidratados. Fios quebrados tamb\u00e9m se beneficiam deste tipo de hidrata\u00e7\u00e3o.<br>&#8220;Para a sa\u00fade dos fios \u00e9 necess\u00e1rio repor amino\u00e1cidos para garantir o crescimento de cabelos fortes. Al\u00e9m de vitaminas, minerais, macro e micronutrientes, que s\u00e3o fundamentais para manuten\u00e7\u00e3o de um fio com qualidade em espessura e crescimento&#8221;, aponta Joana. Dentre outros tratamentos m\u00e9dicos destacam-se ainda o laser capilar, a mesoterapia capilar e o microagulhamento. Uma dieta equilibrada, associada ao tratamento t\u00f3pico e injet\u00e1vel, pode ser prescrita pelo m\u00e9dico.<\/p>\n\n\n\n<p><strong><em>Fonte: <a href=\"https:\/\/www.minhavida.com.br\/beleza\/materias\/36815-mel-de-cenoura-ajuda-o-crescimento-capilar-veja-como-fazer\">Minha Vida<\/a><\/em><\/strong><\/p>\n","protected":false},"excerpt":{"rendered":"<p>Cenoura aliada ao a\u00e7\u00facar ajuda a nutrir os fios e previne o envelhecimento capilar A cenoura \u00e9 um vegetal importante e essencial para a sa\u00fade no nosso corpo. Rica em vitaminas A, E, B e C, essenciais para a sa\u00fade dos fios, essas propriedades podem ajudar no crescimento saud\u00e1vel do cabelo, al\u00e9m de prevenir o [&hellip;]<\/p>\n","protected":false},"author":2,"featured_media":9694,"comment_status":"open","ping_status":"open","sticky":false,"template":"","format":"standard","meta":{"footnotes":""},"categories":[42],"tags":[5273,5275,2587,5274],"class_list":["post-9692","post","type-post","status-publish","format-standard","has-post-thumbnail","hentry","category-bem-estar","tag-cabelo","tag-crescimento-capilar","tag-hidratacao","tag-mel-de-cenoura"],"yoast_head":"<!-- This site is optimized with the Yoast SEO plugin v26.5 - https:\/\/yoast.com\/wordpress\/plugins\/seo\/ -->\n<title>Mel de cenoura ajuda o crescimento capilar - Jornal Fatos e Not\u00edcias<\/title>\n<meta name=\"robots\" content=\"index, follow, max-snippet:-1, max-image-preview:large, max-video-preview:-1\" \/>\n<link rel=\"canonical\" href=\"https:\/\/jornalfatosenoticias.com.br\/index.php\/2020\/10\/07\/mel-de-cenoura-ajuda-o-crescimento-capilar\/\" \/>\n<meta property=\"og:locale\" content=\"pt_BR\" \/>\n<meta property=\"og:type\" content=\"article\" \/>\n<meta property=\"og:title\" content=\"Mel de cenoura ajuda o crescimento capilar - Jornal Fatos e Not\u00edcias\" \/>\n<meta property=\"og:description\" content=\"Cenoura aliada ao a\u00e7\u00facar ajuda a nutrir os fios e previne o envelhecimento capilar A cenoura \u00e9 um vegetal importante e essencial para a sa\u00fade no nosso corpo. Rica em vitaminas A, E, B e C, essenciais para a sa\u00fade dos fios, essas propriedades podem ajudar no crescimento saud\u00e1vel do cabelo, al\u00e9m de prevenir o [&hellip;]\" \/>\n<meta property=\"og:url\" content=\"https:\/\/jornalfatosenoticias.com.br\/index.php\/2020\/10\/07\/mel-de-cenoura-ajuda-o-crescimento-capilar\/\" \/>\n<meta property=\"og:site_name\" content=\"Jornal Fatos e Not\u00edcias\" \/>\n<meta property=\"article:published_time\" content=\"2020-10-07T12:35:09+00:00\" \/>\n<meta property=\"article:modified_time\" content=\"2020-10-07T12:35:13+00:00\" \/>\n<meta property=\"og:image\" content=\"https:\/\/jornalfatosenoticias.com.br\/wp-content\/uploads\/2020\/10\/mel-de-cenoura.jpg\" \/>\n\t<meta property=\"og:image:width\" content=\"1000\" \/>\n\t<meta property=\"og:image:height\" content=\"566\" \/>\n\t<meta property=\"og:image:type\" content=\"image\/jpeg\" \/>\n<meta name=\"author\" content=\"Luzimara Fernandes\" \/>\n<meta name=\"twitter:card\" content=\"summary_large_image\" \/>\n<meta name=\"twitter:label1\" content=\"Escrito por\" \/>\n\t<meta name=\"twitter:data1\" content=\"Luzimara Fernandes\" \/>\n\t<meta name=\"twitter:label2\" content=\"Est. tempo de leitura\" \/>\n\t<meta name=\"twitter:data2\" content=\"3 minutos\" \/>\n<script type=\"application\/ld+json\" class=\"yoast-schema-graph\">{\"@context\":\"https:\/\/schema.org\",\"@graph\":[{\"@type\":\"Article\",\"@id\":\"https:\/\/jornalfatosenoticias.com.br\/index.php\/2020\/10\/07\/mel-de-cenoura-ajuda-o-crescimento-capilar\/#article\",\"isPartOf\":{\"@id\":\"https:\/\/jornalfatosenoticias.com.br\/index.php\/2020\/10\/07\/mel-de-cenoura-ajuda-o-crescimento-capilar\/\"},\"author\":{\"name\":\"Luzimara Fernandes\",\"@id\":\"https:\/\/jornalfatosenoticias.com.br\/#\/schema\/person\/d63837fa13ac8666eb9e74e0985d6f81\"},\"headline\":\"Mel de cenoura ajuda o crescimento capilar\",\"datePublished\":\"2020-10-07T12:35:09+00:00\",\"dateModified\":\"2020-10-07T12:35:13+00:00\",\"mainEntityOfPage\":{\"@id\":\"https:\/\/jornalfatosenoticias.com.br\/index.php\/2020\/10\/07\/mel-de-cenoura-ajuda-o-crescimento-capilar\/\"},\"wordCount\":621,\"commentCount\":0,\"publisher\":{\"@id\":\"https:\/\/jornalfatosenoticias.com.br\/#organization\"},\"image\":{\"@id\":\"https:\/\/jornalfatosenoticias.com.br\/index.php\/2020\/10\/07\/mel-de-cenoura-ajuda-o-crescimento-capilar\/#primaryimage\"},\"thumbnailUrl\":\"https:\/\/jornalfatosenoticias.com.br\/wp-content\/uploads\/2020\/10\/mel-de-cenoura.jpg\",\"keywords\":[\"cabelo\",\"crescimento capilar\",\"hidrata\u00e7\u00e3o\",\"mel de cenoura\"],\"articleSection\":[\"Bem-estar\"],\"inLanguage\":\"pt-BR\",\"potentialAction\":[{\"@type\":\"CommentAction\",\"name\":\"Comment\",\"target\":[\"https:\/\/jornalfatosenoticias.com.br\/index.php\/2020\/10\/07\/mel-de-cenoura-ajuda-o-crescimento-capilar\/#respond\"]}]},{\"@type\":\"WebPage\",\"@id\":\"https:\/\/jornalfatosenoticias.com.br\/index.php\/2020\/10\/07\/mel-de-cenoura-ajuda-o-crescimento-capilar\/\",\"url\":\"https:\/\/jornalfatosenoticias.com.br\/index.php\/2020\/10\/07\/mel-de-cenoura-ajuda-o-crescimento-capilar\/\",\"name\":\"Mel de cenoura ajuda o crescimento capilar - Jornal Fatos e Not\u00edcias\",\"isPartOf\":{\"@id\":\"https:\/\/jornalfatosenoticias.com.br\/#website\"},\"primaryImageOfPage\":{\"@id\":\"https:\/\/jornalfatosenoticias.com.br\/index.php\/2020\/10\/07\/mel-de-cenoura-ajuda-o-crescimento-capilar\/#primaryimage\"},\"image\":{\"@id\":\"https:\/\/jornalfatosenoticias.com.br\/index.php\/2020\/10\/07\/mel-de-cenoura-ajuda-o-crescimento-capilar\/#primaryimage\"},\"thumbnailUrl\":\"https:\/\/jornalfatosenoticias.com.br\/wp-content\/uploads\/2020\/10\/mel-de-cenoura.jpg\",\"datePublished\":\"2020-10-07T12:35:09+00:00\",\"dateModified\":\"2020-10-07T12:35:13+00:00\",\"breadcrumb\":{\"@id\":\"https:\/\/jornalfatosenoticias.com.br\/index.php\/2020\/10\/07\/mel-de-cenoura-ajuda-o-crescimento-capilar\/#breadcrumb\"},\"inLanguage\":\"pt-BR\",\"potentialAction\":[{\"@type\":\"ReadAction\",\"target\":[\"https:\/\/jornalfatosenoticias.com.br\/index.php\/2020\/10\/07\/mel-de-cenoura-ajuda-o-crescimento-capilar\/\"]}]},{\"@type\":\"ImageObject\",\"inLanguage\":\"pt-BR\",\"@id\":\"https:\/\/jornalfatosenoticias.com.br\/index.php\/2020\/10\/07\/mel-de-cenoura-ajuda-o-crescimento-capilar\/#primaryimage\",\"url\":\"https:\/\/jornalfatosenoticias.com.br\/wp-content\/uploads\/2020\/10\/mel-de-cenoura.jpg\",\"contentUrl\":\"https:\/\/jornalfatosenoticias.com.br\/wp-content\/uploads\/2020\/10\/mel-de-cenoura.jpg\",\"width\":1000,\"height\":566},{\"@type\":\"BreadcrumbList\",\"@id\":\"https:\/\/jornalfatosenoticias.com.br\/index.php\/2020\/10\/07\/mel-de-cenoura-ajuda-o-crescimento-capilar\/#breadcrumb\",\"itemListElement\":[{\"@type\":\"ListItem\",\"position\":1,\"name\":\"In\u00edcio\",\"item\":\"https:\/\/jornalfatosenoticias.com.br\/\"},{\"@type\":\"ListItem\",\"position\":2,\"name\":\"Mel de cenoura ajuda o crescimento capilar\"}]},{\"@type\":\"WebSite\",\"@id\":\"https:\/\/jornalfatosenoticias.com.br\/#website\",\"url\":\"https:\/\/jornalfatosenoticias.com.br\/\",\"name\":\"Jornal Fatos e Not\u00edcias\",\"description\":\"Not\u00edcias em geral\",\"publisher\":{\"@id\":\"https:\/\/jornalfatosenoticias.com.br\/#organization\"},\"potentialAction\":[{\"@type\":\"SearchAction\",\"target\":{\"@type\":\"EntryPoint\",\"urlTemplate\":\"https:\/\/jornalfatosenoticias.com.br\/?s={search_term_string}\"},\"query-input\":{\"@type\":\"PropertyValueSpecification\",\"valueRequired\":true,\"valueName\":\"search_term_string\"}}],\"inLanguage\":\"pt-BR\"},{\"@type\":\"Organization\",\"@id\":\"https:\/\/jornalfatosenoticias.com.br\/#organization\",\"name\":\"Jornal Fatos e Not\u00edcias\",\"url\":\"https:\/\/jornalfatosenoticias.com.br\/\",\"logo\":{\"@type\":\"ImageObject\",\"inLanguage\":\"pt-BR\",\"@id\":\"https:\/\/jornalfatosenoticias.com.br\/#\/schema\/logo\/image\/\",\"url\":\"https:\/\/jornalfatosenoticias.com.br\/wp-content\/uploads\/2020\/02\/logo120.png\",\"contentUrl\":\"https:\/\/jornalfatosenoticias.com.br\/wp-content\/uploads\/2020\/02\/logo120.png\",\"width\":1227,\"height\":120,\"caption\":\"Jornal Fatos e Not\u00edcias\"},\"image\":{\"@id\":\"https:\/\/jornalfatosenoticias.com.br\/#\/schema\/logo\/image\/\"}},{\"@type\":\"Person\",\"@id\":\"https:\/\/jornalfatosenoticias.com.br\/#\/schema\/person\/d63837fa13ac8666eb9e74e0985d6f81\",\"name\":\"Luzimara Fernandes\",\"image\":{\"@type\":\"ImageObject\",\"inLanguage\":\"pt-BR\",\"@id\":\"https:\/\/jornalfatosenoticias.com.br\/#\/schema\/person\/image\/\",\"url\":\"https:\/\/jornalfatosenoticias.com.br\/wp-content\/uploads\/2025\/05\/EU_portal.jpg\",\"contentUrl\":\"https:\/\/jornalfatosenoticias.com.br\/wp-content\/uploads\/2025\/05\/EU_portal.jpg\",\"caption\":\"Luzimara Fernandes\"},\"description\":\"Jornalista MTB 2358-ES\",\"sameAs\":[\"https:\/\/jornalfatosenoticias.com.br\"],\"url\":\"https:\/\/jornalfatosenoticias.com.br\/index.php\/author\/luzimara\/\"}]}<\/script>\n<!-- \/ Yoast SEO plugin. -->","yoast_head_json":{"title":"Mel de cenoura ajuda o crescimento capilar - Jornal Fatos e Not\u00edcias","robots":{"index":"index","follow":"follow","max-snippet":"max-snippet:-1","max-image-preview":"max-image-preview:large","max-video-preview":"max-video-preview:-1"},"canonical":"https:\/\/jornalfatosenoticias.com.br\/index.php\/2020\/10\/07\/mel-de-cenoura-ajuda-o-crescimento-capilar\/","og_locale":"pt_BR","og_type":"article","og_title":"Mel de cenoura ajuda o crescimento capilar - Jornal Fatos e Not\u00edcias","og_description":"Cenoura aliada ao a\u00e7\u00facar ajuda a nutrir os fios e previne o envelhecimento capilar A cenoura \u00e9 um vegetal importante e essencial para a sa\u00fade no nosso corpo. Rica em vitaminas A, E, B e C, essenciais para a sa\u00fade dos fios, essas propriedades podem ajudar no crescimento saud\u00e1vel do cabelo, al\u00e9m de prevenir o [&hellip;]","og_url":"https:\/\/jornalfatosenoticias.com.br\/index.php\/2020\/10\/07\/mel-de-cenoura-ajuda-o-crescimento-capilar\/","og_site_name":"Jornal Fatos e Not\u00edcias","article_published_time":"2020-10-07T12:35:09+00:00","article_modified_time":"2020-10-07T12:35:13+00:00","og_image":[{"width":1000,"height":566,"url":"https:\/\/jornalfatosenoticias.com.br\/wp-content\/uploads\/2020\/10\/mel-de-cenoura.jpg","type":"image\/jpeg"}],"author":"Luzimara Fernandes","twitter_card":"summary_large_image","twitter_misc":{"Escrito por":"Luzimara Fernandes","Est. tempo de leitura":"3 minutos"},"schema":{"@context":"https:\/\/schema.org","@graph":[{"@type":"Article","@id":"https:\/\/jornalfatosenoticias.com.br\/index.php\/2020\/10\/07\/mel-de-cenoura-ajuda-o-crescimento-capilar\/#article","isPartOf":{"@id":"https:\/\/jornalfatosenoticias.com.br\/index.php\/2020\/10\/07\/mel-de-cenoura-ajuda-o-crescimento-capilar\/"},"author":{"name":"Luzimara Fernandes","@id":"https:\/\/jornalfatosenoticias.com.br\/#\/schema\/person\/d63837fa13ac8666eb9e74e0985d6f81"},"headline":"Mel de cenoura ajuda o crescimento capilar","datePublished":"2020-10-07T12:35:09+00:00","dateModified":"2020-10-07T12:35:13+00:00","mainEntityOfPage":{"@id":"https:\/\/jornalfatosenoticias.com.br\/index.php\/2020\/10\/07\/mel-de-cenoura-ajuda-o-crescimento-capilar\/"},"wordCount":621,"commentCount":0,"publisher":{"@id":"https:\/\/jornalfatosenoticias.com.br\/#organization"},"image":{"@id":"https:\/\/jornalfatosenoticias.com.br\/index.php\/2020\/10\/07\/mel-de-cenoura-ajuda-o-crescimento-capilar\/#primaryimage"},"thumbnailUrl":"https:\/\/jornalfatosenoticias.com.br\/wp-content\/uploads\/2020\/10\/mel-de-cenoura.jpg","keywords":["cabelo","crescimento capilar","hidrata\u00e7\u00e3o","mel de cenoura"],"articleSection":["Bem-estar"],"inLanguage":"pt-BR","potentialAction":[{"@type":"CommentAction","name":"Comment","target":["https:\/\/jornalfatosenoticias.com.br\/index.php\/2020\/10\/07\/mel-de-cenoura-ajuda-o-crescimento-capilar\/#respond"]}]},{"@type":"WebPage","@id":"https:\/\/jornalfatosenoticias.com.br\/index.php\/2020\/10\/07\/mel-de-cenoura-ajuda-o-crescimento-capilar\/","url":"https:\/\/jornalfatosenoticias.com.br\/index.php\/2020\/10\/07\/mel-de-cenoura-ajuda-o-crescimento-capilar\/","name":"Mel de cenoura ajuda o crescimento capilar - Jornal Fatos e Not\u00edcias","isPartOf":{"@id":"https:\/\/jornalfatosenoticias.com.br\/#website"},"primaryImageOfPage":{"@id":"https:\/\/jornalfatosenoticias.com.br\/index.php\/2020\/10\/07\/mel-de-cenoura-ajuda-o-crescimento-capilar\/#primaryimage"},"image":{"@id":"https:\/\/jornalfatosenoticias.com.br\/index.php\/2020\/10\/07\/mel-de-cenoura-ajuda-o-crescimento-capilar\/#primaryimage"},"thumbnailUrl":"https:\/\/jornalfatosenoticias.com.br\/wp-content\/uploads\/2020\/10\/mel-de-cenoura.jpg","datePublished":"2020-10-07T12:35:09+00:00","dateModified":"2020-10-07T12:35:13+00:00","breadcrumb":{"@id":"https:\/\/jornalfatosenoticias.com.br\/index.php\/2020\/10\/07\/mel-de-cenoura-ajuda-o-crescimento-capilar\/#breadcrumb"},"inLanguage":"pt-BR","potentialAction":[{"@type":"ReadAction","target":["https:\/\/jornalfatosenoticias.com.br\/index.php\/2020\/10\/07\/mel-de-cenoura-ajuda-o-crescimento-capilar\/"]}]},{"@type":"ImageObject","inLanguage":"pt-BR","@id":"https:\/\/jornalfatosenoticias.com.br\/index.php\/2020\/10\/07\/mel-de-cenoura-ajuda-o-crescimento-capilar\/#primaryimage","url":"https:\/\/jornalfatosenoticias.com.br\/wp-content\/uploads\/2020\/10\/mel-de-cenoura.jpg","contentUrl":"https:\/\/jornalfatosenoticias.com.br\/wp-content\/uploads\/2020\/10\/mel-de-cenoura.jpg","width":1000,"height":566},{"@type":"BreadcrumbList","@id":"https:\/\/jornalfatosenoticias.com.br\/index.php\/2020\/10\/07\/mel-de-cenoura-ajuda-o-crescimento-capilar\/#breadcrumb","itemListElement":[{"@type":"ListItem","position":1,"name":"In\u00edcio","item":"https:\/\/jornalfatosenoticias.com.br\/"},{"@type":"ListItem","position":2,"name":"Mel de cenoura ajuda o crescimento capilar"}]},{"@type":"WebSite","@id":"https:\/\/jornalfatosenoticias.com.br\/#website","url":"https:\/\/jornalfatosenoticias.com.br\/","name":"Jornal Fatos e Not\u00edcias","description":"Not\u00edcias em geral","publisher":{"@id":"https:\/\/jornalfatosenoticias.com.br\/#organization"},"potentialAction":[{"@type":"SearchAction","target":{"@type":"EntryPoint","urlTemplate":"https:\/\/jornalfatosenoticias.com.br\/?s={search_term_string}"},"query-input":{"@type":"PropertyValueSpecification","valueRequired":true,"valueName":"search_term_string"}}],"inLanguage":"pt-BR"},{"@type":"Organization","@id":"https:\/\/jornalfatosenoticias.com.br\/#organization","name":"Jornal Fatos e Not\u00edcias","url":"https:\/\/jornalfatosenoticias.com.br\/","logo":{"@type":"ImageObject","inLanguage":"pt-BR","@id":"https:\/\/jornalfatosenoticias.com.br\/#\/schema\/logo\/image\/","url":"https:\/\/jornalfatosenoticias.com.br\/wp-content\/uploads\/2020\/02\/logo120.png","contentUrl":"https:\/\/jornalfatosenoticias.com.br\/wp-content\/uploads\/2020\/02\/logo120.png","width":1227,"height":120,"caption":"Jornal Fatos e Not\u00edcias"},"image":{"@id":"https:\/\/jornalfatosenoticias.com.br\/#\/schema\/logo\/image\/"}},{"@type":"Person","@id":"https:\/\/jornalfatosenoticias.com.br\/#\/schema\/person\/d63837fa13ac8666eb9e74e0985d6f81","name":"Luzimara Fernandes","image":{"@type":"ImageObject","inLanguage":"pt-BR","@id":"https:\/\/jornalfatosenoticias.com.br\/#\/schema\/person\/image\/","url":"https:\/\/jornalfatosenoticias.com.br\/wp-content\/uploads\/2025\/05\/EU_portal.jpg","contentUrl":"https:\/\/jornalfatosenoticias.com.br\/wp-content\/uploads\/2025\/05\/EU_portal.jpg","caption":"Luzimara Fernandes"},"description":"Jornalista MTB 2358-ES","sameAs":["https:\/\/jornalfatosenoticias.com.br"],"url":"https:\/\/jornalfatosenoticias.com.br\/index.php\/author\/luzimara\/"}]}},"cc_featured_image_caption":{"caption_text":"(Foto: Pinterest) ","source_text":"","source_url":""},"jetpack_featured_media_url":"https:\/\/jornalfatosenoticias.com.br\/wp-content\/uploads\/2020\/10\/mel-de-cenoura.jpg","_links":{"self":[{"href":"https:\/\/jornalfatosenoticias.com.br\/index.php\/wp-json\/wp\/v2\/posts\/9692","targetHints":{"allow":["GET"]}}],"collection":[{"href":"https:\/\/jornalfatosenoticias.com.br\/index.php\/wp-json\/wp\/v2\/posts"}],"about":[{"href":"https:\/\/jornalfatosenoticias.com.br\/index.php\/wp-json\/wp\/v2\/types\/post"}],"author":[{"embeddable":true,"href":"https:\/\/jornalfatosenoticias.com.br\/index.php\/wp-json\/wp\/v2\/users\/2"}],"replies":[{"embeddable":true,"href":"https:\/\/jornalfatosenoticias.com.br\/index.php\/wp-json\/wp\/v2\/comments?post=9692"}],"version-history":[{"count":0,"href":"https:\/\/jornalfatosenoticias.com.br\/index.php\/wp-json\/wp\/v2\/posts\/9692\/revisions"}],"wp:featuredmedia":[{"embeddable":true,"href":"https:\/\/jornalfatosenoticias.com.br\/index.php\/wp-json\/wp\/v2\/media\/9694"}],"wp:attachment":[{"href":"https:\/\/jornalfatosenoticias.com.br\/index.php\/wp-json\/wp\/v2\/media?parent=9692"}],"wp:term":[{"taxonomy":"category","embeddable":true,"href":"https:\/\/jornalfatosenoticias.com.br\/index.php\/wp-json\/wp\/v2\/categories?post=9692"},{"taxonomy":"post_tag","embeddable":true,"href":"https:\/\/jornalfatosenoticias.com.br\/index.php\/wp-json\/wp\/v2\/tags?post=9692"}],"curies":[{"name":"wp","href":"https:\/\/api.w.org\/{rel}","templated":true}]}}