{"id":9745,"date":"2020-10-08T19:10:19","date_gmt":"2020-10-08T22:10:19","guid":{"rendered":"https:\/\/jornalfatosenoticias.com.br\/?p=9745"},"modified":"2020-10-08T19:10:24","modified_gmt":"2020-10-08T22:10:24","slug":"mosaico-intacto-de-dois-mil-anos-e-encontrado-em-roma","status":"publish","type":"post","link":"https:\/\/jornalfatosenoticias.com.br\/index.php\/2020\/10\/08\/mosaico-intacto-de-dois-mil-anos-e-encontrado-em-roma\/","title":{"rendered":"Mosaico intacto de dois mil anos \u00e9 encontrado em Roma"},"content":{"rendered":"\n<h6 class=\"wp-block-heading\"><em>Al\u00e9m da pe\u00e7a em preto e branco, pesquisadores desenterraram objetos raros incluindo tigelas, l\u00e2mpadas e chaves, no Monte Aventino<\/em><\/h6>\n\n\n\n<p>No Monte Aventino, uma das sete colinas nas quais a cidade de Roma foi fundada, pesquisadores desenterraram um fascinante mosaico preto e branco, datado em dois mil anos atr\u00e1s. As escava\u00e7\u00f5es estavam em andamento desde 2015, em um condom\u00ednio que passava por obras, e agora ficar\u00e3o abertas para visitantes.<br>A antiga vila romana, que primeiramente foi lar de pessoas comuns, passou a ser, no Imp\u00e9rio Romano, abrigo para pessoas de poder. Isso se comprova tamb\u00e9m nos ricos detalhes das pe\u00e7as encontradas, como mosaicos, l\u00e2mpadas, chaves, torneira e, ainda, tigelas com desenhos de Atenas e H\u00e9rcules esculpidos.<br>Por dois mil\u00eanios o complexo ficou escondido da humanidade e, por acaso, veio \u00e0 tona. Os artefatos foram localizados em um pr\u00e9dio que passava por reformas para proteger moradores de poss\u00edveis terremotos.<br>\u201cVoc\u00ea pode ver pela riqueza das decora\u00e7\u00f5es e dos mosaicos que a vila pertenceu a uma pessoa poderosa, provavelmente ligada \u00e0 fam\u00edlia imperial\u201d, disse em entrevista ao Telegraph, a oficial s\u00eanior do patrim\u00f4nio cultural de Roma, Daniela Porro.<br>Cinco anos depois, a descoberta ser\u00e1 aberta ao p\u00fablico em forma de um museu subterr\u00e2neo. Visitantes entrar\u00e3o no complexo e ser\u00e3o guiados ao subsolo onde a vila romana ser\u00e1 replicada.<\/p>\n\n\n\n<p><em><strong>Fonte: <a href=\"https:\/\/aventurasnahistoria.uol.com.br\/noticias\/historia-hoje\/mosaico-intacto-de-2-mil-anos-e-encontrado-sob-monte-aventino-em-roma.phtml\">Aventuras na Hist\u00f3ria<\/a><\/strong><\/em><\/p>\n","protected":false},"excerpt":{"rendered":"<p>Al\u00e9m da pe\u00e7a em preto e branco, pesquisadores desenterraram objetos raros incluindo tigelas, l\u00e2mpadas e chaves, no Monte Aventino No Monte Aventino, uma das sete colinas nas quais a cidade de Roma foi fundada, pesquisadores desenterraram um fascinante mosaico preto e branco, datado em dois mil anos atr\u00e1s. As escava\u00e7\u00f5es estavam em andamento desde 2015, [&hellip;]<\/p>\n","protected":false},"author":2,"featured_media":9746,"comment_status":"open","ping_status":"open","sticky":false,"template":"","format":"standard","meta":{"footnotes":""},"categories":[2],"tags":[1478,1666,5295,5296],"class_list":["post-9745","post","type-post","status-publish","format-standard","has-post-thumbnail","hentry","category-ciencia","tag-arqueologia","tag-descoberta","tag-monte-aventino","tag-roma-antiga"],"yoast_head":"<!-- This site is optimized with the Yoast SEO plugin v26.5 - https:\/\/yoast.com\/wordpress\/plugins\/seo\/ -->\n<title>Mosaico intacto de dois mil anos \u00e9 encontrado em Roma - Jornal Fatos e Not\u00edcias<\/title>\n<meta name=\"robots\" content=\"index, follow, max-snippet:-1, max-image-preview:large, max-video-preview:-1\" \/>\n<link rel=\"canonical\" href=\"https:\/\/jornalfatosenoticias.com.br\/index.php\/2020\/10\/08\/mosaico-intacto-de-dois-mil-anos-e-encontrado-em-roma\/\" \/>\n<meta property=\"og:locale\" content=\"pt_BR\" \/>\n<meta property=\"og:type\" content=\"article\" \/>\n<meta property=\"og:title\" content=\"Mosaico intacto de dois mil anos \u00e9 encontrado em Roma - Jornal Fatos e Not\u00edcias\" \/>\n<meta property=\"og:description\" content=\"Al\u00e9m da pe\u00e7a em preto e branco, pesquisadores desenterraram objetos raros incluindo tigelas, l\u00e2mpadas e chaves, no Monte Aventino No Monte Aventino, uma das sete colinas nas quais a cidade de Roma foi fundada, pesquisadores desenterraram um fascinante mosaico preto e branco, datado em dois mil anos atr\u00e1s. As escava\u00e7\u00f5es estavam em andamento desde 2015, [&hellip;]\" \/>\n<meta property=\"og:url\" content=\"https:\/\/jornalfatosenoticias.com.br\/index.php\/2020\/10\/08\/mosaico-intacto-de-dois-mil-anos-e-encontrado-em-roma\/\" \/>\n<meta property=\"og:site_name\" content=\"Jornal Fatos e Not\u00edcias\" \/>\n<meta property=\"article:published_time\" content=\"2020-10-08T22:10:19+00:00\" \/>\n<meta property=\"article:modified_time\" content=\"2020-10-08T22:10:24+00:00\" \/>\n<meta property=\"og:image\" content=\"https:\/\/jornalfatosenoticias.com.br\/wp-content\/uploads\/2020\/10\/mosaico_roma_aventino_capa.jpg\" \/>\n\t<meta property=\"og:image:width\" content=\"1000\" \/>\n\t<meta property=\"og:image:height\" content=\"562\" \/>\n\t<meta property=\"og:image:type\" content=\"image\/jpeg\" \/>\n<meta name=\"author\" content=\"Luzimara Fernandes\" \/>\n<meta name=\"twitter:card\" content=\"summary_large_image\" \/>\n<meta name=\"twitter:label1\" content=\"Escrito por\" \/>\n\t<meta name=\"twitter:data1\" content=\"Luzimara Fernandes\" \/>\n\t<meta name=\"twitter:label2\" content=\"Est. tempo de leitura\" \/>\n\t<meta name=\"twitter:data2\" content=\"1 minuto\" \/>\n<script type=\"application\/ld+json\" class=\"yoast-schema-graph\">{\"@context\":\"https:\/\/schema.org\",\"@graph\":[{\"@type\":\"Article\",\"@id\":\"https:\/\/jornalfatosenoticias.com.br\/index.php\/2020\/10\/08\/mosaico-intacto-de-dois-mil-anos-e-encontrado-em-roma\/#article\",\"isPartOf\":{\"@id\":\"https:\/\/jornalfatosenoticias.com.br\/index.php\/2020\/10\/08\/mosaico-intacto-de-dois-mil-anos-e-encontrado-em-roma\/\"},\"author\":{\"name\":\"Luzimara Fernandes\",\"@id\":\"https:\/\/jornalfatosenoticias.com.br\/#\/schema\/person\/d63837fa13ac8666eb9e74e0985d6f81\"},\"headline\":\"Mosaico intacto de dois mil anos \u00e9 encontrado em Roma\",\"datePublished\":\"2020-10-08T22:10:19+00:00\",\"dateModified\":\"2020-10-08T22:10:24+00:00\",\"mainEntityOfPage\":{\"@id\":\"https:\/\/jornalfatosenoticias.com.br\/index.php\/2020\/10\/08\/mosaico-intacto-de-dois-mil-anos-e-encontrado-em-roma\/\"},\"wordCount\":249,\"commentCount\":0,\"publisher\":{\"@id\":\"https:\/\/jornalfatosenoticias.com.br\/#organization\"},\"image\":{\"@id\":\"https:\/\/jornalfatosenoticias.com.br\/index.php\/2020\/10\/08\/mosaico-intacto-de-dois-mil-anos-e-encontrado-em-roma\/#primaryimage\"},\"thumbnailUrl\":\"https:\/\/jornalfatosenoticias.com.br\/wp-content\/uploads\/2020\/10\/mosaico_roma_aventino_capa.jpg\",\"keywords\":[\"arqueologia\",\"descoberta\",\"Monte Aventino\",\"Roma Antiga\"],\"articleSection\":[\"Ci\u00eancia\"],\"inLanguage\":\"pt-BR\",\"potentialAction\":[{\"@type\":\"CommentAction\",\"name\":\"Comment\",\"target\":[\"https:\/\/jornalfatosenoticias.com.br\/index.php\/2020\/10\/08\/mosaico-intacto-de-dois-mil-anos-e-encontrado-em-roma\/#respond\"]}]},{\"@type\":\"WebPage\",\"@id\":\"https:\/\/jornalfatosenoticias.com.br\/index.php\/2020\/10\/08\/mosaico-intacto-de-dois-mil-anos-e-encontrado-em-roma\/\",\"url\":\"https:\/\/jornalfatosenoticias.com.br\/index.php\/2020\/10\/08\/mosaico-intacto-de-dois-mil-anos-e-encontrado-em-roma\/\",\"name\":\"Mosaico intacto de dois mil anos \u00e9 encontrado em Roma - Jornal Fatos e Not\u00edcias\",\"isPartOf\":{\"@id\":\"https:\/\/jornalfatosenoticias.com.br\/#website\"},\"primaryImageOfPage\":{\"@id\":\"https:\/\/jornalfatosenoticias.com.br\/index.php\/2020\/10\/08\/mosaico-intacto-de-dois-mil-anos-e-encontrado-em-roma\/#primaryimage\"},\"image\":{\"@id\":\"https:\/\/jornalfatosenoticias.com.br\/index.php\/2020\/10\/08\/mosaico-intacto-de-dois-mil-anos-e-encontrado-em-roma\/#primaryimage\"},\"thumbnailUrl\":\"https:\/\/jornalfatosenoticias.com.br\/wp-content\/uploads\/2020\/10\/mosaico_roma_aventino_capa.jpg\",\"datePublished\":\"2020-10-08T22:10:19+00:00\",\"dateModified\":\"2020-10-08T22:10:24+00:00\",\"breadcrumb\":{\"@id\":\"https:\/\/jornalfatosenoticias.com.br\/index.php\/2020\/10\/08\/mosaico-intacto-de-dois-mil-anos-e-encontrado-em-roma\/#breadcrumb\"},\"inLanguage\":\"pt-BR\",\"potentialAction\":[{\"@type\":\"ReadAction\",\"target\":[\"https:\/\/jornalfatosenoticias.com.br\/index.php\/2020\/10\/08\/mosaico-intacto-de-dois-mil-anos-e-encontrado-em-roma\/\"]}]},{\"@type\":\"ImageObject\",\"inLanguage\":\"pt-BR\",\"@id\":\"https:\/\/jornalfatosenoticias.com.br\/index.php\/2020\/10\/08\/mosaico-intacto-de-dois-mil-anos-e-encontrado-em-roma\/#primaryimage\",\"url\":\"https:\/\/jornalfatosenoticias.com.br\/wp-content\/uploads\/2020\/10\/mosaico_roma_aventino_capa.jpg\",\"contentUrl\":\"https:\/\/jornalfatosenoticias.com.br\/wp-content\/uploads\/2020\/10\/mosaico_roma_aventino_capa.jpg\",\"width\":1000,\"height\":562},{\"@type\":\"BreadcrumbList\",\"@id\":\"https:\/\/jornalfatosenoticias.com.br\/index.php\/2020\/10\/08\/mosaico-intacto-de-dois-mil-anos-e-encontrado-em-roma\/#breadcrumb\",\"itemListElement\":[{\"@type\":\"ListItem\",\"position\":1,\"name\":\"In\u00edcio\",\"item\":\"https:\/\/jornalfatosenoticias.com.br\/\"},{\"@type\":\"ListItem\",\"position\":2,\"name\":\"Mosaico intacto de dois mil anos \u00e9 encontrado em Roma\"}]},{\"@type\":\"WebSite\",\"@id\":\"https:\/\/jornalfatosenoticias.com.br\/#website\",\"url\":\"https:\/\/jornalfatosenoticias.com.br\/\",\"name\":\"Jornal Fatos e Not\u00edcias\",\"description\":\"Not\u00edcias em geral\",\"publisher\":{\"@id\":\"https:\/\/jornalfatosenoticias.com.br\/#organization\"},\"potentialAction\":[{\"@type\":\"SearchAction\",\"target\":{\"@type\":\"EntryPoint\",\"urlTemplate\":\"https:\/\/jornalfatosenoticias.com.br\/?s={search_term_string}\"},\"query-input\":{\"@type\":\"PropertyValueSpecification\",\"valueRequired\":true,\"valueName\":\"search_term_string\"}}],\"inLanguage\":\"pt-BR\"},{\"@type\":\"Organization\",\"@id\":\"https:\/\/jornalfatosenoticias.com.br\/#organization\",\"name\":\"Jornal Fatos e Not\u00edcias\",\"url\":\"https:\/\/jornalfatosenoticias.com.br\/\",\"logo\":{\"@type\":\"ImageObject\",\"inLanguage\":\"pt-BR\",\"@id\":\"https:\/\/jornalfatosenoticias.com.br\/#\/schema\/logo\/image\/\",\"url\":\"https:\/\/jornalfatosenoticias.com.br\/wp-content\/uploads\/2020\/02\/logo120.png\",\"contentUrl\":\"https:\/\/jornalfatosenoticias.com.br\/wp-content\/uploads\/2020\/02\/logo120.png\",\"width\":1227,\"height\":120,\"caption\":\"Jornal Fatos e Not\u00edcias\"},\"image\":{\"@id\":\"https:\/\/jornalfatosenoticias.com.br\/#\/schema\/logo\/image\/\"}},{\"@type\":\"Person\",\"@id\":\"https:\/\/jornalfatosenoticias.com.br\/#\/schema\/person\/d63837fa13ac8666eb9e74e0985d6f81\",\"name\":\"Luzimara Fernandes\",\"image\":{\"@type\":\"ImageObject\",\"inLanguage\":\"pt-BR\",\"@id\":\"https:\/\/jornalfatosenoticias.com.br\/#\/schema\/person\/image\/\",\"url\":\"https:\/\/jornalfatosenoticias.com.br\/wp-content\/uploads\/2025\/05\/EU_portal.jpg\",\"contentUrl\":\"https:\/\/jornalfatosenoticias.com.br\/wp-content\/uploads\/2025\/05\/EU_portal.jpg\",\"caption\":\"Luzimara Fernandes\"},\"description\":\"Jornalista MTB 2358-ES\",\"sameAs\":[\"https:\/\/jornalfatosenoticias.com.br\"],\"url\":\"https:\/\/jornalfatosenoticias.com.br\/index.php\/author\/luzimara\/\"}]}<\/script>\n<!-- \/ Yoast SEO plugin. -->","yoast_head_json":{"title":"Mosaico intacto de dois mil anos \u00e9 encontrado em Roma - Jornal Fatos e Not\u00edcias","robots":{"index":"index","follow":"follow","max-snippet":"max-snippet:-1","max-image-preview":"max-image-preview:large","max-video-preview":"max-video-preview:-1"},"canonical":"https:\/\/jornalfatosenoticias.com.br\/index.php\/2020\/10\/08\/mosaico-intacto-de-dois-mil-anos-e-encontrado-em-roma\/","og_locale":"pt_BR","og_type":"article","og_title":"Mosaico intacto de dois mil anos \u00e9 encontrado em Roma - Jornal Fatos e Not\u00edcias","og_description":"Al\u00e9m da pe\u00e7a em preto e branco, pesquisadores desenterraram objetos raros incluindo tigelas, l\u00e2mpadas e chaves, no Monte Aventino No Monte Aventino, uma das sete colinas nas quais a cidade de Roma foi fundada, pesquisadores desenterraram um fascinante mosaico preto e branco, datado em dois mil anos atr\u00e1s. As escava\u00e7\u00f5es estavam em andamento desde 2015, [&hellip;]","og_url":"https:\/\/jornalfatosenoticias.com.br\/index.php\/2020\/10\/08\/mosaico-intacto-de-dois-mil-anos-e-encontrado-em-roma\/","og_site_name":"Jornal Fatos e Not\u00edcias","article_published_time":"2020-10-08T22:10:19+00:00","article_modified_time":"2020-10-08T22:10:24+00:00","og_image":[{"width":1000,"height":562,"url":"https:\/\/jornalfatosenoticias.com.br\/wp-content\/uploads\/2020\/10\/mosaico_roma_aventino_capa.jpg","type":"image\/jpeg"}],"author":"Luzimara Fernandes","twitter_card":"summary_large_image","twitter_misc":{"Escrito por":"Luzimara Fernandes","Est. tempo de leitura":"1 minuto"},"schema":{"@context":"https:\/\/schema.org","@graph":[{"@type":"Article","@id":"https:\/\/jornalfatosenoticias.com.br\/index.php\/2020\/10\/08\/mosaico-intacto-de-dois-mil-anos-e-encontrado-em-roma\/#article","isPartOf":{"@id":"https:\/\/jornalfatosenoticias.com.br\/index.php\/2020\/10\/08\/mosaico-intacto-de-dois-mil-anos-e-encontrado-em-roma\/"},"author":{"name":"Luzimara Fernandes","@id":"https:\/\/jornalfatosenoticias.com.br\/#\/schema\/person\/d63837fa13ac8666eb9e74e0985d6f81"},"headline":"Mosaico intacto de dois mil anos \u00e9 encontrado em Roma","datePublished":"2020-10-08T22:10:19+00:00","dateModified":"2020-10-08T22:10:24+00:00","mainEntityOfPage":{"@id":"https:\/\/jornalfatosenoticias.com.br\/index.php\/2020\/10\/08\/mosaico-intacto-de-dois-mil-anos-e-encontrado-em-roma\/"},"wordCount":249,"commentCount":0,"publisher":{"@id":"https:\/\/jornalfatosenoticias.com.br\/#organization"},"image":{"@id":"https:\/\/jornalfatosenoticias.com.br\/index.php\/2020\/10\/08\/mosaico-intacto-de-dois-mil-anos-e-encontrado-em-roma\/#primaryimage"},"thumbnailUrl":"https:\/\/jornalfatosenoticias.com.br\/wp-content\/uploads\/2020\/10\/mosaico_roma_aventino_capa.jpg","keywords":["arqueologia","descoberta","Monte Aventino","Roma Antiga"],"articleSection":["Ci\u00eancia"],"inLanguage":"pt-BR","potentialAction":[{"@type":"CommentAction","name":"Comment","target":["https:\/\/jornalfatosenoticias.com.br\/index.php\/2020\/10\/08\/mosaico-intacto-de-dois-mil-anos-e-encontrado-em-roma\/#respond"]}]},{"@type":"WebPage","@id":"https:\/\/jornalfatosenoticias.com.br\/index.php\/2020\/10\/08\/mosaico-intacto-de-dois-mil-anos-e-encontrado-em-roma\/","url":"https:\/\/jornalfatosenoticias.com.br\/index.php\/2020\/10\/08\/mosaico-intacto-de-dois-mil-anos-e-encontrado-em-roma\/","name":"Mosaico intacto de dois mil anos \u00e9 encontrado em Roma - Jornal Fatos e Not\u00edcias","isPartOf":{"@id":"https:\/\/jornalfatosenoticias.com.br\/#website"},"primaryImageOfPage":{"@id":"https:\/\/jornalfatosenoticias.com.br\/index.php\/2020\/10\/08\/mosaico-intacto-de-dois-mil-anos-e-encontrado-em-roma\/#primaryimage"},"image":{"@id":"https:\/\/jornalfatosenoticias.com.br\/index.php\/2020\/10\/08\/mosaico-intacto-de-dois-mil-anos-e-encontrado-em-roma\/#primaryimage"},"thumbnailUrl":"https:\/\/jornalfatosenoticias.com.br\/wp-content\/uploads\/2020\/10\/mosaico_roma_aventino_capa.jpg","datePublished":"2020-10-08T22:10:19+00:00","dateModified":"2020-10-08T22:10:24+00:00","breadcrumb":{"@id":"https:\/\/jornalfatosenoticias.com.br\/index.php\/2020\/10\/08\/mosaico-intacto-de-dois-mil-anos-e-encontrado-em-roma\/#breadcrumb"},"inLanguage":"pt-BR","potentialAction":[{"@type":"ReadAction","target":["https:\/\/jornalfatosenoticias.com.br\/index.php\/2020\/10\/08\/mosaico-intacto-de-dois-mil-anos-e-encontrado-em-roma\/"]}]},{"@type":"ImageObject","inLanguage":"pt-BR","@id":"https:\/\/jornalfatosenoticias.com.br\/index.php\/2020\/10\/08\/mosaico-intacto-de-dois-mil-anos-e-encontrado-em-roma\/#primaryimage","url":"https:\/\/jornalfatosenoticias.com.br\/wp-content\/uploads\/2020\/10\/mosaico_roma_aventino_capa.jpg","contentUrl":"https:\/\/jornalfatosenoticias.com.br\/wp-content\/uploads\/2020\/10\/mosaico_roma_aventino_capa.jpg","width":1000,"height":562},{"@type":"BreadcrumbList","@id":"https:\/\/jornalfatosenoticias.com.br\/index.php\/2020\/10\/08\/mosaico-intacto-de-dois-mil-anos-e-encontrado-em-roma\/#breadcrumb","itemListElement":[{"@type":"ListItem","position":1,"name":"In\u00edcio","item":"https:\/\/jornalfatosenoticias.com.br\/"},{"@type":"ListItem","position":2,"name":"Mosaico intacto de dois mil anos \u00e9 encontrado em Roma"}]},{"@type":"WebSite","@id":"https:\/\/jornalfatosenoticias.com.br\/#website","url":"https:\/\/jornalfatosenoticias.com.br\/","name":"Jornal Fatos e Not\u00edcias","description":"Not\u00edcias em geral","publisher":{"@id":"https:\/\/jornalfatosenoticias.com.br\/#organization"},"potentialAction":[{"@type":"SearchAction","target":{"@type":"EntryPoint","urlTemplate":"https:\/\/jornalfatosenoticias.com.br\/?s={search_term_string}"},"query-input":{"@type":"PropertyValueSpecification","valueRequired":true,"valueName":"search_term_string"}}],"inLanguage":"pt-BR"},{"@type":"Organization","@id":"https:\/\/jornalfatosenoticias.com.br\/#organization","name":"Jornal Fatos e Not\u00edcias","url":"https:\/\/jornalfatosenoticias.com.br\/","logo":{"@type":"ImageObject","inLanguage":"pt-BR","@id":"https:\/\/jornalfatosenoticias.com.br\/#\/schema\/logo\/image\/","url":"https:\/\/jornalfatosenoticias.com.br\/wp-content\/uploads\/2020\/02\/logo120.png","contentUrl":"https:\/\/jornalfatosenoticias.com.br\/wp-content\/uploads\/2020\/02\/logo120.png","width":1227,"height":120,"caption":"Jornal Fatos e Not\u00edcias"},"image":{"@id":"https:\/\/jornalfatosenoticias.com.br\/#\/schema\/logo\/image\/"}},{"@type":"Person","@id":"https:\/\/jornalfatosenoticias.com.br\/#\/schema\/person\/d63837fa13ac8666eb9e74e0985d6f81","name":"Luzimara Fernandes","image":{"@type":"ImageObject","inLanguage":"pt-BR","@id":"https:\/\/jornalfatosenoticias.com.br\/#\/schema\/person\/image\/","url":"https:\/\/jornalfatosenoticias.com.br\/wp-content\/uploads\/2025\/05\/EU_portal.jpg","contentUrl":"https:\/\/jornalfatosenoticias.com.br\/wp-content\/uploads\/2025\/05\/EU_portal.jpg","caption":"Luzimara Fernandes"},"description":"Jornalista MTB 2358-ES","sameAs":["https:\/\/jornalfatosenoticias.com.br"],"url":"https:\/\/jornalfatosenoticias.com.br\/index.php\/author\/luzimara\/"}]}},"cc_featured_image_caption":{"caption_text":"(Divulga\u00e7\u00e3o\/Domus Aventino)","source_text":"","source_url":""},"jetpack_featured_media_url":"https:\/\/jornalfatosenoticias.com.br\/wp-content\/uploads\/2020\/10\/mosaico_roma_aventino_capa.jpg","_links":{"self":[{"href":"https:\/\/jornalfatosenoticias.com.br\/index.php\/wp-json\/wp\/v2\/posts\/9745","targetHints":{"allow":["GET"]}}],"collection":[{"href":"https:\/\/jornalfatosenoticias.com.br\/index.php\/wp-json\/wp\/v2\/posts"}],"about":[{"href":"https:\/\/jornalfatosenoticias.com.br\/index.php\/wp-json\/wp\/v2\/types\/post"}],"author":[{"embeddable":true,"href":"https:\/\/jornalfatosenoticias.com.br\/index.php\/wp-json\/wp\/v2\/users\/2"}],"replies":[{"embeddable":true,"href":"https:\/\/jornalfatosenoticias.com.br\/index.php\/wp-json\/wp\/v2\/comments?post=9745"}],"version-history":[{"count":0,"href":"https:\/\/jornalfatosenoticias.com.br\/index.php\/wp-json\/wp\/v2\/posts\/9745\/revisions"}],"wp:featuredmedia":[{"embeddable":true,"href":"https:\/\/jornalfatosenoticias.com.br\/index.php\/wp-json\/wp\/v2\/media\/9746"}],"wp:attachment":[{"href":"https:\/\/jornalfatosenoticias.com.br\/index.php\/wp-json\/wp\/v2\/media?parent=9745"}],"wp:term":[{"taxonomy":"category","embeddable":true,"href":"https:\/\/jornalfatosenoticias.com.br\/index.php\/wp-json\/wp\/v2\/categories?post=9745"},{"taxonomy":"post_tag","embeddable":true,"href":"https:\/\/jornalfatosenoticias.com.br\/index.php\/wp-json\/wp\/v2\/tags?post=9745"}],"curies":[{"name":"wp","href":"https:\/\/api.w.org\/{rel}","templated":true}]}}