{"id":9748,"date":"2020-10-08T19:13:07","date_gmt":"2020-10-08T22:13:07","guid":{"rendered":"https:\/\/jornalfatosenoticias.com.br\/?p=9748"},"modified":"2020-10-08T19:13:58","modified_gmt":"2020-10-08T22:13:58","slug":"quando-a-crianca-relata-um-horror-parte-ii","status":"publish","type":"post","link":"https:\/\/jornalfatosenoticias.com.br\/index.php\/2020\/10\/08\/quando-a-crianca-relata-um-horror-parte-ii\/","title":{"rendered":"Quando a Crian\u00e7a relata um horror \u2014 Parte II"},"content":{"rendered":"\n<p>Por que uma crian\u00e7a que relata um abuso incestuoso, est\u00e1 mentindo, est\u00e1 fantasiando, e isto \u00e9 afirmado como tendo uma falsa mem\u00f3ria implantada? Ela \u00e9, totalmente, desacreditada. E, por que uma crian\u00e7a que relata um abuso praticado por pessoa sem la\u00e7o familiar, n\u00e3o est\u00e1 mentindo, n\u00e3o est\u00e1 fantasiando, e ningu\u00e9m colocou uma falsa mem\u00f3ria sobre o epis\u00f3dio relatado? Ela tem todo o cr\u00e9dito.<br>E qual seria a diferen\u00e7a? O que confere cr\u00e9dito \u00e0 voz de uma, e descr\u00e9dito com toda a desconfian\u00e7a da outra crian\u00e7a? Por que o fato de ser algu\u00e9m que a crian\u00e7a ama e obedece, o que \u00e9 um enorme obst\u00e1culo afetivo para ela, torna seu relato falso? Parece ser uma incoer\u00eancia. Mas, como se sustenta at\u00e9 quando provas materiais s\u00e3o logradas? Provas. Rompimento de h\u00edmen, fissuras anais, doen\u00e7a sexualmente transmiss\u00edvel, por que s\u00e3o vistos como \u201caus\u00eancia de prova\u201d e determinam a invers\u00e3o da culpa e do dolo. Sem provas, a m\u00e3e que denunciou, passa a ser a suspeita, imediatamente, julgada sem nem espa\u00e7o para o contradit\u00f3rio, e a crian\u00e7a \u00e9 tirada de sua conviv\u00eancia. A Priva\u00e7\u00e3o Materna Judicial \u00e9 sentenciada, e nada traz o cr\u00e9dito para a voz da crian\u00e7a.<br>O relato da crian\u00e7a \u00e9 coerente, \u00e9 detalhado, apresenta conhecimentos sobre a sexualidade adulta que ela n\u00e3o tem recursos cognitivos para saber. Esta obviedade \u00e9 insuficiente para qualquer leve questionamento. A certeza de que ela mente, ela fantasia, ela repete um texto implantado, \u00e9 dogm\u00e1tica, mesmo que n\u00e3o haja nenhuma possibilidade de comprova\u00e7\u00e3o, e que seja uma tremenda impossibilidade te\u00f3rica. Lembrando, a crian\u00e7a funciona em racioc\u00ednio concreto, sua linguagem, sua mem\u00f3ria s\u00e3o movidas \u00e0 experi\u00eancia que passa pelos cinco sentidos perceptivos, vis\u00e3o, tato, audi\u00e7\u00e3o, olfato, e a percep\u00e7\u00e3o gustativa. Se uma crian\u00e7a de quatro anos relata que do piupiu do papai sai um leitinho que tem gosto de estragado, \u00e9 porque a crian\u00e7a sentiu o gosto do s\u00eamen. Porque, aos quatro anos, a crian\u00e7a n\u00e3o tem no\u00e7\u00e3o de ere\u00e7\u00e3o nem de ejacula\u00e7\u00e3o sem que tenha passado pela experi\u00eancia na boca, do gosto experimental, ao vivo.<br>De dif\u00edcil compreens\u00e3o, ficamos diante de incongru\u00eancias il\u00f3gicas. \u00c9 quando surge a pergunta: como \u00e9 poss\u00edvel, sem sustenta\u00e7\u00e3o nem mesmo de bom senso, ser mantida esta postura de descr\u00e9dito na crian\u00e7a? Avan\u00e7amos em estudos metodol\u00f3gicos cient\u00edficos, desenvolvemos um excelente protocolo, escrevemos uma Lei, a 13.431\/2017, onde constru\u00edmos um novo paradigma, a Escuta Especial e o Depoimento Especial, vedando as inquiri\u00e7\u00f5es de crian\u00e7as, que causam coa\u00e7\u00e3o, constrangimento, intimida\u00e7\u00e3o, torturas que causam revitimiza\u00e7\u00e3o. Mas, como a lei objetivou o relato da crian\u00e7a, retirando a inconsist\u00eancia da subjetividade interpretativa, esta lei tem sofrido uma enorme resist\u00eancia nos ambientes psicojur\u00eddicos.<br>Aqui cabe outra indaga\u00e7\u00e3o. Por que profissionais que deveriam proteger a crian\u00e7a, optam por priorizar o adulto suspeito, e buscam a puni\u00e7\u00e3o da adulta denunciante? N\u00e3o podemos deixar de pensar que \u00e9 preciso ter um outro elemento que alimente a cadeia que se formou para garantir a execu\u00e7\u00e3o da Priva\u00e7\u00e3o Materna Judicial, mediante o descr\u00e9dito da voz da crian\u00e7a. Se, por um lado, encontramos despreparo e ignor\u00e2ncia sobre a realidade do desenvolvimento infantil, por outro, \u00e9 ineg\u00e1vel que tamb\u00e9m existe a intencionalidade que usa estrat\u00e9gias bem articuladas.<br>E, ainda. \u00c9 do conhecimento de muitas esferas jur\u00eddicas, inclusive as federais, que a voz da crian\u00e7a e o adolescente, v\u00edtimas de abuso sexual intrafamiliar, portanto, incestuoso e continuado, \u00e9 desacreditada. A repeti\u00e7\u00e3o das revitimiza\u00e7\u00f5es com sucessivos \u201cestudos psicossociais\u201d, levadas \u00e0 exaust\u00e3o do descr\u00e9dito, descumprem, acintosamente, a Lei da Escuta Especial. Continuam a usar estes m\u00e9todos de tortura para a crian\u00e7a, obrigando-as a fazerem v\u00e1rias \u201csess\u00f5es\u201d de acarea\u00e7\u00e3o, quando o \u201colh\u00f4metro\u201d \u00e9 o \u00fanico instrumento de aferi\u00e7\u00e3o. Acarea\u00e7\u00e3o e olh\u00f4metro s\u00e3o o bastante para montar um Sofisma, sem nenhuma preocupa\u00e7\u00e3o com as consequ\u00eancias nefastas que est\u00e3o causando.<br>H\u00e1 que se pensar que o sentido desta viola\u00e7\u00e3o estruturada e rotineira tem ra\u00edzes de dif\u00edcil visibilidade. Mas que existem e t\u00eam muita efic\u00e1cia. Lembrando que os comportamentos humanos, historicamente, abomin\u00e1veis sempre foram amparados cada um em sua devida lei. A Explora\u00e7\u00e3o de riquezas pelos colonizadores era legalizada. O com\u00e9rcio mundial de escravos era legalizado. O Apartheid era legalizado. O Holocausto era legalizado. O Homem cria uma lei para ser amparado ao se comportar de maneira cruel com o outro.<br>Hoje, crian\u00e7as que s\u00e3o escolhidas como v\u00edtimas de abuso sexual intrafamiliar vivem um novo Holocausto. S\u00e3o entregues aos seus abusadores sob os ausp\u00edcios do Estado. Desistem de relatar. Sofrem o processo de adapta\u00e7\u00e3o ao abuso. Vivendo em c\u00e1rcere privado camuflado, esmagadas pela experi\u00eancia cont\u00ednua da domina\u00e7\u00e3o de algu\u00e9m, n\u00e3o saber\u00e3o reagir. Muitas morrem assassinadas pelos seus algozes. A maioria tem morte ps\u00edquica, mutiladas na dignidade e incapacitadas para a vida adulta das rela\u00e7\u00f5es afetivas interpessoais saud\u00e1veis. Perdem a Voz. A combina\u00e7\u00e3o do fasc\u00ednio pelo Poder Absoluto, o que move um abusador de crian\u00e7a, com a nossa omiss\u00e3o patrocina o comportamento perverso da pr\u00e1tica da pedofilia e seus crimes. Passaremos a colher esta trag\u00e9dia social dentro de alguns anos.<\/p>\n\n\n\n<div class=\"wp-block-image\"><figure class=\"alignleft size-large is-resized\"><img loading=\"lazy\" decoding=\"async\" src=\"https:\/\/jornalfatosenoticias.com.br\/wp-content\/uploads\/2020\/10\/infografico-denuncias-387x1024.jpg\" alt=\"\" class=\"wp-image-9749\" width=\"457\" height=\"1210\" srcset=\"https:\/\/jornalfatosenoticias.com.br\/wp-content\/uploads\/2020\/10\/infografico-denuncias-387x1024.jpg 387w, https:\/\/jornalfatosenoticias.com.br\/wp-content\/uploads\/2020\/10\/infografico-denuncias-113x300.jpg 113w, https:\/\/jornalfatosenoticias.com.br\/wp-content\/uploads\/2020\/10\/infografico-denuncias-768x2031.jpg 768w, https:\/\/jornalfatosenoticias.com.br\/wp-content\/uploads\/2020\/10\/infografico-denuncias-774x2048.jpg 774w, https:\/\/jornalfatosenoticias.com.br\/wp-content\/uploads\/2020\/10\/infografico-denuncias-scaled.jpg 968w\" sizes=\"auto, (max-width: 457px) 100vw, 457px\" \/><figcaption><em>(Foto: Reprodu\u00e7\u00e3o\/Ag\u00eancia P\u00fablica)<\/em><\/figcaption><\/figure><\/div>\n","protected":false},"excerpt":{"rendered":"<p>Por que uma crian\u00e7a que relata um abuso incestuoso, est\u00e1 mentindo, est\u00e1 fantasiando, e isto \u00e9 afirmado como tendo uma falsa mem\u00f3ria implantada? Ela \u00e9, totalmente, desacreditada. E, por que uma crian\u00e7a que relata um abuso praticado por pessoa sem la\u00e7o familiar, n\u00e3o est\u00e1 mentindo, n\u00e3o est\u00e1 fantasiando, e ningu\u00e9m colocou uma falsa mem\u00f3ria sobre [&hellip;]<\/p>\n","protected":false},"author":8,"featured_media":9750,"comment_status":"open","ping_status":"open","sticky":false,"template":"","format":"standard","meta":{"footnotes":""},"categories":[2522],"tags":[4400,4298,2607,979],"class_list":["post-9748","post","type-post","status-publish","format-standard","has-post-thumbnail","hentry","category-comportamento","tag-abuso-sexual-infantil","tag-alienacao-parental","tag-infancia","tag-mulher"],"yoast_head":"<!-- This site is optimized with the Yoast SEO plugin v26.5 - https:\/\/yoast.com\/wordpress\/plugins\/seo\/ -->\n<title>Quando a Crian\u00e7a relata um horror \u2014 Parte II - Jornal Fatos e Not\u00edcias<\/title>\n<meta name=\"robots\" content=\"index, follow, max-snippet:-1, max-image-preview:large, max-video-preview:-1\" \/>\n<link rel=\"canonical\" href=\"https:\/\/jornalfatosenoticias.com.br\/index.php\/2020\/10\/08\/quando-a-crianca-relata-um-horror-parte-ii\/\" \/>\n<meta property=\"og:locale\" content=\"pt_BR\" \/>\n<meta property=\"og:type\" content=\"article\" \/>\n<meta property=\"og:title\" content=\"Quando a Crian\u00e7a relata um horror \u2014 Parte II - Jornal Fatos e Not\u00edcias\" \/>\n<meta property=\"og:description\" content=\"Por que uma crian\u00e7a que relata um abuso incestuoso, est\u00e1 mentindo, est\u00e1 fantasiando, e isto \u00e9 afirmado como tendo uma falsa mem\u00f3ria implantada? Ela \u00e9, totalmente, desacreditada. E, por que uma crian\u00e7a que relata um abuso praticado por pessoa sem la\u00e7o familiar, n\u00e3o est\u00e1 mentindo, n\u00e3o est\u00e1 fantasiando, e ningu\u00e9m colocou uma falsa mem\u00f3ria sobre [&hellip;]\" \/>\n<meta property=\"og:url\" content=\"https:\/\/jornalfatosenoticias.com.br\/index.php\/2020\/10\/08\/quando-a-crianca-relata-um-horror-parte-ii\/\" \/>\n<meta property=\"og:site_name\" content=\"Jornal Fatos e Not\u00edcias\" \/>\n<meta property=\"article:published_time\" content=\"2020-10-08T22:13:07+00:00\" \/>\n<meta property=\"article:modified_time\" content=\"2020-10-08T22:13:58+00:00\" \/>\n<meta property=\"og:image\" content=\"https:\/\/jornalfatosenoticias.com.br\/wp-content\/uploads\/2020\/10\/abuso-crianca1.jpg\" \/>\n\t<meta property=\"og:image:width\" content=\"1000\" \/>\n\t<meta property=\"og:image:height\" content=\"706\" \/>\n\t<meta property=\"og:image:type\" content=\"image\/jpeg\" \/>\n<meta name=\"author\" content=\"Ana Maria Iencarelli\" \/>\n<meta name=\"twitter:card\" content=\"summary_large_image\" \/>\n<meta name=\"twitter:label1\" content=\"Escrito por\" \/>\n\t<meta name=\"twitter:data1\" content=\"Ana Maria Iencarelli\" \/>\n\t<meta name=\"twitter:label2\" content=\"Est. tempo de leitura\" \/>\n\t<meta name=\"twitter:data2\" content=\"5 minutos\" \/>\n<script type=\"application\/ld+json\" class=\"yoast-schema-graph\">{\"@context\":\"https:\/\/schema.org\",\"@graph\":[{\"@type\":\"Article\",\"@id\":\"https:\/\/jornalfatosenoticias.com.br\/index.php\/2020\/10\/08\/quando-a-crianca-relata-um-horror-parte-ii\/#article\",\"isPartOf\":{\"@id\":\"https:\/\/jornalfatosenoticias.com.br\/index.php\/2020\/10\/08\/quando-a-crianca-relata-um-horror-parte-ii\/\"},\"author\":{\"name\":\"Ana Maria Iencarelli\",\"@id\":\"https:\/\/jornalfatosenoticias.com.br\/#\/schema\/person\/c33fcf5fb02d729d3fec92c6737a22d1\"},\"headline\":\"Quando a Crian\u00e7a relata um horror \u2014 Parte II\",\"datePublished\":\"2020-10-08T22:13:07+00:00\",\"dateModified\":\"2020-10-08T22:13:58+00:00\",\"mainEntityOfPage\":{\"@id\":\"https:\/\/jornalfatosenoticias.com.br\/index.php\/2020\/10\/08\/quando-a-crianca-relata-um-horror-parte-ii\/\"},\"wordCount\":952,\"commentCount\":0,\"publisher\":{\"@id\":\"https:\/\/jornalfatosenoticias.com.br\/#organization\"},\"image\":{\"@id\":\"https:\/\/jornalfatosenoticias.com.br\/index.php\/2020\/10\/08\/quando-a-crianca-relata-um-horror-parte-ii\/#primaryimage\"},\"thumbnailUrl\":\"https:\/\/jornalfatosenoticias.com.br\/wp-content\/uploads\/2020\/10\/abuso-crianca1.jpg\",\"keywords\":[\"abuso sexual infantil\",\"aliena\u00e7\u00e3o parental\",\"inf\u00e2ncia\",\"mulher\"],\"articleSection\":[\"Comportamento &amp; Equil\u00edbrio\"],\"inLanguage\":\"pt-BR\",\"potentialAction\":[{\"@type\":\"CommentAction\",\"name\":\"Comment\",\"target\":[\"https:\/\/jornalfatosenoticias.com.br\/index.php\/2020\/10\/08\/quando-a-crianca-relata-um-horror-parte-ii\/#respond\"]}]},{\"@type\":\"WebPage\",\"@id\":\"https:\/\/jornalfatosenoticias.com.br\/index.php\/2020\/10\/08\/quando-a-crianca-relata-um-horror-parte-ii\/\",\"url\":\"https:\/\/jornalfatosenoticias.com.br\/index.php\/2020\/10\/08\/quando-a-crianca-relata-um-horror-parte-ii\/\",\"name\":\"Quando a Crian\u00e7a relata um horror \u2014 Parte II - Jornal Fatos e Not\u00edcias\",\"isPartOf\":{\"@id\":\"https:\/\/jornalfatosenoticias.com.br\/#website\"},\"primaryImageOfPage\":{\"@id\":\"https:\/\/jornalfatosenoticias.com.br\/index.php\/2020\/10\/08\/quando-a-crianca-relata-um-horror-parte-ii\/#primaryimage\"},\"image\":{\"@id\":\"https:\/\/jornalfatosenoticias.com.br\/index.php\/2020\/10\/08\/quando-a-crianca-relata-um-horror-parte-ii\/#primaryimage\"},\"thumbnailUrl\":\"https:\/\/jornalfatosenoticias.com.br\/wp-content\/uploads\/2020\/10\/abuso-crianca1.jpg\",\"datePublished\":\"2020-10-08T22:13:07+00:00\",\"dateModified\":\"2020-10-08T22:13:58+00:00\",\"breadcrumb\":{\"@id\":\"https:\/\/jornalfatosenoticias.com.br\/index.php\/2020\/10\/08\/quando-a-crianca-relata-um-horror-parte-ii\/#breadcrumb\"},\"inLanguage\":\"pt-BR\",\"potentialAction\":[{\"@type\":\"ReadAction\",\"target\":[\"https:\/\/jornalfatosenoticias.com.br\/index.php\/2020\/10\/08\/quando-a-crianca-relata-um-horror-parte-ii\/\"]}]},{\"@type\":\"ImageObject\",\"inLanguage\":\"pt-BR\",\"@id\":\"https:\/\/jornalfatosenoticias.com.br\/index.php\/2020\/10\/08\/quando-a-crianca-relata-um-horror-parte-ii\/#primaryimage\",\"url\":\"https:\/\/jornalfatosenoticias.com.br\/wp-content\/uploads\/2020\/10\/abuso-crianca1.jpg\",\"contentUrl\":\"https:\/\/jornalfatosenoticias.com.br\/wp-content\/uploads\/2020\/10\/abuso-crianca1.jpg\",\"width\":1000,\"height\":706},{\"@type\":\"BreadcrumbList\",\"@id\":\"https:\/\/jornalfatosenoticias.com.br\/index.php\/2020\/10\/08\/quando-a-crianca-relata-um-horror-parte-ii\/#breadcrumb\",\"itemListElement\":[{\"@type\":\"ListItem\",\"position\":1,\"name\":\"In\u00edcio\",\"item\":\"https:\/\/jornalfatosenoticias.com.br\/\"},{\"@type\":\"ListItem\",\"position\":2,\"name\":\"Quando a Crian\u00e7a relata um horror \u2014 Parte II\"}]},{\"@type\":\"WebSite\",\"@id\":\"https:\/\/jornalfatosenoticias.com.br\/#website\",\"url\":\"https:\/\/jornalfatosenoticias.com.br\/\",\"name\":\"Jornal Fatos e Not\u00edcias\",\"description\":\"Not\u00edcias em geral\",\"publisher\":{\"@id\":\"https:\/\/jornalfatosenoticias.com.br\/#organization\"},\"potentialAction\":[{\"@type\":\"SearchAction\",\"target\":{\"@type\":\"EntryPoint\",\"urlTemplate\":\"https:\/\/jornalfatosenoticias.com.br\/?s={search_term_string}\"},\"query-input\":{\"@type\":\"PropertyValueSpecification\",\"valueRequired\":true,\"valueName\":\"search_term_string\"}}],\"inLanguage\":\"pt-BR\"},{\"@type\":\"Organization\",\"@id\":\"https:\/\/jornalfatosenoticias.com.br\/#organization\",\"name\":\"Jornal Fatos e Not\u00edcias\",\"url\":\"https:\/\/jornalfatosenoticias.com.br\/\",\"logo\":{\"@type\":\"ImageObject\",\"inLanguage\":\"pt-BR\",\"@id\":\"https:\/\/jornalfatosenoticias.com.br\/#\/schema\/logo\/image\/\",\"url\":\"https:\/\/jornalfatosenoticias.com.br\/wp-content\/uploads\/2020\/02\/logo120.png\",\"contentUrl\":\"https:\/\/jornalfatosenoticias.com.br\/wp-content\/uploads\/2020\/02\/logo120.png\",\"width\":1227,\"height\":120,\"caption\":\"Jornal Fatos e Not\u00edcias\"},\"image\":{\"@id\":\"https:\/\/jornalfatosenoticias.com.br\/#\/schema\/logo\/image\/\"}},{\"@type\":\"Person\",\"@id\":\"https:\/\/jornalfatosenoticias.com.br\/#\/schema\/person\/c33fcf5fb02d729d3fec92c6737a22d1\",\"name\":\"Ana Maria Iencarelli\",\"image\":{\"@type\":\"ImageObject\",\"inLanguage\":\"pt-BR\",\"@id\":\"https:\/\/jornalfatosenoticias.com.br\/#\/schema\/person\/image\/\",\"url\":\"https:\/\/jornalfatosenoticias.com.br\/wp-content\/uploads\/2020\/02\/Ana-Maria-Iencarelli-1-150x150.jpg\",\"contentUrl\":\"https:\/\/jornalfatosenoticias.com.br\/wp-content\/uploads\/2020\/02\/Ana-Maria-Iencarelli-1-150x150.jpg\",\"caption\":\"Ana Maria Iencarelli\"},\"description\":\"Psicanalista Cl\u00ednica, especializada no atendimento a Crian\u00e7as e Adolescentes. Presidente da ONG Vozes de Anjos.\",\"url\":\"https:\/\/jornalfatosenoticias.com.br\/index.php\/author\/anamaria\/\"}]}<\/script>\n<!-- \/ Yoast SEO plugin. -->","yoast_head_json":{"title":"Quando a Crian\u00e7a relata um horror \u2014 Parte II - Jornal Fatos e Not\u00edcias","robots":{"index":"index","follow":"follow","max-snippet":"max-snippet:-1","max-image-preview":"max-image-preview:large","max-video-preview":"max-video-preview:-1"},"canonical":"https:\/\/jornalfatosenoticias.com.br\/index.php\/2020\/10\/08\/quando-a-crianca-relata-um-horror-parte-ii\/","og_locale":"pt_BR","og_type":"article","og_title":"Quando a Crian\u00e7a relata um horror \u2014 Parte II - Jornal Fatos e Not\u00edcias","og_description":"Por que uma crian\u00e7a que relata um abuso incestuoso, est\u00e1 mentindo, est\u00e1 fantasiando, e isto \u00e9 afirmado como tendo uma falsa mem\u00f3ria implantada? Ela \u00e9, totalmente, desacreditada. E, por que uma crian\u00e7a que relata um abuso praticado por pessoa sem la\u00e7o familiar, n\u00e3o est\u00e1 mentindo, n\u00e3o est\u00e1 fantasiando, e ningu\u00e9m colocou uma falsa mem\u00f3ria sobre [&hellip;]","og_url":"https:\/\/jornalfatosenoticias.com.br\/index.php\/2020\/10\/08\/quando-a-crianca-relata-um-horror-parte-ii\/","og_site_name":"Jornal Fatos e Not\u00edcias","article_published_time":"2020-10-08T22:13:07+00:00","article_modified_time":"2020-10-08T22:13:58+00:00","og_image":[{"width":1000,"height":706,"url":"https:\/\/jornalfatosenoticias.com.br\/wp-content\/uploads\/2020\/10\/abuso-crianca1.jpg","type":"image\/jpeg"}],"author":"Ana Maria Iencarelli","twitter_card":"summary_large_image","twitter_misc":{"Escrito por":"Ana Maria Iencarelli","Est. tempo de leitura":"5 minutos"},"schema":{"@context":"https:\/\/schema.org","@graph":[{"@type":"Article","@id":"https:\/\/jornalfatosenoticias.com.br\/index.php\/2020\/10\/08\/quando-a-crianca-relata-um-horror-parte-ii\/#article","isPartOf":{"@id":"https:\/\/jornalfatosenoticias.com.br\/index.php\/2020\/10\/08\/quando-a-crianca-relata-um-horror-parte-ii\/"},"author":{"name":"Ana Maria Iencarelli","@id":"https:\/\/jornalfatosenoticias.com.br\/#\/schema\/person\/c33fcf5fb02d729d3fec92c6737a22d1"},"headline":"Quando a Crian\u00e7a relata um horror \u2014 Parte II","datePublished":"2020-10-08T22:13:07+00:00","dateModified":"2020-10-08T22:13:58+00:00","mainEntityOfPage":{"@id":"https:\/\/jornalfatosenoticias.com.br\/index.php\/2020\/10\/08\/quando-a-crianca-relata-um-horror-parte-ii\/"},"wordCount":952,"commentCount":0,"publisher":{"@id":"https:\/\/jornalfatosenoticias.com.br\/#organization"},"image":{"@id":"https:\/\/jornalfatosenoticias.com.br\/index.php\/2020\/10\/08\/quando-a-crianca-relata-um-horror-parte-ii\/#primaryimage"},"thumbnailUrl":"https:\/\/jornalfatosenoticias.com.br\/wp-content\/uploads\/2020\/10\/abuso-crianca1.jpg","keywords":["abuso sexual infantil","aliena\u00e7\u00e3o parental","inf\u00e2ncia","mulher"],"articleSection":["Comportamento &amp; Equil\u00edbrio"],"inLanguage":"pt-BR","potentialAction":[{"@type":"CommentAction","name":"Comment","target":["https:\/\/jornalfatosenoticias.com.br\/index.php\/2020\/10\/08\/quando-a-crianca-relata-um-horror-parte-ii\/#respond"]}]},{"@type":"WebPage","@id":"https:\/\/jornalfatosenoticias.com.br\/index.php\/2020\/10\/08\/quando-a-crianca-relata-um-horror-parte-ii\/","url":"https:\/\/jornalfatosenoticias.com.br\/index.php\/2020\/10\/08\/quando-a-crianca-relata-um-horror-parte-ii\/","name":"Quando a Crian\u00e7a relata um horror \u2014 Parte II - Jornal Fatos e Not\u00edcias","isPartOf":{"@id":"https:\/\/jornalfatosenoticias.com.br\/#website"},"primaryImageOfPage":{"@id":"https:\/\/jornalfatosenoticias.com.br\/index.php\/2020\/10\/08\/quando-a-crianca-relata-um-horror-parte-ii\/#primaryimage"},"image":{"@id":"https:\/\/jornalfatosenoticias.com.br\/index.php\/2020\/10\/08\/quando-a-crianca-relata-um-horror-parte-ii\/#primaryimage"},"thumbnailUrl":"https:\/\/jornalfatosenoticias.com.br\/wp-content\/uploads\/2020\/10\/abuso-crianca1.jpg","datePublished":"2020-10-08T22:13:07+00:00","dateModified":"2020-10-08T22:13:58+00:00","breadcrumb":{"@id":"https:\/\/jornalfatosenoticias.com.br\/index.php\/2020\/10\/08\/quando-a-crianca-relata-um-horror-parte-ii\/#breadcrumb"},"inLanguage":"pt-BR","potentialAction":[{"@type":"ReadAction","target":["https:\/\/jornalfatosenoticias.com.br\/index.php\/2020\/10\/08\/quando-a-crianca-relata-um-horror-parte-ii\/"]}]},{"@type":"ImageObject","inLanguage":"pt-BR","@id":"https:\/\/jornalfatosenoticias.com.br\/index.php\/2020\/10\/08\/quando-a-crianca-relata-um-horror-parte-ii\/#primaryimage","url":"https:\/\/jornalfatosenoticias.com.br\/wp-content\/uploads\/2020\/10\/abuso-crianca1.jpg","contentUrl":"https:\/\/jornalfatosenoticias.com.br\/wp-content\/uploads\/2020\/10\/abuso-crianca1.jpg","width":1000,"height":706},{"@type":"BreadcrumbList","@id":"https:\/\/jornalfatosenoticias.com.br\/index.php\/2020\/10\/08\/quando-a-crianca-relata-um-horror-parte-ii\/#breadcrumb","itemListElement":[{"@type":"ListItem","position":1,"name":"In\u00edcio","item":"https:\/\/jornalfatosenoticias.com.br\/"},{"@type":"ListItem","position":2,"name":"Quando a Crian\u00e7a relata um horror \u2014 Parte II"}]},{"@type":"WebSite","@id":"https:\/\/jornalfatosenoticias.com.br\/#website","url":"https:\/\/jornalfatosenoticias.com.br\/","name":"Jornal Fatos e Not\u00edcias","description":"Not\u00edcias em geral","publisher":{"@id":"https:\/\/jornalfatosenoticias.com.br\/#organization"},"potentialAction":[{"@type":"SearchAction","target":{"@type":"EntryPoint","urlTemplate":"https:\/\/jornalfatosenoticias.com.br\/?s={search_term_string}"},"query-input":{"@type":"PropertyValueSpecification","valueRequired":true,"valueName":"search_term_string"}}],"inLanguage":"pt-BR"},{"@type":"Organization","@id":"https:\/\/jornalfatosenoticias.com.br\/#organization","name":"Jornal Fatos e Not\u00edcias","url":"https:\/\/jornalfatosenoticias.com.br\/","logo":{"@type":"ImageObject","inLanguage":"pt-BR","@id":"https:\/\/jornalfatosenoticias.com.br\/#\/schema\/logo\/image\/","url":"https:\/\/jornalfatosenoticias.com.br\/wp-content\/uploads\/2020\/02\/logo120.png","contentUrl":"https:\/\/jornalfatosenoticias.com.br\/wp-content\/uploads\/2020\/02\/logo120.png","width":1227,"height":120,"caption":"Jornal Fatos e Not\u00edcias"},"image":{"@id":"https:\/\/jornalfatosenoticias.com.br\/#\/schema\/logo\/image\/"}},{"@type":"Person","@id":"https:\/\/jornalfatosenoticias.com.br\/#\/schema\/person\/c33fcf5fb02d729d3fec92c6737a22d1","name":"Ana Maria Iencarelli","image":{"@type":"ImageObject","inLanguage":"pt-BR","@id":"https:\/\/jornalfatosenoticias.com.br\/#\/schema\/person\/image\/","url":"https:\/\/jornalfatosenoticias.com.br\/wp-content\/uploads\/2020\/02\/Ana-Maria-Iencarelli-1-150x150.jpg","contentUrl":"https:\/\/jornalfatosenoticias.com.br\/wp-content\/uploads\/2020\/02\/Ana-Maria-Iencarelli-1-150x150.jpg","caption":"Ana Maria Iencarelli"},"description":"Psicanalista Cl\u00ednica, especializada no atendimento a Crian\u00e7as e Adolescentes. Presidente da ONG Vozes de Anjos.","url":"https:\/\/jornalfatosenoticias.com.br\/index.php\/author\/anamaria\/"}]}},"cc_featured_image_caption":{"caption_text":"(Reprodu\u00e7\u00e3o\/Ag\u00eancia P\u00fablica) \r\n","source_text":"","source_url":""},"jetpack_featured_media_url":"https:\/\/jornalfatosenoticias.com.br\/wp-content\/uploads\/2020\/10\/abuso-crianca1.jpg","_links":{"self":[{"href":"https:\/\/jornalfatosenoticias.com.br\/index.php\/wp-json\/wp\/v2\/posts\/9748","targetHints":{"allow":["GET"]}}],"collection":[{"href":"https:\/\/jornalfatosenoticias.com.br\/index.php\/wp-json\/wp\/v2\/posts"}],"about":[{"href":"https:\/\/jornalfatosenoticias.com.br\/index.php\/wp-json\/wp\/v2\/types\/post"}],"author":[{"embeddable":true,"href":"https:\/\/jornalfatosenoticias.com.br\/index.php\/wp-json\/wp\/v2\/users\/8"}],"replies":[{"embeddable":true,"href":"https:\/\/jornalfatosenoticias.com.br\/index.php\/wp-json\/wp\/v2\/comments?post=9748"}],"version-history":[{"count":0,"href":"https:\/\/jornalfatosenoticias.com.br\/index.php\/wp-json\/wp\/v2\/posts\/9748\/revisions"}],"wp:featuredmedia":[{"embeddable":true,"href":"https:\/\/jornalfatosenoticias.com.br\/index.php\/wp-json\/wp\/v2\/media\/9750"}],"wp:attachment":[{"href":"https:\/\/jornalfatosenoticias.com.br\/index.php\/wp-json\/wp\/v2\/media?parent=9748"}],"wp:term":[{"taxonomy":"category","embeddable":true,"href":"https:\/\/jornalfatosenoticias.com.br\/index.php\/wp-json\/wp\/v2\/categories?post=9748"},{"taxonomy":"post_tag","embeddable":true,"href":"https:\/\/jornalfatosenoticias.com.br\/index.php\/wp-json\/wp\/v2\/tags?post=9748"}],"curies":[{"name":"wp","href":"https:\/\/api.w.org\/{rel}","templated":true}]}}