{"id":9752,"date":"2020-10-08T19:16:29","date_gmt":"2020-10-08T22:16:29","guid":{"rendered":"https:\/\/jornalfatosenoticias.com.br\/?p=9752"},"modified":"2020-10-08T19:16:40","modified_gmt":"2020-10-08T22:16:40","slug":"cao-cadeirante-vira-personagem-de-livro-infantil","status":"publish","type":"post","link":"https:\/\/jornalfatosenoticias.com.br\/index.php\/2020\/10\/08\/cao-cadeirante-vira-personagem-de-livro-infantil\/","title":{"rendered":"C\u00e3o &#8216;cadeirante&#8217; vira personagem de livro infantil"},"content":{"rendered":"\n<h6 class=\"wp-block-heading\"><em>Supera\u00e7\u00e3o de animal atropelado em 2018 serviu de inspira\u00e7\u00e3o para a obra &#8216;Argos, o c\u00e3o de Rodinhas&#8217;, que ser\u00e1 lan\u00e7ada em novembro<\/em><\/h6>\n\n\n\n<p>Ap\u00f3s o c\u00e3o Argos, tr\u00eas anos, ter sido atropelado em 2018, sua tutora, Larissa Onuki, viu sua vida mudar completamente, tendo que se adaptar a uma nova rotina, j\u00e1 que o Border Collie n\u00e3o conseguia mais andar como antes. A hist\u00f3ria de supera\u00e7\u00e3o do cachorro se tornou uma inspira\u00e7\u00e3o para Larissa que resolveu escrever um livro sobre Argos, retratando sua determina\u00e7\u00e3o em vencer os desafios do dia a dia com o apoio da fam\u00edlia.<br>O livro infantil Argos, o c\u00e3o de Rodinhas, publicado pela editora Inverso, conta a hist\u00f3ria do cachorro que, ap\u00f3s a recupera\u00e7\u00e3o de um acidente e adapta\u00e7\u00e3o \u00e0 &#8216;cadeira de rodas&#8217;, se motiva a participar de um campeonato canino e consegue chamar aten\u00e7\u00e3o ganhando um lugar no p\u00f3dio.<br>A hist\u00f3ria de inclus\u00e3o e respeito aos animais com defici\u00eancia ser\u00e1 lan\u00e7ada durante o 2\u00ba Encontro Nacional de Pets Especiais, no dia 1\u00ba de novembro de 2020, a partir das 11h, no Novotel S\u00e3o Paulo Morumbi, e ter\u00e1 a presen\u00e7a do Argos.<br>O c\u00e3o tamb\u00e9m motivou Larissa Onuki a criar o Projeto C\u00e3o de Rodinhas, que tem o objetivo de trazer maior conscientiza\u00e7\u00e3o, informa\u00e7\u00f5es e inclus\u00e3o na sociedade sobre pets com defici\u00eancia. A iniciativa atua a n\u00edvel nacional e hoje conta com 27 afilhados especiais, um grupo de apoio e diversos tutores que foram ajudados com a\u00e7\u00f5es beneficentes e informa\u00e7\u00f5es sobre o dia a dia de um pet especial.<\/p>\n\n\n\n<p><strong><em>Fonte: <a href=\"https:\/\/www.terra.com.br\/vida-e-estilo\/comportamento\/cao-cadeirante-vira-personagem-de-livro-infantil,bd9b8f25cc1b32cfd6743ceeabfbb133v05dwvsb.html\">Terra<\/a><\/em><\/strong><\/p>\n","protected":false},"excerpt":{"rendered":"<p>Supera\u00e7\u00e3o de animal atropelado em 2018 serviu de inspira\u00e7\u00e3o para a obra &#8216;Argos, o c\u00e3o de Rodinhas&#8217;, que ser\u00e1 lan\u00e7ada em novembro Ap\u00f3s o c\u00e3o Argos, tr\u00eas anos, ter sido atropelado em 2018, sua tutora, Larissa Onuki, viu sua vida mudar completamente, tendo que se adaptar a uma nova rotina, j\u00e1 que o Border Collie [&hellip;]<\/p>\n","protected":false},"author":2,"featured_media":9753,"comment_status":"open","ping_status":"open","sticky":false,"template":"","format":"standard","meta":{"footnotes":""},"categories":[4],"tags":[5298,5297,1217,2265],"class_list":["post-9752","post","type-post","status-publish","format-standard","has-post-thumbnail","hentry","category-cultura","tag-cao-argos","tag-caozinho-cadeirante","tag-livro","tag-superacao"],"yoast_head":"<!-- This site is optimized with the Yoast SEO plugin v26.5 - https:\/\/yoast.com\/wordpress\/plugins\/seo\/ -->\n<title>C\u00e3o &#039;cadeirante&#039; vira personagem de livro infantil - Jornal Fatos e Not\u00edcias<\/title>\n<meta name=\"robots\" content=\"index, follow, max-snippet:-1, max-image-preview:large, max-video-preview:-1\" \/>\n<link rel=\"canonical\" href=\"https:\/\/jornalfatosenoticias.com.br\/index.php\/2020\/10\/08\/cao-cadeirante-vira-personagem-de-livro-infantil\/\" \/>\n<meta property=\"og:locale\" content=\"pt_BR\" \/>\n<meta property=\"og:type\" content=\"article\" \/>\n<meta property=\"og:title\" content=\"C\u00e3o &#039;cadeirante&#039; vira personagem de livro infantil - Jornal Fatos e Not\u00edcias\" \/>\n<meta property=\"og:description\" content=\"Supera\u00e7\u00e3o de animal atropelado em 2018 serviu de inspira\u00e7\u00e3o para a obra &#8216;Argos, o c\u00e3o de Rodinhas&#8217;, que ser\u00e1 lan\u00e7ada em novembro Ap\u00f3s o c\u00e3o Argos, tr\u00eas anos, ter sido atropelado em 2018, sua tutora, Larissa Onuki, viu sua vida mudar completamente, tendo que se adaptar a uma nova rotina, j\u00e1 que o Border Collie [&hellip;]\" \/>\n<meta property=\"og:url\" content=\"https:\/\/jornalfatosenoticias.com.br\/index.php\/2020\/10\/08\/cao-cadeirante-vira-personagem-de-livro-infantil\/\" \/>\n<meta property=\"og:site_name\" content=\"Jornal Fatos e Not\u00edcias\" \/>\n<meta property=\"article:published_time\" content=\"2020-10-08T22:16:29+00:00\" \/>\n<meta property=\"article:modified_time\" content=\"2020-10-08T22:16:40+00:00\" \/>\n<meta property=\"og:image\" content=\"https:\/\/jornalfatosenoticias.com.br\/wp-content\/uploads\/2020\/10\/ARGOS_O-CAO-CADEIRANTE.jpg\" \/>\n\t<meta property=\"og:image:width\" content=\"1000\" \/>\n\t<meta property=\"og:image:height\" content=\"631\" \/>\n\t<meta property=\"og:image:type\" content=\"image\/jpeg\" \/>\n<meta name=\"author\" content=\"Luzimara Fernandes\" \/>\n<meta name=\"twitter:card\" content=\"summary_large_image\" \/>\n<meta name=\"twitter:label1\" content=\"Escrito por\" \/>\n\t<meta name=\"twitter:data1\" content=\"Luzimara Fernandes\" \/>\n\t<meta name=\"twitter:label2\" content=\"Est. tempo de leitura\" \/>\n\t<meta name=\"twitter:data2\" content=\"1 minuto\" \/>\n<script type=\"application\/ld+json\" class=\"yoast-schema-graph\">{\"@context\":\"https:\/\/schema.org\",\"@graph\":[{\"@type\":\"Article\",\"@id\":\"https:\/\/jornalfatosenoticias.com.br\/index.php\/2020\/10\/08\/cao-cadeirante-vira-personagem-de-livro-infantil\/#article\",\"isPartOf\":{\"@id\":\"https:\/\/jornalfatosenoticias.com.br\/index.php\/2020\/10\/08\/cao-cadeirante-vira-personagem-de-livro-infantil\/\"},\"author\":{\"name\":\"Luzimara Fernandes\",\"@id\":\"https:\/\/jornalfatosenoticias.com.br\/#\/schema\/person\/d63837fa13ac8666eb9e74e0985d6f81\"},\"headline\":\"C\u00e3o &#8216;cadeirante&#8217; vira personagem de livro infantil\",\"datePublished\":\"2020-10-08T22:16:29+00:00\",\"dateModified\":\"2020-10-08T22:16:40+00:00\",\"mainEntityOfPage\":{\"@id\":\"https:\/\/jornalfatosenoticias.com.br\/index.php\/2020\/10\/08\/cao-cadeirante-vira-personagem-de-livro-infantil\/\"},\"wordCount\":291,\"commentCount\":0,\"publisher\":{\"@id\":\"https:\/\/jornalfatosenoticias.com.br\/#organization\"},\"image\":{\"@id\":\"https:\/\/jornalfatosenoticias.com.br\/index.php\/2020\/10\/08\/cao-cadeirante-vira-personagem-de-livro-infantil\/#primaryimage\"},\"thumbnailUrl\":\"https:\/\/jornalfatosenoticias.com.br\/wp-content\/uploads\/2020\/10\/ARGOS_O-CAO-CADEIRANTE.jpg\",\"keywords\":[\"c\u00e3o Argos\",\"c\u00e3ozinho cadeirante\",\"livro\",\"supera\u00e7\u00e3o\"],\"articleSection\":[\"Cultura\"],\"inLanguage\":\"pt-BR\",\"potentialAction\":[{\"@type\":\"CommentAction\",\"name\":\"Comment\",\"target\":[\"https:\/\/jornalfatosenoticias.com.br\/index.php\/2020\/10\/08\/cao-cadeirante-vira-personagem-de-livro-infantil\/#respond\"]}]},{\"@type\":\"WebPage\",\"@id\":\"https:\/\/jornalfatosenoticias.com.br\/index.php\/2020\/10\/08\/cao-cadeirante-vira-personagem-de-livro-infantil\/\",\"url\":\"https:\/\/jornalfatosenoticias.com.br\/index.php\/2020\/10\/08\/cao-cadeirante-vira-personagem-de-livro-infantil\/\",\"name\":\"C\u00e3o 'cadeirante' vira personagem de livro infantil - Jornal Fatos e Not\u00edcias\",\"isPartOf\":{\"@id\":\"https:\/\/jornalfatosenoticias.com.br\/#website\"},\"primaryImageOfPage\":{\"@id\":\"https:\/\/jornalfatosenoticias.com.br\/index.php\/2020\/10\/08\/cao-cadeirante-vira-personagem-de-livro-infantil\/#primaryimage\"},\"image\":{\"@id\":\"https:\/\/jornalfatosenoticias.com.br\/index.php\/2020\/10\/08\/cao-cadeirante-vira-personagem-de-livro-infantil\/#primaryimage\"},\"thumbnailUrl\":\"https:\/\/jornalfatosenoticias.com.br\/wp-content\/uploads\/2020\/10\/ARGOS_O-CAO-CADEIRANTE.jpg\",\"datePublished\":\"2020-10-08T22:16:29+00:00\",\"dateModified\":\"2020-10-08T22:16:40+00:00\",\"breadcrumb\":{\"@id\":\"https:\/\/jornalfatosenoticias.com.br\/index.php\/2020\/10\/08\/cao-cadeirante-vira-personagem-de-livro-infantil\/#breadcrumb\"},\"inLanguage\":\"pt-BR\",\"potentialAction\":[{\"@type\":\"ReadAction\",\"target\":[\"https:\/\/jornalfatosenoticias.com.br\/index.php\/2020\/10\/08\/cao-cadeirante-vira-personagem-de-livro-infantil\/\"]}]},{\"@type\":\"ImageObject\",\"inLanguage\":\"pt-BR\",\"@id\":\"https:\/\/jornalfatosenoticias.com.br\/index.php\/2020\/10\/08\/cao-cadeirante-vira-personagem-de-livro-infantil\/#primaryimage\",\"url\":\"https:\/\/jornalfatosenoticias.com.br\/wp-content\/uploads\/2020\/10\/ARGOS_O-CAO-CADEIRANTE.jpg\",\"contentUrl\":\"https:\/\/jornalfatosenoticias.com.br\/wp-content\/uploads\/2020\/10\/ARGOS_O-CAO-CADEIRANTE.jpg\",\"width\":1000,\"height\":631},{\"@type\":\"BreadcrumbList\",\"@id\":\"https:\/\/jornalfatosenoticias.com.br\/index.php\/2020\/10\/08\/cao-cadeirante-vira-personagem-de-livro-infantil\/#breadcrumb\",\"itemListElement\":[{\"@type\":\"ListItem\",\"position\":1,\"name\":\"In\u00edcio\",\"item\":\"https:\/\/jornalfatosenoticias.com.br\/\"},{\"@type\":\"ListItem\",\"position\":2,\"name\":\"C\u00e3o &#8216;cadeirante&#8217; vira personagem de livro infantil\"}]},{\"@type\":\"WebSite\",\"@id\":\"https:\/\/jornalfatosenoticias.com.br\/#website\",\"url\":\"https:\/\/jornalfatosenoticias.com.br\/\",\"name\":\"Jornal Fatos e Not\u00edcias\",\"description\":\"Not\u00edcias em geral\",\"publisher\":{\"@id\":\"https:\/\/jornalfatosenoticias.com.br\/#organization\"},\"potentialAction\":[{\"@type\":\"SearchAction\",\"target\":{\"@type\":\"EntryPoint\",\"urlTemplate\":\"https:\/\/jornalfatosenoticias.com.br\/?s={search_term_string}\"},\"query-input\":{\"@type\":\"PropertyValueSpecification\",\"valueRequired\":true,\"valueName\":\"search_term_string\"}}],\"inLanguage\":\"pt-BR\"},{\"@type\":\"Organization\",\"@id\":\"https:\/\/jornalfatosenoticias.com.br\/#organization\",\"name\":\"Jornal Fatos e Not\u00edcias\",\"url\":\"https:\/\/jornalfatosenoticias.com.br\/\",\"logo\":{\"@type\":\"ImageObject\",\"inLanguage\":\"pt-BR\",\"@id\":\"https:\/\/jornalfatosenoticias.com.br\/#\/schema\/logo\/image\/\",\"url\":\"https:\/\/jornalfatosenoticias.com.br\/wp-content\/uploads\/2020\/02\/logo120.png\",\"contentUrl\":\"https:\/\/jornalfatosenoticias.com.br\/wp-content\/uploads\/2020\/02\/logo120.png\",\"width\":1227,\"height\":120,\"caption\":\"Jornal Fatos e Not\u00edcias\"},\"image\":{\"@id\":\"https:\/\/jornalfatosenoticias.com.br\/#\/schema\/logo\/image\/\"}},{\"@type\":\"Person\",\"@id\":\"https:\/\/jornalfatosenoticias.com.br\/#\/schema\/person\/d63837fa13ac8666eb9e74e0985d6f81\",\"name\":\"Luzimara Fernandes\",\"image\":{\"@type\":\"ImageObject\",\"inLanguage\":\"pt-BR\",\"@id\":\"https:\/\/jornalfatosenoticias.com.br\/#\/schema\/person\/image\/\",\"url\":\"https:\/\/jornalfatosenoticias.com.br\/wp-content\/uploads\/2025\/05\/EU_portal.jpg\",\"contentUrl\":\"https:\/\/jornalfatosenoticias.com.br\/wp-content\/uploads\/2025\/05\/EU_portal.jpg\",\"caption\":\"Luzimara Fernandes\"},\"description\":\"Jornalista MTB 2358-ES\",\"sameAs\":[\"https:\/\/jornalfatosenoticias.com.br\"],\"url\":\"https:\/\/jornalfatosenoticias.com.br\/index.php\/author\/luzimara\/\"}]}<\/script>\n<!-- \/ Yoast SEO plugin. -->","yoast_head_json":{"title":"C\u00e3o 'cadeirante' vira personagem de livro infantil - Jornal Fatos e Not\u00edcias","robots":{"index":"index","follow":"follow","max-snippet":"max-snippet:-1","max-image-preview":"max-image-preview:large","max-video-preview":"max-video-preview:-1"},"canonical":"https:\/\/jornalfatosenoticias.com.br\/index.php\/2020\/10\/08\/cao-cadeirante-vira-personagem-de-livro-infantil\/","og_locale":"pt_BR","og_type":"article","og_title":"C\u00e3o 'cadeirante' vira personagem de livro infantil - Jornal Fatos e Not\u00edcias","og_description":"Supera\u00e7\u00e3o de animal atropelado em 2018 serviu de inspira\u00e7\u00e3o para a obra &#8216;Argos, o c\u00e3o de Rodinhas&#8217;, que ser\u00e1 lan\u00e7ada em novembro Ap\u00f3s o c\u00e3o Argos, tr\u00eas anos, ter sido atropelado em 2018, sua tutora, Larissa Onuki, viu sua vida mudar completamente, tendo que se adaptar a uma nova rotina, j\u00e1 que o Border Collie [&hellip;]","og_url":"https:\/\/jornalfatosenoticias.com.br\/index.php\/2020\/10\/08\/cao-cadeirante-vira-personagem-de-livro-infantil\/","og_site_name":"Jornal Fatos e Not\u00edcias","article_published_time":"2020-10-08T22:16:29+00:00","article_modified_time":"2020-10-08T22:16:40+00:00","og_image":[{"width":1000,"height":631,"url":"https:\/\/jornalfatosenoticias.com.br\/wp-content\/uploads\/2020\/10\/ARGOS_O-CAO-CADEIRANTE.jpg","type":"image\/jpeg"}],"author":"Luzimara Fernandes","twitter_card":"summary_large_image","twitter_misc":{"Escrito por":"Luzimara Fernandes","Est. tempo de leitura":"1 minuto"},"schema":{"@context":"https:\/\/schema.org","@graph":[{"@type":"Article","@id":"https:\/\/jornalfatosenoticias.com.br\/index.php\/2020\/10\/08\/cao-cadeirante-vira-personagem-de-livro-infantil\/#article","isPartOf":{"@id":"https:\/\/jornalfatosenoticias.com.br\/index.php\/2020\/10\/08\/cao-cadeirante-vira-personagem-de-livro-infantil\/"},"author":{"name":"Luzimara Fernandes","@id":"https:\/\/jornalfatosenoticias.com.br\/#\/schema\/person\/d63837fa13ac8666eb9e74e0985d6f81"},"headline":"C\u00e3o &#8216;cadeirante&#8217; vira personagem de livro infantil","datePublished":"2020-10-08T22:16:29+00:00","dateModified":"2020-10-08T22:16:40+00:00","mainEntityOfPage":{"@id":"https:\/\/jornalfatosenoticias.com.br\/index.php\/2020\/10\/08\/cao-cadeirante-vira-personagem-de-livro-infantil\/"},"wordCount":291,"commentCount":0,"publisher":{"@id":"https:\/\/jornalfatosenoticias.com.br\/#organization"},"image":{"@id":"https:\/\/jornalfatosenoticias.com.br\/index.php\/2020\/10\/08\/cao-cadeirante-vira-personagem-de-livro-infantil\/#primaryimage"},"thumbnailUrl":"https:\/\/jornalfatosenoticias.com.br\/wp-content\/uploads\/2020\/10\/ARGOS_O-CAO-CADEIRANTE.jpg","keywords":["c\u00e3o Argos","c\u00e3ozinho cadeirante","livro","supera\u00e7\u00e3o"],"articleSection":["Cultura"],"inLanguage":"pt-BR","potentialAction":[{"@type":"CommentAction","name":"Comment","target":["https:\/\/jornalfatosenoticias.com.br\/index.php\/2020\/10\/08\/cao-cadeirante-vira-personagem-de-livro-infantil\/#respond"]}]},{"@type":"WebPage","@id":"https:\/\/jornalfatosenoticias.com.br\/index.php\/2020\/10\/08\/cao-cadeirante-vira-personagem-de-livro-infantil\/","url":"https:\/\/jornalfatosenoticias.com.br\/index.php\/2020\/10\/08\/cao-cadeirante-vira-personagem-de-livro-infantil\/","name":"C\u00e3o 'cadeirante' vira personagem de livro infantil - Jornal Fatos e Not\u00edcias","isPartOf":{"@id":"https:\/\/jornalfatosenoticias.com.br\/#website"},"primaryImageOfPage":{"@id":"https:\/\/jornalfatosenoticias.com.br\/index.php\/2020\/10\/08\/cao-cadeirante-vira-personagem-de-livro-infantil\/#primaryimage"},"image":{"@id":"https:\/\/jornalfatosenoticias.com.br\/index.php\/2020\/10\/08\/cao-cadeirante-vira-personagem-de-livro-infantil\/#primaryimage"},"thumbnailUrl":"https:\/\/jornalfatosenoticias.com.br\/wp-content\/uploads\/2020\/10\/ARGOS_O-CAO-CADEIRANTE.jpg","datePublished":"2020-10-08T22:16:29+00:00","dateModified":"2020-10-08T22:16:40+00:00","breadcrumb":{"@id":"https:\/\/jornalfatosenoticias.com.br\/index.php\/2020\/10\/08\/cao-cadeirante-vira-personagem-de-livro-infantil\/#breadcrumb"},"inLanguage":"pt-BR","potentialAction":[{"@type":"ReadAction","target":["https:\/\/jornalfatosenoticias.com.br\/index.php\/2020\/10\/08\/cao-cadeirante-vira-personagem-de-livro-infantil\/"]}]},{"@type":"ImageObject","inLanguage":"pt-BR","@id":"https:\/\/jornalfatosenoticias.com.br\/index.php\/2020\/10\/08\/cao-cadeirante-vira-personagem-de-livro-infantil\/#primaryimage","url":"https:\/\/jornalfatosenoticias.com.br\/wp-content\/uploads\/2020\/10\/ARGOS_O-CAO-CADEIRANTE.jpg","contentUrl":"https:\/\/jornalfatosenoticias.com.br\/wp-content\/uploads\/2020\/10\/ARGOS_O-CAO-CADEIRANTE.jpg","width":1000,"height":631},{"@type":"BreadcrumbList","@id":"https:\/\/jornalfatosenoticias.com.br\/index.php\/2020\/10\/08\/cao-cadeirante-vira-personagem-de-livro-infantil\/#breadcrumb","itemListElement":[{"@type":"ListItem","position":1,"name":"In\u00edcio","item":"https:\/\/jornalfatosenoticias.com.br\/"},{"@type":"ListItem","position":2,"name":"C\u00e3o &#8216;cadeirante&#8217; vira personagem de livro infantil"}]},{"@type":"WebSite","@id":"https:\/\/jornalfatosenoticias.com.br\/#website","url":"https:\/\/jornalfatosenoticias.com.br\/","name":"Jornal Fatos e Not\u00edcias","description":"Not\u00edcias em geral","publisher":{"@id":"https:\/\/jornalfatosenoticias.com.br\/#organization"},"potentialAction":[{"@type":"SearchAction","target":{"@type":"EntryPoint","urlTemplate":"https:\/\/jornalfatosenoticias.com.br\/?s={search_term_string}"},"query-input":{"@type":"PropertyValueSpecification","valueRequired":true,"valueName":"search_term_string"}}],"inLanguage":"pt-BR"},{"@type":"Organization","@id":"https:\/\/jornalfatosenoticias.com.br\/#organization","name":"Jornal Fatos e Not\u00edcias","url":"https:\/\/jornalfatosenoticias.com.br\/","logo":{"@type":"ImageObject","inLanguage":"pt-BR","@id":"https:\/\/jornalfatosenoticias.com.br\/#\/schema\/logo\/image\/","url":"https:\/\/jornalfatosenoticias.com.br\/wp-content\/uploads\/2020\/02\/logo120.png","contentUrl":"https:\/\/jornalfatosenoticias.com.br\/wp-content\/uploads\/2020\/02\/logo120.png","width":1227,"height":120,"caption":"Jornal Fatos e Not\u00edcias"},"image":{"@id":"https:\/\/jornalfatosenoticias.com.br\/#\/schema\/logo\/image\/"}},{"@type":"Person","@id":"https:\/\/jornalfatosenoticias.com.br\/#\/schema\/person\/d63837fa13ac8666eb9e74e0985d6f81","name":"Luzimara Fernandes","image":{"@type":"ImageObject","inLanguage":"pt-BR","@id":"https:\/\/jornalfatosenoticias.com.br\/#\/schema\/person\/image\/","url":"https:\/\/jornalfatosenoticias.com.br\/wp-content\/uploads\/2025\/05\/EU_portal.jpg","contentUrl":"https:\/\/jornalfatosenoticias.com.br\/wp-content\/uploads\/2025\/05\/EU_portal.jpg","caption":"Luzimara Fernandes"},"description":"Jornalista MTB 2358-ES","sameAs":["https:\/\/jornalfatosenoticias.com.br"],"url":"https:\/\/jornalfatosenoticias.com.br\/index.php\/author\/luzimara\/"}]}},"cc_featured_image_caption":{"caption_text":"(Foto: Larissa Onuki) ","source_text":"","source_url":""},"jetpack_featured_media_url":"https:\/\/jornalfatosenoticias.com.br\/wp-content\/uploads\/2020\/10\/ARGOS_O-CAO-CADEIRANTE.jpg","_links":{"self":[{"href":"https:\/\/jornalfatosenoticias.com.br\/index.php\/wp-json\/wp\/v2\/posts\/9752","targetHints":{"allow":["GET"]}}],"collection":[{"href":"https:\/\/jornalfatosenoticias.com.br\/index.php\/wp-json\/wp\/v2\/posts"}],"about":[{"href":"https:\/\/jornalfatosenoticias.com.br\/index.php\/wp-json\/wp\/v2\/types\/post"}],"author":[{"embeddable":true,"href":"https:\/\/jornalfatosenoticias.com.br\/index.php\/wp-json\/wp\/v2\/users\/2"}],"replies":[{"embeddable":true,"href":"https:\/\/jornalfatosenoticias.com.br\/index.php\/wp-json\/wp\/v2\/comments?post=9752"}],"version-history":[{"count":0,"href":"https:\/\/jornalfatosenoticias.com.br\/index.php\/wp-json\/wp\/v2\/posts\/9752\/revisions"}],"wp:featuredmedia":[{"embeddable":true,"href":"https:\/\/jornalfatosenoticias.com.br\/index.php\/wp-json\/wp\/v2\/media\/9753"}],"wp:attachment":[{"href":"https:\/\/jornalfatosenoticias.com.br\/index.php\/wp-json\/wp\/v2\/media?parent=9752"}],"wp:term":[{"taxonomy":"category","embeddable":true,"href":"https:\/\/jornalfatosenoticias.com.br\/index.php\/wp-json\/wp\/v2\/categories?post=9752"},{"taxonomy":"post_tag","embeddable":true,"href":"https:\/\/jornalfatosenoticias.com.br\/index.php\/wp-json\/wp\/v2\/tags?post=9752"}],"curies":[{"name":"wp","href":"https:\/\/api.w.org\/{rel}","templated":true}]}}