{"id":9810,"date":"2020-10-09T10:01:55","date_gmt":"2020-10-09T13:01:55","guid":{"rendered":"https:\/\/jornalfatosenoticias.com.br\/?p=9810"},"modified":"2020-10-09T10:03:27","modified_gmt":"2020-10-09T13:03:27","slug":"empresa-apresentara-prototipo-de-aviao-supersonico","status":"publish","type":"post","link":"https:\/\/jornalfatosenoticias.com.br\/index.php\/2020\/10\/09\/empresa-apresentara-prototipo-de-aviao-supersonico\/","title":{"rendered":"Empresa apresenta prot\u00f3tipo de avi\u00e3o supers\u00f4nico"},"content":{"rendered":"\n<h6 class=\"wp-block-heading\"><em>Boom XB-1 servir\u00e1 como plataforma de teste para o Overture, que deve entrar em opera\u00e7\u00e3o at\u00e9 o final desta d\u00e9cada<\/em><\/h6>\n\n\n\n<p>A companhia aeron\u00e1utica Boom Supersonic apresentou nesta quinta-feira (8) em Centennial, no estado norte-americano do Colorado, o Boom XB-1. Trata-se do primeiro prot\u00f3tipo em escala reduzida do Overture, avi\u00e3o supers\u00f4nico para o transporte de passageiros que a empresa espera colocar em opera\u00e7\u00e3o at\u00e9 o &#8220;final da d\u00e9cada&#8221;.<br>O prot\u00f3tipo tem um ter\u00e7o do tamanho do modelo final, cockpit com capacidade para um piloto e um copiloto e \u00e9 baseado em uma turbina a jato J85-15 desenvolvida pela Rolls-Royce. O modelo final ter\u00e1 capacidade para at\u00e9 75 passageiros, viajando a 2,2 vezes a velocidade do som.<br>O objetivo da empresa \u00e9 usar o XB-1 como uma plataforma de baixo custo para &#8220;aprender as li\u00e7\u00f5es do voo supers\u00f4nico&#8221; e incorporar este conhecimento no design final do Overture, j\u00e1 que h\u00e1 um limite no que pode ser testado no solo ou em um t\u00fanel de vento.<br>Apesar da apresenta\u00e7\u00e3o nesta quinta-feira, o XB-1 s\u00f3 come\u00e7ar\u00e1 a voar no terceiro trimestre de 2021, ap\u00f3s um rigoroso programa de testes em solo. &#8220;Estaremos em velocidade supers\u00f4nica no final do ano que vem&#8221;, diz Blake Scholl, fundador e CEO da Boom Supersonic.<\/p>\n\n\n\n<figure class=\"wp-block-image size-large\"><img loading=\"lazy\" decoding=\"async\" width=\"1000\" height=\"635\" src=\"https:\/\/jornalfatosenoticias.com.br\/wp-content\/uploads\/2020\/10\/Boom-Supersonic2.jpg\" alt=\"\" class=\"wp-image-9811\" srcset=\"https:\/\/jornalfatosenoticias.com.br\/wp-content\/uploads\/2020\/10\/Boom-Supersonic2.jpg 1000w, https:\/\/jornalfatosenoticias.com.br\/wp-content\/uploads\/2020\/10\/Boom-Supersonic2-300x191.jpg 300w, https:\/\/jornalfatosenoticias.com.br\/wp-content\/uploads\/2020\/10\/Boom-Supersonic2-768x488.jpg 768w\" sizes=\"auto, (max-width: 1000px) 100vw, 1000px\" \/><figcaption><em>Boom XB-1 em constru\u00e7\u00e3o na f\u00e1brica da Boom Supersonic nos EUA (Foto: \u00a9Boom Supersonic)<\/em><\/figcaption><\/figure>\n\n\n\n<p>A empresa compara o XB-1 ao Falcon 1, primeiro foguete projetado pela SpaceX, que foi criado para testar o design e conceitos que levaram ao bem-sucedido Falcon 9, que j\u00e1 levou astronautas ao espa\u00e7o, e ao Falcon Heavy.<br>Segundo Scholl, fundador e CEO da empresa, seu objetivo \u00e9 &#8220;tornar o voo supers\u00f4nico dispon\u00edvel para qualquer pessoa que precise voar&#8221;. Um voo de T\u00f3quio a Seattle no Overture levaria 4h30, em vez das 8h30 atuais. J\u00e1 o trajeto de Los Angeles a Sidney seria feito em 8h30, em vez de 14h30 hoje em dia.<br>A empresa afirma j\u00e1 ter arrecadado o equivalente a US$ 6 bilh\u00f5es de d\u00f3lares em pr\u00e9-vendas do Overture, tendo companhias a\u00e9reas como a Virgin e a Japan Airlines como clientes e 30 unidades encomendadas no total.<\/p>\n\n\n\n<p><strong><em>Fonte: <a href=\"https:\/\/olhardigital.com.br\/noticia\/empresa-apresenta-prototipo-de-aviao-supersonico-de-passageiros\/108334\">Olhar Digital<\/a><\/em><\/strong><\/p>\n","protected":false},"excerpt":{"rendered":"<p>Boom XB-1 servir\u00e1 como plataforma de teste para o Overture, que deve entrar em opera\u00e7\u00e3o at\u00e9 o final desta d\u00e9cada A companhia aeron\u00e1utica Boom Supersonic apresentou nesta quinta-feira (8) em Centennial, no estado norte-americano do Colorado, o Boom XB-1. Trata-se do primeiro prot\u00f3tipo em escala reduzida do Overture, avi\u00e3o supers\u00f4nico para o transporte de passageiros [&hellip;]<\/p>\n","protected":false},"author":2,"featured_media":9812,"comment_status":"open","ping_status":"open","sticky":false,"template":"","format":"standard","meta":{"footnotes":""},"categories":[3],"tags":[3048,2752,5321,4199],"class_list":["post-9810","post","type-post","status-publish","format-standard","has-post-thumbnail","hentry","category-tecnologia","tag-aviacao","tag-aviao","tag-boom-supersonic","tag-supersonico"],"yoast_head":"<!-- This site is optimized with the Yoast SEO plugin v26.5 - https:\/\/yoast.com\/wordpress\/plugins\/seo\/ -->\n<title>Empresa apresenta prot\u00f3tipo de avi\u00e3o supers\u00f4nico - Jornal Fatos e Not\u00edcias<\/title>\n<meta name=\"robots\" content=\"index, follow, max-snippet:-1, max-image-preview:large, max-video-preview:-1\" \/>\n<link rel=\"canonical\" href=\"https:\/\/jornalfatosenoticias.com.br\/index.php\/2020\/10\/09\/empresa-apresentara-prototipo-de-aviao-supersonico\/\" \/>\n<meta property=\"og:locale\" content=\"pt_BR\" \/>\n<meta property=\"og:type\" content=\"article\" \/>\n<meta property=\"og:title\" content=\"Empresa apresenta prot\u00f3tipo de avi\u00e3o supers\u00f4nico - Jornal Fatos e Not\u00edcias\" \/>\n<meta property=\"og:description\" content=\"Boom XB-1 servir\u00e1 como plataforma de teste para o Overture, que deve entrar em opera\u00e7\u00e3o at\u00e9 o final desta d\u00e9cada A companhia aeron\u00e1utica Boom Supersonic apresentou nesta quinta-feira (8) em Centennial, no estado norte-americano do Colorado, o Boom XB-1. Trata-se do primeiro prot\u00f3tipo em escala reduzida do Overture, avi\u00e3o supers\u00f4nico para o transporte de passageiros [&hellip;]\" \/>\n<meta property=\"og:url\" content=\"https:\/\/jornalfatosenoticias.com.br\/index.php\/2020\/10\/09\/empresa-apresentara-prototipo-de-aviao-supersonico\/\" \/>\n<meta property=\"og:site_name\" content=\"Jornal Fatos e Not\u00edcias\" \/>\n<meta property=\"article:published_time\" content=\"2020-10-09T13:01:55+00:00\" \/>\n<meta property=\"article:modified_time\" content=\"2020-10-09T13:03:27+00:00\" \/>\n<meta property=\"og:image\" content=\"https:\/\/jornalfatosenoticias.com.br\/wp-content\/uploads\/2020\/10\/Boom-Supersonic.jpg\" \/>\n\t<meta property=\"og:image:width\" content=\"1000\" \/>\n\t<meta property=\"og:image:height\" content=\"562\" \/>\n\t<meta property=\"og:image:type\" content=\"image\/jpeg\" \/>\n<meta name=\"author\" content=\"Luzimara Fernandes\" \/>\n<meta name=\"twitter:card\" content=\"summary_large_image\" \/>\n<meta name=\"twitter:label1\" content=\"Escrito por\" \/>\n\t<meta name=\"twitter:data1\" content=\"Luzimara Fernandes\" \/>\n\t<meta name=\"twitter:label2\" content=\"Est. tempo de leitura\" \/>\n\t<meta name=\"twitter:data2\" content=\"2 minutos\" \/>\n<script type=\"application\/ld+json\" class=\"yoast-schema-graph\">{\"@context\":\"https:\/\/schema.org\",\"@graph\":[{\"@type\":\"Article\",\"@id\":\"https:\/\/jornalfatosenoticias.com.br\/index.php\/2020\/10\/09\/empresa-apresentara-prototipo-de-aviao-supersonico\/#article\",\"isPartOf\":{\"@id\":\"https:\/\/jornalfatosenoticias.com.br\/index.php\/2020\/10\/09\/empresa-apresentara-prototipo-de-aviao-supersonico\/\"},\"author\":{\"name\":\"Luzimara Fernandes\",\"@id\":\"https:\/\/jornalfatosenoticias.com.br\/#\/schema\/person\/d63837fa13ac8666eb9e74e0985d6f81\"},\"headline\":\"Empresa apresenta prot\u00f3tipo de avi\u00e3o supers\u00f4nico\",\"datePublished\":\"2020-10-09T13:01:55+00:00\",\"dateModified\":\"2020-10-09T13:03:27+00:00\",\"mainEntityOfPage\":{\"@id\":\"https:\/\/jornalfatosenoticias.com.br\/index.php\/2020\/10\/09\/empresa-apresentara-prototipo-de-aviao-supersonico\/\"},\"wordCount\":378,\"commentCount\":0,\"publisher\":{\"@id\":\"https:\/\/jornalfatosenoticias.com.br\/#organization\"},\"image\":{\"@id\":\"https:\/\/jornalfatosenoticias.com.br\/index.php\/2020\/10\/09\/empresa-apresentara-prototipo-de-aviao-supersonico\/#primaryimage\"},\"thumbnailUrl\":\"https:\/\/jornalfatosenoticias.com.br\/wp-content\/uploads\/2020\/10\/Boom-Supersonic.jpg\",\"keywords\":[\"avia\u00e7\u00e3o\",\"avi\u00e3o\",\"Boom Supersonic\",\"supers\u00f4nico\"],\"articleSection\":[\"Tecnologia &amp; Inova\u00e7\u00e3o\"],\"inLanguage\":\"pt-BR\",\"potentialAction\":[{\"@type\":\"CommentAction\",\"name\":\"Comment\",\"target\":[\"https:\/\/jornalfatosenoticias.com.br\/index.php\/2020\/10\/09\/empresa-apresentara-prototipo-de-aviao-supersonico\/#respond\"]}]},{\"@type\":\"WebPage\",\"@id\":\"https:\/\/jornalfatosenoticias.com.br\/index.php\/2020\/10\/09\/empresa-apresentara-prototipo-de-aviao-supersonico\/\",\"url\":\"https:\/\/jornalfatosenoticias.com.br\/index.php\/2020\/10\/09\/empresa-apresentara-prototipo-de-aviao-supersonico\/\",\"name\":\"Empresa apresenta prot\u00f3tipo de avi\u00e3o supers\u00f4nico - Jornal Fatos e Not\u00edcias\",\"isPartOf\":{\"@id\":\"https:\/\/jornalfatosenoticias.com.br\/#website\"},\"primaryImageOfPage\":{\"@id\":\"https:\/\/jornalfatosenoticias.com.br\/index.php\/2020\/10\/09\/empresa-apresentara-prototipo-de-aviao-supersonico\/#primaryimage\"},\"image\":{\"@id\":\"https:\/\/jornalfatosenoticias.com.br\/index.php\/2020\/10\/09\/empresa-apresentara-prototipo-de-aviao-supersonico\/#primaryimage\"},\"thumbnailUrl\":\"https:\/\/jornalfatosenoticias.com.br\/wp-content\/uploads\/2020\/10\/Boom-Supersonic.jpg\",\"datePublished\":\"2020-10-09T13:01:55+00:00\",\"dateModified\":\"2020-10-09T13:03:27+00:00\",\"breadcrumb\":{\"@id\":\"https:\/\/jornalfatosenoticias.com.br\/index.php\/2020\/10\/09\/empresa-apresentara-prototipo-de-aviao-supersonico\/#breadcrumb\"},\"inLanguage\":\"pt-BR\",\"potentialAction\":[{\"@type\":\"ReadAction\",\"target\":[\"https:\/\/jornalfatosenoticias.com.br\/index.php\/2020\/10\/09\/empresa-apresentara-prototipo-de-aviao-supersonico\/\"]}]},{\"@type\":\"ImageObject\",\"inLanguage\":\"pt-BR\",\"@id\":\"https:\/\/jornalfatosenoticias.com.br\/index.php\/2020\/10\/09\/empresa-apresentara-prototipo-de-aviao-supersonico\/#primaryimage\",\"url\":\"https:\/\/jornalfatosenoticias.com.br\/wp-content\/uploads\/2020\/10\/Boom-Supersonic.jpg\",\"contentUrl\":\"https:\/\/jornalfatosenoticias.com.br\/wp-content\/uploads\/2020\/10\/Boom-Supersonic.jpg\",\"width\":1000,\"height\":562},{\"@type\":\"BreadcrumbList\",\"@id\":\"https:\/\/jornalfatosenoticias.com.br\/index.php\/2020\/10\/09\/empresa-apresentara-prototipo-de-aviao-supersonico\/#breadcrumb\",\"itemListElement\":[{\"@type\":\"ListItem\",\"position\":1,\"name\":\"In\u00edcio\",\"item\":\"https:\/\/jornalfatosenoticias.com.br\/\"},{\"@type\":\"ListItem\",\"position\":2,\"name\":\"Empresa apresenta prot\u00f3tipo de avi\u00e3o supers\u00f4nico\"}]},{\"@type\":\"WebSite\",\"@id\":\"https:\/\/jornalfatosenoticias.com.br\/#website\",\"url\":\"https:\/\/jornalfatosenoticias.com.br\/\",\"name\":\"Jornal Fatos e Not\u00edcias\",\"description\":\"Not\u00edcias em geral\",\"publisher\":{\"@id\":\"https:\/\/jornalfatosenoticias.com.br\/#organization\"},\"potentialAction\":[{\"@type\":\"SearchAction\",\"target\":{\"@type\":\"EntryPoint\",\"urlTemplate\":\"https:\/\/jornalfatosenoticias.com.br\/?s={search_term_string}\"},\"query-input\":{\"@type\":\"PropertyValueSpecification\",\"valueRequired\":true,\"valueName\":\"search_term_string\"}}],\"inLanguage\":\"pt-BR\"},{\"@type\":\"Organization\",\"@id\":\"https:\/\/jornalfatosenoticias.com.br\/#organization\",\"name\":\"Jornal Fatos e Not\u00edcias\",\"url\":\"https:\/\/jornalfatosenoticias.com.br\/\",\"logo\":{\"@type\":\"ImageObject\",\"inLanguage\":\"pt-BR\",\"@id\":\"https:\/\/jornalfatosenoticias.com.br\/#\/schema\/logo\/image\/\",\"url\":\"https:\/\/jornalfatosenoticias.com.br\/wp-content\/uploads\/2020\/02\/logo120.png\",\"contentUrl\":\"https:\/\/jornalfatosenoticias.com.br\/wp-content\/uploads\/2020\/02\/logo120.png\",\"width\":1227,\"height\":120,\"caption\":\"Jornal Fatos e Not\u00edcias\"},\"image\":{\"@id\":\"https:\/\/jornalfatosenoticias.com.br\/#\/schema\/logo\/image\/\"}},{\"@type\":\"Person\",\"@id\":\"https:\/\/jornalfatosenoticias.com.br\/#\/schema\/person\/d63837fa13ac8666eb9e74e0985d6f81\",\"name\":\"Luzimara Fernandes\",\"image\":{\"@type\":\"ImageObject\",\"inLanguage\":\"pt-BR\",\"@id\":\"https:\/\/jornalfatosenoticias.com.br\/#\/schema\/person\/image\/\",\"url\":\"https:\/\/jornalfatosenoticias.com.br\/wp-content\/uploads\/2025\/05\/EU_portal.jpg\",\"contentUrl\":\"https:\/\/jornalfatosenoticias.com.br\/wp-content\/uploads\/2025\/05\/EU_portal.jpg\",\"caption\":\"Luzimara Fernandes\"},\"description\":\"Jornalista MTB 2358-ES\",\"sameAs\":[\"https:\/\/jornalfatosenoticias.com.br\"],\"url\":\"https:\/\/jornalfatosenoticias.com.br\/index.php\/author\/luzimara\/\"}]}<\/script>\n<!-- \/ Yoast SEO plugin. -->","yoast_head_json":{"title":"Empresa apresenta prot\u00f3tipo de avi\u00e3o supers\u00f4nico - Jornal Fatos e Not\u00edcias","robots":{"index":"index","follow":"follow","max-snippet":"max-snippet:-1","max-image-preview":"max-image-preview:large","max-video-preview":"max-video-preview:-1"},"canonical":"https:\/\/jornalfatosenoticias.com.br\/index.php\/2020\/10\/09\/empresa-apresentara-prototipo-de-aviao-supersonico\/","og_locale":"pt_BR","og_type":"article","og_title":"Empresa apresenta prot\u00f3tipo de avi\u00e3o supers\u00f4nico - Jornal Fatos e Not\u00edcias","og_description":"Boom XB-1 servir\u00e1 como plataforma de teste para o Overture, que deve entrar em opera\u00e7\u00e3o at\u00e9 o final desta d\u00e9cada A companhia aeron\u00e1utica Boom Supersonic apresentou nesta quinta-feira (8) em Centennial, no estado norte-americano do Colorado, o Boom XB-1. Trata-se do primeiro prot\u00f3tipo em escala reduzida do Overture, avi\u00e3o supers\u00f4nico para o transporte de passageiros [&hellip;]","og_url":"https:\/\/jornalfatosenoticias.com.br\/index.php\/2020\/10\/09\/empresa-apresentara-prototipo-de-aviao-supersonico\/","og_site_name":"Jornal Fatos e Not\u00edcias","article_published_time":"2020-10-09T13:01:55+00:00","article_modified_time":"2020-10-09T13:03:27+00:00","og_image":[{"width":1000,"height":562,"url":"https:\/\/jornalfatosenoticias.com.br\/wp-content\/uploads\/2020\/10\/Boom-Supersonic.jpg","type":"image\/jpeg"}],"author":"Luzimara Fernandes","twitter_card":"summary_large_image","twitter_misc":{"Escrito por":"Luzimara Fernandes","Est. tempo de leitura":"2 minutos"},"schema":{"@context":"https:\/\/schema.org","@graph":[{"@type":"Article","@id":"https:\/\/jornalfatosenoticias.com.br\/index.php\/2020\/10\/09\/empresa-apresentara-prototipo-de-aviao-supersonico\/#article","isPartOf":{"@id":"https:\/\/jornalfatosenoticias.com.br\/index.php\/2020\/10\/09\/empresa-apresentara-prototipo-de-aviao-supersonico\/"},"author":{"name":"Luzimara Fernandes","@id":"https:\/\/jornalfatosenoticias.com.br\/#\/schema\/person\/d63837fa13ac8666eb9e74e0985d6f81"},"headline":"Empresa apresenta prot\u00f3tipo de avi\u00e3o supers\u00f4nico","datePublished":"2020-10-09T13:01:55+00:00","dateModified":"2020-10-09T13:03:27+00:00","mainEntityOfPage":{"@id":"https:\/\/jornalfatosenoticias.com.br\/index.php\/2020\/10\/09\/empresa-apresentara-prototipo-de-aviao-supersonico\/"},"wordCount":378,"commentCount":0,"publisher":{"@id":"https:\/\/jornalfatosenoticias.com.br\/#organization"},"image":{"@id":"https:\/\/jornalfatosenoticias.com.br\/index.php\/2020\/10\/09\/empresa-apresentara-prototipo-de-aviao-supersonico\/#primaryimage"},"thumbnailUrl":"https:\/\/jornalfatosenoticias.com.br\/wp-content\/uploads\/2020\/10\/Boom-Supersonic.jpg","keywords":["avia\u00e7\u00e3o","avi\u00e3o","Boom Supersonic","supers\u00f4nico"],"articleSection":["Tecnologia &amp; Inova\u00e7\u00e3o"],"inLanguage":"pt-BR","potentialAction":[{"@type":"CommentAction","name":"Comment","target":["https:\/\/jornalfatosenoticias.com.br\/index.php\/2020\/10\/09\/empresa-apresentara-prototipo-de-aviao-supersonico\/#respond"]}]},{"@type":"WebPage","@id":"https:\/\/jornalfatosenoticias.com.br\/index.php\/2020\/10\/09\/empresa-apresentara-prototipo-de-aviao-supersonico\/","url":"https:\/\/jornalfatosenoticias.com.br\/index.php\/2020\/10\/09\/empresa-apresentara-prototipo-de-aviao-supersonico\/","name":"Empresa apresenta prot\u00f3tipo de avi\u00e3o supers\u00f4nico - Jornal Fatos e Not\u00edcias","isPartOf":{"@id":"https:\/\/jornalfatosenoticias.com.br\/#website"},"primaryImageOfPage":{"@id":"https:\/\/jornalfatosenoticias.com.br\/index.php\/2020\/10\/09\/empresa-apresentara-prototipo-de-aviao-supersonico\/#primaryimage"},"image":{"@id":"https:\/\/jornalfatosenoticias.com.br\/index.php\/2020\/10\/09\/empresa-apresentara-prototipo-de-aviao-supersonico\/#primaryimage"},"thumbnailUrl":"https:\/\/jornalfatosenoticias.com.br\/wp-content\/uploads\/2020\/10\/Boom-Supersonic.jpg","datePublished":"2020-10-09T13:01:55+00:00","dateModified":"2020-10-09T13:03:27+00:00","breadcrumb":{"@id":"https:\/\/jornalfatosenoticias.com.br\/index.php\/2020\/10\/09\/empresa-apresentara-prototipo-de-aviao-supersonico\/#breadcrumb"},"inLanguage":"pt-BR","potentialAction":[{"@type":"ReadAction","target":["https:\/\/jornalfatosenoticias.com.br\/index.php\/2020\/10\/09\/empresa-apresentara-prototipo-de-aviao-supersonico\/"]}]},{"@type":"ImageObject","inLanguage":"pt-BR","@id":"https:\/\/jornalfatosenoticias.com.br\/index.php\/2020\/10\/09\/empresa-apresentara-prototipo-de-aviao-supersonico\/#primaryimage","url":"https:\/\/jornalfatosenoticias.com.br\/wp-content\/uploads\/2020\/10\/Boom-Supersonic.jpg","contentUrl":"https:\/\/jornalfatosenoticias.com.br\/wp-content\/uploads\/2020\/10\/Boom-Supersonic.jpg","width":1000,"height":562},{"@type":"BreadcrumbList","@id":"https:\/\/jornalfatosenoticias.com.br\/index.php\/2020\/10\/09\/empresa-apresentara-prototipo-de-aviao-supersonico\/#breadcrumb","itemListElement":[{"@type":"ListItem","position":1,"name":"In\u00edcio","item":"https:\/\/jornalfatosenoticias.com.br\/"},{"@type":"ListItem","position":2,"name":"Empresa apresenta prot\u00f3tipo de avi\u00e3o supers\u00f4nico"}]},{"@type":"WebSite","@id":"https:\/\/jornalfatosenoticias.com.br\/#website","url":"https:\/\/jornalfatosenoticias.com.br\/","name":"Jornal Fatos e Not\u00edcias","description":"Not\u00edcias em geral","publisher":{"@id":"https:\/\/jornalfatosenoticias.com.br\/#organization"},"potentialAction":[{"@type":"SearchAction","target":{"@type":"EntryPoint","urlTemplate":"https:\/\/jornalfatosenoticias.com.br\/?s={search_term_string}"},"query-input":{"@type":"PropertyValueSpecification","valueRequired":true,"valueName":"search_term_string"}}],"inLanguage":"pt-BR"},{"@type":"Organization","@id":"https:\/\/jornalfatosenoticias.com.br\/#organization","name":"Jornal Fatos e Not\u00edcias","url":"https:\/\/jornalfatosenoticias.com.br\/","logo":{"@type":"ImageObject","inLanguage":"pt-BR","@id":"https:\/\/jornalfatosenoticias.com.br\/#\/schema\/logo\/image\/","url":"https:\/\/jornalfatosenoticias.com.br\/wp-content\/uploads\/2020\/02\/logo120.png","contentUrl":"https:\/\/jornalfatosenoticias.com.br\/wp-content\/uploads\/2020\/02\/logo120.png","width":1227,"height":120,"caption":"Jornal Fatos e Not\u00edcias"},"image":{"@id":"https:\/\/jornalfatosenoticias.com.br\/#\/schema\/logo\/image\/"}},{"@type":"Person","@id":"https:\/\/jornalfatosenoticias.com.br\/#\/schema\/person\/d63837fa13ac8666eb9e74e0985d6f81","name":"Luzimara Fernandes","image":{"@type":"ImageObject","inLanguage":"pt-BR","@id":"https:\/\/jornalfatosenoticias.com.br\/#\/schema\/person\/image\/","url":"https:\/\/jornalfatosenoticias.com.br\/wp-content\/uploads\/2025\/05\/EU_portal.jpg","contentUrl":"https:\/\/jornalfatosenoticias.com.br\/wp-content\/uploads\/2025\/05\/EU_portal.jpg","caption":"Luzimara Fernandes"},"description":"Jornalista MTB 2358-ES","sameAs":["https:\/\/jornalfatosenoticias.com.br"],"url":"https:\/\/jornalfatosenoticias.com.br\/index.php\/author\/luzimara\/"}]}},"cc_featured_image_caption":{"caption_text":"(Foto: \u00a9Boom Supersonic) ","source_text":"","source_url":""},"jetpack_featured_media_url":"https:\/\/jornalfatosenoticias.com.br\/wp-content\/uploads\/2020\/10\/Boom-Supersonic.jpg","_links":{"self":[{"href":"https:\/\/jornalfatosenoticias.com.br\/index.php\/wp-json\/wp\/v2\/posts\/9810","targetHints":{"allow":["GET"]}}],"collection":[{"href":"https:\/\/jornalfatosenoticias.com.br\/index.php\/wp-json\/wp\/v2\/posts"}],"about":[{"href":"https:\/\/jornalfatosenoticias.com.br\/index.php\/wp-json\/wp\/v2\/types\/post"}],"author":[{"embeddable":true,"href":"https:\/\/jornalfatosenoticias.com.br\/index.php\/wp-json\/wp\/v2\/users\/2"}],"replies":[{"embeddable":true,"href":"https:\/\/jornalfatosenoticias.com.br\/index.php\/wp-json\/wp\/v2\/comments?post=9810"}],"version-history":[{"count":0,"href":"https:\/\/jornalfatosenoticias.com.br\/index.php\/wp-json\/wp\/v2\/posts\/9810\/revisions"}],"wp:featuredmedia":[{"embeddable":true,"href":"https:\/\/jornalfatosenoticias.com.br\/index.php\/wp-json\/wp\/v2\/media\/9812"}],"wp:attachment":[{"href":"https:\/\/jornalfatosenoticias.com.br\/index.php\/wp-json\/wp\/v2\/media?parent=9810"}],"wp:term":[{"taxonomy":"category","embeddable":true,"href":"https:\/\/jornalfatosenoticias.com.br\/index.php\/wp-json\/wp\/v2\/categories?post=9810"},{"taxonomy":"post_tag","embeddable":true,"href":"https:\/\/jornalfatosenoticias.com.br\/index.php\/wp-json\/wp\/v2\/tags?post=9810"}],"curies":[{"name":"wp","href":"https:\/\/api.w.org\/{rel}","templated":true}]}}