{"id":9832,"date":"2020-10-09T10:25:51","date_gmt":"2020-10-09T13:25:51","guid":{"rendered":"https:\/\/jornalfatosenoticias.com.br\/?p=9832"},"modified":"2020-10-09T10:25:56","modified_gmt":"2020-10-09T13:25:56","slug":"ducati-inicia-producao-de-motocicleta-equipada-com-radares","status":"publish","type":"post","link":"https:\/\/jornalfatosenoticias.com.br\/index.php\/2020\/10\/09\/ducati-inicia-producao-de-motocicleta-equipada-com-radares\/","title":{"rendered":"Ducati inicia produ\u00e7\u00e3o de motocicleta equipada com radares"},"content":{"rendered":"\n<h6 class=\"wp-block-heading\"><em>Multistrada V4 vai contar com sistemas de radares para apoiar o controle de cruzeiro adaptativo da moto e alertar sobre ve\u00edculos no &#8216;ponto cego&#8217; do condutor<\/em><\/h6>\n\n\n\n<p>A Ducati anunciou, na ter\u00e7a-feira (6), o in\u00edcio da produ\u00e7\u00e3o da Multistrada V4 que, de acordo com a companhia, corresponde ao primeiro modelo de motocicleta a contar com radares dianteiros e traseiros embutidos. O radar na parte frontal da moto vai apoiar o controle de cruzeiro adaptativo em velocidades entre 30 e 160 km\/h, explicou a fabricante, em comunicado. A ferramenta permitir\u00e1 que a Multistrada V4 ajuste automaticamente a velocidade para manter dist\u00e2ncias apropriadas de outros ve\u00edculos \u00e0 frente.<br>O sistema traseiro, por sua vez, ter\u00e1 a fun\u00e7\u00e3o de detectar objetos no &#8220;ponto cego&#8221; do condutor, isto \u00e9, a regi\u00e3o que n\u00e3o pode ser observada diretamente por quem dirige a motocicleta. O recurso ainda promete alertar sobre a aproxima\u00e7\u00e3o de outros ve\u00edculos em alta velocidade.<br>Desenvolvidos em parceria com a Bosch, os equipamentos pesam 190 gramas e t\u00eam dimens\u00f5es semelhantes \u00e0s de c\u00e2meras de a\u00e7\u00e3o GoPro. Os radares n\u00e3o devem interferir significativamente no peso ou no tamanho da motocicleta. A Ducati ainda afirmou que pretende revelar detalhes sobre as especifica\u00e7\u00f5es da Multistrada V4 no dia 15 de outubro. J\u00e1 o lan\u00e7amento oficial da moto est\u00e1 previsto para 4 de novembro. Flagrantes de um teste do prot\u00f3tipo do ve\u00edculo, em maio, no entanto, sugerem algumas das caracter\u00edsticas do novo modelo.<br>De acordo com reportagem do Motor1, publicada na \u00e9poca, a moto deve contar com um chassi de treli\u00e7a, que \u00e9 muito comum em produtos da montadora italiana. Al\u00e9m disso, a Multistrada V4 pode ser equipada com um garfo invertido e um monoamortecedor na traseira.<\/p>\n\n\n\n<h4 class=\"wp-block-heading\">Primeira bike el\u00e9trica da Ducati<\/h4>\n\n\n\n<p>A Ducati estreou no mercado de bicicletas el\u00e9tricas em julho, com o modelo Ducati e-Scrambler. A bike apresenta um motor Shimano Steps E7000, que produz 250 W nominais e 60 Nm de torque. O ve\u00edculo oferece 11 op\u00e7\u00f5es de velocidades e um par de freios Scram Guide T de quatro pist\u00f5es, com rotores de 203 mm. Posicionado na parte inferior do quadro, o sistema de bateria tem 504 Wh. A Ducati e-Scrambler foi anunciada com um pre\u00e7o inicial de US$ 4.280, em torno de R$ 24 mil em convers\u00e3o direta. A companhia, por\u00e9m, ainda n\u00e3o divulgou informa\u00e7\u00f5es se o modelo ser\u00e1 comercializado no Brasil.<\/p>\n\n\n\n<p><em><strong>Legenda da foto: <\/strong>Ducati Multistrada V4 (Ducati\/Divulga\u00e7\u00e3o)<\/em><\/p>\n\n\n\n<p><strong><em>Fonte: <a href=\"https:\/\/olhardigital.com.br\/carros-e-tecnologia\/noticia\/ducati-inicia-producao-de-motocicleta-equipada-com-radares\/108324#:~:text=A%20Ducati%20anunciou%2C%20nesta%20ter%C3%A7a,radares%20dianteiros%20e%20traseiros%20embutidos.&amp;text=Os%20radares%20n%C3%A3o%20devem%20interferir,ou%20no%20tamanho%20da%20motocicleta.\">Olhar Digital<\/a><\/em><\/strong><\/p>\n","protected":false},"excerpt":{"rendered":"<p>Multistrada V4 vai contar com sistemas de radares para apoiar o controle de cruzeiro adaptativo da moto e alertar sobre ve\u00edculos no &#8216;ponto cego&#8217; do condutor A Ducati anunciou, na ter\u00e7a-feira (6), o in\u00edcio da produ\u00e7\u00e3o da Multistrada V4 que, de acordo com a companhia, corresponde ao primeiro modelo de motocicleta a contar com radares [&hellip;]<\/p>\n","protected":false},"author":2,"featured_media":9833,"comment_status":"open","ping_status":"open","sticky":false,"template":"","format":"standard","meta":{"footnotes":""},"categories":[3],"tags":[3960,5329,5331,5330],"class_list":["post-9832","post","type-post","status-publish","format-standard","has-post-thumbnail","hentry","category-tecnologia","tag-ducati","tag-motocicleta","tag-multistrada-v4","tag-radares"],"yoast_head":"<!-- This site is optimized with the Yoast SEO plugin v26.5 - https:\/\/yoast.com\/wordpress\/plugins\/seo\/ -->\n<title>Ducati inicia produ\u00e7\u00e3o de motocicleta equipada com radares - Jornal Fatos e Not\u00edcias<\/title>\n<meta name=\"robots\" content=\"index, follow, max-snippet:-1, max-image-preview:large, max-video-preview:-1\" \/>\n<link rel=\"canonical\" href=\"https:\/\/jornalfatosenoticias.com.br\/index.php\/2020\/10\/09\/ducati-inicia-producao-de-motocicleta-equipada-com-radares\/\" \/>\n<meta property=\"og:locale\" content=\"pt_BR\" \/>\n<meta property=\"og:type\" content=\"article\" \/>\n<meta property=\"og:title\" content=\"Ducati inicia produ\u00e7\u00e3o de motocicleta equipada com radares - Jornal Fatos e Not\u00edcias\" \/>\n<meta property=\"og:description\" content=\"Multistrada V4 vai contar com sistemas de radares para apoiar o controle de cruzeiro adaptativo da moto e alertar sobre ve\u00edculos no &#8216;ponto cego&#8217; do condutor A Ducati anunciou, na ter\u00e7a-feira (6), o in\u00edcio da produ\u00e7\u00e3o da Multistrada V4 que, de acordo com a companhia, corresponde ao primeiro modelo de motocicleta a contar com radares [&hellip;]\" \/>\n<meta property=\"og:url\" content=\"https:\/\/jornalfatosenoticias.com.br\/index.php\/2020\/10\/09\/ducati-inicia-producao-de-motocicleta-equipada-com-radares\/\" \/>\n<meta property=\"og:site_name\" content=\"Jornal Fatos e Not\u00edcias\" \/>\n<meta property=\"article:published_time\" content=\"2020-10-09T13:25:51+00:00\" \/>\n<meta property=\"article:modified_time\" content=\"2020-10-09T13:25:56+00:00\" \/>\n<meta property=\"og:image\" content=\"https:\/\/jornalfatosenoticias.com.br\/wp-content\/uploads\/2020\/10\/ducati.jpg\" \/>\n\t<meta property=\"og:image:width\" content=\"1000\" \/>\n\t<meta property=\"og:image:height\" content=\"562\" \/>\n\t<meta property=\"og:image:type\" content=\"image\/jpeg\" \/>\n<meta name=\"author\" content=\"Luzimara Fernandes\" \/>\n<meta name=\"twitter:card\" content=\"summary_large_image\" \/>\n<meta name=\"twitter:label1\" content=\"Escrito por\" \/>\n\t<meta name=\"twitter:data1\" content=\"Luzimara Fernandes\" \/>\n\t<meta name=\"twitter:label2\" content=\"Est. tempo de leitura\" \/>\n\t<meta name=\"twitter:data2\" content=\"2 minutos\" \/>\n<script type=\"application\/ld+json\" class=\"yoast-schema-graph\">{\"@context\":\"https:\/\/schema.org\",\"@graph\":[{\"@type\":\"Article\",\"@id\":\"https:\/\/jornalfatosenoticias.com.br\/index.php\/2020\/10\/09\/ducati-inicia-producao-de-motocicleta-equipada-com-radares\/#article\",\"isPartOf\":{\"@id\":\"https:\/\/jornalfatosenoticias.com.br\/index.php\/2020\/10\/09\/ducati-inicia-producao-de-motocicleta-equipada-com-radares\/\"},\"author\":{\"name\":\"Luzimara Fernandes\",\"@id\":\"https:\/\/jornalfatosenoticias.com.br\/#\/schema\/person\/d63837fa13ac8666eb9e74e0985d6f81\"},\"headline\":\"Ducati inicia produ\u00e7\u00e3o de motocicleta equipada com radares\",\"datePublished\":\"2020-10-09T13:25:51+00:00\",\"dateModified\":\"2020-10-09T13:25:56+00:00\",\"mainEntityOfPage\":{\"@id\":\"https:\/\/jornalfatosenoticias.com.br\/index.php\/2020\/10\/09\/ducati-inicia-producao-de-motocicleta-equipada-com-radares\/\"},\"wordCount\":427,\"commentCount\":0,\"publisher\":{\"@id\":\"https:\/\/jornalfatosenoticias.com.br\/#organization\"},\"image\":{\"@id\":\"https:\/\/jornalfatosenoticias.com.br\/index.php\/2020\/10\/09\/ducati-inicia-producao-de-motocicleta-equipada-com-radares\/#primaryimage\"},\"thumbnailUrl\":\"https:\/\/jornalfatosenoticias.com.br\/wp-content\/uploads\/2020\/10\/ducati.jpg\",\"keywords\":[\"Ducati\",\"motocicleta\",\"Multistrada V4\",\"radares\"],\"articleSection\":[\"Tecnologia &amp; Inova\u00e7\u00e3o\"],\"inLanguage\":\"pt-BR\",\"potentialAction\":[{\"@type\":\"CommentAction\",\"name\":\"Comment\",\"target\":[\"https:\/\/jornalfatosenoticias.com.br\/index.php\/2020\/10\/09\/ducati-inicia-producao-de-motocicleta-equipada-com-radares\/#respond\"]}]},{\"@type\":\"WebPage\",\"@id\":\"https:\/\/jornalfatosenoticias.com.br\/index.php\/2020\/10\/09\/ducati-inicia-producao-de-motocicleta-equipada-com-radares\/\",\"url\":\"https:\/\/jornalfatosenoticias.com.br\/index.php\/2020\/10\/09\/ducati-inicia-producao-de-motocicleta-equipada-com-radares\/\",\"name\":\"Ducati inicia produ\u00e7\u00e3o de motocicleta equipada com radares - Jornal Fatos e Not\u00edcias\",\"isPartOf\":{\"@id\":\"https:\/\/jornalfatosenoticias.com.br\/#website\"},\"primaryImageOfPage\":{\"@id\":\"https:\/\/jornalfatosenoticias.com.br\/index.php\/2020\/10\/09\/ducati-inicia-producao-de-motocicleta-equipada-com-radares\/#primaryimage\"},\"image\":{\"@id\":\"https:\/\/jornalfatosenoticias.com.br\/index.php\/2020\/10\/09\/ducati-inicia-producao-de-motocicleta-equipada-com-radares\/#primaryimage\"},\"thumbnailUrl\":\"https:\/\/jornalfatosenoticias.com.br\/wp-content\/uploads\/2020\/10\/ducati.jpg\",\"datePublished\":\"2020-10-09T13:25:51+00:00\",\"dateModified\":\"2020-10-09T13:25:56+00:00\",\"breadcrumb\":{\"@id\":\"https:\/\/jornalfatosenoticias.com.br\/index.php\/2020\/10\/09\/ducati-inicia-producao-de-motocicleta-equipada-com-radares\/#breadcrumb\"},\"inLanguage\":\"pt-BR\",\"potentialAction\":[{\"@type\":\"ReadAction\",\"target\":[\"https:\/\/jornalfatosenoticias.com.br\/index.php\/2020\/10\/09\/ducati-inicia-producao-de-motocicleta-equipada-com-radares\/\"]}]},{\"@type\":\"ImageObject\",\"inLanguage\":\"pt-BR\",\"@id\":\"https:\/\/jornalfatosenoticias.com.br\/index.php\/2020\/10\/09\/ducati-inicia-producao-de-motocicleta-equipada-com-radares\/#primaryimage\",\"url\":\"https:\/\/jornalfatosenoticias.com.br\/wp-content\/uploads\/2020\/10\/ducati.jpg\",\"contentUrl\":\"https:\/\/jornalfatosenoticias.com.br\/wp-content\/uploads\/2020\/10\/ducati.jpg\",\"width\":1000,\"height\":562},{\"@type\":\"BreadcrumbList\",\"@id\":\"https:\/\/jornalfatosenoticias.com.br\/index.php\/2020\/10\/09\/ducati-inicia-producao-de-motocicleta-equipada-com-radares\/#breadcrumb\",\"itemListElement\":[{\"@type\":\"ListItem\",\"position\":1,\"name\":\"In\u00edcio\",\"item\":\"https:\/\/jornalfatosenoticias.com.br\/\"},{\"@type\":\"ListItem\",\"position\":2,\"name\":\"Ducati inicia produ\u00e7\u00e3o de motocicleta equipada com radares\"}]},{\"@type\":\"WebSite\",\"@id\":\"https:\/\/jornalfatosenoticias.com.br\/#website\",\"url\":\"https:\/\/jornalfatosenoticias.com.br\/\",\"name\":\"Jornal Fatos e Not\u00edcias\",\"description\":\"Not\u00edcias em geral\",\"publisher\":{\"@id\":\"https:\/\/jornalfatosenoticias.com.br\/#organization\"},\"potentialAction\":[{\"@type\":\"SearchAction\",\"target\":{\"@type\":\"EntryPoint\",\"urlTemplate\":\"https:\/\/jornalfatosenoticias.com.br\/?s={search_term_string}\"},\"query-input\":{\"@type\":\"PropertyValueSpecification\",\"valueRequired\":true,\"valueName\":\"search_term_string\"}}],\"inLanguage\":\"pt-BR\"},{\"@type\":\"Organization\",\"@id\":\"https:\/\/jornalfatosenoticias.com.br\/#organization\",\"name\":\"Jornal Fatos e Not\u00edcias\",\"url\":\"https:\/\/jornalfatosenoticias.com.br\/\",\"logo\":{\"@type\":\"ImageObject\",\"inLanguage\":\"pt-BR\",\"@id\":\"https:\/\/jornalfatosenoticias.com.br\/#\/schema\/logo\/image\/\",\"url\":\"https:\/\/jornalfatosenoticias.com.br\/wp-content\/uploads\/2020\/02\/logo120.png\",\"contentUrl\":\"https:\/\/jornalfatosenoticias.com.br\/wp-content\/uploads\/2020\/02\/logo120.png\",\"width\":1227,\"height\":120,\"caption\":\"Jornal Fatos e Not\u00edcias\"},\"image\":{\"@id\":\"https:\/\/jornalfatosenoticias.com.br\/#\/schema\/logo\/image\/\"}},{\"@type\":\"Person\",\"@id\":\"https:\/\/jornalfatosenoticias.com.br\/#\/schema\/person\/d63837fa13ac8666eb9e74e0985d6f81\",\"name\":\"Luzimara Fernandes\",\"image\":{\"@type\":\"ImageObject\",\"inLanguage\":\"pt-BR\",\"@id\":\"https:\/\/jornalfatosenoticias.com.br\/#\/schema\/person\/image\/\",\"url\":\"https:\/\/jornalfatosenoticias.com.br\/wp-content\/uploads\/2025\/05\/EU_portal.jpg\",\"contentUrl\":\"https:\/\/jornalfatosenoticias.com.br\/wp-content\/uploads\/2025\/05\/EU_portal.jpg\",\"caption\":\"Luzimara Fernandes\"},\"description\":\"Jornalista MTB 2358-ES\",\"sameAs\":[\"https:\/\/jornalfatosenoticias.com.br\"],\"url\":\"https:\/\/jornalfatosenoticias.com.br\/index.php\/author\/luzimara\/\"}]}<\/script>\n<!-- \/ Yoast SEO plugin. -->","yoast_head_json":{"title":"Ducati inicia produ\u00e7\u00e3o de motocicleta equipada com radares - Jornal Fatos e Not\u00edcias","robots":{"index":"index","follow":"follow","max-snippet":"max-snippet:-1","max-image-preview":"max-image-preview:large","max-video-preview":"max-video-preview:-1"},"canonical":"https:\/\/jornalfatosenoticias.com.br\/index.php\/2020\/10\/09\/ducati-inicia-producao-de-motocicleta-equipada-com-radares\/","og_locale":"pt_BR","og_type":"article","og_title":"Ducati inicia produ\u00e7\u00e3o de motocicleta equipada com radares - Jornal Fatos e Not\u00edcias","og_description":"Multistrada V4 vai contar com sistemas de radares para apoiar o controle de cruzeiro adaptativo da moto e alertar sobre ve\u00edculos no &#8216;ponto cego&#8217; do condutor A Ducati anunciou, na ter\u00e7a-feira (6), o in\u00edcio da produ\u00e7\u00e3o da Multistrada V4 que, de acordo com a companhia, corresponde ao primeiro modelo de motocicleta a contar com radares [&hellip;]","og_url":"https:\/\/jornalfatosenoticias.com.br\/index.php\/2020\/10\/09\/ducati-inicia-producao-de-motocicleta-equipada-com-radares\/","og_site_name":"Jornal Fatos e Not\u00edcias","article_published_time":"2020-10-09T13:25:51+00:00","article_modified_time":"2020-10-09T13:25:56+00:00","og_image":[{"width":1000,"height":562,"url":"https:\/\/jornalfatosenoticias.com.br\/wp-content\/uploads\/2020\/10\/ducati.jpg","type":"image\/jpeg"}],"author":"Luzimara Fernandes","twitter_card":"summary_large_image","twitter_misc":{"Escrito por":"Luzimara Fernandes","Est. tempo de leitura":"2 minutos"},"schema":{"@context":"https:\/\/schema.org","@graph":[{"@type":"Article","@id":"https:\/\/jornalfatosenoticias.com.br\/index.php\/2020\/10\/09\/ducati-inicia-producao-de-motocicleta-equipada-com-radares\/#article","isPartOf":{"@id":"https:\/\/jornalfatosenoticias.com.br\/index.php\/2020\/10\/09\/ducati-inicia-producao-de-motocicleta-equipada-com-radares\/"},"author":{"name":"Luzimara Fernandes","@id":"https:\/\/jornalfatosenoticias.com.br\/#\/schema\/person\/d63837fa13ac8666eb9e74e0985d6f81"},"headline":"Ducati inicia produ\u00e7\u00e3o de motocicleta equipada com radares","datePublished":"2020-10-09T13:25:51+00:00","dateModified":"2020-10-09T13:25:56+00:00","mainEntityOfPage":{"@id":"https:\/\/jornalfatosenoticias.com.br\/index.php\/2020\/10\/09\/ducati-inicia-producao-de-motocicleta-equipada-com-radares\/"},"wordCount":427,"commentCount":0,"publisher":{"@id":"https:\/\/jornalfatosenoticias.com.br\/#organization"},"image":{"@id":"https:\/\/jornalfatosenoticias.com.br\/index.php\/2020\/10\/09\/ducati-inicia-producao-de-motocicleta-equipada-com-radares\/#primaryimage"},"thumbnailUrl":"https:\/\/jornalfatosenoticias.com.br\/wp-content\/uploads\/2020\/10\/ducati.jpg","keywords":["Ducati","motocicleta","Multistrada V4","radares"],"articleSection":["Tecnologia &amp; Inova\u00e7\u00e3o"],"inLanguage":"pt-BR","potentialAction":[{"@type":"CommentAction","name":"Comment","target":["https:\/\/jornalfatosenoticias.com.br\/index.php\/2020\/10\/09\/ducati-inicia-producao-de-motocicleta-equipada-com-radares\/#respond"]}]},{"@type":"WebPage","@id":"https:\/\/jornalfatosenoticias.com.br\/index.php\/2020\/10\/09\/ducati-inicia-producao-de-motocicleta-equipada-com-radares\/","url":"https:\/\/jornalfatosenoticias.com.br\/index.php\/2020\/10\/09\/ducati-inicia-producao-de-motocicleta-equipada-com-radares\/","name":"Ducati inicia produ\u00e7\u00e3o de motocicleta equipada com radares - Jornal Fatos e Not\u00edcias","isPartOf":{"@id":"https:\/\/jornalfatosenoticias.com.br\/#website"},"primaryImageOfPage":{"@id":"https:\/\/jornalfatosenoticias.com.br\/index.php\/2020\/10\/09\/ducati-inicia-producao-de-motocicleta-equipada-com-radares\/#primaryimage"},"image":{"@id":"https:\/\/jornalfatosenoticias.com.br\/index.php\/2020\/10\/09\/ducati-inicia-producao-de-motocicleta-equipada-com-radares\/#primaryimage"},"thumbnailUrl":"https:\/\/jornalfatosenoticias.com.br\/wp-content\/uploads\/2020\/10\/ducati.jpg","datePublished":"2020-10-09T13:25:51+00:00","dateModified":"2020-10-09T13:25:56+00:00","breadcrumb":{"@id":"https:\/\/jornalfatosenoticias.com.br\/index.php\/2020\/10\/09\/ducati-inicia-producao-de-motocicleta-equipada-com-radares\/#breadcrumb"},"inLanguage":"pt-BR","potentialAction":[{"@type":"ReadAction","target":["https:\/\/jornalfatosenoticias.com.br\/index.php\/2020\/10\/09\/ducati-inicia-producao-de-motocicleta-equipada-com-radares\/"]}]},{"@type":"ImageObject","inLanguage":"pt-BR","@id":"https:\/\/jornalfatosenoticias.com.br\/index.php\/2020\/10\/09\/ducati-inicia-producao-de-motocicleta-equipada-com-radares\/#primaryimage","url":"https:\/\/jornalfatosenoticias.com.br\/wp-content\/uploads\/2020\/10\/ducati.jpg","contentUrl":"https:\/\/jornalfatosenoticias.com.br\/wp-content\/uploads\/2020\/10\/ducati.jpg","width":1000,"height":562},{"@type":"BreadcrumbList","@id":"https:\/\/jornalfatosenoticias.com.br\/index.php\/2020\/10\/09\/ducati-inicia-producao-de-motocicleta-equipada-com-radares\/#breadcrumb","itemListElement":[{"@type":"ListItem","position":1,"name":"In\u00edcio","item":"https:\/\/jornalfatosenoticias.com.br\/"},{"@type":"ListItem","position":2,"name":"Ducati inicia produ\u00e7\u00e3o de motocicleta equipada com radares"}]},{"@type":"WebSite","@id":"https:\/\/jornalfatosenoticias.com.br\/#website","url":"https:\/\/jornalfatosenoticias.com.br\/","name":"Jornal Fatos e Not\u00edcias","description":"Not\u00edcias em geral","publisher":{"@id":"https:\/\/jornalfatosenoticias.com.br\/#organization"},"potentialAction":[{"@type":"SearchAction","target":{"@type":"EntryPoint","urlTemplate":"https:\/\/jornalfatosenoticias.com.br\/?s={search_term_string}"},"query-input":{"@type":"PropertyValueSpecification","valueRequired":true,"valueName":"search_term_string"}}],"inLanguage":"pt-BR"},{"@type":"Organization","@id":"https:\/\/jornalfatosenoticias.com.br\/#organization","name":"Jornal Fatos e Not\u00edcias","url":"https:\/\/jornalfatosenoticias.com.br\/","logo":{"@type":"ImageObject","inLanguage":"pt-BR","@id":"https:\/\/jornalfatosenoticias.com.br\/#\/schema\/logo\/image\/","url":"https:\/\/jornalfatosenoticias.com.br\/wp-content\/uploads\/2020\/02\/logo120.png","contentUrl":"https:\/\/jornalfatosenoticias.com.br\/wp-content\/uploads\/2020\/02\/logo120.png","width":1227,"height":120,"caption":"Jornal Fatos e Not\u00edcias"},"image":{"@id":"https:\/\/jornalfatosenoticias.com.br\/#\/schema\/logo\/image\/"}},{"@type":"Person","@id":"https:\/\/jornalfatosenoticias.com.br\/#\/schema\/person\/d63837fa13ac8666eb9e74e0985d6f81","name":"Luzimara Fernandes","image":{"@type":"ImageObject","inLanguage":"pt-BR","@id":"https:\/\/jornalfatosenoticias.com.br\/#\/schema\/person\/image\/","url":"https:\/\/jornalfatosenoticias.com.br\/wp-content\/uploads\/2025\/05\/EU_portal.jpg","contentUrl":"https:\/\/jornalfatosenoticias.com.br\/wp-content\/uploads\/2025\/05\/EU_portal.jpg","caption":"Luzimara Fernandes"},"description":"Jornalista MTB 2358-ES","sameAs":["https:\/\/jornalfatosenoticias.com.br"],"url":"https:\/\/jornalfatosenoticias.com.br\/index.php\/author\/luzimara\/"}]}},"cc_featured_image_caption":{"caption_text":"","source_text":"","source_url":""},"jetpack_featured_media_url":"https:\/\/jornalfatosenoticias.com.br\/wp-content\/uploads\/2020\/10\/ducati.jpg","_links":{"self":[{"href":"https:\/\/jornalfatosenoticias.com.br\/index.php\/wp-json\/wp\/v2\/posts\/9832","targetHints":{"allow":["GET"]}}],"collection":[{"href":"https:\/\/jornalfatosenoticias.com.br\/index.php\/wp-json\/wp\/v2\/posts"}],"about":[{"href":"https:\/\/jornalfatosenoticias.com.br\/index.php\/wp-json\/wp\/v2\/types\/post"}],"author":[{"embeddable":true,"href":"https:\/\/jornalfatosenoticias.com.br\/index.php\/wp-json\/wp\/v2\/users\/2"}],"replies":[{"embeddable":true,"href":"https:\/\/jornalfatosenoticias.com.br\/index.php\/wp-json\/wp\/v2\/comments?post=9832"}],"version-history":[{"count":0,"href":"https:\/\/jornalfatosenoticias.com.br\/index.php\/wp-json\/wp\/v2\/posts\/9832\/revisions"}],"wp:featuredmedia":[{"embeddable":true,"href":"https:\/\/jornalfatosenoticias.com.br\/index.php\/wp-json\/wp\/v2\/media\/9833"}],"wp:attachment":[{"href":"https:\/\/jornalfatosenoticias.com.br\/index.php\/wp-json\/wp\/v2\/media?parent=9832"}],"wp:term":[{"taxonomy":"category","embeddable":true,"href":"https:\/\/jornalfatosenoticias.com.br\/index.php\/wp-json\/wp\/v2\/categories?post=9832"},{"taxonomy":"post_tag","embeddable":true,"href":"https:\/\/jornalfatosenoticias.com.br\/index.php\/wp-json\/wp\/v2\/tags?post=9832"}],"curies":[{"name":"wp","href":"https:\/\/api.w.org\/{rel}","templated":true}]}}