{"id":9837,"date":"2020-10-13T10:49:20","date_gmt":"2020-10-13T13:49:20","guid":{"rendered":"https:\/\/jornalfatosenoticias.com.br\/?p=9837"},"modified":"2020-10-13T10:49:26","modified_gmt":"2020-10-13T13:49:26","slug":"selecao-enfrenta-peru-pela-segunda-rodada-das-eliminatorias","status":"publish","type":"post","link":"https:\/\/jornalfatosenoticias.com.br\/index.php\/2020\/10\/13\/selecao-enfrenta-peru-pela-segunda-rodada-das-eliminatorias\/","title":{"rendered":"Sele\u00e7\u00e3o enfrenta Peru pela segunda rodada das Eliminat\u00f3rias"},"content":{"rendered":"\n<h6 class=\"wp-block-heading\"><em>Este ser\u00e1 o jogo de n\u00famero 50 de Tite no comando do Brasil<\/em><\/h6>\n\n\n\n<p>A sele\u00e7\u00e3o entra em campo nesta ter\u00e7a-feira (13) para enfrentar a equipe peruana em Lima pela segunda rodada das Eliminat\u00f3rias para a Copa do Mundo de 2022 (Catar). A partida, programada para come\u00e7ar \u00e0s 21h (hor\u00e1rio de Bras\u00edlia) no Est\u00e1dio Nacional (Lima), ter\u00e1 um significado especial para o t\u00e9cnico Tite, que alcan\u00e7ar\u00e1 a marca de 50 jogos comandando o Brasil.<br>A rela\u00e7\u00e3o entre o t\u00e9cnico e a equipe brasileira tem pouco mais de quatro anos (iniciada em 20 de junho de 2016) e tem um retrospecto de 49 jogos, com 35 vit\u00f3rias, dez empates e quatro derrotas. E um destes resultados negativos foi justamente contra o Peru, em amistoso realizado em 2019 em Los Angeles (Estados Unidos), no qual a equipe andina venceu por 1 a 0.<br>Por\u00e9m, tamb\u00e9m foi diante da equipe peruana que Tite viveu o seu principal momento comandando a sele\u00e7\u00e3o brasileira, a conquista da \u00faltima edi\u00e7\u00e3o da Copa Am\u00e9rica em julho do ano passado no est\u00e1dio do Maracan\u00e3.<\/p>\n\n\n\n<h4 class=\"wp-block-heading\">Expectativa positiva<\/h4>\n\n\n\n<p>Para o jogo desta ter\u00e7a, a expectativa \u00e9 a melhor poss\u00edvel, em especial ap\u00f3s uma estreia na qual, mesmo diante de um advers\u00e1rio fr\u00e1gil (Bol\u00edvia), o Brasil apresentou bom jogo coletivo, com muitos gols e liberdade para as individualidades aparecerem.<br>E uma das individualidades que brilharam foi o atacante Neymar. Na estreia nas Eliminat\u00f3rias o camisa 10 n\u00e3o marcou, mas foi fundamental na arma\u00e7\u00e3o de jogadas de ataque, inclusive com passes para dois gols. Essa nova fun\u00e7\u00e3o do jogador, como um antigo ponta de lan\u00e7a, foi destacada pelo t\u00e9cnico Tite em entrevista coletiva na \u00faltima segunda (12): \u201cEle desenvolveu isso, como aconteceu no jogo [da Bol\u00edvia] de dar duas assist\u00eancias, ter pen\u00faltima bola, romper marca\u00e7\u00e3o [\u2026]. Procuramos potencializar suas virtudes\u201d.<\/p>\n\n\n\n<figure class=\"wp-block-embed-twitter wp-block-embed is-type-rich is-provider-twitter\"><div class=\"wp-block-embed__wrapper\">\n<blockquote class=\"twitter-tweet\" data-width=\"550\" data-dnt=\"true\"><p lang=\"pt\" dir=\"ltr\">Os assistentes da goleada! \ud83c\udf81\u26bd\ufe0f <a href=\"https:\/\/twitter.com\/hashtag\/JogaBola?src=hash&amp;ref_src=twsrc%5Etfw\">#JogaBola<\/a> <br><br>\ud83d\udcf8 Lucas Figueiredo\/CBF <a href=\"https:\/\/t.co\/gYoLMSmIty\">pic.twitter.com\/gYoLMSmIty<\/a><\/p>&mdash; brasil (@CBF_Futebol) <a href=\"https:\/\/twitter.com\/CBF_Futebol\/status\/1314900234493886467?ref_src=twsrc%5Etfw\">October 10, 2020<\/a><\/blockquote><script async src=\"https:\/\/platform.twitter.com\/widgets.js\" charset=\"utf-8\"><\/script>\n<\/div><\/figure>\n\n\n\n<h4 class=\"wp-block-heading\">Artilharia da sele\u00e7\u00e3o<\/h4>\n\n\n\n<p>A partida contra o Peru tamb\u00e9m pode assumir um car\u00e1ter especial para o atacante Neymar, que pode empatar com Ronaldo na vice-artilharia da sele\u00e7\u00e3o. Atualmente, o jogador do PSG tem 61 gols e marcando mais um empata com o Fen\u00f4meno. A primeira posi\u00e7\u00e3o do hall de artilheiros da equipe nacional \u00e9 de Pel\u00e9, que reina com 77 tentos em 92 partidas.<\/p>\n\n\n\n<h4 class=\"wp-block-heading\">Prov\u00e1vel escala\u00e7\u00e3o<\/h4>\n\n\n\n<p>Sem problemas f\u00edsicos para escalar sua equipe, a tend\u00eancia \u00e9 que o treinador opte por iniciar o jogo contra o Peru com o mesmo time que goleou os bolivianos por 5 a 0: Weverton; Danilo, Thiago Silva, Marquinhos e Renan Lodi; Casemiro e Douglas Luiz; Everton, Philippe Coutinho e Neymar; Roberto Firmino.<\/p>\n\n\n\n<figure class=\"wp-block-embed-twitter wp-block-embed is-type-rich is-provider-twitter\"><div class=\"wp-block-embed__wrapper\">\n<blockquote class=\"twitter-tweet\" data-width=\"550\" data-dnt=\"true\"><p lang=\"pt\" dir=\"ltr\">Prepara\u00e7\u00e3o encerrada! <a href=\"https:\/\/twitter.com\/hashtag\/Sele%C3%A7%C3%A3oBrasileira?src=hash&amp;ref_src=twsrc%5Etfw\">#Sele\u00e7\u00e3oBrasileira<\/a> realizou \u00faltimo treino em SP, antes do duelo contra o Peru. Vamos, Brasil! \u26bd\ud83c\udde7\ud83c\uddf7<br><br>Fotos: <a href=\"https:\/\/twitter.com\/lucasfigfoto?ref_src=twsrc%5Etfw\">@lucasfigfoto<\/a> \/ CBF <a href=\"https:\/\/t.co\/aJRgfH4dxj\">pic.twitter.com\/aJRgfH4dxj<\/a><\/p>&mdash; brasil (@CBF_Futebol) <a href=\"https:\/\/twitter.com\/CBF_Futebol\/status\/1315718069847838722?ref_src=twsrc%5Etfw\">October 12, 2020<\/a><\/blockquote><script async src=\"https:\/\/platform.twitter.com\/widgets.js\" charset=\"utf-8\"><\/script>\n<\/div><\/figure>\n\n\n\n<p>Por\u00e9m, na \u00faltima coletiva antes do jogo, o treinador n\u00e3o quis confirmar a equipe e falou que pode realizar algumas mudan\u00e7as parar este jogo: \u201cTenho uma equipe montada, mas n\u00e3o quero falar. Os atletas j\u00e1 sabem desde ontem. A base permanece, as ideias permanecem, mas n\u00e3o quero municiar o Gareca [t\u00e9cnico do Peru]\u201d.<\/p>\n\n\n\n<p><strong><em>Fonte: <a href=\"https:\/\/agenciabrasil.ebc.com.br\/esportes\/noticia\/2020-10\/selecao-enfrenta-peru-pela-segunda-rodada-das-eliminatorias\">Ag\u00eancia Brasil<\/a><\/em><\/strong><\/p>\n","protected":false},"excerpt":{"rendered":"<p>Este ser\u00e1 o jogo de n\u00famero 50 de Tite no comando do Brasil A sele\u00e7\u00e3o entra em campo nesta ter\u00e7a-feira (13) para enfrentar a equipe peruana em Lima pela segunda rodada das Eliminat\u00f3rias para a Copa do Mundo de 2022 (Catar). A partida, programada para come\u00e7ar \u00e0s 21h (hor\u00e1rio de Bras\u00edlia) no Est\u00e1dio Nacional (Lima), [&hellip;]<\/p>\n","protected":false},"author":2,"featured_media":9838,"comment_status":"open","ping_status":"open","sticky":false,"template":"","format":"standard","meta":{"footnotes":""},"categories":[12],"tags":[597,5332,5333,5334,5335,1001,2649],"class_list":["post-9837","post","type-post","status-publish","format-standard","has-post-thumbnail","hentry","category-esportes","tag-brasil","tag-copa-de-2022","tag-copa-do-catar","tag-copa-do-mundo","tag-eliminatorias","tag-peru","tag-selecao-brasileira"],"yoast_head":"<!-- This site is optimized with the Yoast SEO plugin v26.5 - https:\/\/yoast.com\/wordpress\/plugins\/seo\/ -->\n<title>Sele\u00e7\u00e3o enfrenta Peru pela segunda rodada das Eliminat\u00f3rias - Jornal Fatos e Not\u00edcias<\/title>\n<meta name=\"robots\" content=\"index, follow, max-snippet:-1, max-image-preview:large, max-video-preview:-1\" \/>\n<link rel=\"canonical\" href=\"https:\/\/jornalfatosenoticias.com.br\/index.php\/2020\/10\/13\/selecao-enfrenta-peru-pela-segunda-rodada-das-eliminatorias\/\" \/>\n<meta property=\"og:locale\" content=\"pt_BR\" \/>\n<meta property=\"og:type\" content=\"article\" \/>\n<meta property=\"og:title\" content=\"Sele\u00e7\u00e3o enfrenta Peru pela segunda rodada das Eliminat\u00f3rias - Jornal Fatos e Not\u00edcias\" \/>\n<meta property=\"og:description\" content=\"Este ser\u00e1 o jogo de n\u00famero 50 de Tite no comando do Brasil A sele\u00e7\u00e3o entra em campo nesta ter\u00e7a-feira (13) para enfrentar a equipe peruana em Lima pela segunda rodada das Eliminat\u00f3rias para a Copa do Mundo de 2022 (Catar). A partida, programada para come\u00e7ar \u00e0s 21h (hor\u00e1rio de Bras\u00edlia) no Est\u00e1dio Nacional (Lima), [&hellip;]\" \/>\n<meta property=\"og:url\" content=\"https:\/\/jornalfatosenoticias.com.br\/index.php\/2020\/10\/13\/selecao-enfrenta-peru-pela-segunda-rodada-das-eliminatorias\/\" \/>\n<meta property=\"og:site_name\" content=\"Jornal Fatos e Not\u00edcias\" \/>\n<meta property=\"article:published_time\" content=\"2020-10-13T13:49:20+00:00\" \/>\n<meta property=\"article:modified_time\" content=\"2020-10-13T13:49:26+00:00\" \/>\n<meta property=\"og:image\" content=\"https:\/\/jornalfatosenoticias.com.br\/wp-content\/uploads\/2020\/10\/Brasil-e-Peru.jpg\" \/>\n\t<meta property=\"og:image:width\" content=\"1000\" \/>\n\t<meta property=\"og:image:height\" content=\"598\" \/>\n\t<meta property=\"og:image:type\" content=\"image\/jpeg\" \/>\n<meta name=\"author\" content=\"Luzimara Fernandes\" \/>\n<meta name=\"twitter:card\" content=\"summary_large_image\" \/>\n<meta name=\"twitter:label1\" content=\"Escrito por\" \/>\n\t<meta name=\"twitter:data1\" content=\"Luzimara Fernandes\" \/>\n\t<meta name=\"twitter:label2\" content=\"Est. tempo de leitura\" \/>\n\t<meta name=\"twitter:data2\" content=\"3 minutos\" \/>\n<script type=\"application\/ld+json\" class=\"yoast-schema-graph\">{\"@context\":\"https:\/\/schema.org\",\"@graph\":[{\"@type\":\"Article\",\"@id\":\"https:\/\/jornalfatosenoticias.com.br\/index.php\/2020\/10\/13\/selecao-enfrenta-peru-pela-segunda-rodada-das-eliminatorias\/#article\",\"isPartOf\":{\"@id\":\"https:\/\/jornalfatosenoticias.com.br\/index.php\/2020\/10\/13\/selecao-enfrenta-peru-pela-segunda-rodada-das-eliminatorias\/\"},\"author\":{\"name\":\"Luzimara Fernandes\",\"@id\":\"https:\/\/jornalfatosenoticias.com.br\/#\/schema\/person\/d63837fa13ac8666eb9e74e0985d6f81\"},\"headline\":\"Sele\u00e7\u00e3o enfrenta Peru pela segunda rodada das Eliminat\u00f3rias\",\"datePublished\":\"2020-10-13T13:49:20+00:00\",\"dateModified\":\"2020-10-13T13:49:26+00:00\",\"mainEntityOfPage\":{\"@id\":\"https:\/\/jornalfatosenoticias.com.br\/index.php\/2020\/10\/13\/selecao-enfrenta-peru-pela-segunda-rodada-das-eliminatorias\/\"},\"wordCount\":573,\"commentCount\":0,\"publisher\":{\"@id\":\"https:\/\/jornalfatosenoticias.com.br\/#organization\"},\"image\":{\"@id\":\"https:\/\/jornalfatosenoticias.com.br\/index.php\/2020\/10\/13\/selecao-enfrenta-peru-pela-segunda-rodada-das-eliminatorias\/#primaryimage\"},\"thumbnailUrl\":\"https:\/\/jornalfatosenoticias.com.br\/wp-content\/uploads\/2020\/10\/Brasil-e-Peru.jpg\",\"keywords\":[\"Brasil\",\"Copa de 2022\",\"Copa do Catar\",\"Copa do Mundo\",\"eliminat\u00f3rias\",\"Peru\",\"Sele\u00e7\u00e3o Brasileira\"],\"articleSection\":[\"Esportes\"],\"inLanguage\":\"pt-BR\",\"potentialAction\":[{\"@type\":\"CommentAction\",\"name\":\"Comment\",\"target\":[\"https:\/\/jornalfatosenoticias.com.br\/index.php\/2020\/10\/13\/selecao-enfrenta-peru-pela-segunda-rodada-das-eliminatorias\/#respond\"]}]},{\"@type\":\"WebPage\",\"@id\":\"https:\/\/jornalfatosenoticias.com.br\/index.php\/2020\/10\/13\/selecao-enfrenta-peru-pela-segunda-rodada-das-eliminatorias\/\",\"url\":\"https:\/\/jornalfatosenoticias.com.br\/index.php\/2020\/10\/13\/selecao-enfrenta-peru-pela-segunda-rodada-das-eliminatorias\/\",\"name\":\"Sele\u00e7\u00e3o enfrenta Peru pela segunda rodada das Eliminat\u00f3rias - Jornal Fatos e Not\u00edcias\",\"isPartOf\":{\"@id\":\"https:\/\/jornalfatosenoticias.com.br\/#website\"},\"primaryImageOfPage\":{\"@id\":\"https:\/\/jornalfatosenoticias.com.br\/index.php\/2020\/10\/13\/selecao-enfrenta-peru-pela-segunda-rodada-das-eliminatorias\/#primaryimage\"},\"image\":{\"@id\":\"https:\/\/jornalfatosenoticias.com.br\/index.php\/2020\/10\/13\/selecao-enfrenta-peru-pela-segunda-rodada-das-eliminatorias\/#primaryimage\"},\"thumbnailUrl\":\"https:\/\/jornalfatosenoticias.com.br\/wp-content\/uploads\/2020\/10\/Brasil-e-Peru.jpg\",\"datePublished\":\"2020-10-13T13:49:20+00:00\",\"dateModified\":\"2020-10-13T13:49:26+00:00\",\"breadcrumb\":{\"@id\":\"https:\/\/jornalfatosenoticias.com.br\/index.php\/2020\/10\/13\/selecao-enfrenta-peru-pela-segunda-rodada-das-eliminatorias\/#breadcrumb\"},\"inLanguage\":\"pt-BR\",\"potentialAction\":[{\"@type\":\"ReadAction\",\"target\":[\"https:\/\/jornalfatosenoticias.com.br\/index.php\/2020\/10\/13\/selecao-enfrenta-peru-pela-segunda-rodada-das-eliminatorias\/\"]}]},{\"@type\":\"ImageObject\",\"inLanguage\":\"pt-BR\",\"@id\":\"https:\/\/jornalfatosenoticias.com.br\/index.php\/2020\/10\/13\/selecao-enfrenta-peru-pela-segunda-rodada-das-eliminatorias\/#primaryimage\",\"url\":\"https:\/\/jornalfatosenoticias.com.br\/wp-content\/uploads\/2020\/10\/Brasil-e-Peru.jpg\",\"contentUrl\":\"https:\/\/jornalfatosenoticias.com.br\/wp-content\/uploads\/2020\/10\/Brasil-e-Peru.jpg\",\"width\":1000,\"height\":598,\"caption\":\"Brasil e Peru disputam a final da Copa Am\u00e9rica 2019, no Maracan\u00e3.\"},{\"@type\":\"BreadcrumbList\",\"@id\":\"https:\/\/jornalfatosenoticias.com.br\/index.php\/2020\/10\/13\/selecao-enfrenta-peru-pela-segunda-rodada-das-eliminatorias\/#breadcrumb\",\"itemListElement\":[{\"@type\":\"ListItem\",\"position\":1,\"name\":\"In\u00edcio\",\"item\":\"https:\/\/jornalfatosenoticias.com.br\/\"},{\"@type\":\"ListItem\",\"position\":2,\"name\":\"Sele\u00e7\u00e3o enfrenta Peru pela segunda rodada das Eliminat\u00f3rias\"}]},{\"@type\":\"WebSite\",\"@id\":\"https:\/\/jornalfatosenoticias.com.br\/#website\",\"url\":\"https:\/\/jornalfatosenoticias.com.br\/\",\"name\":\"Jornal Fatos e Not\u00edcias\",\"description\":\"Not\u00edcias em geral\",\"publisher\":{\"@id\":\"https:\/\/jornalfatosenoticias.com.br\/#organization\"},\"potentialAction\":[{\"@type\":\"SearchAction\",\"target\":{\"@type\":\"EntryPoint\",\"urlTemplate\":\"https:\/\/jornalfatosenoticias.com.br\/?s={search_term_string}\"},\"query-input\":{\"@type\":\"PropertyValueSpecification\",\"valueRequired\":true,\"valueName\":\"search_term_string\"}}],\"inLanguage\":\"pt-BR\"},{\"@type\":\"Organization\",\"@id\":\"https:\/\/jornalfatosenoticias.com.br\/#organization\",\"name\":\"Jornal Fatos e Not\u00edcias\",\"url\":\"https:\/\/jornalfatosenoticias.com.br\/\",\"logo\":{\"@type\":\"ImageObject\",\"inLanguage\":\"pt-BR\",\"@id\":\"https:\/\/jornalfatosenoticias.com.br\/#\/schema\/logo\/image\/\",\"url\":\"https:\/\/jornalfatosenoticias.com.br\/wp-content\/uploads\/2020\/02\/logo120.png\",\"contentUrl\":\"https:\/\/jornalfatosenoticias.com.br\/wp-content\/uploads\/2020\/02\/logo120.png\",\"width\":1227,\"height\":120,\"caption\":\"Jornal Fatos e Not\u00edcias\"},\"image\":{\"@id\":\"https:\/\/jornalfatosenoticias.com.br\/#\/schema\/logo\/image\/\"}},{\"@type\":\"Person\",\"@id\":\"https:\/\/jornalfatosenoticias.com.br\/#\/schema\/person\/d63837fa13ac8666eb9e74e0985d6f81\",\"name\":\"Luzimara Fernandes\",\"image\":{\"@type\":\"ImageObject\",\"inLanguage\":\"pt-BR\",\"@id\":\"https:\/\/jornalfatosenoticias.com.br\/#\/schema\/person\/image\/\",\"url\":\"https:\/\/jornalfatosenoticias.com.br\/wp-content\/uploads\/2025\/05\/EU_portal.jpg\",\"contentUrl\":\"https:\/\/jornalfatosenoticias.com.br\/wp-content\/uploads\/2025\/05\/EU_portal.jpg\",\"caption\":\"Luzimara Fernandes\"},\"description\":\"Jornalista MTB 2358-ES\",\"sameAs\":[\"https:\/\/jornalfatosenoticias.com.br\"],\"url\":\"https:\/\/jornalfatosenoticias.com.br\/index.php\/author\/luzimara\/\"}]}<\/script>\n<!-- \/ Yoast SEO plugin. -->","yoast_head_json":{"title":"Sele\u00e7\u00e3o enfrenta Peru pela segunda rodada das Eliminat\u00f3rias - Jornal Fatos e Not\u00edcias","robots":{"index":"index","follow":"follow","max-snippet":"max-snippet:-1","max-image-preview":"max-image-preview:large","max-video-preview":"max-video-preview:-1"},"canonical":"https:\/\/jornalfatosenoticias.com.br\/index.php\/2020\/10\/13\/selecao-enfrenta-peru-pela-segunda-rodada-das-eliminatorias\/","og_locale":"pt_BR","og_type":"article","og_title":"Sele\u00e7\u00e3o enfrenta Peru pela segunda rodada das Eliminat\u00f3rias - Jornal Fatos e Not\u00edcias","og_description":"Este ser\u00e1 o jogo de n\u00famero 50 de Tite no comando do Brasil A sele\u00e7\u00e3o entra em campo nesta ter\u00e7a-feira (13) para enfrentar a equipe peruana em Lima pela segunda rodada das Eliminat\u00f3rias para a Copa do Mundo de 2022 (Catar). A partida, programada para come\u00e7ar \u00e0s 21h (hor\u00e1rio de Bras\u00edlia) no Est\u00e1dio Nacional (Lima), [&hellip;]","og_url":"https:\/\/jornalfatosenoticias.com.br\/index.php\/2020\/10\/13\/selecao-enfrenta-peru-pela-segunda-rodada-das-eliminatorias\/","og_site_name":"Jornal Fatos e Not\u00edcias","article_published_time":"2020-10-13T13:49:20+00:00","article_modified_time":"2020-10-13T13:49:26+00:00","og_image":[{"width":1000,"height":598,"url":"https:\/\/jornalfatosenoticias.com.br\/wp-content\/uploads\/2020\/10\/Brasil-e-Peru.jpg","type":"image\/jpeg"}],"author":"Luzimara Fernandes","twitter_card":"summary_large_image","twitter_misc":{"Escrito por":"Luzimara Fernandes","Est. tempo de leitura":"3 minutos"},"schema":{"@context":"https:\/\/schema.org","@graph":[{"@type":"Article","@id":"https:\/\/jornalfatosenoticias.com.br\/index.php\/2020\/10\/13\/selecao-enfrenta-peru-pela-segunda-rodada-das-eliminatorias\/#article","isPartOf":{"@id":"https:\/\/jornalfatosenoticias.com.br\/index.php\/2020\/10\/13\/selecao-enfrenta-peru-pela-segunda-rodada-das-eliminatorias\/"},"author":{"name":"Luzimara Fernandes","@id":"https:\/\/jornalfatosenoticias.com.br\/#\/schema\/person\/d63837fa13ac8666eb9e74e0985d6f81"},"headline":"Sele\u00e7\u00e3o enfrenta Peru pela segunda rodada das Eliminat\u00f3rias","datePublished":"2020-10-13T13:49:20+00:00","dateModified":"2020-10-13T13:49:26+00:00","mainEntityOfPage":{"@id":"https:\/\/jornalfatosenoticias.com.br\/index.php\/2020\/10\/13\/selecao-enfrenta-peru-pela-segunda-rodada-das-eliminatorias\/"},"wordCount":573,"commentCount":0,"publisher":{"@id":"https:\/\/jornalfatosenoticias.com.br\/#organization"},"image":{"@id":"https:\/\/jornalfatosenoticias.com.br\/index.php\/2020\/10\/13\/selecao-enfrenta-peru-pela-segunda-rodada-das-eliminatorias\/#primaryimage"},"thumbnailUrl":"https:\/\/jornalfatosenoticias.com.br\/wp-content\/uploads\/2020\/10\/Brasil-e-Peru.jpg","keywords":["Brasil","Copa de 2022","Copa do Catar","Copa do Mundo","eliminat\u00f3rias","Peru","Sele\u00e7\u00e3o Brasileira"],"articleSection":["Esportes"],"inLanguage":"pt-BR","potentialAction":[{"@type":"CommentAction","name":"Comment","target":["https:\/\/jornalfatosenoticias.com.br\/index.php\/2020\/10\/13\/selecao-enfrenta-peru-pela-segunda-rodada-das-eliminatorias\/#respond"]}]},{"@type":"WebPage","@id":"https:\/\/jornalfatosenoticias.com.br\/index.php\/2020\/10\/13\/selecao-enfrenta-peru-pela-segunda-rodada-das-eliminatorias\/","url":"https:\/\/jornalfatosenoticias.com.br\/index.php\/2020\/10\/13\/selecao-enfrenta-peru-pela-segunda-rodada-das-eliminatorias\/","name":"Sele\u00e7\u00e3o enfrenta Peru pela segunda rodada das Eliminat\u00f3rias - Jornal Fatos e Not\u00edcias","isPartOf":{"@id":"https:\/\/jornalfatosenoticias.com.br\/#website"},"primaryImageOfPage":{"@id":"https:\/\/jornalfatosenoticias.com.br\/index.php\/2020\/10\/13\/selecao-enfrenta-peru-pela-segunda-rodada-das-eliminatorias\/#primaryimage"},"image":{"@id":"https:\/\/jornalfatosenoticias.com.br\/index.php\/2020\/10\/13\/selecao-enfrenta-peru-pela-segunda-rodada-das-eliminatorias\/#primaryimage"},"thumbnailUrl":"https:\/\/jornalfatosenoticias.com.br\/wp-content\/uploads\/2020\/10\/Brasil-e-Peru.jpg","datePublished":"2020-10-13T13:49:20+00:00","dateModified":"2020-10-13T13:49:26+00:00","breadcrumb":{"@id":"https:\/\/jornalfatosenoticias.com.br\/index.php\/2020\/10\/13\/selecao-enfrenta-peru-pela-segunda-rodada-das-eliminatorias\/#breadcrumb"},"inLanguage":"pt-BR","potentialAction":[{"@type":"ReadAction","target":["https:\/\/jornalfatosenoticias.com.br\/index.php\/2020\/10\/13\/selecao-enfrenta-peru-pela-segunda-rodada-das-eliminatorias\/"]}]},{"@type":"ImageObject","inLanguage":"pt-BR","@id":"https:\/\/jornalfatosenoticias.com.br\/index.php\/2020\/10\/13\/selecao-enfrenta-peru-pela-segunda-rodada-das-eliminatorias\/#primaryimage","url":"https:\/\/jornalfatosenoticias.com.br\/wp-content\/uploads\/2020\/10\/Brasil-e-Peru.jpg","contentUrl":"https:\/\/jornalfatosenoticias.com.br\/wp-content\/uploads\/2020\/10\/Brasil-e-Peru.jpg","width":1000,"height":598,"caption":"Brasil e Peru disputam a final da Copa Am\u00e9rica 2019, no Maracan\u00e3."},{"@type":"BreadcrumbList","@id":"https:\/\/jornalfatosenoticias.com.br\/index.php\/2020\/10\/13\/selecao-enfrenta-peru-pela-segunda-rodada-das-eliminatorias\/#breadcrumb","itemListElement":[{"@type":"ListItem","position":1,"name":"In\u00edcio","item":"https:\/\/jornalfatosenoticias.com.br\/"},{"@type":"ListItem","position":2,"name":"Sele\u00e7\u00e3o enfrenta Peru pela segunda rodada das Eliminat\u00f3rias"}]},{"@type":"WebSite","@id":"https:\/\/jornalfatosenoticias.com.br\/#website","url":"https:\/\/jornalfatosenoticias.com.br\/","name":"Jornal Fatos e Not\u00edcias","description":"Not\u00edcias em geral","publisher":{"@id":"https:\/\/jornalfatosenoticias.com.br\/#organization"},"potentialAction":[{"@type":"SearchAction","target":{"@type":"EntryPoint","urlTemplate":"https:\/\/jornalfatosenoticias.com.br\/?s={search_term_string}"},"query-input":{"@type":"PropertyValueSpecification","valueRequired":true,"valueName":"search_term_string"}}],"inLanguage":"pt-BR"},{"@type":"Organization","@id":"https:\/\/jornalfatosenoticias.com.br\/#organization","name":"Jornal Fatos e Not\u00edcias","url":"https:\/\/jornalfatosenoticias.com.br\/","logo":{"@type":"ImageObject","inLanguage":"pt-BR","@id":"https:\/\/jornalfatosenoticias.com.br\/#\/schema\/logo\/image\/","url":"https:\/\/jornalfatosenoticias.com.br\/wp-content\/uploads\/2020\/02\/logo120.png","contentUrl":"https:\/\/jornalfatosenoticias.com.br\/wp-content\/uploads\/2020\/02\/logo120.png","width":1227,"height":120,"caption":"Jornal Fatos e Not\u00edcias"},"image":{"@id":"https:\/\/jornalfatosenoticias.com.br\/#\/schema\/logo\/image\/"}},{"@type":"Person","@id":"https:\/\/jornalfatosenoticias.com.br\/#\/schema\/person\/d63837fa13ac8666eb9e74e0985d6f81","name":"Luzimara Fernandes","image":{"@type":"ImageObject","inLanguage":"pt-BR","@id":"https:\/\/jornalfatosenoticias.com.br\/#\/schema\/person\/image\/","url":"https:\/\/jornalfatosenoticias.com.br\/wp-content\/uploads\/2025\/05\/EU_portal.jpg","contentUrl":"https:\/\/jornalfatosenoticias.com.br\/wp-content\/uploads\/2025\/05\/EU_portal.jpg","caption":"Luzimara Fernandes"},"description":"Jornalista MTB 2358-ES","sameAs":["https:\/\/jornalfatosenoticias.com.br"],"url":"https:\/\/jornalfatosenoticias.com.br\/index.php\/author\/luzimara\/"}]}},"cc_featured_image_caption":{"caption_text":"(Fernando Fraz\u00e3o\/Ag\u00eancia Brasil)\r\n","source_text":"","source_url":""},"jetpack_featured_media_url":"https:\/\/jornalfatosenoticias.com.br\/wp-content\/uploads\/2020\/10\/Brasil-e-Peru.jpg","_links":{"self":[{"href":"https:\/\/jornalfatosenoticias.com.br\/index.php\/wp-json\/wp\/v2\/posts\/9837","targetHints":{"allow":["GET"]}}],"collection":[{"href":"https:\/\/jornalfatosenoticias.com.br\/index.php\/wp-json\/wp\/v2\/posts"}],"about":[{"href":"https:\/\/jornalfatosenoticias.com.br\/index.php\/wp-json\/wp\/v2\/types\/post"}],"author":[{"embeddable":true,"href":"https:\/\/jornalfatosenoticias.com.br\/index.php\/wp-json\/wp\/v2\/users\/2"}],"replies":[{"embeddable":true,"href":"https:\/\/jornalfatosenoticias.com.br\/index.php\/wp-json\/wp\/v2\/comments?post=9837"}],"version-history":[{"count":0,"href":"https:\/\/jornalfatosenoticias.com.br\/index.php\/wp-json\/wp\/v2\/posts\/9837\/revisions"}],"wp:featuredmedia":[{"embeddable":true,"href":"https:\/\/jornalfatosenoticias.com.br\/index.php\/wp-json\/wp\/v2\/media\/9838"}],"wp:attachment":[{"href":"https:\/\/jornalfatosenoticias.com.br\/index.php\/wp-json\/wp\/v2\/media?parent=9837"}],"wp:term":[{"taxonomy":"category","embeddable":true,"href":"https:\/\/jornalfatosenoticias.com.br\/index.php\/wp-json\/wp\/v2\/categories?post=9837"},{"taxonomy":"post_tag","embeddable":true,"href":"https:\/\/jornalfatosenoticias.com.br\/index.php\/wp-json\/wp\/v2\/tags?post=9837"}],"curies":[{"name":"wp","href":"https:\/\/api.w.org\/{rel}","templated":true}]}}