{"id":9842,"date":"2020-10-13T10:59:35","date_gmt":"2020-10-13T13:59:35","guid":{"rendered":"https:\/\/jornalfatosenoticias.com.br\/?p=9842"},"modified":"2020-10-13T10:59:36","modified_gmt":"2020-10-13T13:59:36","slug":"conheca-as-medidas-de-seguranca-contra-covid-19-para-o-dia-da-votacao","status":"publish","type":"post","link":"https:\/\/jornalfatosenoticias.com.br\/index.php\/2020\/10\/13\/conheca-as-medidas-de-seguranca-contra-covid-19-para-o-dia-da-votacao\/","title":{"rendered":"Conhe\u00e7a as medidas de seguran\u00e7a contra covid-19 para o dia da vota\u00e7\u00e3o"},"content":{"rendered":"\n<h6 class=\"wp-block-heading\"><em>Protocolos ser\u00e3o adotados no primeiro e no segundo turno<\/em><\/h6>\n\n\n\n<p>Por causa da pandemia do novo coronav\u00edrus, uma s\u00e9rie de protocolos de seguran\u00e7a ser\u00e3o adotados pela Justi\u00e7a Eleitoral no primeiro e no segundo turno das elei\u00e7\u00f5es municipais nos dias 15 e 29 de novembro, respectivamente. Elaborado por uma equipe de especialistas dos hospitais Albert Einstein, S\u00edrio-Liban\u00eas e por t\u00e9cnicos da Funda\u00e7\u00e3o Oswaldo Cruz (Fiocruz), consultados pelo Tribunal Superior Eleitoral (TSE), o plano de seguran\u00e7a sanit\u00e1ria para as elei\u00e7\u00f5es municipais de 2020 \u00e9 focado em duas frentes: mes\u00e1rios e eleitor. Cartazes ilustrativos com o passo a passo da vota\u00e7\u00e3o ser\u00e3o fixados nas se\u00e7\u00f5es eleitorais.<\/p>\n\n\n\n<h4 class=\"wp-block-heading\">Eleitores<\/h4>\n\n\n\n<p><strong>Hor\u00e1rio de vota\u00e7\u00e3o ampliado:<\/strong> 7h da manh\u00e3 at\u00e9 as 17h. At\u00e9 as 10h ser\u00e1 preferencial para maiores de 60 anos.<\/p>\n\n\n\n<p><strong>M\u00e1scaras:<\/strong> uso obrigat\u00f3rio, sem ela o eleitor n\u00e3o poder\u00e1 votar. Caso seja necess\u00e1rio, o mes\u00e1rio pode pedir que o eleitor se afaste e abaixe a m\u00e1scara para conferir a foto na identidade.<\/p>\n\n\n\n<p><strong>Distanciamento: <\/strong>ser\u00e1 exigido m\u00ednimo de um metro.<\/p>\n\n\n\n<p><strong>Comida:<\/strong> n\u00e3o ser\u00e1 permitido comer ou beber nada na fila de espera. A medida \u00e9 para evitar que as pessoas tirem a m\u00e1scara.<\/p>\n\n\n\n<p><strong>\u00c1lcool em gel:<\/strong> ser\u00e1 distribu\u00eddo em todas as se\u00e7\u00f5es para que os eleitores limpem as m\u00e3os antes e depois da vota\u00e7\u00e3o.<\/p>\n\n\n\n<p><strong>Caneta: <\/strong>o TSE recomenda que os eleitores levem sua pr\u00f3pria caneta para assinar presen\u00e7a no caderno de vota\u00e7\u00e3o.<\/p>\n\n\n\n<p><strong>Mes\u00e1rios<\/strong> receber\u00e3o m\u00e1scaras e ter\u00e3o que troc\u00e1-las a cada quatro horas, usar \u00e1lcool e uma prote\u00e7\u00e3o facial de acetato (face shield), que ter\u00e1 de ser usada o tempo todo.<\/p>\n\n\n\n<h4 class=\"wp-block-heading\">Covid-19<\/h4>\n\n\n\n<p>Tanto mes\u00e1rios quanto eleitores que estiverem com sintomas da covid-19 no dia do pleito n\u00e3o devem comparecer ao local de vota\u00e7\u00e3o. Posteriormente, a aus\u00eancia poder\u00e1 ser justificada na Justi\u00e7a Eleitoral.<\/p>\n\n\n\n<p><strong><em>Fonte: <a href=\"https:\/\/agenciabrasil.ebc.com.br\/politica\/noticia\/2020-10\/conheca-medidas-de-seguranca-contra-covid-19-para-o-dia-da-votacao\">Ag\u00eancia Brasil<\/a><\/em><\/strong><\/p>\n","protected":false},"excerpt":{"rendered":"<p>Protocolos ser\u00e3o adotados no primeiro e no segundo turno Por causa da pandemia do novo coronav\u00edrus, uma s\u00e9rie de protocolos de seguran\u00e7a ser\u00e3o adotados pela Justi\u00e7a Eleitoral no primeiro e no segundo turno das elei\u00e7\u00f5es municipais nos dias 15 e 29 de novembro, respectivamente. Elaborado por uma equipe de especialistas dos hospitais Albert Einstein, S\u00edrio-Liban\u00eas [&hellip;]<\/p>\n","protected":false},"author":2,"featured_media":9843,"comment_status":"open","ping_status":"open","sticky":false,"template":"","format":"standard","meta":{"footnotes":""},"categories":[10],"tags":[73,1332,707,2681,1033,3429],"class_list":["post-9842","post","type-post","status-publish","format-standard","has-post-thumbnail","hentry","category-politica","tag-coronavirus","tag-eleicoes-2020","tag-medidas","tag-pandemia-covid-19","tag-seguranca","tag-votacao"],"yoast_head":"<!-- This site is optimized with the Yoast SEO plugin v26.5 - https:\/\/yoast.com\/wordpress\/plugins\/seo\/ -->\n<title>Conhe\u00e7a as medidas de seguran\u00e7a contra covid-19 para o dia da vota\u00e7\u00e3o - Jornal Fatos e Not\u00edcias<\/title>\n<meta name=\"robots\" content=\"index, follow, max-snippet:-1, max-image-preview:large, max-video-preview:-1\" \/>\n<link rel=\"canonical\" href=\"https:\/\/jornalfatosenoticias.com.br\/index.php\/2020\/10\/13\/conheca-as-medidas-de-seguranca-contra-covid-19-para-o-dia-da-votacao\/\" \/>\n<meta property=\"og:locale\" content=\"pt_BR\" \/>\n<meta property=\"og:type\" content=\"article\" \/>\n<meta property=\"og:title\" content=\"Conhe\u00e7a as medidas de seguran\u00e7a contra covid-19 para o dia da vota\u00e7\u00e3o - Jornal Fatos e Not\u00edcias\" \/>\n<meta property=\"og:description\" content=\"Protocolos ser\u00e3o adotados no primeiro e no segundo turno Por causa da pandemia do novo coronav\u00edrus, uma s\u00e9rie de protocolos de seguran\u00e7a ser\u00e3o adotados pela Justi\u00e7a Eleitoral no primeiro e no segundo turno das elei\u00e7\u00f5es municipais nos dias 15 e 29 de novembro, respectivamente. Elaborado por uma equipe de especialistas dos hospitais Albert Einstein, S\u00edrio-Liban\u00eas [&hellip;]\" \/>\n<meta property=\"og:url\" content=\"https:\/\/jornalfatosenoticias.com.br\/index.php\/2020\/10\/13\/conheca-as-medidas-de-seguranca-contra-covid-19-para-o-dia-da-votacao\/\" \/>\n<meta property=\"og:site_name\" content=\"Jornal Fatos e Not\u00edcias\" \/>\n<meta property=\"article:published_time\" content=\"2020-10-13T13:59:35+00:00\" \/>\n<meta property=\"article:modified_time\" content=\"2020-10-13T13:59:36+00:00\" \/>\n<meta property=\"og:image\" content=\"https:\/\/jornalfatosenoticias.com.br\/wp-content\/uploads\/2020\/10\/eleicoes_2020.jpg\" \/>\n\t<meta property=\"og:image:width\" content=\"1000\" \/>\n\t<meta property=\"og:image:height\" content=\"598\" \/>\n\t<meta property=\"og:image:type\" content=\"image\/jpeg\" \/>\n<meta name=\"author\" content=\"Luzimara Fernandes\" \/>\n<meta name=\"twitter:card\" content=\"summary_large_image\" \/>\n<meta name=\"twitter:label1\" content=\"Escrito por\" \/>\n\t<meta name=\"twitter:data1\" content=\"Luzimara Fernandes\" \/>\n\t<meta name=\"twitter:label2\" content=\"Est. tempo de leitura\" \/>\n\t<meta name=\"twitter:data2\" content=\"2 minutos\" \/>\n<script type=\"application\/ld+json\" class=\"yoast-schema-graph\">{\"@context\":\"https:\/\/schema.org\",\"@graph\":[{\"@type\":\"Article\",\"@id\":\"https:\/\/jornalfatosenoticias.com.br\/index.php\/2020\/10\/13\/conheca-as-medidas-de-seguranca-contra-covid-19-para-o-dia-da-votacao\/#article\",\"isPartOf\":{\"@id\":\"https:\/\/jornalfatosenoticias.com.br\/index.php\/2020\/10\/13\/conheca-as-medidas-de-seguranca-contra-covid-19-para-o-dia-da-votacao\/\"},\"author\":{\"name\":\"Luzimara Fernandes\",\"@id\":\"https:\/\/jornalfatosenoticias.com.br\/#\/schema\/person\/d63837fa13ac8666eb9e74e0985d6f81\"},\"headline\":\"Conhe\u00e7a as medidas de seguran\u00e7a contra covid-19 para o dia da vota\u00e7\u00e3o\",\"datePublished\":\"2020-10-13T13:59:35+00:00\",\"dateModified\":\"2020-10-13T13:59:36+00:00\",\"mainEntityOfPage\":{\"@id\":\"https:\/\/jornalfatosenoticias.com.br\/index.php\/2020\/10\/13\/conheca-as-medidas-de-seguranca-contra-covid-19-para-o-dia-da-votacao\/\"},\"wordCount\":344,\"commentCount\":0,\"publisher\":{\"@id\":\"https:\/\/jornalfatosenoticias.com.br\/#organization\"},\"image\":{\"@id\":\"https:\/\/jornalfatosenoticias.com.br\/index.php\/2020\/10\/13\/conheca-as-medidas-de-seguranca-contra-covid-19-para-o-dia-da-votacao\/#primaryimage\"},\"thumbnailUrl\":\"https:\/\/jornalfatosenoticias.com.br\/wp-content\/uploads\/2020\/10\/eleicoes_2020.jpg\",\"keywords\":[\"coronav\u00edrus\",\"Elei\u00e7\u00f5es 2020\",\"medidas\",\"pandemia covid-19\",\"seguran\u00e7a\",\"vota\u00e7\u00e3o\"],\"articleSection\":[\"Pol\u00edtica\"],\"inLanguage\":\"pt-BR\",\"potentialAction\":[{\"@type\":\"CommentAction\",\"name\":\"Comment\",\"target\":[\"https:\/\/jornalfatosenoticias.com.br\/index.php\/2020\/10\/13\/conheca-as-medidas-de-seguranca-contra-covid-19-para-o-dia-da-votacao\/#respond\"]}]},{\"@type\":\"WebPage\",\"@id\":\"https:\/\/jornalfatosenoticias.com.br\/index.php\/2020\/10\/13\/conheca-as-medidas-de-seguranca-contra-covid-19-para-o-dia-da-votacao\/\",\"url\":\"https:\/\/jornalfatosenoticias.com.br\/index.php\/2020\/10\/13\/conheca-as-medidas-de-seguranca-contra-covid-19-para-o-dia-da-votacao\/\",\"name\":\"Conhe\u00e7a as medidas de seguran\u00e7a contra covid-19 para o dia da vota\u00e7\u00e3o - Jornal Fatos e Not\u00edcias\",\"isPartOf\":{\"@id\":\"https:\/\/jornalfatosenoticias.com.br\/#website\"},\"primaryImageOfPage\":{\"@id\":\"https:\/\/jornalfatosenoticias.com.br\/index.php\/2020\/10\/13\/conheca-as-medidas-de-seguranca-contra-covid-19-para-o-dia-da-votacao\/#primaryimage\"},\"image\":{\"@id\":\"https:\/\/jornalfatosenoticias.com.br\/index.php\/2020\/10\/13\/conheca-as-medidas-de-seguranca-contra-covid-19-para-o-dia-da-votacao\/#primaryimage\"},\"thumbnailUrl\":\"https:\/\/jornalfatosenoticias.com.br\/wp-content\/uploads\/2020\/10\/eleicoes_2020.jpg\",\"datePublished\":\"2020-10-13T13:59:35+00:00\",\"dateModified\":\"2020-10-13T13:59:36+00:00\",\"breadcrumb\":{\"@id\":\"https:\/\/jornalfatosenoticias.com.br\/index.php\/2020\/10\/13\/conheca-as-medidas-de-seguranca-contra-covid-19-para-o-dia-da-votacao\/#breadcrumb\"},\"inLanguage\":\"pt-BR\",\"potentialAction\":[{\"@type\":\"ReadAction\",\"target\":[\"https:\/\/jornalfatosenoticias.com.br\/index.php\/2020\/10\/13\/conheca-as-medidas-de-seguranca-contra-covid-19-para-o-dia-da-votacao\/\"]}]},{\"@type\":\"ImageObject\",\"inLanguage\":\"pt-BR\",\"@id\":\"https:\/\/jornalfatosenoticias.com.br\/index.php\/2020\/10\/13\/conheca-as-medidas-de-seguranca-contra-covid-19-para-o-dia-da-votacao\/#primaryimage\",\"url\":\"https:\/\/jornalfatosenoticias.com.br\/wp-content\/uploads\/2020\/10\/eleicoes_2020.jpg\",\"contentUrl\":\"https:\/\/jornalfatosenoticias.com.br\/wp-content\/uploads\/2020\/10\/eleicoes_2020.jpg\",\"width\":1000,\"height\":598},{\"@type\":\"BreadcrumbList\",\"@id\":\"https:\/\/jornalfatosenoticias.com.br\/index.php\/2020\/10\/13\/conheca-as-medidas-de-seguranca-contra-covid-19-para-o-dia-da-votacao\/#breadcrumb\",\"itemListElement\":[{\"@type\":\"ListItem\",\"position\":1,\"name\":\"In\u00edcio\",\"item\":\"https:\/\/jornalfatosenoticias.com.br\/\"},{\"@type\":\"ListItem\",\"position\":2,\"name\":\"Conhe\u00e7a as medidas de seguran\u00e7a contra covid-19 para o dia da vota\u00e7\u00e3o\"}]},{\"@type\":\"WebSite\",\"@id\":\"https:\/\/jornalfatosenoticias.com.br\/#website\",\"url\":\"https:\/\/jornalfatosenoticias.com.br\/\",\"name\":\"Jornal Fatos e Not\u00edcias\",\"description\":\"Not\u00edcias em geral\",\"publisher\":{\"@id\":\"https:\/\/jornalfatosenoticias.com.br\/#organization\"},\"potentialAction\":[{\"@type\":\"SearchAction\",\"target\":{\"@type\":\"EntryPoint\",\"urlTemplate\":\"https:\/\/jornalfatosenoticias.com.br\/?s={search_term_string}\"},\"query-input\":{\"@type\":\"PropertyValueSpecification\",\"valueRequired\":true,\"valueName\":\"search_term_string\"}}],\"inLanguage\":\"pt-BR\"},{\"@type\":\"Organization\",\"@id\":\"https:\/\/jornalfatosenoticias.com.br\/#organization\",\"name\":\"Jornal Fatos e Not\u00edcias\",\"url\":\"https:\/\/jornalfatosenoticias.com.br\/\",\"logo\":{\"@type\":\"ImageObject\",\"inLanguage\":\"pt-BR\",\"@id\":\"https:\/\/jornalfatosenoticias.com.br\/#\/schema\/logo\/image\/\",\"url\":\"https:\/\/jornalfatosenoticias.com.br\/wp-content\/uploads\/2020\/02\/logo120.png\",\"contentUrl\":\"https:\/\/jornalfatosenoticias.com.br\/wp-content\/uploads\/2020\/02\/logo120.png\",\"width\":1227,\"height\":120,\"caption\":\"Jornal Fatos e Not\u00edcias\"},\"image\":{\"@id\":\"https:\/\/jornalfatosenoticias.com.br\/#\/schema\/logo\/image\/\"}},{\"@type\":\"Person\",\"@id\":\"https:\/\/jornalfatosenoticias.com.br\/#\/schema\/person\/d63837fa13ac8666eb9e74e0985d6f81\",\"name\":\"Luzimara Fernandes\",\"image\":{\"@type\":\"ImageObject\",\"inLanguage\":\"pt-BR\",\"@id\":\"https:\/\/jornalfatosenoticias.com.br\/#\/schema\/person\/image\/\",\"url\":\"https:\/\/jornalfatosenoticias.com.br\/wp-content\/uploads\/2025\/05\/EU_portal.jpg\",\"contentUrl\":\"https:\/\/jornalfatosenoticias.com.br\/wp-content\/uploads\/2025\/05\/EU_portal.jpg\",\"caption\":\"Luzimara Fernandes\"},\"description\":\"Jornalista MTB 2358-ES\",\"sameAs\":[\"https:\/\/jornalfatosenoticias.com.br\"],\"url\":\"https:\/\/jornalfatosenoticias.com.br\/index.php\/author\/luzimara\/\"}]}<\/script>\n<!-- \/ Yoast SEO plugin. -->","yoast_head_json":{"title":"Conhe\u00e7a as medidas de seguran\u00e7a contra covid-19 para o dia da vota\u00e7\u00e3o - Jornal Fatos e Not\u00edcias","robots":{"index":"index","follow":"follow","max-snippet":"max-snippet:-1","max-image-preview":"max-image-preview:large","max-video-preview":"max-video-preview:-1"},"canonical":"https:\/\/jornalfatosenoticias.com.br\/index.php\/2020\/10\/13\/conheca-as-medidas-de-seguranca-contra-covid-19-para-o-dia-da-votacao\/","og_locale":"pt_BR","og_type":"article","og_title":"Conhe\u00e7a as medidas de seguran\u00e7a contra covid-19 para o dia da vota\u00e7\u00e3o - Jornal Fatos e Not\u00edcias","og_description":"Protocolos ser\u00e3o adotados no primeiro e no segundo turno Por causa da pandemia do novo coronav\u00edrus, uma s\u00e9rie de protocolos de seguran\u00e7a ser\u00e3o adotados pela Justi\u00e7a Eleitoral no primeiro e no segundo turno das elei\u00e7\u00f5es municipais nos dias 15 e 29 de novembro, respectivamente. Elaborado por uma equipe de especialistas dos hospitais Albert Einstein, S\u00edrio-Liban\u00eas [&hellip;]","og_url":"https:\/\/jornalfatosenoticias.com.br\/index.php\/2020\/10\/13\/conheca-as-medidas-de-seguranca-contra-covid-19-para-o-dia-da-votacao\/","og_site_name":"Jornal Fatos e Not\u00edcias","article_published_time":"2020-10-13T13:59:35+00:00","article_modified_time":"2020-10-13T13:59:36+00:00","og_image":[{"width":1000,"height":598,"url":"https:\/\/jornalfatosenoticias.com.br\/wp-content\/uploads\/2020\/10\/eleicoes_2020.jpg","type":"image\/jpeg"}],"author":"Luzimara Fernandes","twitter_card":"summary_large_image","twitter_misc":{"Escrito por":"Luzimara Fernandes","Est. tempo de leitura":"2 minutos"},"schema":{"@context":"https:\/\/schema.org","@graph":[{"@type":"Article","@id":"https:\/\/jornalfatosenoticias.com.br\/index.php\/2020\/10\/13\/conheca-as-medidas-de-seguranca-contra-covid-19-para-o-dia-da-votacao\/#article","isPartOf":{"@id":"https:\/\/jornalfatosenoticias.com.br\/index.php\/2020\/10\/13\/conheca-as-medidas-de-seguranca-contra-covid-19-para-o-dia-da-votacao\/"},"author":{"name":"Luzimara Fernandes","@id":"https:\/\/jornalfatosenoticias.com.br\/#\/schema\/person\/d63837fa13ac8666eb9e74e0985d6f81"},"headline":"Conhe\u00e7a as medidas de seguran\u00e7a contra covid-19 para o dia da vota\u00e7\u00e3o","datePublished":"2020-10-13T13:59:35+00:00","dateModified":"2020-10-13T13:59:36+00:00","mainEntityOfPage":{"@id":"https:\/\/jornalfatosenoticias.com.br\/index.php\/2020\/10\/13\/conheca-as-medidas-de-seguranca-contra-covid-19-para-o-dia-da-votacao\/"},"wordCount":344,"commentCount":0,"publisher":{"@id":"https:\/\/jornalfatosenoticias.com.br\/#organization"},"image":{"@id":"https:\/\/jornalfatosenoticias.com.br\/index.php\/2020\/10\/13\/conheca-as-medidas-de-seguranca-contra-covid-19-para-o-dia-da-votacao\/#primaryimage"},"thumbnailUrl":"https:\/\/jornalfatosenoticias.com.br\/wp-content\/uploads\/2020\/10\/eleicoes_2020.jpg","keywords":["coronav\u00edrus","Elei\u00e7\u00f5es 2020","medidas","pandemia covid-19","seguran\u00e7a","vota\u00e7\u00e3o"],"articleSection":["Pol\u00edtica"],"inLanguage":"pt-BR","potentialAction":[{"@type":"CommentAction","name":"Comment","target":["https:\/\/jornalfatosenoticias.com.br\/index.php\/2020\/10\/13\/conheca-as-medidas-de-seguranca-contra-covid-19-para-o-dia-da-votacao\/#respond"]}]},{"@type":"WebPage","@id":"https:\/\/jornalfatosenoticias.com.br\/index.php\/2020\/10\/13\/conheca-as-medidas-de-seguranca-contra-covid-19-para-o-dia-da-votacao\/","url":"https:\/\/jornalfatosenoticias.com.br\/index.php\/2020\/10\/13\/conheca-as-medidas-de-seguranca-contra-covid-19-para-o-dia-da-votacao\/","name":"Conhe\u00e7a as medidas de seguran\u00e7a contra covid-19 para o dia da vota\u00e7\u00e3o - Jornal Fatos e Not\u00edcias","isPartOf":{"@id":"https:\/\/jornalfatosenoticias.com.br\/#website"},"primaryImageOfPage":{"@id":"https:\/\/jornalfatosenoticias.com.br\/index.php\/2020\/10\/13\/conheca-as-medidas-de-seguranca-contra-covid-19-para-o-dia-da-votacao\/#primaryimage"},"image":{"@id":"https:\/\/jornalfatosenoticias.com.br\/index.php\/2020\/10\/13\/conheca-as-medidas-de-seguranca-contra-covid-19-para-o-dia-da-votacao\/#primaryimage"},"thumbnailUrl":"https:\/\/jornalfatosenoticias.com.br\/wp-content\/uploads\/2020\/10\/eleicoes_2020.jpg","datePublished":"2020-10-13T13:59:35+00:00","dateModified":"2020-10-13T13:59:36+00:00","breadcrumb":{"@id":"https:\/\/jornalfatosenoticias.com.br\/index.php\/2020\/10\/13\/conheca-as-medidas-de-seguranca-contra-covid-19-para-o-dia-da-votacao\/#breadcrumb"},"inLanguage":"pt-BR","potentialAction":[{"@type":"ReadAction","target":["https:\/\/jornalfatosenoticias.com.br\/index.php\/2020\/10\/13\/conheca-as-medidas-de-seguranca-contra-covid-19-para-o-dia-da-votacao\/"]}]},{"@type":"ImageObject","inLanguage":"pt-BR","@id":"https:\/\/jornalfatosenoticias.com.br\/index.php\/2020\/10\/13\/conheca-as-medidas-de-seguranca-contra-covid-19-para-o-dia-da-votacao\/#primaryimage","url":"https:\/\/jornalfatosenoticias.com.br\/wp-content\/uploads\/2020\/10\/eleicoes_2020.jpg","contentUrl":"https:\/\/jornalfatosenoticias.com.br\/wp-content\/uploads\/2020\/10\/eleicoes_2020.jpg","width":1000,"height":598},{"@type":"BreadcrumbList","@id":"https:\/\/jornalfatosenoticias.com.br\/index.php\/2020\/10\/13\/conheca-as-medidas-de-seguranca-contra-covid-19-para-o-dia-da-votacao\/#breadcrumb","itemListElement":[{"@type":"ListItem","position":1,"name":"In\u00edcio","item":"https:\/\/jornalfatosenoticias.com.br\/"},{"@type":"ListItem","position":2,"name":"Conhe\u00e7a as medidas de seguran\u00e7a contra covid-19 para o dia da vota\u00e7\u00e3o"}]},{"@type":"WebSite","@id":"https:\/\/jornalfatosenoticias.com.br\/#website","url":"https:\/\/jornalfatosenoticias.com.br\/","name":"Jornal Fatos e Not\u00edcias","description":"Not\u00edcias em geral","publisher":{"@id":"https:\/\/jornalfatosenoticias.com.br\/#organization"},"potentialAction":[{"@type":"SearchAction","target":{"@type":"EntryPoint","urlTemplate":"https:\/\/jornalfatosenoticias.com.br\/?s={search_term_string}"},"query-input":{"@type":"PropertyValueSpecification","valueRequired":true,"valueName":"search_term_string"}}],"inLanguage":"pt-BR"},{"@type":"Organization","@id":"https:\/\/jornalfatosenoticias.com.br\/#organization","name":"Jornal Fatos e Not\u00edcias","url":"https:\/\/jornalfatosenoticias.com.br\/","logo":{"@type":"ImageObject","inLanguage":"pt-BR","@id":"https:\/\/jornalfatosenoticias.com.br\/#\/schema\/logo\/image\/","url":"https:\/\/jornalfatosenoticias.com.br\/wp-content\/uploads\/2020\/02\/logo120.png","contentUrl":"https:\/\/jornalfatosenoticias.com.br\/wp-content\/uploads\/2020\/02\/logo120.png","width":1227,"height":120,"caption":"Jornal Fatos e Not\u00edcias"},"image":{"@id":"https:\/\/jornalfatosenoticias.com.br\/#\/schema\/logo\/image\/"}},{"@type":"Person","@id":"https:\/\/jornalfatosenoticias.com.br\/#\/schema\/person\/d63837fa13ac8666eb9e74e0985d6f81","name":"Luzimara Fernandes","image":{"@type":"ImageObject","inLanguage":"pt-BR","@id":"https:\/\/jornalfatosenoticias.com.br\/#\/schema\/person\/image\/","url":"https:\/\/jornalfatosenoticias.com.br\/wp-content\/uploads\/2025\/05\/EU_portal.jpg","contentUrl":"https:\/\/jornalfatosenoticias.com.br\/wp-content\/uploads\/2025\/05\/EU_portal.jpg","caption":"Luzimara Fernandes"},"description":"Jornalista MTB 2358-ES","sameAs":["https:\/\/jornalfatosenoticias.com.br"],"url":"https:\/\/jornalfatosenoticias.com.br\/index.php\/author\/luzimara\/"}]}},"cc_featured_image_caption":{"caption_text":"(Foto: Ag\u00eancia Brasil)","source_text":"","source_url":""},"jetpack_featured_media_url":"https:\/\/jornalfatosenoticias.com.br\/wp-content\/uploads\/2020\/10\/eleicoes_2020.jpg","_links":{"self":[{"href":"https:\/\/jornalfatosenoticias.com.br\/index.php\/wp-json\/wp\/v2\/posts\/9842","targetHints":{"allow":["GET"]}}],"collection":[{"href":"https:\/\/jornalfatosenoticias.com.br\/index.php\/wp-json\/wp\/v2\/posts"}],"about":[{"href":"https:\/\/jornalfatosenoticias.com.br\/index.php\/wp-json\/wp\/v2\/types\/post"}],"author":[{"embeddable":true,"href":"https:\/\/jornalfatosenoticias.com.br\/index.php\/wp-json\/wp\/v2\/users\/2"}],"replies":[{"embeddable":true,"href":"https:\/\/jornalfatosenoticias.com.br\/index.php\/wp-json\/wp\/v2\/comments?post=9842"}],"version-history":[{"count":0,"href":"https:\/\/jornalfatosenoticias.com.br\/index.php\/wp-json\/wp\/v2\/posts\/9842\/revisions"}],"wp:featuredmedia":[{"embeddable":true,"href":"https:\/\/jornalfatosenoticias.com.br\/index.php\/wp-json\/wp\/v2\/media\/9843"}],"wp:attachment":[{"href":"https:\/\/jornalfatosenoticias.com.br\/index.php\/wp-json\/wp\/v2\/media?parent=9842"}],"wp:term":[{"taxonomy":"category","embeddable":true,"href":"https:\/\/jornalfatosenoticias.com.br\/index.php\/wp-json\/wp\/v2\/categories?post=9842"},{"taxonomy":"post_tag","embeddable":true,"href":"https:\/\/jornalfatosenoticias.com.br\/index.php\/wp-json\/wp\/v2\/tags?post=9842"}],"curies":[{"name":"wp","href":"https:\/\/api.w.org\/{rel}","templated":true}]}}