{"id":9858,"date":"2020-10-13T14:48:12","date_gmt":"2020-10-13T17:48:12","guid":{"rendered":"https:\/\/jornalfatosenoticias.com.br\/?p=9858"},"modified":"2020-10-13T14:48:16","modified_gmt":"2020-10-13T17:48:16","slug":"consumo-de-alimentos-processados-cresce-entre-mais-pobres-durante-pandemia","status":"publish","type":"post","link":"https:\/\/jornalfatosenoticias.com.br\/index.php\/2020\/10\/13\/consumo-de-alimentos-processados-cresce-entre-mais-pobres-durante-pandemia\/","title":{"rendered":"Consumo de alimentos processados cresce entre mais pobres durante pandemia"},"content":{"rendered":"\n<h6 class=\"wp-block-heading\"><em>Resultados preliminares de estudo da USP apontam desigualdade na alimenta\u00e7\u00e3o do brasileiro: classes A e B aumentaram o consumo de frutas e verduras no mesmo per\u00edodo<\/em><\/h6>\n\n\n\n<p>Durante o isolamento social exigido na pandemia, um dos aspectos da vida cotidiana atingido foi a alimenta\u00e7\u00e3o. Por\u00e9m, de acordo com acompanhamento que est\u00e1 sendo realizado pelo N\u00facleo de Pesquisas epidemiol\u00f3gicas em Nutri\u00e7\u00e3o e Sa\u00fade da Universidade de S\u00e3o Paulo (USP), as mudan\u00e7as ocorridas ao longo dos \u00faltimos meses apenas refor\u00e7aram os h\u00e1bitos alimentares caracter\u00edsticos de acordo com as classes sociais. Entre as classes A e B, houve aumento do consumo de frutas e verduras, enquanto a ingest\u00e3o de alimentos processados e pouco nutritivos subiu entre os mais carentes.<br>A pesquisa dever\u00e1 ser conclu\u00edda dentro de dois anos, quando apresentar\u00e1 um retrato completo das transforma\u00e7\u00f5es na mesa do brasileiro impostas pelo novo coronav\u00edrus. Ela \u00e9 feita por meio do envio de question\u00e1rios on-line aos participantes de todo o Brasil \u2014 o recrutamento de novos volunt\u00e1rios est\u00e1 sendo realizado pelo site nutrinetbrasil.fsp.usp.br.<br>Ap\u00f3s a primeira an\u00e1lise \u2014 feita com base na coleta de dados de 10 mil participantes \u2014 constatou-se que o \u00edndice de ingest\u00e3o de produtos saud\u00e1veis como hortali\u00e7as e frutas aumentou de 40,2% para 44,6% durante a pandemia entre as classes sociais A e B.<\/p>\n\n\n\n<blockquote class=\"wp-block-quote is-layout-flow wp-block-quote-is-layout-flow\"><p>&#8220;Com a impossibilidade de praticar esportes, muitas pessoas come\u00e7aram a caprichar na alimenta\u00e7\u00e3o para continuarem saud\u00e1veis\u201d, afirma o nutr\u00f3logo Celso Cukier, do Hospital Israelita Albert Einstein.<\/p><\/blockquote>\n\n\n\n<p>Ponto positivo encontrado pelo estudo, que analisou as respostas dos participantes antes do primeiro caso de coronav\u00edrus no Brasil e quando as pol\u00edticas de isolamento estavam mais rigorosas, foi a prepara\u00e7\u00e3o da comida pelos pr\u00f3prios consumidores. \u201cAs pessoas passaram mais tempo com a fam\u00edlia e com o fog\u00e3o\u201d, complementa Cukier.<br>Na outra ponta, no entanto, a popula\u00e7\u00e3o de baixa renda teve agravada a qualidade da dieta. No Nordeste, uma das duas regi\u00f5es mais pobres do Pa\u00eds, o consumo de alimentos industrializados aumentou de 8,8% para 10,9%. Entre indiv\u00edduos com baixa escolaridade tamb\u00e9m foi registrada eleva\u00e7\u00e3o.<\/p>\n\n\n\n<h4 class=\"wp-block-heading\">Junk Food<\/h4>\n\n\n\n<p>Um recorte do p\u00fablico adolescente, feito pela Sociedade Brasileira de Urologia a partir de entrevistas on-line com 267 jovens, revelou que, depois da chegada do novo coronav\u00edrus ao Brasil, o consumo de junk foods \u2014 alimentos cal\u00f3ricos e de baixa qualidade nutritiva \u2014 aumentou 54%. Nada menos do que 67% dos entrevistados disseram ingerir refrigerantes de um a dois dias ao longo da semana.<br>Ansiedade foi o principal motivo que empurrou os adolescentes para o fast food. Os alimentos contidos nesse g\u00eanero de refei\u00e7\u00e3o costumam ser ricos em gordura e a\u00e7\u00facar, nutrientes que atuam sobre o sistema cerebral de recompensa atenuando temporariamente sensa\u00e7\u00f5es desconfort\u00e1veis. Com o tempo, no entanto, a busca cont\u00ednua pelo al\u00edvio por meio da comida pode levar \u00e0 depend\u00eancia, da mesma forma que outros gatilhos como os h\u00e1bitos de fazer compras ou sexo em excesso. Por isso, \u00e9 preciso ficar alerta. A qualquer sinal de instala\u00e7\u00e3o de depend\u00eancia, deve-se procurar ajuda m\u00e9dica para evitar que o ciclo se perpetue.<\/p>\n\n\n\n<p><strong><em>Fonte: <a href=\"https:\/\/revistagalileu.globo.com\/Sociedade\/Comportamento\/noticia\/2020\/10\/consumo-de-alimentos-processados-cresce-entre-mais-pobres-durante-pandemia.html\">Revista Galileu<\/a><\/em><\/strong><\/p>\n","protected":false},"excerpt":{"rendered":"<p>Resultados preliminares de estudo da USP apontam desigualdade na alimenta\u00e7\u00e3o do brasileiro: classes A e B aumentaram o consumo de frutas e verduras no mesmo per\u00edodo Durante o isolamento social exigido na pandemia, um dos aspectos da vida cotidiana atingido foi a alimenta\u00e7\u00e3o. Por\u00e9m, de acordo com acompanhamento que est\u00e1 sendo realizado pelo N\u00facleo de [&hellip;]<\/p>\n","protected":false},"author":2,"featured_media":9859,"comment_status":"open","ping_status":"open","sticky":false,"template":"","format":"standard","meta":{"footnotes":""},"categories":[2522],"tags":[1216,2279,862,330,5339],"class_list":["post-9858","post","type-post","status-publish","format-standard","has-post-thumbnail","hentry","category-comportamento","tag-alimentacao","tag-ansiedade","tag-isolamento-social","tag-pandemia","tag-pratica-de-esportes"],"yoast_head":"<!-- This site is optimized with the Yoast SEO plugin v26.5 - https:\/\/yoast.com\/wordpress\/plugins\/seo\/ -->\n<title>Consumo de alimentos processados cresce entre mais pobres durante pandemia - Jornal Fatos e Not\u00edcias<\/title>\n<meta name=\"robots\" content=\"index, follow, max-snippet:-1, max-image-preview:large, max-video-preview:-1\" \/>\n<link rel=\"canonical\" href=\"https:\/\/jornalfatosenoticias.com.br\/index.php\/2020\/10\/13\/consumo-de-alimentos-processados-cresce-entre-mais-pobres-durante-pandemia\/\" \/>\n<meta property=\"og:locale\" content=\"pt_BR\" \/>\n<meta property=\"og:type\" content=\"article\" \/>\n<meta property=\"og:title\" content=\"Consumo de alimentos processados cresce entre mais pobres durante pandemia - Jornal Fatos e Not\u00edcias\" \/>\n<meta property=\"og:description\" content=\"Resultados preliminares de estudo da USP apontam desigualdade na alimenta\u00e7\u00e3o do brasileiro: classes A e B aumentaram o consumo de frutas e verduras no mesmo per\u00edodo Durante o isolamento social exigido na pandemia, um dos aspectos da vida cotidiana atingido foi a alimenta\u00e7\u00e3o. Por\u00e9m, de acordo com acompanhamento que est\u00e1 sendo realizado pelo N\u00facleo de [&hellip;]\" \/>\n<meta property=\"og:url\" content=\"https:\/\/jornalfatosenoticias.com.br\/index.php\/2020\/10\/13\/consumo-de-alimentos-processados-cresce-entre-mais-pobres-durante-pandemia\/\" \/>\n<meta property=\"og:site_name\" content=\"Jornal Fatos e Not\u00edcias\" \/>\n<meta property=\"article:published_time\" content=\"2020-10-13T17:48:12+00:00\" \/>\n<meta property=\"article:modified_time\" content=\"2020-10-13T17:48:16+00:00\" \/>\n<meta property=\"og:image\" content=\"https:\/\/jornalfatosenoticias.com.br\/wp-content\/uploads\/2020\/10\/fast-food_pexels-robin-stickel.jpg\" \/>\n\t<meta property=\"og:image:width\" content=\"1000\" \/>\n\t<meta property=\"og:image:height\" content=\"664\" \/>\n\t<meta property=\"og:image:type\" content=\"image\/jpeg\" \/>\n<meta name=\"author\" content=\"Luzimara Fernandes\" \/>\n<meta name=\"twitter:card\" content=\"summary_large_image\" \/>\n<meta name=\"twitter:label1\" content=\"Escrito por\" \/>\n\t<meta name=\"twitter:data1\" content=\"Luzimara Fernandes\" \/>\n\t<meta name=\"twitter:label2\" content=\"Est. tempo de leitura\" \/>\n\t<meta name=\"twitter:data2\" content=\"3 minutos\" \/>\n<script type=\"application\/ld+json\" class=\"yoast-schema-graph\">{\"@context\":\"https:\/\/schema.org\",\"@graph\":[{\"@type\":\"Article\",\"@id\":\"https:\/\/jornalfatosenoticias.com.br\/index.php\/2020\/10\/13\/consumo-de-alimentos-processados-cresce-entre-mais-pobres-durante-pandemia\/#article\",\"isPartOf\":{\"@id\":\"https:\/\/jornalfatosenoticias.com.br\/index.php\/2020\/10\/13\/consumo-de-alimentos-processados-cresce-entre-mais-pobres-durante-pandemia\/\"},\"author\":{\"name\":\"Luzimara Fernandes\",\"@id\":\"https:\/\/jornalfatosenoticias.com.br\/#\/schema\/person\/d63837fa13ac8666eb9e74e0985d6f81\"},\"headline\":\"Consumo de alimentos processados cresce entre mais pobres durante pandemia\",\"datePublished\":\"2020-10-13T17:48:12+00:00\",\"dateModified\":\"2020-10-13T17:48:16+00:00\",\"mainEntityOfPage\":{\"@id\":\"https:\/\/jornalfatosenoticias.com.br\/index.php\/2020\/10\/13\/consumo-de-alimentos-processados-cresce-entre-mais-pobres-durante-pandemia\/\"},\"wordCount\":552,\"commentCount\":0,\"publisher\":{\"@id\":\"https:\/\/jornalfatosenoticias.com.br\/#organization\"},\"image\":{\"@id\":\"https:\/\/jornalfatosenoticias.com.br\/index.php\/2020\/10\/13\/consumo-de-alimentos-processados-cresce-entre-mais-pobres-durante-pandemia\/#primaryimage\"},\"thumbnailUrl\":\"https:\/\/jornalfatosenoticias.com.br\/wp-content\/uploads\/2020\/10\/fast-food_pexels-robin-stickel.jpg\",\"keywords\":[\"alimenta\u00e7\u00e3o\",\"ansiedade\",\"isolamento social\",\"pandemia\",\"pr\u00e1tica de esportes\"],\"articleSection\":[\"Comportamento &amp; Equil\u00edbrio\"],\"inLanguage\":\"pt-BR\",\"potentialAction\":[{\"@type\":\"CommentAction\",\"name\":\"Comment\",\"target\":[\"https:\/\/jornalfatosenoticias.com.br\/index.php\/2020\/10\/13\/consumo-de-alimentos-processados-cresce-entre-mais-pobres-durante-pandemia\/#respond\"]}]},{\"@type\":\"WebPage\",\"@id\":\"https:\/\/jornalfatosenoticias.com.br\/index.php\/2020\/10\/13\/consumo-de-alimentos-processados-cresce-entre-mais-pobres-durante-pandemia\/\",\"url\":\"https:\/\/jornalfatosenoticias.com.br\/index.php\/2020\/10\/13\/consumo-de-alimentos-processados-cresce-entre-mais-pobres-durante-pandemia\/\",\"name\":\"Consumo de alimentos processados cresce entre mais pobres durante pandemia - Jornal Fatos e Not\u00edcias\",\"isPartOf\":{\"@id\":\"https:\/\/jornalfatosenoticias.com.br\/#website\"},\"primaryImageOfPage\":{\"@id\":\"https:\/\/jornalfatosenoticias.com.br\/index.php\/2020\/10\/13\/consumo-de-alimentos-processados-cresce-entre-mais-pobres-durante-pandemia\/#primaryimage\"},\"image\":{\"@id\":\"https:\/\/jornalfatosenoticias.com.br\/index.php\/2020\/10\/13\/consumo-de-alimentos-processados-cresce-entre-mais-pobres-durante-pandemia\/#primaryimage\"},\"thumbnailUrl\":\"https:\/\/jornalfatosenoticias.com.br\/wp-content\/uploads\/2020\/10\/fast-food_pexels-robin-stickel.jpg\",\"datePublished\":\"2020-10-13T17:48:12+00:00\",\"dateModified\":\"2020-10-13T17:48:16+00:00\",\"breadcrumb\":{\"@id\":\"https:\/\/jornalfatosenoticias.com.br\/index.php\/2020\/10\/13\/consumo-de-alimentos-processados-cresce-entre-mais-pobres-durante-pandemia\/#breadcrumb\"},\"inLanguage\":\"pt-BR\",\"potentialAction\":[{\"@type\":\"ReadAction\",\"target\":[\"https:\/\/jornalfatosenoticias.com.br\/index.php\/2020\/10\/13\/consumo-de-alimentos-processados-cresce-entre-mais-pobres-durante-pandemia\/\"]}]},{\"@type\":\"ImageObject\",\"inLanguage\":\"pt-BR\",\"@id\":\"https:\/\/jornalfatosenoticias.com.br\/index.php\/2020\/10\/13\/consumo-de-alimentos-processados-cresce-entre-mais-pobres-durante-pandemia\/#primaryimage\",\"url\":\"https:\/\/jornalfatosenoticias.com.br\/wp-content\/uploads\/2020\/10\/fast-food_pexels-robin-stickel.jpg\",\"contentUrl\":\"https:\/\/jornalfatosenoticias.com.br\/wp-content\/uploads\/2020\/10\/fast-food_pexels-robin-stickel.jpg\",\"width\":1000,\"height\":664},{\"@type\":\"BreadcrumbList\",\"@id\":\"https:\/\/jornalfatosenoticias.com.br\/index.php\/2020\/10\/13\/consumo-de-alimentos-processados-cresce-entre-mais-pobres-durante-pandemia\/#breadcrumb\",\"itemListElement\":[{\"@type\":\"ListItem\",\"position\":1,\"name\":\"In\u00edcio\",\"item\":\"https:\/\/jornalfatosenoticias.com.br\/\"},{\"@type\":\"ListItem\",\"position\":2,\"name\":\"Consumo de alimentos processados cresce entre mais pobres durante pandemia\"}]},{\"@type\":\"WebSite\",\"@id\":\"https:\/\/jornalfatosenoticias.com.br\/#website\",\"url\":\"https:\/\/jornalfatosenoticias.com.br\/\",\"name\":\"Jornal Fatos e Not\u00edcias\",\"description\":\"Not\u00edcias em geral\",\"publisher\":{\"@id\":\"https:\/\/jornalfatosenoticias.com.br\/#organization\"},\"potentialAction\":[{\"@type\":\"SearchAction\",\"target\":{\"@type\":\"EntryPoint\",\"urlTemplate\":\"https:\/\/jornalfatosenoticias.com.br\/?s={search_term_string}\"},\"query-input\":{\"@type\":\"PropertyValueSpecification\",\"valueRequired\":true,\"valueName\":\"search_term_string\"}}],\"inLanguage\":\"pt-BR\"},{\"@type\":\"Organization\",\"@id\":\"https:\/\/jornalfatosenoticias.com.br\/#organization\",\"name\":\"Jornal Fatos e Not\u00edcias\",\"url\":\"https:\/\/jornalfatosenoticias.com.br\/\",\"logo\":{\"@type\":\"ImageObject\",\"inLanguage\":\"pt-BR\",\"@id\":\"https:\/\/jornalfatosenoticias.com.br\/#\/schema\/logo\/image\/\",\"url\":\"https:\/\/jornalfatosenoticias.com.br\/wp-content\/uploads\/2020\/02\/logo120.png\",\"contentUrl\":\"https:\/\/jornalfatosenoticias.com.br\/wp-content\/uploads\/2020\/02\/logo120.png\",\"width\":1227,\"height\":120,\"caption\":\"Jornal Fatos e Not\u00edcias\"},\"image\":{\"@id\":\"https:\/\/jornalfatosenoticias.com.br\/#\/schema\/logo\/image\/\"}},{\"@type\":\"Person\",\"@id\":\"https:\/\/jornalfatosenoticias.com.br\/#\/schema\/person\/d63837fa13ac8666eb9e74e0985d6f81\",\"name\":\"Luzimara Fernandes\",\"image\":{\"@type\":\"ImageObject\",\"inLanguage\":\"pt-BR\",\"@id\":\"https:\/\/jornalfatosenoticias.com.br\/#\/schema\/person\/image\/\",\"url\":\"https:\/\/jornalfatosenoticias.com.br\/wp-content\/uploads\/2025\/05\/EU_portal.jpg\",\"contentUrl\":\"https:\/\/jornalfatosenoticias.com.br\/wp-content\/uploads\/2025\/05\/EU_portal.jpg\",\"caption\":\"Luzimara Fernandes\"},\"description\":\"Jornalista MTB 2358-ES\",\"sameAs\":[\"https:\/\/jornalfatosenoticias.com.br\"],\"url\":\"https:\/\/jornalfatosenoticias.com.br\/index.php\/author\/luzimara\/\"}]}<\/script>\n<!-- \/ Yoast SEO plugin. -->","yoast_head_json":{"title":"Consumo de alimentos processados cresce entre mais pobres durante pandemia - Jornal Fatos e Not\u00edcias","robots":{"index":"index","follow":"follow","max-snippet":"max-snippet:-1","max-image-preview":"max-image-preview:large","max-video-preview":"max-video-preview:-1"},"canonical":"https:\/\/jornalfatosenoticias.com.br\/index.php\/2020\/10\/13\/consumo-de-alimentos-processados-cresce-entre-mais-pobres-durante-pandemia\/","og_locale":"pt_BR","og_type":"article","og_title":"Consumo de alimentos processados cresce entre mais pobres durante pandemia - Jornal Fatos e Not\u00edcias","og_description":"Resultados preliminares de estudo da USP apontam desigualdade na alimenta\u00e7\u00e3o do brasileiro: classes A e B aumentaram o consumo de frutas e verduras no mesmo per\u00edodo Durante o isolamento social exigido na pandemia, um dos aspectos da vida cotidiana atingido foi a alimenta\u00e7\u00e3o. Por\u00e9m, de acordo com acompanhamento que est\u00e1 sendo realizado pelo N\u00facleo de [&hellip;]","og_url":"https:\/\/jornalfatosenoticias.com.br\/index.php\/2020\/10\/13\/consumo-de-alimentos-processados-cresce-entre-mais-pobres-durante-pandemia\/","og_site_name":"Jornal Fatos e Not\u00edcias","article_published_time":"2020-10-13T17:48:12+00:00","article_modified_time":"2020-10-13T17:48:16+00:00","og_image":[{"width":1000,"height":664,"url":"https:\/\/jornalfatosenoticias.com.br\/wp-content\/uploads\/2020\/10\/fast-food_pexels-robin-stickel.jpg","type":"image\/jpeg"}],"author":"Luzimara Fernandes","twitter_card":"summary_large_image","twitter_misc":{"Escrito por":"Luzimara Fernandes","Est. tempo de leitura":"3 minutos"},"schema":{"@context":"https:\/\/schema.org","@graph":[{"@type":"Article","@id":"https:\/\/jornalfatosenoticias.com.br\/index.php\/2020\/10\/13\/consumo-de-alimentos-processados-cresce-entre-mais-pobres-durante-pandemia\/#article","isPartOf":{"@id":"https:\/\/jornalfatosenoticias.com.br\/index.php\/2020\/10\/13\/consumo-de-alimentos-processados-cresce-entre-mais-pobres-durante-pandemia\/"},"author":{"name":"Luzimara Fernandes","@id":"https:\/\/jornalfatosenoticias.com.br\/#\/schema\/person\/d63837fa13ac8666eb9e74e0985d6f81"},"headline":"Consumo de alimentos processados cresce entre mais pobres durante pandemia","datePublished":"2020-10-13T17:48:12+00:00","dateModified":"2020-10-13T17:48:16+00:00","mainEntityOfPage":{"@id":"https:\/\/jornalfatosenoticias.com.br\/index.php\/2020\/10\/13\/consumo-de-alimentos-processados-cresce-entre-mais-pobres-durante-pandemia\/"},"wordCount":552,"commentCount":0,"publisher":{"@id":"https:\/\/jornalfatosenoticias.com.br\/#organization"},"image":{"@id":"https:\/\/jornalfatosenoticias.com.br\/index.php\/2020\/10\/13\/consumo-de-alimentos-processados-cresce-entre-mais-pobres-durante-pandemia\/#primaryimage"},"thumbnailUrl":"https:\/\/jornalfatosenoticias.com.br\/wp-content\/uploads\/2020\/10\/fast-food_pexels-robin-stickel.jpg","keywords":["alimenta\u00e7\u00e3o","ansiedade","isolamento social","pandemia","pr\u00e1tica de esportes"],"articleSection":["Comportamento &amp; Equil\u00edbrio"],"inLanguage":"pt-BR","potentialAction":[{"@type":"CommentAction","name":"Comment","target":["https:\/\/jornalfatosenoticias.com.br\/index.php\/2020\/10\/13\/consumo-de-alimentos-processados-cresce-entre-mais-pobres-durante-pandemia\/#respond"]}]},{"@type":"WebPage","@id":"https:\/\/jornalfatosenoticias.com.br\/index.php\/2020\/10\/13\/consumo-de-alimentos-processados-cresce-entre-mais-pobres-durante-pandemia\/","url":"https:\/\/jornalfatosenoticias.com.br\/index.php\/2020\/10\/13\/consumo-de-alimentos-processados-cresce-entre-mais-pobres-durante-pandemia\/","name":"Consumo de alimentos processados cresce entre mais pobres durante pandemia - Jornal Fatos e Not\u00edcias","isPartOf":{"@id":"https:\/\/jornalfatosenoticias.com.br\/#website"},"primaryImageOfPage":{"@id":"https:\/\/jornalfatosenoticias.com.br\/index.php\/2020\/10\/13\/consumo-de-alimentos-processados-cresce-entre-mais-pobres-durante-pandemia\/#primaryimage"},"image":{"@id":"https:\/\/jornalfatosenoticias.com.br\/index.php\/2020\/10\/13\/consumo-de-alimentos-processados-cresce-entre-mais-pobres-durante-pandemia\/#primaryimage"},"thumbnailUrl":"https:\/\/jornalfatosenoticias.com.br\/wp-content\/uploads\/2020\/10\/fast-food_pexels-robin-stickel.jpg","datePublished":"2020-10-13T17:48:12+00:00","dateModified":"2020-10-13T17:48:16+00:00","breadcrumb":{"@id":"https:\/\/jornalfatosenoticias.com.br\/index.php\/2020\/10\/13\/consumo-de-alimentos-processados-cresce-entre-mais-pobres-durante-pandemia\/#breadcrumb"},"inLanguage":"pt-BR","potentialAction":[{"@type":"ReadAction","target":["https:\/\/jornalfatosenoticias.com.br\/index.php\/2020\/10\/13\/consumo-de-alimentos-processados-cresce-entre-mais-pobres-durante-pandemia\/"]}]},{"@type":"ImageObject","inLanguage":"pt-BR","@id":"https:\/\/jornalfatosenoticias.com.br\/index.php\/2020\/10\/13\/consumo-de-alimentos-processados-cresce-entre-mais-pobres-durante-pandemia\/#primaryimage","url":"https:\/\/jornalfatosenoticias.com.br\/wp-content\/uploads\/2020\/10\/fast-food_pexels-robin-stickel.jpg","contentUrl":"https:\/\/jornalfatosenoticias.com.br\/wp-content\/uploads\/2020\/10\/fast-food_pexels-robin-stickel.jpg","width":1000,"height":664},{"@type":"BreadcrumbList","@id":"https:\/\/jornalfatosenoticias.com.br\/index.php\/2020\/10\/13\/consumo-de-alimentos-processados-cresce-entre-mais-pobres-durante-pandemia\/#breadcrumb","itemListElement":[{"@type":"ListItem","position":1,"name":"In\u00edcio","item":"https:\/\/jornalfatosenoticias.com.br\/"},{"@type":"ListItem","position":2,"name":"Consumo de alimentos processados cresce entre mais pobres durante pandemia"}]},{"@type":"WebSite","@id":"https:\/\/jornalfatosenoticias.com.br\/#website","url":"https:\/\/jornalfatosenoticias.com.br\/","name":"Jornal Fatos e Not\u00edcias","description":"Not\u00edcias em geral","publisher":{"@id":"https:\/\/jornalfatosenoticias.com.br\/#organization"},"potentialAction":[{"@type":"SearchAction","target":{"@type":"EntryPoint","urlTemplate":"https:\/\/jornalfatosenoticias.com.br\/?s={search_term_string}"},"query-input":{"@type":"PropertyValueSpecification","valueRequired":true,"valueName":"search_term_string"}}],"inLanguage":"pt-BR"},{"@type":"Organization","@id":"https:\/\/jornalfatosenoticias.com.br\/#organization","name":"Jornal Fatos e Not\u00edcias","url":"https:\/\/jornalfatosenoticias.com.br\/","logo":{"@type":"ImageObject","inLanguage":"pt-BR","@id":"https:\/\/jornalfatosenoticias.com.br\/#\/schema\/logo\/image\/","url":"https:\/\/jornalfatosenoticias.com.br\/wp-content\/uploads\/2020\/02\/logo120.png","contentUrl":"https:\/\/jornalfatosenoticias.com.br\/wp-content\/uploads\/2020\/02\/logo120.png","width":1227,"height":120,"caption":"Jornal Fatos e Not\u00edcias"},"image":{"@id":"https:\/\/jornalfatosenoticias.com.br\/#\/schema\/logo\/image\/"}},{"@type":"Person","@id":"https:\/\/jornalfatosenoticias.com.br\/#\/schema\/person\/d63837fa13ac8666eb9e74e0985d6f81","name":"Luzimara Fernandes","image":{"@type":"ImageObject","inLanguage":"pt-BR","@id":"https:\/\/jornalfatosenoticias.com.br\/#\/schema\/person\/image\/","url":"https:\/\/jornalfatosenoticias.com.br\/wp-content\/uploads\/2025\/05\/EU_portal.jpg","contentUrl":"https:\/\/jornalfatosenoticias.com.br\/wp-content\/uploads\/2025\/05\/EU_portal.jpg","caption":"Luzimara Fernandes"},"description":"Jornalista MTB 2358-ES","sameAs":["https:\/\/jornalfatosenoticias.com.br"],"url":"https:\/\/jornalfatosenoticias.com.br\/index.php\/author\/luzimara\/"}]}},"cc_featured_image_caption":{"caption_text":"(Foto: Robin Stickel\/Pexels)","source_text":"","source_url":""},"jetpack_featured_media_url":"https:\/\/jornalfatosenoticias.com.br\/wp-content\/uploads\/2020\/10\/fast-food_pexels-robin-stickel.jpg","_links":{"self":[{"href":"https:\/\/jornalfatosenoticias.com.br\/index.php\/wp-json\/wp\/v2\/posts\/9858","targetHints":{"allow":["GET"]}}],"collection":[{"href":"https:\/\/jornalfatosenoticias.com.br\/index.php\/wp-json\/wp\/v2\/posts"}],"about":[{"href":"https:\/\/jornalfatosenoticias.com.br\/index.php\/wp-json\/wp\/v2\/types\/post"}],"author":[{"embeddable":true,"href":"https:\/\/jornalfatosenoticias.com.br\/index.php\/wp-json\/wp\/v2\/users\/2"}],"replies":[{"embeddable":true,"href":"https:\/\/jornalfatosenoticias.com.br\/index.php\/wp-json\/wp\/v2\/comments?post=9858"}],"version-history":[{"count":0,"href":"https:\/\/jornalfatosenoticias.com.br\/index.php\/wp-json\/wp\/v2\/posts\/9858\/revisions"}],"wp:featuredmedia":[{"embeddable":true,"href":"https:\/\/jornalfatosenoticias.com.br\/index.php\/wp-json\/wp\/v2\/media\/9859"}],"wp:attachment":[{"href":"https:\/\/jornalfatosenoticias.com.br\/index.php\/wp-json\/wp\/v2\/media?parent=9858"}],"wp:term":[{"taxonomy":"category","embeddable":true,"href":"https:\/\/jornalfatosenoticias.com.br\/index.php\/wp-json\/wp\/v2\/categories?post=9858"},{"taxonomy":"post_tag","embeddable":true,"href":"https:\/\/jornalfatosenoticias.com.br\/index.php\/wp-json\/wp\/v2\/tags?post=9858"}],"curies":[{"name":"wp","href":"https:\/\/api.w.org\/{rel}","templated":true}]}}