{"id":9872,"date":"2020-10-13T15:42:01","date_gmt":"2020-10-13T18:42:01","guid":{"rendered":"https:\/\/jornalfatosenoticias.com.br\/?p=9872"},"modified":"2020-10-13T15:42:02","modified_gmt":"2020-10-13T18:42:02","slug":"aulas-presenciais-nas-escolas-da-rede-publica-estadual-retornam-nesta-terca-feira-13","status":"publish","type":"post","link":"https:\/\/jornalfatosenoticias.com.br\/index.php\/2020\/10\/13\/aulas-presenciais-nas-escolas-da-rede-publica-estadual-retornam-nesta-terca-feira-13\/","title":{"rendered":"Aulas presenciais nas escolas da Rede P\u00fablica Estadual retornam nesta ter\u00e7a-feira (13)"},"content":{"rendered":"\n<p>As aulas presenciais das escolas da Rede Estadual retornaram nesta ter\u00e7a-feira (13), seguindo todo o protocolo que a Portaria Conjunta Sesa\/Sedu traz, como uso de \u00e1lcool em gel, uso de m\u00e1scaras, aferi\u00e7\u00e3o de temperatura, sinaliza\u00e7\u00e3o de distanciamento dentro das escolas, organiza\u00e7\u00e3o dentro das salas de aulas com nova disposi\u00e7\u00e3o das carteiras, dentre outras medidas. As aulas retornam por etapa, come\u00e7ando pelo Ensino M\u00e9dio, Educa\u00e7\u00e3o de Jovens e Adultos (EJA) e Educa\u00e7\u00e3o Profissional, seguido pelo Fundamental 2 e, por \u00faltimo, Fundamental 1, com intervalo de 15 dias entre uma etapa e outra, ap\u00f3s a data de retorno de cada etapa, em regime de revezamento.<br>O secret\u00e1rio de Estado da Educa\u00e7\u00e3o, V\u00edtor de \u00c2ngelo, visitou, na manh\u00e3 desta ter\u00e7a-feira, tr\u00eas unidades de Ensino na Regi\u00e3o Metropolitana, para conversar com alunos e professores. Ele esteve na Escola Estadual de Ensino Fundamental e M\u00e9dio (EEEFM) Major Alfredo Pedro Rabayolli, em Vit\u00f3ria; e nas escolas de Cariacica EEEFM Ary Parreiras e EEEFM Hunney Everest Piovesan.<br>&#8220;Estamos preparados para receber nossos alunos. Neste primeiro momento, 314 escolas da Rede Estadual est\u00e3o habilitadas a retornarem com as aulas presenciais, incluindo escolas de Ensino M\u00e9dio, Educa\u00e7\u00e3o de Jovens e Adultos e Educa\u00e7\u00e3o Profissional. Com base nos Termos de Manifesta\u00e7\u00e3o de Interesse, assinado pelos pais, estima-se que cerca de 25% dos alunos retornaram, nesta ter\u00e7a-feira (13), para as aulas presenciais&#8221;, afirmou o secret\u00e1rio.<br>Coube \u00e0s fam\u00edlias fazer a escolha quanto \u00e0 presen\u00e7a ou n\u00e3o de seus filhos na escola. Uma das estudantes que optou em retornar foi Edjane Moreira Oliveira, da 3\u00aa s\u00e9rie do Ensino M\u00e9dio, da Escola Ary Parreiras. <\/p>\n\n\n\n<blockquote class=\"wp-block-quote is-layout-flow wp-block-quote-is-layout-flow\"><p>&#8220;Eu decidi voltar porque eu vi que a escola est\u00e1 muito bem organizada, com o fornecimento de m\u00e1scaras e todas as demais medidas em combate ao v\u00edrus. Em casa \u00e9 um pouco mais dif\u00edcil de focar nos estudos e aqui eu consigo aprender mais\u201d, disse a aluna.<\/p><\/blockquote>\n\n\n\n<h4 class=\"wp-block-heading\">Medidas sanit\u00e1rias<\/h4>\n\n\n\n<p>Com investimento superior a R$ 12 milh\u00f5es, o Governo do Estado sinalizou os ambientes escolares e colocou \u00e0 disposi\u00e7\u00e3o de alunos e profissionais o material de higiene necess\u00e1rio, como \u00e1lcool em gel, sabonetes, m\u00e1scaras e equipamentos para uso de \u00e1lcool em gel. O retorno das aulas presenciais tamb\u00e9m conta com monitoramento rigoroso das medidas sanit\u00e1rias adotadas.<br>Outra medida adotada \u00e9 a realiza\u00e7\u00e3o do inqu\u00e9rito sorol\u00f3gico com profissionais e alunos da Rede. Ser\u00e3o coletadas pela Secretaria da Sa\u00fade (Sesa) amostras da comunidade escolar capixaba durante o inqu\u00e9rito. Tamb\u00e9m ser\u00e1 realizado o Censo Sorol\u00f3gico, em que ser\u00e3o convidados todos os trabalhadores da Rede Estadual de Educa\u00e7\u00e3o para trazer um mapeamento de 100% dos profissionais. Na escola, alunos e profissionais ter\u00e3o a temperatura aferida todos os dias na entrada para as aulas presenciais.<\/p>\n\n\n\n<h4 class=\"wp-block-heading\">Continuidade das atividades remotas<\/h4>\n\n\n\n<p>O Programa EscoLAR seguir\u00e1 complementando as aulas presenciais e preenchendo o tempo da semana em que n\u00e3o ter\u00e1 aula presencial, com aulas remotas. As Atividades Pedag\u00f3gicas N\u00e3o Presenciais (APNPs) permitiram os estudos de forma remota, por meio da transmiss\u00e3o de conte\u00fados em TV aberta, da utiliza\u00e7\u00e3o da plataforma Google Sala de Aula e do aplicativo do programa cujo acesso contou com o pacote de dados fornecido pelo Governo do Estado.<\/p>\n\n\n\n<p><strong><em>Fonte: <a href=\"https:\/\/www.es.gov.br\/Noticia\/aulas-presenciais-nas-escolas-da-rede-publica-estadual-retornam-nesta-terca-feira-13\">Governo do ES<\/a><\/em><\/strong><\/p>\n","protected":false},"excerpt":{"rendered":"<p>As aulas presenciais das escolas da Rede Estadual retornaram nesta ter\u00e7a-feira (13), seguindo todo o protocolo que a Portaria Conjunta Sesa\/Sedu traz, como uso de \u00e1lcool em gel, uso de m\u00e1scaras, aferi\u00e7\u00e3o de temperatura, sinaliza\u00e7\u00e3o de distanciamento dentro das escolas, organiza\u00e7\u00e3o dentro das salas de aulas com nova disposi\u00e7\u00e3o das carteiras, dentre outras medidas. As [&hellip;]<\/p>\n","protected":false},"author":2,"featured_media":9873,"comment_status":"open","ping_status":"open","sticky":false,"template":"","format":"standard","meta":{"footnotes":""},"categories":[7],"tags":[4218,345,5345],"class_list":["post-9872","post","type-post","status-publish","format-standard","has-post-thumbnail","hentry","category-educacao","tag-aulas-presenciais","tag-educacao","tag-rede-publica"],"yoast_head":"<!-- This site is optimized with the Yoast SEO plugin v26.5 - https:\/\/yoast.com\/wordpress\/plugins\/seo\/ -->\n<title>Aulas presenciais nas escolas da Rede P\u00fablica Estadual retornam nesta ter\u00e7a-feira (13) - Jornal Fatos e Not\u00edcias<\/title>\n<meta name=\"robots\" content=\"index, follow, max-snippet:-1, max-image-preview:large, max-video-preview:-1\" \/>\n<link rel=\"canonical\" href=\"https:\/\/jornalfatosenoticias.com.br\/index.php\/2020\/10\/13\/aulas-presenciais-nas-escolas-da-rede-publica-estadual-retornam-nesta-terca-feira-13\/\" \/>\n<meta property=\"og:locale\" content=\"pt_BR\" \/>\n<meta property=\"og:type\" content=\"article\" \/>\n<meta property=\"og:title\" content=\"Aulas presenciais nas escolas da Rede P\u00fablica Estadual retornam nesta ter\u00e7a-feira (13) - Jornal Fatos e Not\u00edcias\" \/>\n<meta property=\"og:description\" content=\"As aulas presenciais das escolas da Rede Estadual retornaram nesta ter\u00e7a-feira (13), seguindo todo o protocolo que a Portaria Conjunta Sesa\/Sedu traz, como uso de \u00e1lcool em gel, uso de m\u00e1scaras, aferi\u00e7\u00e3o de temperatura, sinaliza\u00e7\u00e3o de distanciamento dentro das escolas, organiza\u00e7\u00e3o dentro das salas de aulas com nova disposi\u00e7\u00e3o das carteiras, dentre outras medidas. As [&hellip;]\" \/>\n<meta property=\"og:url\" content=\"https:\/\/jornalfatosenoticias.com.br\/index.php\/2020\/10\/13\/aulas-presenciais-nas-escolas-da-rede-publica-estadual-retornam-nesta-terca-feira-13\/\" \/>\n<meta property=\"og:site_name\" content=\"Jornal Fatos e Not\u00edcias\" \/>\n<meta property=\"article:published_time\" content=\"2020-10-13T18:42:01+00:00\" \/>\n<meta property=\"article:modified_time\" content=\"2020-10-13T18:42:02+00:00\" \/>\n<meta property=\"og:image\" content=\"https:\/\/jornalfatosenoticias.com.br\/wp-content\/uploads\/2020\/10\/aulas_retorno.jpeg\" \/>\n\t<meta property=\"og:image:width\" content=\"1000\" \/>\n\t<meta property=\"og:image:height\" content=\"750\" \/>\n\t<meta property=\"og:image:type\" content=\"image\/jpeg\" \/>\n<meta name=\"author\" content=\"Luzimara Fernandes\" \/>\n<meta name=\"twitter:card\" content=\"summary_large_image\" \/>\n<meta name=\"twitter:label1\" content=\"Escrito por\" \/>\n\t<meta name=\"twitter:data1\" content=\"Luzimara Fernandes\" \/>\n\t<meta name=\"twitter:label2\" content=\"Est. tempo de leitura\" \/>\n\t<meta name=\"twitter:data2\" content=\"3 minutos\" \/>\n<script type=\"application\/ld+json\" class=\"yoast-schema-graph\">{\"@context\":\"https:\/\/schema.org\",\"@graph\":[{\"@type\":\"Article\",\"@id\":\"https:\/\/jornalfatosenoticias.com.br\/index.php\/2020\/10\/13\/aulas-presenciais-nas-escolas-da-rede-publica-estadual-retornam-nesta-terca-feira-13\/#article\",\"isPartOf\":{\"@id\":\"https:\/\/jornalfatosenoticias.com.br\/index.php\/2020\/10\/13\/aulas-presenciais-nas-escolas-da-rede-publica-estadual-retornam-nesta-terca-feira-13\/\"},\"author\":{\"name\":\"Luzimara Fernandes\",\"@id\":\"https:\/\/jornalfatosenoticias.com.br\/#\/schema\/person\/d63837fa13ac8666eb9e74e0985d6f81\"},\"headline\":\"Aulas presenciais nas escolas da Rede P\u00fablica Estadual retornam nesta ter\u00e7a-feira (13)\",\"datePublished\":\"2020-10-13T18:42:01+00:00\",\"dateModified\":\"2020-10-13T18:42:02+00:00\",\"mainEntityOfPage\":{\"@id\":\"https:\/\/jornalfatosenoticias.com.br\/index.php\/2020\/10\/13\/aulas-presenciais-nas-escolas-da-rede-publica-estadual-retornam-nesta-terca-feira-13\/\"},\"wordCount\":576,\"commentCount\":0,\"publisher\":{\"@id\":\"https:\/\/jornalfatosenoticias.com.br\/#organization\"},\"image\":{\"@id\":\"https:\/\/jornalfatosenoticias.com.br\/index.php\/2020\/10\/13\/aulas-presenciais-nas-escolas-da-rede-publica-estadual-retornam-nesta-terca-feira-13\/#primaryimage\"},\"thumbnailUrl\":\"https:\/\/jornalfatosenoticias.com.br\/wp-content\/uploads\/2020\/10\/aulas_retorno.jpeg\",\"keywords\":[\"aulas presenciais\",\"educa\u00e7\u00e3o\",\"rede p\u00fablica\"],\"articleSection\":[\"Educa\u00e7\u00e3o\"],\"inLanguage\":\"pt-BR\",\"potentialAction\":[{\"@type\":\"CommentAction\",\"name\":\"Comment\",\"target\":[\"https:\/\/jornalfatosenoticias.com.br\/index.php\/2020\/10\/13\/aulas-presenciais-nas-escolas-da-rede-publica-estadual-retornam-nesta-terca-feira-13\/#respond\"]}]},{\"@type\":\"WebPage\",\"@id\":\"https:\/\/jornalfatosenoticias.com.br\/index.php\/2020\/10\/13\/aulas-presenciais-nas-escolas-da-rede-publica-estadual-retornam-nesta-terca-feira-13\/\",\"url\":\"https:\/\/jornalfatosenoticias.com.br\/index.php\/2020\/10\/13\/aulas-presenciais-nas-escolas-da-rede-publica-estadual-retornam-nesta-terca-feira-13\/\",\"name\":\"Aulas presenciais nas escolas da Rede P\u00fablica Estadual retornam nesta ter\u00e7a-feira (13) - Jornal Fatos e Not\u00edcias\",\"isPartOf\":{\"@id\":\"https:\/\/jornalfatosenoticias.com.br\/#website\"},\"primaryImageOfPage\":{\"@id\":\"https:\/\/jornalfatosenoticias.com.br\/index.php\/2020\/10\/13\/aulas-presenciais-nas-escolas-da-rede-publica-estadual-retornam-nesta-terca-feira-13\/#primaryimage\"},\"image\":{\"@id\":\"https:\/\/jornalfatosenoticias.com.br\/index.php\/2020\/10\/13\/aulas-presenciais-nas-escolas-da-rede-publica-estadual-retornam-nesta-terca-feira-13\/#primaryimage\"},\"thumbnailUrl\":\"https:\/\/jornalfatosenoticias.com.br\/wp-content\/uploads\/2020\/10\/aulas_retorno.jpeg\",\"datePublished\":\"2020-10-13T18:42:01+00:00\",\"dateModified\":\"2020-10-13T18:42:02+00:00\",\"breadcrumb\":{\"@id\":\"https:\/\/jornalfatosenoticias.com.br\/index.php\/2020\/10\/13\/aulas-presenciais-nas-escolas-da-rede-publica-estadual-retornam-nesta-terca-feira-13\/#breadcrumb\"},\"inLanguage\":\"pt-BR\",\"potentialAction\":[{\"@type\":\"ReadAction\",\"target\":[\"https:\/\/jornalfatosenoticias.com.br\/index.php\/2020\/10\/13\/aulas-presenciais-nas-escolas-da-rede-publica-estadual-retornam-nesta-terca-feira-13\/\"]}]},{\"@type\":\"ImageObject\",\"inLanguage\":\"pt-BR\",\"@id\":\"https:\/\/jornalfatosenoticias.com.br\/index.php\/2020\/10\/13\/aulas-presenciais-nas-escolas-da-rede-publica-estadual-retornam-nesta-terca-feira-13\/#primaryimage\",\"url\":\"https:\/\/jornalfatosenoticias.com.br\/wp-content\/uploads\/2020\/10\/aulas_retorno.jpeg\",\"contentUrl\":\"https:\/\/jornalfatosenoticias.com.br\/wp-content\/uploads\/2020\/10\/aulas_retorno.jpeg\",\"width\":1000,\"height\":750},{\"@type\":\"BreadcrumbList\",\"@id\":\"https:\/\/jornalfatosenoticias.com.br\/index.php\/2020\/10\/13\/aulas-presenciais-nas-escolas-da-rede-publica-estadual-retornam-nesta-terca-feira-13\/#breadcrumb\",\"itemListElement\":[{\"@type\":\"ListItem\",\"position\":1,\"name\":\"In\u00edcio\",\"item\":\"https:\/\/jornalfatosenoticias.com.br\/\"},{\"@type\":\"ListItem\",\"position\":2,\"name\":\"Aulas presenciais nas escolas da Rede P\u00fablica Estadual retornam nesta ter\u00e7a-feira (13)\"}]},{\"@type\":\"WebSite\",\"@id\":\"https:\/\/jornalfatosenoticias.com.br\/#website\",\"url\":\"https:\/\/jornalfatosenoticias.com.br\/\",\"name\":\"Jornal Fatos e Not\u00edcias\",\"description\":\"Not\u00edcias em geral\",\"publisher\":{\"@id\":\"https:\/\/jornalfatosenoticias.com.br\/#organization\"},\"potentialAction\":[{\"@type\":\"SearchAction\",\"target\":{\"@type\":\"EntryPoint\",\"urlTemplate\":\"https:\/\/jornalfatosenoticias.com.br\/?s={search_term_string}\"},\"query-input\":{\"@type\":\"PropertyValueSpecification\",\"valueRequired\":true,\"valueName\":\"search_term_string\"}}],\"inLanguage\":\"pt-BR\"},{\"@type\":\"Organization\",\"@id\":\"https:\/\/jornalfatosenoticias.com.br\/#organization\",\"name\":\"Jornal Fatos e Not\u00edcias\",\"url\":\"https:\/\/jornalfatosenoticias.com.br\/\",\"logo\":{\"@type\":\"ImageObject\",\"inLanguage\":\"pt-BR\",\"@id\":\"https:\/\/jornalfatosenoticias.com.br\/#\/schema\/logo\/image\/\",\"url\":\"https:\/\/jornalfatosenoticias.com.br\/wp-content\/uploads\/2020\/02\/logo120.png\",\"contentUrl\":\"https:\/\/jornalfatosenoticias.com.br\/wp-content\/uploads\/2020\/02\/logo120.png\",\"width\":1227,\"height\":120,\"caption\":\"Jornal Fatos e Not\u00edcias\"},\"image\":{\"@id\":\"https:\/\/jornalfatosenoticias.com.br\/#\/schema\/logo\/image\/\"}},{\"@type\":\"Person\",\"@id\":\"https:\/\/jornalfatosenoticias.com.br\/#\/schema\/person\/d63837fa13ac8666eb9e74e0985d6f81\",\"name\":\"Luzimara Fernandes\",\"image\":{\"@type\":\"ImageObject\",\"inLanguage\":\"pt-BR\",\"@id\":\"https:\/\/jornalfatosenoticias.com.br\/#\/schema\/person\/image\/\",\"url\":\"https:\/\/jornalfatosenoticias.com.br\/wp-content\/uploads\/2025\/05\/EU_portal.jpg\",\"contentUrl\":\"https:\/\/jornalfatosenoticias.com.br\/wp-content\/uploads\/2025\/05\/EU_portal.jpg\",\"caption\":\"Luzimara Fernandes\"},\"description\":\"Jornalista MTB 2358-ES\",\"sameAs\":[\"https:\/\/jornalfatosenoticias.com.br\"],\"url\":\"https:\/\/jornalfatosenoticias.com.br\/index.php\/author\/luzimara\/\"}]}<\/script>\n<!-- \/ Yoast SEO plugin. -->","yoast_head_json":{"title":"Aulas presenciais nas escolas da Rede P\u00fablica Estadual retornam nesta ter\u00e7a-feira (13) - Jornal Fatos e Not\u00edcias","robots":{"index":"index","follow":"follow","max-snippet":"max-snippet:-1","max-image-preview":"max-image-preview:large","max-video-preview":"max-video-preview:-1"},"canonical":"https:\/\/jornalfatosenoticias.com.br\/index.php\/2020\/10\/13\/aulas-presenciais-nas-escolas-da-rede-publica-estadual-retornam-nesta-terca-feira-13\/","og_locale":"pt_BR","og_type":"article","og_title":"Aulas presenciais nas escolas da Rede P\u00fablica Estadual retornam nesta ter\u00e7a-feira (13) - Jornal Fatos e Not\u00edcias","og_description":"As aulas presenciais das escolas da Rede Estadual retornaram nesta ter\u00e7a-feira (13), seguindo todo o protocolo que a Portaria Conjunta Sesa\/Sedu traz, como uso de \u00e1lcool em gel, uso de m\u00e1scaras, aferi\u00e7\u00e3o de temperatura, sinaliza\u00e7\u00e3o de distanciamento dentro das escolas, organiza\u00e7\u00e3o dentro das salas de aulas com nova disposi\u00e7\u00e3o das carteiras, dentre outras medidas. As [&hellip;]","og_url":"https:\/\/jornalfatosenoticias.com.br\/index.php\/2020\/10\/13\/aulas-presenciais-nas-escolas-da-rede-publica-estadual-retornam-nesta-terca-feira-13\/","og_site_name":"Jornal Fatos e Not\u00edcias","article_published_time":"2020-10-13T18:42:01+00:00","article_modified_time":"2020-10-13T18:42:02+00:00","og_image":[{"width":1000,"height":750,"url":"https:\/\/jornalfatosenoticias.com.br\/wp-content\/uploads\/2020\/10\/aulas_retorno.jpeg","type":"image\/jpeg"}],"author":"Luzimara Fernandes","twitter_card":"summary_large_image","twitter_misc":{"Escrito por":"Luzimara Fernandes","Est. tempo de leitura":"3 minutos"},"schema":{"@context":"https:\/\/schema.org","@graph":[{"@type":"Article","@id":"https:\/\/jornalfatosenoticias.com.br\/index.php\/2020\/10\/13\/aulas-presenciais-nas-escolas-da-rede-publica-estadual-retornam-nesta-terca-feira-13\/#article","isPartOf":{"@id":"https:\/\/jornalfatosenoticias.com.br\/index.php\/2020\/10\/13\/aulas-presenciais-nas-escolas-da-rede-publica-estadual-retornam-nesta-terca-feira-13\/"},"author":{"name":"Luzimara Fernandes","@id":"https:\/\/jornalfatosenoticias.com.br\/#\/schema\/person\/d63837fa13ac8666eb9e74e0985d6f81"},"headline":"Aulas presenciais nas escolas da Rede P\u00fablica Estadual retornam nesta ter\u00e7a-feira (13)","datePublished":"2020-10-13T18:42:01+00:00","dateModified":"2020-10-13T18:42:02+00:00","mainEntityOfPage":{"@id":"https:\/\/jornalfatosenoticias.com.br\/index.php\/2020\/10\/13\/aulas-presenciais-nas-escolas-da-rede-publica-estadual-retornam-nesta-terca-feira-13\/"},"wordCount":576,"commentCount":0,"publisher":{"@id":"https:\/\/jornalfatosenoticias.com.br\/#organization"},"image":{"@id":"https:\/\/jornalfatosenoticias.com.br\/index.php\/2020\/10\/13\/aulas-presenciais-nas-escolas-da-rede-publica-estadual-retornam-nesta-terca-feira-13\/#primaryimage"},"thumbnailUrl":"https:\/\/jornalfatosenoticias.com.br\/wp-content\/uploads\/2020\/10\/aulas_retorno.jpeg","keywords":["aulas presenciais","educa\u00e7\u00e3o","rede p\u00fablica"],"articleSection":["Educa\u00e7\u00e3o"],"inLanguage":"pt-BR","potentialAction":[{"@type":"CommentAction","name":"Comment","target":["https:\/\/jornalfatosenoticias.com.br\/index.php\/2020\/10\/13\/aulas-presenciais-nas-escolas-da-rede-publica-estadual-retornam-nesta-terca-feira-13\/#respond"]}]},{"@type":"WebPage","@id":"https:\/\/jornalfatosenoticias.com.br\/index.php\/2020\/10\/13\/aulas-presenciais-nas-escolas-da-rede-publica-estadual-retornam-nesta-terca-feira-13\/","url":"https:\/\/jornalfatosenoticias.com.br\/index.php\/2020\/10\/13\/aulas-presenciais-nas-escolas-da-rede-publica-estadual-retornam-nesta-terca-feira-13\/","name":"Aulas presenciais nas escolas da Rede P\u00fablica Estadual retornam nesta ter\u00e7a-feira (13) - Jornal Fatos e Not\u00edcias","isPartOf":{"@id":"https:\/\/jornalfatosenoticias.com.br\/#website"},"primaryImageOfPage":{"@id":"https:\/\/jornalfatosenoticias.com.br\/index.php\/2020\/10\/13\/aulas-presenciais-nas-escolas-da-rede-publica-estadual-retornam-nesta-terca-feira-13\/#primaryimage"},"image":{"@id":"https:\/\/jornalfatosenoticias.com.br\/index.php\/2020\/10\/13\/aulas-presenciais-nas-escolas-da-rede-publica-estadual-retornam-nesta-terca-feira-13\/#primaryimage"},"thumbnailUrl":"https:\/\/jornalfatosenoticias.com.br\/wp-content\/uploads\/2020\/10\/aulas_retorno.jpeg","datePublished":"2020-10-13T18:42:01+00:00","dateModified":"2020-10-13T18:42:02+00:00","breadcrumb":{"@id":"https:\/\/jornalfatosenoticias.com.br\/index.php\/2020\/10\/13\/aulas-presenciais-nas-escolas-da-rede-publica-estadual-retornam-nesta-terca-feira-13\/#breadcrumb"},"inLanguage":"pt-BR","potentialAction":[{"@type":"ReadAction","target":["https:\/\/jornalfatosenoticias.com.br\/index.php\/2020\/10\/13\/aulas-presenciais-nas-escolas-da-rede-publica-estadual-retornam-nesta-terca-feira-13\/"]}]},{"@type":"ImageObject","inLanguage":"pt-BR","@id":"https:\/\/jornalfatosenoticias.com.br\/index.php\/2020\/10\/13\/aulas-presenciais-nas-escolas-da-rede-publica-estadual-retornam-nesta-terca-feira-13\/#primaryimage","url":"https:\/\/jornalfatosenoticias.com.br\/wp-content\/uploads\/2020\/10\/aulas_retorno.jpeg","contentUrl":"https:\/\/jornalfatosenoticias.com.br\/wp-content\/uploads\/2020\/10\/aulas_retorno.jpeg","width":1000,"height":750},{"@type":"BreadcrumbList","@id":"https:\/\/jornalfatosenoticias.com.br\/index.php\/2020\/10\/13\/aulas-presenciais-nas-escolas-da-rede-publica-estadual-retornam-nesta-terca-feira-13\/#breadcrumb","itemListElement":[{"@type":"ListItem","position":1,"name":"In\u00edcio","item":"https:\/\/jornalfatosenoticias.com.br\/"},{"@type":"ListItem","position":2,"name":"Aulas presenciais nas escolas da Rede P\u00fablica Estadual retornam nesta ter\u00e7a-feira (13)"}]},{"@type":"WebSite","@id":"https:\/\/jornalfatosenoticias.com.br\/#website","url":"https:\/\/jornalfatosenoticias.com.br\/","name":"Jornal Fatos e Not\u00edcias","description":"Not\u00edcias em geral","publisher":{"@id":"https:\/\/jornalfatosenoticias.com.br\/#organization"},"potentialAction":[{"@type":"SearchAction","target":{"@type":"EntryPoint","urlTemplate":"https:\/\/jornalfatosenoticias.com.br\/?s={search_term_string}"},"query-input":{"@type":"PropertyValueSpecification","valueRequired":true,"valueName":"search_term_string"}}],"inLanguage":"pt-BR"},{"@type":"Organization","@id":"https:\/\/jornalfatosenoticias.com.br\/#organization","name":"Jornal Fatos e Not\u00edcias","url":"https:\/\/jornalfatosenoticias.com.br\/","logo":{"@type":"ImageObject","inLanguage":"pt-BR","@id":"https:\/\/jornalfatosenoticias.com.br\/#\/schema\/logo\/image\/","url":"https:\/\/jornalfatosenoticias.com.br\/wp-content\/uploads\/2020\/02\/logo120.png","contentUrl":"https:\/\/jornalfatosenoticias.com.br\/wp-content\/uploads\/2020\/02\/logo120.png","width":1227,"height":120,"caption":"Jornal Fatos e Not\u00edcias"},"image":{"@id":"https:\/\/jornalfatosenoticias.com.br\/#\/schema\/logo\/image\/"}},{"@type":"Person","@id":"https:\/\/jornalfatosenoticias.com.br\/#\/schema\/person\/d63837fa13ac8666eb9e74e0985d6f81","name":"Luzimara Fernandes","image":{"@type":"ImageObject","inLanguage":"pt-BR","@id":"https:\/\/jornalfatosenoticias.com.br\/#\/schema\/person\/image\/","url":"https:\/\/jornalfatosenoticias.com.br\/wp-content\/uploads\/2025\/05\/EU_portal.jpg","contentUrl":"https:\/\/jornalfatosenoticias.com.br\/wp-content\/uploads\/2025\/05\/EU_portal.jpg","caption":"Luzimara Fernandes"},"description":"Jornalista MTB 2358-ES","sameAs":["https:\/\/jornalfatosenoticias.com.br"],"url":"https:\/\/jornalfatosenoticias.com.br\/index.php\/author\/luzimara\/"}]}},"cc_featured_image_caption":{"caption_text":"(Foto: Ascom Sedu) ","source_text":"","source_url":""},"jetpack_featured_media_url":"https:\/\/jornalfatosenoticias.com.br\/wp-content\/uploads\/2020\/10\/aulas_retorno.jpeg","_links":{"self":[{"href":"https:\/\/jornalfatosenoticias.com.br\/index.php\/wp-json\/wp\/v2\/posts\/9872","targetHints":{"allow":["GET"]}}],"collection":[{"href":"https:\/\/jornalfatosenoticias.com.br\/index.php\/wp-json\/wp\/v2\/posts"}],"about":[{"href":"https:\/\/jornalfatosenoticias.com.br\/index.php\/wp-json\/wp\/v2\/types\/post"}],"author":[{"embeddable":true,"href":"https:\/\/jornalfatosenoticias.com.br\/index.php\/wp-json\/wp\/v2\/users\/2"}],"replies":[{"embeddable":true,"href":"https:\/\/jornalfatosenoticias.com.br\/index.php\/wp-json\/wp\/v2\/comments?post=9872"}],"version-history":[{"count":0,"href":"https:\/\/jornalfatosenoticias.com.br\/index.php\/wp-json\/wp\/v2\/posts\/9872\/revisions"}],"wp:featuredmedia":[{"embeddable":true,"href":"https:\/\/jornalfatosenoticias.com.br\/index.php\/wp-json\/wp\/v2\/media\/9873"}],"wp:attachment":[{"href":"https:\/\/jornalfatosenoticias.com.br\/index.php\/wp-json\/wp\/v2\/media?parent=9872"}],"wp:term":[{"taxonomy":"category","embeddable":true,"href":"https:\/\/jornalfatosenoticias.com.br\/index.php\/wp-json\/wp\/v2\/categories?post=9872"},{"taxonomy":"post_tag","embeddable":true,"href":"https:\/\/jornalfatosenoticias.com.br\/index.php\/wp-json\/wp\/v2\/tags?post=9872"}],"curies":[{"name":"wp","href":"https:\/\/api.w.org\/{rel}","templated":true}]}}