{"id":9950,"date":"2020-10-15T15:57:30","date_gmt":"2020-10-15T18:57:30","guid":{"rendered":"https:\/\/jornalfatosenoticias.com.br\/?p=9950"},"modified":"2020-10-15T15:57:36","modified_gmt":"2020-10-15T18:57:36","slug":"como-e-bom-ser-crianca","status":"publish","type":"post","link":"https:\/\/jornalfatosenoticias.com.br\/index.php\/2020\/10\/15\/como-e-bom-ser-crianca\/","title":{"rendered":"Como \u00e9 bom ser crian\u00e7a!"},"content":{"rendered":"\n<p>Brincar, imaginar, pular, correr, girar, apostar, gritar, chorar quando cai, gargalhar, brigar, fazer as pazes, buscar respostas. A curiosidade \u00e9 o motor da cogni\u00e7\u00e3o. Aprendemos a pensar pela experi\u00eancia de satisfazer a curiosidade pelo novo. A intelig\u00eancia passa a inf\u00e2ncia toda repetindo a busca de respostas a perguntas que intrigam a crian\u00e7a. Mas, as respostas, que v\u00e3o esclarecendo estes mist\u00e9rios, precisam percorrer os caminhos perceptivos, ou seja, precisam chegar pelas vias dos nossos cinco sentidos. Em especial a vis\u00e3o, aquele princ\u00edpio, velho conhecido de todos, \u201cs\u00f3 acredito vendo\u201d.<br>\u00c9 bom n\u00e3o ter preocupa\u00e7\u00e3o com a organiza\u00e7\u00e3o da casa, como a comida chega no prato ou a roupa que tirou para o banho reaparece na gaveta, limpinha e bem dobrada. Mas, ao lado dessas m\u00e1gicas que poder\u00edamos at\u00e9 chamar de boa vida, s\u00e3o tantas as regras que ela tem que seguir que, quando esquecidas, s\u00e3o devidamente cobradas, que a boa vida \u00e9 relativa. N\u00e3o podemos pensar que, se a crian\u00e7a n\u00e3o tem responsabilidade com seu sustento e a prote\u00e7\u00e3o das boas condi\u00e7\u00f5es do seu desenvolvimento, a crian\u00e7a n\u00e3o tem preocupa\u00e7\u00e3o, n\u00e3o tem compromisso com as pessoas que lhe s\u00e3o queridas, e at\u00e9 mesmo, com as pessoas que nem conhece, mas que acessa dados da exist\u00eancia. As crian\u00e7as s\u00e3o capazes de se sensibilizar por outras crian\u00e7as, outros adultos, em breve tempo, que seja.<br>Temos agora um exemplo emblem\u00e1tico que veio com o conhecimento, pequeno ou m\u00e9dio, do coronav\u00edrus. Crian\u00e7as muito pequenas se apossaram de conhecimento que lhes dava uma pequena explica\u00e7\u00e3o sobre o perigo que um dod\u00f3i novo trazia. H\u00e1 aqui um comportamento que faz parte desta capacidade, qual seja a Fun\u00e7\u00e3o Semi\u00f3tica, conceito brilhante de Piaget, em seu comportamento de imita\u00e7\u00e3o diferenciada, colaborou na identifica\u00e7\u00e3o com os adultos que a rodeavam.<br>Muitas vezes parecendo alheia \u00e0 realidade, em seus per\u00edodos de devaneio, n\u00e3o devemos nos equivocar pensando que a crian\u00e7a n\u00e3o est\u00e1 prestando aten\u00e7\u00e3o. Quantas vezes ouvimos aquele coment\u00e1rio de que adultos foram surpreendidos por uma crian\u00e7a que estava brincando absorta durante uma situa\u00e7\u00e3o e que registrou tudo que foi dito pelos grandes. \u00c9 frequente que a crian\u00e7a n\u00e3o d\u00ea sinais de que est\u00e1 acompanhando o que est\u00e1 sendo dito.<br>Este tempo de isolamento em que as fam\u00edlias ficaram com um conv\u00edvio continuado, ininterrupto, quando crian\u00e7as e adultos perderam a altern\u00e2ncia natural da vida, com varia\u00e7\u00e3o de pessoas, de tarefas, de hor\u00e1rios, a sobrecarga que a crian\u00e7a recebeu foi acima de sua capacidade de suportar. Esta condi\u00e7\u00e3o deste tipo de trauma cumulativo tem tamb\u00e9m uma grande nocividade para o desenvolvimento saud\u00e1vel e pleno da crian\u00e7a. \u00c9 uma situa\u00e7\u00e3o inusitada, sobre a qual nada sabemos, e que estamos aprendendo ao longo da epidemia. Isto, o car\u00e1ter in\u00e9dito de uma situa\u00e7\u00e3o globalizada, tamb\u00e9m nunca vivida, foi captada pela crian\u00e7a que fez perguntas que apertavam os pais. \u00c0s insistentes perguntas das crian\u00e7as, que produziam respostas passaram a \u201cn\u00e3o sei\u201d, \u201cningu\u00e9m sabe\u201d, foi uma experi\u00eancia tamb\u00e9m que crian\u00e7as e adultos aprenderam, sem aviso pr\u00e9vio.<\/p>\n\n\n\n<figure class=\"wp-block-image size-large\"><img loading=\"lazy\" decoding=\"async\" width=\"1000\" height=\"641\" src=\"https:\/\/jornalfatosenoticias.com.br\/wp-content\/uploads\/2020\/10\/Meninas-e-boneca.png\" alt=\"\" class=\"wp-image-9951\" srcset=\"https:\/\/jornalfatosenoticias.com.br\/wp-content\/uploads\/2020\/10\/Meninas-e-boneca.png 1000w, https:\/\/jornalfatosenoticias.com.br\/wp-content\/uploads\/2020\/10\/Meninas-e-boneca-300x192.png 300w, https:\/\/jornalfatosenoticias.com.br\/wp-content\/uploads\/2020\/10\/Meninas-e-boneca-768x492.png 768w\" sizes=\"auto, (max-width: 1000px) 100vw, 1000px\" \/><figcaption><em>Meninas e boneca (Foto: Reprodu\u00e7\u00e3o\/Entre Pretos)<\/em><\/figcaption><\/figure>\n\n\n\n<p>Tanto para a crian\u00e7a quanto para o adulto, esta exposi\u00e7\u00e3o ao \u201cn\u00e3o saber\u201d trouxe um inc\u00f4modo que desarrumou estere\u00f3tipos, at\u00e9 ent\u00e3o, eram facilitadores de uma acomoda\u00e7\u00e3o que trazia uma ilus\u00e3o de calmaria. De um lado a crian\u00e7a acreditava que o pai, e a m\u00e3e sabiam tudo, tinham respostas que lhe acalmavam o medo, a ang\u00fastia, a amea\u00e7a do desconhecido. Ao perguntar chegava a resposta. N\u00e3o precisava ser uma verdade cient\u00edfica. Preenchia certinho.<br>Do outro lado, aquele era o momento do prazer da onipot\u00eancia do adulto. Quanto conhecimento. Quanta sabedoria. Quanta satisfa\u00e7\u00e3o diante da admira\u00e7\u00e3o emocionada daquela crian\u00e7a. Momento de imenso prazer para os dois lados que foi transformado em incerteza, incerteza e incerteza.<br>Nunca ter\u00edamos imaginado a situa\u00e7\u00e3o que vivemos com uma pandemia como esta. Todos os indicadores de previs\u00e3o foram rasgados. Todos os par\u00e2metros, destitu\u00eddos de seus fatores comprobat\u00f3rios. Todos, precisamos improvisar. E o improviso se tornou cr\u00f4nico, passou a ser o modus vivendi.<br>Mas, a crian\u00e7a continuou a brincar, a pular um pouquinho, a correr um pouquinho, a gargalhar, a chorar, a jogar muito na internet, a sonhar, a disputar espa\u00e7o de crescimento. Ela, a crian\u00e7a, sempre tem muito a nos ensinar.<\/p>\n","protected":false},"excerpt":{"rendered":"<p>Brincar, imaginar, pular, correr, girar, apostar, gritar, chorar quando cai, gargalhar, brigar, fazer as pazes, buscar respostas. A curiosidade \u00e9 o motor da cogni\u00e7\u00e3o. Aprendemos a pensar pela experi\u00eancia de satisfazer a curiosidade pelo novo. A intelig\u00eancia passa a inf\u00e2ncia toda repetindo a busca de respostas a perguntas que intrigam a crian\u00e7a. Mas, as respostas, [&hellip;]<\/p>\n","protected":false},"author":8,"featured_media":9952,"comment_status":"open","ping_status":"open","sticky":false,"template":"","format":"standard","meta":{"footnotes":""},"categories":[2522],"tags":[3951,1317,2607],"class_list":["post-9950","post","type-post","status-publish","format-standard","has-post-thumbnail","hentry","category-comportamento","tag-brincar","tag-crianca","tag-infancia"],"yoast_head":"<!-- This site is optimized with the Yoast SEO plugin v26.5 - https:\/\/yoast.com\/wordpress\/plugins\/seo\/ -->\n<title>Como \u00e9 bom ser crian\u00e7a! - Jornal Fatos e Not\u00edcias<\/title>\n<meta name=\"robots\" content=\"index, follow, max-snippet:-1, max-image-preview:large, max-video-preview:-1\" \/>\n<link rel=\"canonical\" href=\"https:\/\/jornalfatosenoticias.com.br\/index.php\/2020\/10\/15\/como-e-bom-ser-crianca\/\" \/>\n<meta property=\"og:locale\" content=\"pt_BR\" \/>\n<meta property=\"og:type\" content=\"article\" \/>\n<meta property=\"og:title\" content=\"Como \u00e9 bom ser crian\u00e7a! - Jornal Fatos e Not\u00edcias\" \/>\n<meta property=\"og:description\" content=\"Brincar, imaginar, pular, correr, girar, apostar, gritar, chorar quando cai, gargalhar, brigar, fazer as pazes, buscar respostas. A curiosidade \u00e9 o motor da cogni\u00e7\u00e3o. Aprendemos a pensar pela experi\u00eancia de satisfazer a curiosidade pelo novo. A intelig\u00eancia passa a inf\u00e2ncia toda repetindo a busca de respostas a perguntas que intrigam a crian\u00e7a. Mas, as respostas, [&hellip;]\" \/>\n<meta property=\"og:url\" content=\"https:\/\/jornalfatosenoticias.com.br\/index.php\/2020\/10\/15\/como-e-bom-ser-crianca\/\" \/>\n<meta property=\"og:site_name\" content=\"Jornal Fatos e Not\u00edcias\" \/>\n<meta property=\"article:published_time\" content=\"2020-10-15T18:57:30+00:00\" \/>\n<meta property=\"article:modified_time\" content=\"2020-10-15T18:57:36+00:00\" \/>\n<meta property=\"og:image\" content=\"https:\/\/jornalfatosenoticias.com.br\/wp-content\/uploads\/2020\/10\/brincadeira-de-crianca_Iencarelli.jpg\" \/>\n\t<meta property=\"og:image:width\" content=\"1000\" \/>\n\t<meta property=\"og:image:height\" content=\"666\" \/>\n\t<meta property=\"og:image:type\" content=\"image\/jpeg\" \/>\n<meta name=\"author\" content=\"Ana Maria Iencarelli\" \/>\n<meta name=\"twitter:card\" content=\"summary_large_image\" \/>\n<meta name=\"twitter:label1\" content=\"Escrito por\" \/>\n\t<meta name=\"twitter:data1\" content=\"Ana Maria Iencarelli\" \/>\n\t<meta name=\"twitter:label2\" content=\"Est. tempo de leitura\" \/>\n\t<meta name=\"twitter:data2\" content=\"4 minutos\" \/>\n<script type=\"application\/ld+json\" class=\"yoast-schema-graph\">{\"@context\":\"https:\/\/schema.org\",\"@graph\":[{\"@type\":\"Article\",\"@id\":\"https:\/\/jornalfatosenoticias.com.br\/index.php\/2020\/10\/15\/como-e-bom-ser-crianca\/#article\",\"isPartOf\":{\"@id\":\"https:\/\/jornalfatosenoticias.com.br\/index.php\/2020\/10\/15\/como-e-bom-ser-crianca\/\"},\"author\":{\"name\":\"Ana Maria Iencarelli\",\"@id\":\"https:\/\/jornalfatosenoticias.com.br\/#\/schema\/person\/c33fcf5fb02d729d3fec92c6737a22d1\"},\"headline\":\"Como \u00e9 bom ser crian\u00e7a!\",\"datePublished\":\"2020-10-15T18:57:30+00:00\",\"dateModified\":\"2020-10-15T18:57:36+00:00\",\"mainEntityOfPage\":{\"@id\":\"https:\/\/jornalfatosenoticias.com.br\/index.php\/2020\/10\/15\/como-e-bom-ser-crianca\/\"},\"wordCount\":792,\"commentCount\":0,\"publisher\":{\"@id\":\"https:\/\/jornalfatosenoticias.com.br\/#organization\"},\"image\":{\"@id\":\"https:\/\/jornalfatosenoticias.com.br\/index.php\/2020\/10\/15\/como-e-bom-ser-crianca\/#primaryimage\"},\"thumbnailUrl\":\"https:\/\/jornalfatosenoticias.com.br\/wp-content\/uploads\/2020\/10\/brincadeira-de-crianca_Iencarelli.jpg\",\"keywords\":[\"brincar\",\"crian\u00e7a\",\"inf\u00e2ncia\"],\"articleSection\":[\"Comportamento &amp; Equil\u00edbrio\"],\"inLanguage\":\"pt-BR\",\"potentialAction\":[{\"@type\":\"CommentAction\",\"name\":\"Comment\",\"target\":[\"https:\/\/jornalfatosenoticias.com.br\/index.php\/2020\/10\/15\/como-e-bom-ser-crianca\/#respond\"]}]},{\"@type\":\"WebPage\",\"@id\":\"https:\/\/jornalfatosenoticias.com.br\/index.php\/2020\/10\/15\/como-e-bom-ser-crianca\/\",\"url\":\"https:\/\/jornalfatosenoticias.com.br\/index.php\/2020\/10\/15\/como-e-bom-ser-crianca\/\",\"name\":\"Como \u00e9 bom ser crian\u00e7a! - Jornal Fatos e Not\u00edcias\",\"isPartOf\":{\"@id\":\"https:\/\/jornalfatosenoticias.com.br\/#website\"},\"primaryImageOfPage\":{\"@id\":\"https:\/\/jornalfatosenoticias.com.br\/index.php\/2020\/10\/15\/como-e-bom-ser-crianca\/#primaryimage\"},\"image\":{\"@id\":\"https:\/\/jornalfatosenoticias.com.br\/index.php\/2020\/10\/15\/como-e-bom-ser-crianca\/#primaryimage\"},\"thumbnailUrl\":\"https:\/\/jornalfatosenoticias.com.br\/wp-content\/uploads\/2020\/10\/brincadeira-de-crianca_Iencarelli.jpg\",\"datePublished\":\"2020-10-15T18:57:30+00:00\",\"dateModified\":\"2020-10-15T18:57:36+00:00\",\"breadcrumb\":{\"@id\":\"https:\/\/jornalfatosenoticias.com.br\/index.php\/2020\/10\/15\/como-e-bom-ser-crianca\/#breadcrumb\"},\"inLanguage\":\"pt-BR\",\"potentialAction\":[{\"@type\":\"ReadAction\",\"target\":[\"https:\/\/jornalfatosenoticias.com.br\/index.php\/2020\/10\/15\/como-e-bom-ser-crianca\/\"]}]},{\"@type\":\"ImageObject\",\"inLanguage\":\"pt-BR\",\"@id\":\"https:\/\/jornalfatosenoticias.com.br\/index.php\/2020\/10\/15\/como-e-bom-ser-crianca\/#primaryimage\",\"url\":\"https:\/\/jornalfatosenoticias.com.br\/wp-content\/uploads\/2020\/10\/brincadeira-de-crianca_Iencarelli.jpg\",\"contentUrl\":\"https:\/\/jornalfatosenoticias.com.br\/wp-content\/uploads\/2020\/10\/brincadeira-de-crianca_Iencarelli.jpg\",\"width\":1000,\"height\":666,\"caption\":\"Children in forest looking at leaves as a researcher together with the magnifying glass.\"},{\"@type\":\"BreadcrumbList\",\"@id\":\"https:\/\/jornalfatosenoticias.com.br\/index.php\/2020\/10\/15\/como-e-bom-ser-crianca\/#breadcrumb\",\"itemListElement\":[{\"@type\":\"ListItem\",\"position\":1,\"name\":\"In\u00edcio\",\"item\":\"https:\/\/jornalfatosenoticias.com.br\/\"},{\"@type\":\"ListItem\",\"position\":2,\"name\":\"Como \u00e9 bom ser crian\u00e7a!\"}]},{\"@type\":\"WebSite\",\"@id\":\"https:\/\/jornalfatosenoticias.com.br\/#website\",\"url\":\"https:\/\/jornalfatosenoticias.com.br\/\",\"name\":\"Jornal Fatos e Not\u00edcias\",\"description\":\"Not\u00edcias em geral\",\"publisher\":{\"@id\":\"https:\/\/jornalfatosenoticias.com.br\/#organization\"},\"potentialAction\":[{\"@type\":\"SearchAction\",\"target\":{\"@type\":\"EntryPoint\",\"urlTemplate\":\"https:\/\/jornalfatosenoticias.com.br\/?s={search_term_string}\"},\"query-input\":{\"@type\":\"PropertyValueSpecification\",\"valueRequired\":true,\"valueName\":\"search_term_string\"}}],\"inLanguage\":\"pt-BR\"},{\"@type\":\"Organization\",\"@id\":\"https:\/\/jornalfatosenoticias.com.br\/#organization\",\"name\":\"Jornal Fatos e Not\u00edcias\",\"url\":\"https:\/\/jornalfatosenoticias.com.br\/\",\"logo\":{\"@type\":\"ImageObject\",\"inLanguage\":\"pt-BR\",\"@id\":\"https:\/\/jornalfatosenoticias.com.br\/#\/schema\/logo\/image\/\",\"url\":\"https:\/\/jornalfatosenoticias.com.br\/wp-content\/uploads\/2020\/02\/logo120.png\",\"contentUrl\":\"https:\/\/jornalfatosenoticias.com.br\/wp-content\/uploads\/2020\/02\/logo120.png\",\"width\":1227,\"height\":120,\"caption\":\"Jornal Fatos e Not\u00edcias\"},\"image\":{\"@id\":\"https:\/\/jornalfatosenoticias.com.br\/#\/schema\/logo\/image\/\"}},{\"@type\":\"Person\",\"@id\":\"https:\/\/jornalfatosenoticias.com.br\/#\/schema\/person\/c33fcf5fb02d729d3fec92c6737a22d1\",\"name\":\"Ana Maria Iencarelli\",\"image\":{\"@type\":\"ImageObject\",\"inLanguage\":\"pt-BR\",\"@id\":\"https:\/\/jornalfatosenoticias.com.br\/#\/schema\/person\/image\/\",\"url\":\"https:\/\/jornalfatosenoticias.com.br\/wp-content\/uploads\/2020\/02\/Ana-Maria-Iencarelli-1-150x150.jpg\",\"contentUrl\":\"https:\/\/jornalfatosenoticias.com.br\/wp-content\/uploads\/2020\/02\/Ana-Maria-Iencarelli-1-150x150.jpg\",\"caption\":\"Ana Maria Iencarelli\"},\"description\":\"Psicanalista Cl\u00ednica, especializada no atendimento a Crian\u00e7as e Adolescentes. Presidente da ONG Vozes de Anjos.\",\"url\":\"https:\/\/jornalfatosenoticias.com.br\/index.php\/author\/anamaria\/\"}]}<\/script>\n<!-- \/ Yoast SEO plugin. -->","yoast_head_json":{"title":"Como \u00e9 bom ser crian\u00e7a! - Jornal Fatos e Not\u00edcias","robots":{"index":"index","follow":"follow","max-snippet":"max-snippet:-1","max-image-preview":"max-image-preview:large","max-video-preview":"max-video-preview:-1"},"canonical":"https:\/\/jornalfatosenoticias.com.br\/index.php\/2020\/10\/15\/como-e-bom-ser-crianca\/","og_locale":"pt_BR","og_type":"article","og_title":"Como \u00e9 bom ser crian\u00e7a! - Jornal Fatos e Not\u00edcias","og_description":"Brincar, imaginar, pular, correr, girar, apostar, gritar, chorar quando cai, gargalhar, brigar, fazer as pazes, buscar respostas. A curiosidade \u00e9 o motor da cogni\u00e7\u00e3o. Aprendemos a pensar pela experi\u00eancia de satisfazer a curiosidade pelo novo. A intelig\u00eancia passa a inf\u00e2ncia toda repetindo a busca de respostas a perguntas que intrigam a crian\u00e7a. Mas, as respostas, [&hellip;]","og_url":"https:\/\/jornalfatosenoticias.com.br\/index.php\/2020\/10\/15\/como-e-bom-ser-crianca\/","og_site_name":"Jornal Fatos e Not\u00edcias","article_published_time":"2020-10-15T18:57:30+00:00","article_modified_time":"2020-10-15T18:57:36+00:00","og_image":[{"width":1000,"height":666,"url":"https:\/\/jornalfatosenoticias.com.br\/wp-content\/uploads\/2020\/10\/brincadeira-de-crianca_Iencarelli.jpg","type":"image\/jpeg"}],"author":"Ana Maria Iencarelli","twitter_card":"summary_large_image","twitter_misc":{"Escrito por":"Ana Maria Iencarelli","Est. tempo de leitura":"4 minutos"},"schema":{"@context":"https:\/\/schema.org","@graph":[{"@type":"Article","@id":"https:\/\/jornalfatosenoticias.com.br\/index.php\/2020\/10\/15\/como-e-bom-ser-crianca\/#article","isPartOf":{"@id":"https:\/\/jornalfatosenoticias.com.br\/index.php\/2020\/10\/15\/como-e-bom-ser-crianca\/"},"author":{"name":"Ana Maria Iencarelli","@id":"https:\/\/jornalfatosenoticias.com.br\/#\/schema\/person\/c33fcf5fb02d729d3fec92c6737a22d1"},"headline":"Como \u00e9 bom ser crian\u00e7a!","datePublished":"2020-10-15T18:57:30+00:00","dateModified":"2020-10-15T18:57:36+00:00","mainEntityOfPage":{"@id":"https:\/\/jornalfatosenoticias.com.br\/index.php\/2020\/10\/15\/como-e-bom-ser-crianca\/"},"wordCount":792,"commentCount":0,"publisher":{"@id":"https:\/\/jornalfatosenoticias.com.br\/#organization"},"image":{"@id":"https:\/\/jornalfatosenoticias.com.br\/index.php\/2020\/10\/15\/como-e-bom-ser-crianca\/#primaryimage"},"thumbnailUrl":"https:\/\/jornalfatosenoticias.com.br\/wp-content\/uploads\/2020\/10\/brincadeira-de-crianca_Iencarelli.jpg","keywords":["brincar","crian\u00e7a","inf\u00e2ncia"],"articleSection":["Comportamento &amp; Equil\u00edbrio"],"inLanguage":"pt-BR","potentialAction":[{"@type":"CommentAction","name":"Comment","target":["https:\/\/jornalfatosenoticias.com.br\/index.php\/2020\/10\/15\/como-e-bom-ser-crianca\/#respond"]}]},{"@type":"WebPage","@id":"https:\/\/jornalfatosenoticias.com.br\/index.php\/2020\/10\/15\/como-e-bom-ser-crianca\/","url":"https:\/\/jornalfatosenoticias.com.br\/index.php\/2020\/10\/15\/como-e-bom-ser-crianca\/","name":"Como \u00e9 bom ser crian\u00e7a! - Jornal Fatos e Not\u00edcias","isPartOf":{"@id":"https:\/\/jornalfatosenoticias.com.br\/#website"},"primaryImageOfPage":{"@id":"https:\/\/jornalfatosenoticias.com.br\/index.php\/2020\/10\/15\/como-e-bom-ser-crianca\/#primaryimage"},"image":{"@id":"https:\/\/jornalfatosenoticias.com.br\/index.php\/2020\/10\/15\/como-e-bom-ser-crianca\/#primaryimage"},"thumbnailUrl":"https:\/\/jornalfatosenoticias.com.br\/wp-content\/uploads\/2020\/10\/brincadeira-de-crianca_Iencarelli.jpg","datePublished":"2020-10-15T18:57:30+00:00","dateModified":"2020-10-15T18:57:36+00:00","breadcrumb":{"@id":"https:\/\/jornalfatosenoticias.com.br\/index.php\/2020\/10\/15\/como-e-bom-ser-crianca\/#breadcrumb"},"inLanguage":"pt-BR","potentialAction":[{"@type":"ReadAction","target":["https:\/\/jornalfatosenoticias.com.br\/index.php\/2020\/10\/15\/como-e-bom-ser-crianca\/"]}]},{"@type":"ImageObject","inLanguage":"pt-BR","@id":"https:\/\/jornalfatosenoticias.com.br\/index.php\/2020\/10\/15\/como-e-bom-ser-crianca\/#primaryimage","url":"https:\/\/jornalfatosenoticias.com.br\/wp-content\/uploads\/2020\/10\/brincadeira-de-crianca_Iencarelli.jpg","contentUrl":"https:\/\/jornalfatosenoticias.com.br\/wp-content\/uploads\/2020\/10\/brincadeira-de-crianca_Iencarelli.jpg","width":1000,"height":666,"caption":"Children in forest looking at leaves as a researcher together with the magnifying glass."},{"@type":"BreadcrumbList","@id":"https:\/\/jornalfatosenoticias.com.br\/index.php\/2020\/10\/15\/como-e-bom-ser-crianca\/#breadcrumb","itemListElement":[{"@type":"ListItem","position":1,"name":"In\u00edcio","item":"https:\/\/jornalfatosenoticias.com.br\/"},{"@type":"ListItem","position":2,"name":"Como \u00e9 bom ser crian\u00e7a!"}]},{"@type":"WebSite","@id":"https:\/\/jornalfatosenoticias.com.br\/#website","url":"https:\/\/jornalfatosenoticias.com.br\/","name":"Jornal Fatos e Not\u00edcias","description":"Not\u00edcias em geral","publisher":{"@id":"https:\/\/jornalfatosenoticias.com.br\/#organization"},"potentialAction":[{"@type":"SearchAction","target":{"@type":"EntryPoint","urlTemplate":"https:\/\/jornalfatosenoticias.com.br\/?s={search_term_string}"},"query-input":{"@type":"PropertyValueSpecification","valueRequired":true,"valueName":"search_term_string"}}],"inLanguage":"pt-BR"},{"@type":"Organization","@id":"https:\/\/jornalfatosenoticias.com.br\/#organization","name":"Jornal Fatos e Not\u00edcias","url":"https:\/\/jornalfatosenoticias.com.br\/","logo":{"@type":"ImageObject","inLanguage":"pt-BR","@id":"https:\/\/jornalfatosenoticias.com.br\/#\/schema\/logo\/image\/","url":"https:\/\/jornalfatosenoticias.com.br\/wp-content\/uploads\/2020\/02\/logo120.png","contentUrl":"https:\/\/jornalfatosenoticias.com.br\/wp-content\/uploads\/2020\/02\/logo120.png","width":1227,"height":120,"caption":"Jornal Fatos e Not\u00edcias"},"image":{"@id":"https:\/\/jornalfatosenoticias.com.br\/#\/schema\/logo\/image\/"}},{"@type":"Person","@id":"https:\/\/jornalfatosenoticias.com.br\/#\/schema\/person\/c33fcf5fb02d729d3fec92c6737a22d1","name":"Ana Maria Iencarelli","image":{"@type":"ImageObject","inLanguage":"pt-BR","@id":"https:\/\/jornalfatosenoticias.com.br\/#\/schema\/person\/image\/","url":"https:\/\/jornalfatosenoticias.com.br\/wp-content\/uploads\/2020\/02\/Ana-Maria-Iencarelli-1-150x150.jpg","contentUrl":"https:\/\/jornalfatosenoticias.com.br\/wp-content\/uploads\/2020\/02\/Ana-Maria-Iencarelli-1-150x150.jpg","caption":"Ana Maria Iencarelli"},"description":"Psicanalista Cl\u00ednica, especializada no atendimento a Crian\u00e7as e Adolescentes. Presidente da ONG Vozes de Anjos.","url":"https:\/\/jornalfatosenoticias.com.br\/index.php\/author\/anamaria\/"}]}},"cc_featured_image_caption":{"caption_text":"(Foto: Getty Images)","source_text":"","source_url":""},"jetpack_featured_media_url":"https:\/\/jornalfatosenoticias.com.br\/wp-content\/uploads\/2020\/10\/brincadeira-de-crianca_Iencarelli.jpg","_links":{"self":[{"href":"https:\/\/jornalfatosenoticias.com.br\/index.php\/wp-json\/wp\/v2\/posts\/9950","targetHints":{"allow":["GET"]}}],"collection":[{"href":"https:\/\/jornalfatosenoticias.com.br\/index.php\/wp-json\/wp\/v2\/posts"}],"about":[{"href":"https:\/\/jornalfatosenoticias.com.br\/index.php\/wp-json\/wp\/v2\/types\/post"}],"author":[{"embeddable":true,"href":"https:\/\/jornalfatosenoticias.com.br\/index.php\/wp-json\/wp\/v2\/users\/8"}],"replies":[{"embeddable":true,"href":"https:\/\/jornalfatosenoticias.com.br\/index.php\/wp-json\/wp\/v2\/comments?post=9950"}],"version-history":[{"count":0,"href":"https:\/\/jornalfatosenoticias.com.br\/index.php\/wp-json\/wp\/v2\/posts\/9950\/revisions"}],"wp:featuredmedia":[{"embeddable":true,"href":"https:\/\/jornalfatosenoticias.com.br\/index.php\/wp-json\/wp\/v2\/media\/9952"}],"wp:attachment":[{"href":"https:\/\/jornalfatosenoticias.com.br\/index.php\/wp-json\/wp\/v2\/media?parent=9950"}],"wp:term":[{"taxonomy":"category","embeddable":true,"href":"https:\/\/jornalfatosenoticias.com.br\/index.php\/wp-json\/wp\/v2\/categories?post=9950"},{"taxonomy":"post_tag","embeddable":true,"href":"https:\/\/jornalfatosenoticias.com.br\/index.php\/wp-json\/wp\/v2\/tags?post=9950"}],"curies":[{"name":"wp","href":"https:\/\/api.w.org\/{rel}","templated":true}]}}