{"id":9990,"date":"2020-10-15T16:54:54","date_gmt":"2020-10-15T19:54:54","guid":{"rendered":"https:\/\/jornalfatosenoticias.com.br\/?p=9990"},"modified":"2020-10-15T16:54:59","modified_gmt":"2020-10-15T19:54:59","slug":"comunicado-prefeitura-de-santa-teresa","status":"publish","type":"post","link":"https:\/\/jornalfatosenoticias.com.br\/index.php\/2020\/10\/15\/comunicado-prefeitura-de-santa-teresa\/","title":{"rendered":"COMUNICADO PREFEITURA DE SANTA TERESA"},"content":{"rendered":"\n<p>O prefeito do munic\u00edpio de Santa Teresa, Gilson Amaro, de acordo com suas atribui\u00e7\u00f5es, manteve a aplicabilidade da Portaria\/SMES\/n\u00ba009\/2020, de 03 de abril de 2020 quanto \u00e0 oferta de Atividades Pedag\u00f3gicas N\u00e3o Presenciais (APNPs) \u2014 regime de trabalho remoto dos servidores lotados nas institui\u00e7\u00f5es de Ensino vinculadas \u00e0 Secretaria Municipal de Educa\u00e7\u00e3o de Santa Teresa\/ES, realizou pesquisa com pais e respons\u00e1veis pelos alunos matriculados na rede municipal de ensino, para saber se eles est\u00e3o de acordo com o retorno das aulas presenciais. O resultado voc\u00eas conferem abaixo:<br><strong>1) Voc\u00ea gostaria que as aulas presenciais fosse retomadas?<br><\/strong><em>78,5% N\u00c3O<br>21,5 SIM<\/em><\/p>\n\n\n\n<p><strong>2) Pai, M\u00e3e ou respons\u00e1vel, voc\u00ea mandaria seu filho(a) para a escola caso as aulas presenciais retomassem seguindo o protocolo da sa\u00fade?<br><\/strong><em>80,1% N\u00c3O<br>19,9% SIM<\/em><\/p>\n\n\n\n<p><strong><em>** Foram entrevistados 2960 pais e respons\u00e1veis da creche ao ensino fundamental.<\/em><\/strong><\/p>\n","protected":false},"excerpt":{"rendered":"<p>O prefeito do munic\u00edpio de Santa Teresa, Gilson Amaro, de acordo com suas atribui\u00e7\u00f5es, manteve a aplicabilidade da Portaria\/SMES\/n\u00ba009\/2020, de 03 de abril de 2020 quanto \u00e0 oferta de Atividades Pedag\u00f3gicas N\u00e3o Presenciais (APNPs) \u2014 regime de trabalho remoto dos servidores lotados nas institui\u00e7\u00f5es de Ensino vinculadas \u00e0 Secretaria Municipal de Educa\u00e7\u00e3o de Santa Teresa\/ES, [&hellip;]<\/p>\n","protected":false},"author":2,"featured_media":9991,"comment_status":"open","ping_status":"open","sticky":false,"template":"","format":"standard","meta":{"footnotes":""},"categories":[7,10],"tags":[4218,5245,115,5382],"class_list":["post-9990","post","type-post","status-publish","format-standard","has-post-thumbnail","hentry","category-educacao","category-politica","tag-aulas-presenciais","tag-aulas-remotas","tag-pesquisa","tag-retomada-das-aulas"],"yoast_head":"<!-- This site is optimized with the Yoast SEO plugin v26.5 - https:\/\/yoast.com\/wordpress\/plugins\/seo\/ -->\n<title>COMUNICADO PREFEITURA DE SANTA TERESA - Jornal Fatos e Not\u00edcias<\/title>\n<meta name=\"robots\" content=\"index, follow, max-snippet:-1, max-image-preview:large, max-video-preview:-1\" \/>\n<link rel=\"canonical\" href=\"https:\/\/jornalfatosenoticias.com.br\/index.php\/2020\/10\/15\/comunicado-prefeitura-de-santa-teresa\/\" \/>\n<meta property=\"og:locale\" content=\"pt_BR\" \/>\n<meta property=\"og:type\" content=\"article\" \/>\n<meta property=\"og:title\" content=\"COMUNICADO PREFEITURA DE SANTA TERESA - Jornal Fatos e Not\u00edcias\" \/>\n<meta property=\"og:description\" content=\"O prefeito do munic\u00edpio de Santa Teresa, Gilson Amaro, de acordo com suas atribui\u00e7\u00f5es, manteve a aplicabilidade da Portaria\/SMES\/n\u00ba009\/2020, de 03 de abril de 2020 quanto \u00e0 oferta de Atividades Pedag\u00f3gicas N\u00e3o Presenciais (APNPs) \u2014 regime de trabalho remoto dos servidores lotados nas institui\u00e7\u00f5es de Ensino vinculadas \u00e0 Secretaria Municipal de Educa\u00e7\u00e3o de Santa Teresa\/ES, [&hellip;]\" \/>\n<meta property=\"og:url\" content=\"https:\/\/jornalfatosenoticias.com.br\/index.php\/2020\/10\/15\/comunicado-prefeitura-de-santa-teresa\/\" \/>\n<meta property=\"og:site_name\" content=\"Jornal Fatos e Not\u00edcias\" \/>\n<meta property=\"article:published_time\" content=\"2020-10-15T19:54:54+00:00\" \/>\n<meta property=\"article:modified_time\" content=\"2020-10-15T19:54:59+00:00\" \/>\n<meta property=\"og:image\" content=\"https:\/\/jornalfatosenoticias.com.br\/wp-content\/uploads\/2020\/10\/IMG-20201014-WA0053.jpg\" \/>\n\t<meta property=\"og:image:width\" content=\"1080\" \/>\n\t<meta property=\"og:image:height\" content=\"1080\" \/>\n\t<meta property=\"og:image:type\" content=\"image\/jpeg\" \/>\n<meta name=\"author\" content=\"Luzimara Fernandes\" \/>\n<meta name=\"twitter:card\" content=\"summary_large_image\" \/>\n<meta name=\"twitter:label1\" content=\"Escrito por\" \/>\n\t<meta name=\"twitter:data1\" content=\"Luzimara Fernandes\" \/>\n\t<meta name=\"twitter:label2\" content=\"Est. tempo de leitura\" \/>\n\t<meta name=\"twitter:data2\" content=\"1 minuto\" \/>\n<script type=\"application\/ld+json\" class=\"yoast-schema-graph\">{\"@context\":\"https:\/\/schema.org\",\"@graph\":[{\"@type\":\"Article\",\"@id\":\"https:\/\/jornalfatosenoticias.com.br\/index.php\/2020\/10\/15\/comunicado-prefeitura-de-santa-teresa\/#article\",\"isPartOf\":{\"@id\":\"https:\/\/jornalfatosenoticias.com.br\/index.php\/2020\/10\/15\/comunicado-prefeitura-de-santa-teresa\/\"},\"author\":{\"name\":\"Luzimara Fernandes\",\"@id\":\"https:\/\/jornalfatosenoticias.com.br\/#\/schema\/person\/d63837fa13ac8666eb9e74e0985d6f81\"},\"headline\":\"COMUNICADO PREFEITURA DE SANTA TERESA\",\"datePublished\":\"2020-10-15T19:54:54+00:00\",\"dateModified\":\"2020-10-15T19:54:59+00:00\",\"mainEntityOfPage\":{\"@id\":\"https:\/\/jornalfatosenoticias.com.br\/index.php\/2020\/10\/15\/comunicado-prefeitura-de-santa-teresa\/\"},\"wordCount\":149,\"commentCount\":0,\"publisher\":{\"@id\":\"https:\/\/jornalfatosenoticias.com.br\/#organization\"},\"image\":{\"@id\":\"https:\/\/jornalfatosenoticias.com.br\/index.php\/2020\/10\/15\/comunicado-prefeitura-de-santa-teresa\/#primaryimage\"},\"thumbnailUrl\":\"https:\/\/jornalfatosenoticias.com.br\/wp-content\/uploads\/2020\/10\/IMG-20201014-WA0053.jpg\",\"keywords\":[\"aulas presenciais\",\"aulas remotas\",\"pesquisa\",\"retomada das aulas\"],\"articleSection\":[\"Educa\u00e7\u00e3o\",\"Pol\u00edtica\"],\"inLanguage\":\"pt-BR\",\"potentialAction\":[{\"@type\":\"CommentAction\",\"name\":\"Comment\",\"target\":[\"https:\/\/jornalfatosenoticias.com.br\/index.php\/2020\/10\/15\/comunicado-prefeitura-de-santa-teresa\/#respond\"]}]},{\"@type\":\"WebPage\",\"@id\":\"https:\/\/jornalfatosenoticias.com.br\/index.php\/2020\/10\/15\/comunicado-prefeitura-de-santa-teresa\/\",\"url\":\"https:\/\/jornalfatosenoticias.com.br\/index.php\/2020\/10\/15\/comunicado-prefeitura-de-santa-teresa\/\",\"name\":\"COMUNICADO PREFEITURA DE SANTA TERESA - Jornal Fatos e Not\u00edcias\",\"isPartOf\":{\"@id\":\"https:\/\/jornalfatosenoticias.com.br\/#website\"},\"primaryImageOfPage\":{\"@id\":\"https:\/\/jornalfatosenoticias.com.br\/index.php\/2020\/10\/15\/comunicado-prefeitura-de-santa-teresa\/#primaryimage\"},\"image\":{\"@id\":\"https:\/\/jornalfatosenoticias.com.br\/index.php\/2020\/10\/15\/comunicado-prefeitura-de-santa-teresa\/#primaryimage\"},\"thumbnailUrl\":\"https:\/\/jornalfatosenoticias.com.br\/wp-content\/uploads\/2020\/10\/IMG-20201014-WA0053.jpg\",\"datePublished\":\"2020-10-15T19:54:54+00:00\",\"dateModified\":\"2020-10-15T19:54:59+00:00\",\"breadcrumb\":{\"@id\":\"https:\/\/jornalfatosenoticias.com.br\/index.php\/2020\/10\/15\/comunicado-prefeitura-de-santa-teresa\/#breadcrumb\"},\"inLanguage\":\"pt-BR\",\"potentialAction\":[{\"@type\":\"ReadAction\",\"target\":[\"https:\/\/jornalfatosenoticias.com.br\/index.php\/2020\/10\/15\/comunicado-prefeitura-de-santa-teresa\/\"]}]},{\"@type\":\"ImageObject\",\"inLanguage\":\"pt-BR\",\"@id\":\"https:\/\/jornalfatosenoticias.com.br\/index.php\/2020\/10\/15\/comunicado-prefeitura-de-santa-teresa\/#primaryimage\",\"url\":\"https:\/\/jornalfatosenoticias.com.br\/wp-content\/uploads\/2020\/10\/IMG-20201014-WA0053.jpg\",\"contentUrl\":\"https:\/\/jornalfatosenoticias.com.br\/wp-content\/uploads\/2020\/10\/IMG-20201014-WA0053.jpg\",\"width\":1080,\"height\":1080},{\"@type\":\"BreadcrumbList\",\"@id\":\"https:\/\/jornalfatosenoticias.com.br\/index.php\/2020\/10\/15\/comunicado-prefeitura-de-santa-teresa\/#breadcrumb\",\"itemListElement\":[{\"@type\":\"ListItem\",\"position\":1,\"name\":\"In\u00edcio\",\"item\":\"https:\/\/jornalfatosenoticias.com.br\/\"},{\"@type\":\"ListItem\",\"position\":2,\"name\":\"COMUNICADO PREFEITURA DE SANTA TERESA\"}]},{\"@type\":\"WebSite\",\"@id\":\"https:\/\/jornalfatosenoticias.com.br\/#website\",\"url\":\"https:\/\/jornalfatosenoticias.com.br\/\",\"name\":\"Jornal Fatos e Not\u00edcias\",\"description\":\"Not\u00edcias em geral\",\"publisher\":{\"@id\":\"https:\/\/jornalfatosenoticias.com.br\/#organization\"},\"potentialAction\":[{\"@type\":\"SearchAction\",\"target\":{\"@type\":\"EntryPoint\",\"urlTemplate\":\"https:\/\/jornalfatosenoticias.com.br\/?s={search_term_string}\"},\"query-input\":{\"@type\":\"PropertyValueSpecification\",\"valueRequired\":true,\"valueName\":\"search_term_string\"}}],\"inLanguage\":\"pt-BR\"},{\"@type\":\"Organization\",\"@id\":\"https:\/\/jornalfatosenoticias.com.br\/#organization\",\"name\":\"Jornal Fatos e Not\u00edcias\",\"url\":\"https:\/\/jornalfatosenoticias.com.br\/\",\"logo\":{\"@type\":\"ImageObject\",\"inLanguage\":\"pt-BR\",\"@id\":\"https:\/\/jornalfatosenoticias.com.br\/#\/schema\/logo\/image\/\",\"url\":\"https:\/\/jornalfatosenoticias.com.br\/wp-content\/uploads\/2020\/02\/logo120.png\",\"contentUrl\":\"https:\/\/jornalfatosenoticias.com.br\/wp-content\/uploads\/2020\/02\/logo120.png\",\"width\":1227,\"height\":120,\"caption\":\"Jornal Fatos e Not\u00edcias\"},\"image\":{\"@id\":\"https:\/\/jornalfatosenoticias.com.br\/#\/schema\/logo\/image\/\"}},{\"@type\":\"Person\",\"@id\":\"https:\/\/jornalfatosenoticias.com.br\/#\/schema\/person\/d63837fa13ac8666eb9e74e0985d6f81\",\"name\":\"Luzimara Fernandes\",\"image\":{\"@type\":\"ImageObject\",\"inLanguage\":\"pt-BR\",\"@id\":\"https:\/\/jornalfatosenoticias.com.br\/#\/schema\/person\/image\/\",\"url\":\"https:\/\/jornalfatosenoticias.com.br\/wp-content\/uploads\/2025\/05\/EU_portal.jpg\",\"contentUrl\":\"https:\/\/jornalfatosenoticias.com.br\/wp-content\/uploads\/2025\/05\/EU_portal.jpg\",\"caption\":\"Luzimara Fernandes\"},\"description\":\"Jornalista MTB 2358-ES\",\"sameAs\":[\"https:\/\/jornalfatosenoticias.com.br\"],\"url\":\"https:\/\/jornalfatosenoticias.com.br\/index.php\/author\/luzimara\/\"}]}<\/script>\n<!-- \/ Yoast SEO plugin. -->","yoast_head_json":{"title":"COMUNICADO PREFEITURA DE SANTA TERESA - Jornal Fatos e Not\u00edcias","robots":{"index":"index","follow":"follow","max-snippet":"max-snippet:-1","max-image-preview":"max-image-preview:large","max-video-preview":"max-video-preview:-1"},"canonical":"https:\/\/jornalfatosenoticias.com.br\/index.php\/2020\/10\/15\/comunicado-prefeitura-de-santa-teresa\/","og_locale":"pt_BR","og_type":"article","og_title":"COMUNICADO PREFEITURA DE SANTA TERESA - Jornal Fatos e Not\u00edcias","og_description":"O prefeito do munic\u00edpio de Santa Teresa, Gilson Amaro, de acordo com suas atribui\u00e7\u00f5es, manteve a aplicabilidade da Portaria\/SMES\/n\u00ba009\/2020, de 03 de abril de 2020 quanto \u00e0 oferta de Atividades Pedag\u00f3gicas N\u00e3o Presenciais (APNPs) \u2014 regime de trabalho remoto dos servidores lotados nas institui\u00e7\u00f5es de Ensino vinculadas \u00e0 Secretaria Municipal de Educa\u00e7\u00e3o de Santa Teresa\/ES, [&hellip;]","og_url":"https:\/\/jornalfatosenoticias.com.br\/index.php\/2020\/10\/15\/comunicado-prefeitura-de-santa-teresa\/","og_site_name":"Jornal Fatos e Not\u00edcias","article_published_time":"2020-10-15T19:54:54+00:00","article_modified_time":"2020-10-15T19:54:59+00:00","og_image":[{"width":1080,"height":1080,"url":"https:\/\/jornalfatosenoticias.com.br\/wp-content\/uploads\/2020\/10\/IMG-20201014-WA0053.jpg","type":"image\/jpeg"}],"author":"Luzimara Fernandes","twitter_card":"summary_large_image","twitter_misc":{"Escrito por":"Luzimara Fernandes","Est. tempo de leitura":"1 minuto"},"schema":{"@context":"https:\/\/schema.org","@graph":[{"@type":"Article","@id":"https:\/\/jornalfatosenoticias.com.br\/index.php\/2020\/10\/15\/comunicado-prefeitura-de-santa-teresa\/#article","isPartOf":{"@id":"https:\/\/jornalfatosenoticias.com.br\/index.php\/2020\/10\/15\/comunicado-prefeitura-de-santa-teresa\/"},"author":{"name":"Luzimara Fernandes","@id":"https:\/\/jornalfatosenoticias.com.br\/#\/schema\/person\/d63837fa13ac8666eb9e74e0985d6f81"},"headline":"COMUNICADO PREFEITURA DE SANTA TERESA","datePublished":"2020-10-15T19:54:54+00:00","dateModified":"2020-10-15T19:54:59+00:00","mainEntityOfPage":{"@id":"https:\/\/jornalfatosenoticias.com.br\/index.php\/2020\/10\/15\/comunicado-prefeitura-de-santa-teresa\/"},"wordCount":149,"commentCount":0,"publisher":{"@id":"https:\/\/jornalfatosenoticias.com.br\/#organization"},"image":{"@id":"https:\/\/jornalfatosenoticias.com.br\/index.php\/2020\/10\/15\/comunicado-prefeitura-de-santa-teresa\/#primaryimage"},"thumbnailUrl":"https:\/\/jornalfatosenoticias.com.br\/wp-content\/uploads\/2020\/10\/IMG-20201014-WA0053.jpg","keywords":["aulas presenciais","aulas remotas","pesquisa","retomada das aulas"],"articleSection":["Educa\u00e7\u00e3o","Pol\u00edtica"],"inLanguage":"pt-BR","potentialAction":[{"@type":"CommentAction","name":"Comment","target":["https:\/\/jornalfatosenoticias.com.br\/index.php\/2020\/10\/15\/comunicado-prefeitura-de-santa-teresa\/#respond"]}]},{"@type":"WebPage","@id":"https:\/\/jornalfatosenoticias.com.br\/index.php\/2020\/10\/15\/comunicado-prefeitura-de-santa-teresa\/","url":"https:\/\/jornalfatosenoticias.com.br\/index.php\/2020\/10\/15\/comunicado-prefeitura-de-santa-teresa\/","name":"COMUNICADO PREFEITURA DE SANTA TERESA - Jornal Fatos e Not\u00edcias","isPartOf":{"@id":"https:\/\/jornalfatosenoticias.com.br\/#website"},"primaryImageOfPage":{"@id":"https:\/\/jornalfatosenoticias.com.br\/index.php\/2020\/10\/15\/comunicado-prefeitura-de-santa-teresa\/#primaryimage"},"image":{"@id":"https:\/\/jornalfatosenoticias.com.br\/index.php\/2020\/10\/15\/comunicado-prefeitura-de-santa-teresa\/#primaryimage"},"thumbnailUrl":"https:\/\/jornalfatosenoticias.com.br\/wp-content\/uploads\/2020\/10\/IMG-20201014-WA0053.jpg","datePublished":"2020-10-15T19:54:54+00:00","dateModified":"2020-10-15T19:54:59+00:00","breadcrumb":{"@id":"https:\/\/jornalfatosenoticias.com.br\/index.php\/2020\/10\/15\/comunicado-prefeitura-de-santa-teresa\/#breadcrumb"},"inLanguage":"pt-BR","potentialAction":[{"@type":"ReadAction","target":["https:\/\/jornalfatosenoticias.com.br\/index.php\/2020\/10\/15\/comunicado-prefeitura-de-santa-teresa\/"]}]},{"@type":"ImageObject","inLanguage":"pt-BR","@id":"https:\/\/jornalfatosenoticias.com.br\/index.php\/2020\/10\/15\/comunicado-prefeitura-de-santa-teresa\/#primaryimage","url":"https:\/\/jornalfatosenoticias.com.br\/wp-content\/uploads\/2020\/10\/IMG-20201014-WA0053.jpg","contentUrl":"https:\/\/jornalfatosenoticias.com.br\/wp-content\/uploads\/2020\/10\/IMG-20201014-WA0053.jpg","width":1080,"height":1080},{"@type":"BreadcrumbList","@id":"https:\/\/jornalfatosenoticias.com.br\/index.php\/2020\/10\/15\/comunicado-prefeitura-de-santa-teresa\/#breadcrumb","itemListElement":[{"@type":"ListItem","position":1,"name":"In\u00edcio","item":"https:\/\/jornalfatosenoticias.com.br\/"},{"@type":"ListItem","position":2,"name":"COMUNICADO PREFEITURA DE SANTA TERESA"}]},{"@type":"WebSite","@id":"https:\/\/jornalfatosenoticias.com.br\/#website","url":"https:\/\/jornalfatosenoticias.com.br\/","name":"Jornal Fatos e Not\u00edcias","description":"Not\u00edcias em geral","publisher":{"@id":"https:\/\/jornalfatosenoticias.com.br\/#organization"},"potentialAction":[{"@type":"SearchAction","target":{"@type":"EntryPoint","urlTemplate":"https:\/\/jornalfatosenoticias.com.br\/?s={search_term_string}"},"query-input":{"@type":"PropertyValueSpecification","valueRequired":true,"valueName":"search_term_string"}}],"inLanguage":"pt-BR"},{"@type":"Organization","@id":"https:\/\/jornalfatosenoticias.com.br\/#organization","name":"Jornal Fatos e Not\u00edcias","url":"https:\/\/jornalfatosenoticias.com.br\/","logo":{"@type":"ImageObject","inLanguage":"pt-BR","@id":"https:\/\/jornalfatosenoticias.com.br\/#\/schema\/logo\/image\/","url":"https:\/\/jornalfatosenoticias.com.br\/wp-content\/uploads\/2020\/02\/logo120.png","contentUrl":"https:\/\/jornalfatosenoticias.com.br\/wp-content\/uploads\/2020\/02\/logo120.png","width":1227,"height":120,"caption":"Jornal Fatos e Not\u00edcias"},"image":{"@id":"https:\/\/jornalfatosenoticias.com.br\/#\/schema\/logo\/image\/"}},{"@type":"Person","@id":"https:\/\/jornalfatosenoticias.com.br\/#\/schema\/person\/d63837fa13ac8666eb9e74e0985d6f81","name":"Luzimara Fernandes","image":{"@type":"ImageObject","inLanguage":"pt-BR","@id":"https:\/\/jornalfatosenoticias.com.br\/#\/schema\/person\/image\/","url":"https:\/\/jornalfatosenoticias.com.br\/wp-content\/uploads\/2025\/05\/EU_portal.jpg","contentUrl":"https:\/\/jornalfatosenoticias.com.br\/wp-content\/uploads\/2025\/05\/EU_portal.jpg","caption":"Luzimara Fernandes"},"description":"Jornalista MTB 2358-ES","sameAs":["https:\/\/jornalfatosenoticias.com.br"],"url":"https:\/\/jornalfatosenoticias.com.br\/index.php\/author\/luzimara\/"}]}},"cc_featured_image_caption":{"caption_text":"","source_text":"","source_url":""},"jetpack_featured_media_url":"https:\/\/jornalfatosenoticias.com.br\/wp-content\/uploads\/2020\/10\/IMG-20201014-WA0053.jpg","_links":{"self":[{"href":"https:\/\/jornalfatosenoticias.com.br\/index.php\/wp-json\/wp\/v2\/posts\/9990","targetHints":{"allow":["GET"]}}],"collection":[{"href":"https:\/\/jornalfatosenoticias.com.br\/index.php\/wp-json\/wp\/v2\/posts"}],"about":[{"href":"https:\/\/jornalfatosenoticias.com.br\/index.php\/wp-json\/wp\/v2\/types\/post"}],"author":[{"embeddable":true,"href":"https:\/\/jornalfatosenoticias.com.br\/index.php\/wp-json\/wp\/v2\/users\/2"}],"replies":[{"embeddable":true,"href":"https:\/\/jornalfatosenoticias.com.br\/index.php\/wp-json\/wp\/v2\/comments?post=9990"}],"version-history":[{"count":0,"href":"https:\/\/jornalfatosenoticias.com.br\/index.php\/wp-json\/wp\/v2\/posts\/9990\/revisions"}],"wp:featuredmedia":[{"embeddable":true,"href":"https:\/\/jornalfatosenoticias.com.br\/index.php\/wp-json\/wp\/v2\/media\/9991"}],"wp:attachment":[{"href":"https:\/\/jornalfatosenoticias.com.br\/index.php\/wp-json\/wp\/v2\/media?parent=9990"}],"wp:term":[{"taxonomy":"category","embeddable":true,"href":"https:\/\/jornalfatosenoticias.com.br\/index.php\/wp-json\/wp\/v2\/categories?post=9990"},{"taxonomy":"post_tag","embeddable":true,"href":"https:\/\/jornalfatosenoticias.com.br\/index.php\/wp-json\/wp\/v2\/tags?post=9990"}],"curies":[{"name":"wp","href":"https:\/\/api.w.org\/{rel}","templated":true}]}}